{"id":1008,"date":"2022-11-18T18:01:00","date_gmt":"2022-11-18T17:01:00","guid":{"rendered":"https:\/\/kobietamiesiaca.pl\/?p=1008"},"modified":"2022-12-11T23:23:23","modified_gmt":"2022-12-11T22:23:23","slug":"kobieta-miesiaca-listopad-2022","status":"publish","type":"post","link":"https:\/\/kobietamiesiaca.pl\/?p=1008","title":{"rendered":"Kobieta Miesi\u0105ca: Listopad 2022"},"content":{"rendered":"\n<p class=\"has-text-align-center wp-block-paragraph\"><em>Laureatk\u0105 listopadowej edycji Kobiety Miesi\u0105ca zosta\u0142a:<\/em><\/p>\n\n\n\n<p class=\"has-text-align-center has-x-large-font-size wp-block-paragraph\" style=\"font-style:italic;font-weight:400\">Anna Bielak<\/p>\n\n\n\n<figure class=\"wp-block-gallery has-nested-images columns-default is-cropped wp-block-gallery-1 is-layout-flex wp-block-gallery-is-layout-flex\">\n<figure class=\"wp-block-image size-full is-style-rounded\"><img loading=\"lazy\" decoding=\"async\" width=\"1049\" height=\"1560\" data-id=\"1422\" src=\"https:\/\/kobietamiesiaca.pl\/wp-content\/uploads\/WhatsApp-Image-2022-12-11-at-14.53.15-e1670796844626.jpeg?v=1670797046\" alt=\"\" class=\"wp-image-1422\" srcset=\"https:\/\/kobietamiesiaca.pl\/wp-content\/uploads\/WhatsApp-Image-2022-12-11-at-14.53.15-e1670796844626.jpeg 1049w, https:\/\/kobietamiesiaca.pl\/wp-content\/uploads\/WhatsApp-Image-2022-12-11-at-14.53.15-e1670796844626-202x300.jpeg 202w, https:\/\/kobietamiesiaca.pl\/wp-content\/uploads\/WhatsApp-Image-2022-12-11-at-14.53.15-e1670796844626-689x1024.jpeg 689w, https:\/\/kobietamiesiaca.pl\/wp-content\/uploads\/WhatsApp-Image-2022-12-11-at-14.53.15-e1670796844626-101x150.jpeg 101w, https:\/\/kobietamiesiaca.pl\/wp-content\/uploads\/WhatsApp-Image-2022-12-11-at-14.53.15-e1670796844626-768x1142.jpeg 768w, https:\/\/kobietamiesiaca.pl\/wp-content\/uploads\/WhatsApp-Image-2022-12-11-at-14.53.15-e1670796844626-1033x1536.jpeg 1033w, https:\/\/kobietamiesiaca.pl\/wp-content\/uploads\/WhatsApp-Image-2022-12-11-at-14.53.15-e1670796844626-40x60.jpeg 40w\" sizes=\"auto, (max-width: 1049px) 100vw, 1049px\" \/><figcaption class=\"wp-element-caption\">Anna Bielak<\/figcaption><\/figure>\n<\/figure>\n\n\n\n<blockquote class=\"wp-block-quote is-layout-flow wp-block-quote-is-layout-flow\">\n<p class=\"wp-block-paragraph\"><\/p>\n<cite>Moje \u017cyciowe motto: Szcz\u0119\u015bcie mnie prze\u015bladuje \ud83d\ude42 wierz\u0119 w to i dzi\u0119ki temu mam wi\u0119cej odwagi do dzia\u0142ania. Jestem mam\u0105 rocznego synka i \u017con\u0105 fajnego faceta. Zawodowo zajmuj\u0119 si\u0119 finansami a hobbystycznie dzia\u0142am na Instagramie @kobieta.naczasie tutaj zach\u0119cam kobiety do dbania o siebie, polecam kosmetyki i doradzam jak piel\u0119gnowa\u0107 swoje cia\u0142o, w\u0142osy i twarz &#8211; poniewa\u017c wiem, \u017ce piel\u0119gnacja to nie uroda &#8211; to poprawa nastroju w ka\u017cdy dzie\u0144. Lubi\u0119 jazd\u0119 rowerem, taniec oraz fotografi\u0119. Du\u017co si\u0119 u\u015bmiecham, lubi\u0119 ludzi \ud83d\ude42<\/cite><\/blockquote>\n\n\n\n<p class=\"has-text-align-center wp-block-paragraph\"><em>W tym miesi\u0105cu, Laureatka Plebiscytu wygrywa dyplom, pami\u0105tkow\u0105 szarf\u0119 inspirowan\u0105 konkursami pi\u0119kno\u015bci oraz&#8230; <strong>sesj\u0119 zdj\u0119ciow\u0105<\/strong> z mo\u017cliwo\u015bci\u0105 realizacji na terenie Warszawy! <\/em><\/p>\n\n\n\n<p class=\"has-text-align-center wp-block-paragraph\" style=\"font-size:25px\"><em>Gratulujemy wygranej i dzi\u0119kujemy za udzia\u0142 w Plebiscycie!<\/em><\/p>\n","protected":false},"excerpt":{"rendered":"<p>Przedstawiamy laureatki listopadowej edycji plebiscytu Kobieta Miesi\u0105ca<\/p>\n","protected":false},"author":2,"featured_media":1424,"comment_status":"open","ping_status":"open","sticky":false,"template":"","format":"standard","meta":{"cybocfi_hide_featured_image":"yes","footnotes":""},"categories":[5],"tags":[],"coauthors":[34],"class_list":["post-1008","post","type-post","status-publish","format-standard","has-post-thumbnail","hentry","category-laureatki"],"_links":{"self":[{"href":"https:\/\/kobietamiesiaca.pl\/index.php?rest_route=\/wp\/v2\/posts\/1008","targetHints":{"allow":["GET"]}}],"collection":[{"href":"https:\/\/kobietamiesiaca.pl\/index.php?rest_route=\/wp\/v2\/posts"}],"about":[{"href":"https:\/\/kobietamiesiaca.pl\/index.php?rest_route=\/wp\/v2\/types\/post"}],"author":[{"embeddable":true,"href":"https:\/\/kobietamiesiaca.pl\/index.php?rest_route=\/wp\/v2\/users\/2"}],"replies":[{"embeddable":true,"href":"https:\/\/kobietamiesiaca.pl\/index.php?rest_route=%2Fwp%2Fv2%2Fcomments&post=1008"}],"version-history":[{"count":5,"href":"https:\/\/kobietamiesiaca.pl\/index.php?rest_route=\/wp\/v2\/posts\/1008\/revisions"}],"predecessor-version":[{"id":1425,"href":"https:\/\/kobietamiesiaca.pl\/index.php?rest_route=\/wp\/v2\/posts\/1008\/revisions\/1425"}],"wp:featuredmedia":[{"embeddable":true,"href":"https:\/\/kobietamiesiaca.pl\/index.php?rest_route=\/wp\/v2\/media\/1424"}],"wp:attachment":[{"href":"https:\/\/kobietamiesiaca.pl\/index.php?rest_route=%2Fwp%2Fv2%2Fmedia&parent=1008"}],"wp:term":[{"taxonomy":"category","embeddable":true,"href":"https:\/\/kobietamiesiaca.pl\/index.php?rest_route=%2Fwp%2Fv2%2Fcategories&post=1008"},{"taxonomy":"post_tag","embeddable":true,"href":"https:\/\/kobietamiesiaca.pl\/index.php?rest_route=%2Fwp%2Fv2%2Ftags&post=1008"},{"taxonomy":"author","embeddable":true,"href":"https:\/\/kobietamiesiaca.pl\/index.php?rest_route=%2Fwp%2Fv2%2Fcoauthors&post=1008"}],"curies":[{"name":"wp","href":"https:\/\/api.w.org\/{rel}","templated":true}]}}