{"id":10475,"date":"2024-10-19T18:00:00","date_gmt":"2024-10-19T16:00:00","guid":{"rendered":"https:\/\/kobietamiesiaca.pl\/?p=10475"},"modified":"2024-11-20T03:20:10","modified_gmt":"2024-11-20T02:20:10","slug":"kobieta-miesiaca-pazdziernik-2024","status":"publish","type":"post","link":"https:\/\/kobietamiesiaca.pl\/?p=10475","title":{"rendered":"Kobieta Miesi\u0105ca: Pa\u017adziernik 2024"},"content":{"rendered":"\n<p class=\"has-text-align-center wp-block-paragraph\" style=\"font-style:italic;font-weight:200\"><em>Laureatk\u0105 pa\u017adziernikowej edycji Kobiety Miesi\u0105ca zosta\u0142a:<\/em><\/p>\n\n\n\n<p class=\"has-text-align-center wp-block-paragraph\" style=\"font-size:42px;font-style:italic;font-weight:500\"><em>Anna Karwowska<\/em><\/p>\n\n\n\n<figure class=\"wp-block-gallery has-nested-images columns-default is-cropped wp-block-gallery-1 is-layout-flex wp-block-gallery-is-layout-flex\">\n<figure class=\"wp-block-image size-full is-style-rounded\"><img loading=\"lazy\" decoding=\"async\" width=\"3024\" height=\"4032\" data-id=\"10384\" src=\"https:\/\/kobietamiesiaca.pl\/wp-content\/uploads\/2024\/10\/IMG_2201.jpeg\" alt=\"\" class=\"wp-image-10384\" srcset=\"https:\/\/kobietamiesiaca.pl\/wp-content\/uploads\/2024\/10\/IMG_2201.jpeg 3024w, https:\/\/kobietamiesiaca.pl\/wp-content\/uploads\/2024\/10\/IMG_2201-225x300.jpeg 225w, https:\/\/kobietamiesiaca.pl\/wp-content\/uploads\/2024\/10\/IMG_2201-768x1024.jpeg 768w, https:\/\/kobietamiesiaca.pl\/wp-content\/uploads\/2024\/10\/IMG_2201-113x150.jpeg 113w, https:\/\/kobietamiesiaca.pl\/wp-content\/uploads\/2024\/10\/IMG_2201-1152x1536.jpeg 1152w, https:\/\/kobietamiesiaca.pl\/wp-content\/uploads\/2024\/10\/IMG_2201-1536x2048.jpeg 1536w\" sizes=\"auto, (max-width: 3024px) 100vw, 3024px\" \/><figcaption class=\"wp-element-caption\">Anna Karwowska<\/figcaption><\/figure>\n<\/figure>\n\n\n\n<blockquote class=\"wp-block-quote has-text-align-center is-layout-flow wp-block-quote-is-layout-flow\">\n<p class=\"wp-block-paragraph\"><\/p>\n<cite><em>&#8222;Witam serdecznie! \ud83d\ude42 Nazywam si\u0119 Anna Karwowska. Od 7 lat mieszkam w Gda\u0144sku, a na co dzie\u0144 zajmuj\u0119 si\u0119 obs\u0142ug\u0105 klienta niemieckoj\u0119zycznego. U\u015bmiech to m\u00f3j znak rozpoznawczy. Jestem osob\u0105 o mi\u0142ej aparycji, pozytywnie nastawion\u0105 do \u017cycia, kt\u00f3ra lubi do\u015bwiadcza\u0107, poznawa\u0107 nowe kultury, j\u0119zyki i rozwija\u0107 si\u0119 na r\u00f3\u017cnych p\u0142aszczyznach. Uwielbiam kontakt z drugim cz\u0142owiekiem i \u0142atwo nawi\u0105zuj\u0119 kontakty interpersonalne. \u017byj\u0119 chwil\u0105, ciesz\u0119 si\u0119 drobnostkami i jestem wdzi\u0119czna za wszystko, co mam. Pomaganie innym sprawia mi ogromn\u0105 przyjemno\u015b\u0107, dlatego te\u017c ch\u0119tnie anga\u017cuj\u0119 si\u0119 w akcje charytatywne. Kocham taniec latynoameryka\u0144ski, makija\u017c, spacery, dobr\u0105 ksi\u0105\u017ck\u0119 i czekolad\u0119. Czas sp\u0119dzony w otoczeniu natury pozwala mi si\u0119 wyciszy\u0107, odpocz\u0105\u0107 i na\u0142adowa\u0107 akumulatory.&#8221;<\/em><\/cite><\/blockquote>\n\n\n\n<p class=\"has-text-align-center wp-block-paragraph\"><strong><em>W tym miesi\u0105cu, Laureatka Plebiscytu wygrywa dyplom oraz pami\u0105tkow\u0105 szarf\u0119 inspirowan\u0105 konkursami pi\u0119kno\u015bc<\/em><\/strong>i<strong><em>.<\/em><\/strong><\/p>\n\n\n\n<p class=\"has-text-align-center wp-block-paragraph\" style=\"font-size:25px\"><em>Gratulujemy wygranej i dzi\u0119kujemy za udzia\u0142 w Plebiscycie!<\/em><\/p>\n\n\n\n<hr class=\"wp-block-separator has-alpha-channel-opacity is-style-wide\"\/>\n\n\n\n<script async src=\"https:\/\/pagead2.googlesyndication.com\/pagead\/js\/adsbygoogle.js?client=ca-pub-7807412717815820\"\r\n     crossorigin=\"anonymous\"><\/script>\r\n<ins class=\"adsbygoogle\"\r\n     style=\"display:block; text-align:center;\"\r\n     data-ad-layout=\"in-article\"\r\n     data-ad-format=\"fluid\"\r\n     data-ad-client=\"ca-pub-7807412717815820\"\r\n     data-ad-slot=\"3267572451\"><\/ins>\r\n<script>\r\n     (adsbygoogle = window.adsbygoogle || []).push({});\r\n<\/script>\n\n\n\n<hr class=\"wp-block-separator has-alpha-channel-opacity is-style-wide\"\/>\n","protected":false},"excerpt":{"rendered":"<p>Przedstawiamy Laureatk\u0119 pa\u017adziernikowej edycji Plebiscytu Kobieta Miesi\u0105ca<\/p>\n","protected":false},"author":1,"featured_media":10384,"comment_status":"open","ping_status":"open","sticky":false,"template":"","format":"standard","meta":{"cybocfi_hide_featured_image":"yes","footnotes":""},"categories":[14,5],"tags":[],"coauthors":[31,42],"class_list":["post-10475","post","type-post","status-publish","format-standard","has-post-thumbnail","hentry","category-info","category-laureatki"],"_links":{"self":[{"href":"https:\/\/kobietamiesiaca.pl\/index.php?rest_route=\/wp\/v2\/posts\/10475","targetHints":{"allow":["GET"]}}],"collection":[{"href":"https:\/\/kobietamiesiaca.pl\/index.php?rest_route=\/wp\/v2\/posts"}],"about":[{"href":"https:\/\/kobietamiesiaca.pl\/index.php?rest_route=\/wp\/v2\/types\/post"}],"author":[{"embeddable":true,"href":"https:\/\/kobietamiesiaca.pl\/index.php?rest_route=\/wp\/v2\/users\/1"}],"replies":[{"embeddable":true,"href":"https:\/\/kobietamiesiaca.pl\/index.php?rest_route=%2Fwp%2Fv2%2Fcomments&post=10475"}],"version-history":[{"count":2,"href":"https:\/\/kobietamiesiaca.pl\/index.php?rest_route=\/wp\/v2\/posts\/10475\/revisions"}],"predecessor-version":[{"id":10673,"href":"https:\/\/kobietamiesiaca.pl\/index.php?rest_route=\/wp\/v2\/posts\/10475\/revisions\/10673"}],"wp:featuredmedia":[{"embeddable":true,"href":"https:\/\/kobietamiesiaca.pl\/index.php?rest_route=\/wp\/v2\/media\/10384"}],"wp:attachment":[{"href":"https:\/\/kobietamiesiaca.pl\/index.php?rest_route=%2Fwp%2Fv2%2Fmedia&parent=10475"}],"wp:term":[{"taxonomy":"category","embeddable":true,"href":"https:\/\/kobietamiesiaca.pl\/index.php?rest_route=%2Fwp%2Fv2%2Fcategories&post=10475"},{"taxonomy":"post_tag","embeddable":true,"href":"https:\/\/kobietamiesiaca.pl\/index.php?rest_route=%2Fwp%2Fv2%2Ftags&post=10475"},{"taxonomy":"author","embeddable":true,"href":"https:\/\/kobietamiesiaca.pl\/index.php?rest_route=%2Fwp%2Fv2%2Fcoauthors&post=10475"}],"curies":[{"name":"wp","href":"https:\/\/api.w.org\/{rel}","templated":true}]}}