{"id":10844,"date":"2024-12-19T18:01:00","date_gmt":"2024-12-19T17:01:00","guid":{"rendered":"https:\/\/kobietamiesiaca.pl\/?p=10844"},"modified":"2025-01-07T00:38:46","modified_gmt":"2025-01-06T23:38:46","slug":"kobieta-miesiaca-grudzien-2024","status":"publish","type":"post","link":"https:\/\/kobietamiesiaca.pl\/?p=10844","title":{"rendered":"Kobieta Miesi\u0105ca: Grudzie\u0144 2024"},"content":{"rendered":"\n<p class=\"has-text-align-center wp-block-paragraph\" style=\"font-style:italic;font-weight:200\"><em>Laureatk\u0105 grudniowej edycji Kobiety Miesi\u0105ca zosta\u0142a:<\/em><\/p>\n\n\n\n<p class=\"has-text-align-center wp-block-paragraph\" style=\"font-size:42px;font-style:italic;font-weight:500\"><em>Katarzyna Karasek<\/em><\/p>\n\n\n\n<figure class=\"wp-block-gallery has-nested-images columns-default is-cropped wp-block-gallery-1 is-layout-flex wp-block-gallery-is-layout-flex\">\n<figure class=\"wp-block-image size-full is-style-rounded\"><img loading=\"lazy\" decoding=\"async\" width=\"4016\" height=\"6016\" data-id=\"4889\" src=\"https:\/\/kobietamiesiaca.pl\/wp-content\/uploads\/inbound2911157074964183384.jpg\" alt=\"\" class=\"wp-image-4889\" srcset=\"https:\/\/kobietamiesiaca.pl\/wp-content\/uploads\/inbound2911157074964183384.jpg 4016w, https:\/\/kobietamiesiaca.pl\/wp-content\/uploads\/inbound2911157074964183384-200x300.jpg 200w, https:\/\/kobietamiesiaca.pl\/wp-content\/uploads\/inbound2911157074964183384-684x1024.jpg 684w, https:\/\/kobietamiesiaca.pl\/wp-content\/uploads\/inbound2911157074964183384-100x150.jpg 100w, https:\/\/kobietamiesiaca.pl\/wp-content\/uploads\/inbound2911157074964183384-768x1150.jpg 768w, https:\/\/kobietamiesiaca.pl\/wp-content\/uploads\/inbound2911157074964183384-1025x1536.jpg 1025w, https:\/\/kobietamiesiaca.pl\/wp-content\/uploads\/inbound2911157074964183384-1367x2048.jpg 1367w, https:\/\/kobietamiesiaca.pl\/wp-content\/uploads\/inbound2911157074964183384-40x60.jpg 40w\" sizes=\"auto, (max-width: 4016px) 100vw, 4016px\" \/><figcaption class=\"wp-element-caption\">Katarzyna Karasek<\/figcaption><\/figure>\n<\/figure>\n\n\n\n<blockquote class=\"wp-block-quote has-text-align-center is-layout-flow wp-block-quote-is-layout-flow\">\n<p class=\"wp-block-paragraph\"><\/p>\n<cite><em>&#8222;Nazywam si\u0119 Kasia, mam 29 lat. Mieszkam w ma\u0142ym miasteczku na Mazurach. Jestem Mam\u0105 cudownego, siedmioletniego Synka. Kocham natur\u0119 i zwierz\u0119ta. Moja ulubiona sentencja to : &#8222;Najpi\u0119kniejszych chwil w \u017cyciu nie zaplanujesz. One przyjd\u0105 same. Sztuka \u017cycia to cieszy\u0107 si\u0119 ma\u0142ym szcz\u0119\u015bciem.&#8221;&#8221;<\/em><\/cite><\/blockquote>\n\n\n\n<p class=\"has-text-align-center wp-block-paragraph\"><strong><em>W tym miesi\u0105cu, Laureatka Plebiscytu wygrywa dyplom oraz pami\u0105tkow\u0105 szarf\u0119 inspirowan\u0105 konkursami pi\u0119kno\u015bc<\/em><\/strong>i<strong><em>.<\/em><\/strong><\/p>\n\n\n\n<p class=\"has-text-align-center wp-block-paragraph\" style=\"font-size:25px\"><em>Gratulujemy wygranej i dzi\u0119kujemy za udzia\u0142 w Plebiscycie!<\/em><\/p>\n\n\n\n<hr class=\"wp-block-separator has-alpha-channel-opacity is-style-wide\"\/>\n\n\n\n<script async src=\"https:\/\/pagead2.googlesyndication.com\/pagead\/js\/adsbygoogle.js?client=ca-pub-7807412717815820\"\r\n     crossorigin=\"anonymous\"><\/script>\r\n<ins class=\"adsbygoogle\"\r\n     style=\"display:block; text-align:center;\"\r\n     data-ad-layout=\"in-article\"\r\n     data-ad-format=\"fluid\"\r\n     data-ad-client=\"ca-pub-7807412717815820\"\r\n     data-ad-slot=\"3267572451\"><\/ins>\r\n<script>\r\n     (adsbygoogle = window.adsbygoogle || []).push({});\r\n<\/script>\n\n\n\n<hr class=\"wp-block-separator has-alpha-channel-opacity is-style-wide\"\/>\n","protected":false},"excerpt":{"rendered":"<p>Przedstawiamy Laureatk\u0119 grudniowej edycji Plebiscytu Kobieta Miesi\u0105ca<\/p>\n","protected":false},"author":1,"featured_media":4889,"comment_status":"open","ping_status":"open","sticky":false,"template":"","format":"standard","meta":{"cybocfi_hide_featured_image":"yes","footnotes":""},"categories":[14,5],"tags":[185],"coauthors":[31,65],"class_list":["post-10844","post","type-post","status-publish","format-standard","has-post-thumbnail","hentry","category-info","category-laureatki","tag-km"],"_links":{"self":[{"href":"https:\/\/kobietamiesiaca.pl\/index.php?rest_route=\/wp\/v2\/posts\/10844","targetHints":{"allow":["GET"]}}],"collection":[{"href":"https:\/\/kobietamiesiaca.pl\/index.php?rest_route=\/wp\/v2\/posts"}],"about":[{"href":"https:\/\/kobietamiesiaca.pl\/index.php?rest_route=\/wp\/v2\/types\/post"}],"author":[{"embeddable":true,"href":"https:\/\/kobietamiesiaca.pl\/index.php?rest_route=\/wp\/v2\/users\/1"}],"replies":[{"embeddable":true,"href":"https:\/\/kobietamiesiaca.pl\/index.php?rest_route=%2Fwp%2Fv2%2Fcomments&post=10844"}],"version-history":[{"count":2,"href":"https:\/\/kobietamiesiaca.pl\/index.php?rest_route=\/wp\/v2\/posts\/10844\/revisions"}],"predecessor-version":[{"id":10856,"href":"https:\/\/kobietamiesiaca.pl\/index.php?rest_route=\/wp\/v2\/posts\/10844\/revisions\/10856"}],"wp:featuredmedia":[{"embeddable":true,"href":"https:\/\/kobietamiesiaca.pl\/index.php?rest_route=\/wp\/v2\/media\/4889"}],"wp:attachment":[{"href":"https:\/\/kobietamiesiaca.pl\/index.php?rest_route=%2Fwp%2Fv2%2Fmedia&parent=10844"}],"wp:term":[{"taxonomy":"category","embeddable":true,"href":"https:\/\/kobietamiesiaca.pl\/index.php?rest_route=%2Fwp%2Fv2%2Fcategories&post=10844"},{"taxonomy":"post_tag","embeddable":true,"href":"https:\/\/kobietamiesiaca.pl\/index.php?rest_route=%2Fwp%2Fv2%2Ftags&post=10844"},{"taxonomy":"author","embeddable":true,"href":"https:\/\/kobietamiesiaca.pl\/index.php?rest_route=%2Fwp%2Fv2%2Fcoauthors&post=10844"}],"curies":[{"name":"wp","href":"https:\/\/api.w.org\/{rel}","templated":true}]}}