{"id":10995,"date":"2024-12-31T20:00:00","date_gmt":"2024-12-31T19:00:00","guid":{"rendered":"https:\/\/kobietamiesiaca.pl\/?p=10995"},"modified":"2025-01-18T04:25:11","modified_gmt":"2025-01-18T03:25:11","slug":"wyniki-konkursu-kobieta-roku-2024","status":"publish","type":"post","link":"https:\/\/kobietamiesiaca.pl\/?p=10995","title":{"rendered":"Wyniki konkursu Kobieta Roku 2024!"},"content":{"rendered":"\n<p class=\"has-text-align-center wp-block-paragraph\"><em>Mamy zaszczyt przedstawi\u0107 Pa\u0144stwu Laureatki konkursu Kobieta Roku 2024! <\/em><\/p>\n\n\n\n<hr class=\"wp-block-separator has-alpha-channel-opacity is-style-dots\"\/>\n\n\n\n<p class=\"has-text-align-center wp-block-paragraph\"><em>Jurorami tej edycji by\u0142y: <\/em><\/p>\n\n\n\n<div class=\"wp-block-media-text is-stacked-on-mobile\" style=\"grid-template-columns:35% auto\"><figure class=\"wp-block-media-text__media\"><img loading=\"lazy\" decoding=\"async\" width=\"741\" height=\"1024\" src=\"https:\/\/kobietamiesiaca.pl\/wp-content\/uploads\/2024\/12\/WhatsApp-Image-2024-12-28-at-15.57.09-741x1024.jpeg\" alt=\"\" class=\"wp-image-11000 size-full\" srcset=\"https:\/\/kobietamiesiaca.pl\/wp-content\/uploads\/2024\/12\/WhatsApp-Image-2024-12-28-at-15.57.09-741x1024.jpeg 741w, https:\/\/kobietamiesiaca.pl\/wp-content\/uploads\/2024\/12\/WhatsApp-Image-2024-12-28-at-15.57.09-217x300.jpeg 217w, https:\/\/kobietamiesiaca.pl\/wp-content\/uploads\/2024\/12\/WhatsApp-Image-2024-12-28-at-15.57.09-109x150.jpeg 109w, https:\/\/kobietamiesiaca.pl\/wp-content\/uploads\/2024\/12\/WhatsApp-Image-2024-12-28-at-15.57.09-768x1061.jpeg 768w, https:\/\/kobietamiesiaca.pl\/wp-content\/uploads\/2024\/12\/WhatsApp-Image-2024-12-28-at-15.57.09.jpeg 784w\" sizes=\"auto, (max-width: 741px) 100vw, 741px\" \/><\/figure><div class=\"wp-block-media-text__content\">\n<h2 class=\"wp-block-heading has-text-align-center\"><em>Karolina Stawicka<\/em><\/h2>\n\n\n\n<p class=\"has-text-align-center wp-block-paragraph\"><em><mark style=\"background-color:rgba(0, 0, 0, 0);color:#566a7b\" class=\"has-inline-color\"><strong>Kobieta Roku 2023<\/strong><\/mark><\/em><\/p>\n\n\n\n<p class=\"has-text-align-center has-small-font-size wp-block-paragraph\"><\/p>\n\n\n\n<p class=\"has-text-align-center has-small-font-size wp-block-paragraph\"><em>Jestem Karolina, kosmetolog z zami\u0142owaniem do ta\u0144ca i kot\u00f3w.&nbsp; W \u017cyciu codziennym pracuj\u0119 jako recepcjonistka, ale zawsze szukam nowych wyzwa\u0144.&nbsp; W jury b\u0119d\u0119 ocenia\u0107 oryginalno\u015b\u0107 i kreatywno\u015b\u0107 zdj\u0119cia.<\/em><\/p>\n<\/div><\/div>\n\n\n\n<hr class=\"wp-block-separator has-alpha-channel-opacity is-style-dots\"\/>\n\n\n\n<div class=\"wp-block-media-text is-stacked-on-mobile\" style=\"grid-template-columns:35% auto\"><figure class=\"wp-block-media-text__media\"><img loading=\"lazy\" decoding=\"async\" width=\"576\" height=\"1024\" src=\"https:\/\/kobietamiesiaca.pl\/wp-content\/uploads\/2024\/12\/Picsart_24-11-30_16-00-04-203-576x1024.jpg?v=1735433251\" alt=\"\" class=\"wp-image-10998 size-full\" srcset=\"https:\/\/kobietamiesiaca.pl\/wp-content\/uploads\/2024\/12\/Picsart_24-11-30_16-00-04-203-576x1024.jpg 576w, https:\/\/kobietamiesiaca.pl\/wp-content\/uploads\/2024\/12\/Picsart_24-11-30_16-00-04-203-169x300.jpg 169w, https:\/\/kobietamiesiaca.pl\/wp-content\/uploads\/2024\/12\/Picsart_24-11-30_16-00-04-203-84x150.jpg 84w, https:\/\/kobietamiesiaca.pl\/wp-content\/uploads\/2024\/12\/Picsart_24-11-30_16-00-04-203-768x1366.jpg 768w, https:\/\/kobietamiesiaca.pl\/wp-content\/uploads\/2024\/12\/Picsart_24-11-30_16-00-04-203-864x1536.jpg 864w, https:\/\/kobietamiesiaca.pl\/wp-content\/uploads\/2024\/12\/Picsart_24-11-30_16-00-04-203-1151x2048.jpg 1151w, https:\/\/kobietamiesiaca.pl\/wp-content\/uploads\/2024\/12\/Picsart_24-11-30_16-00-04-203.jpg 1808w\" sizes=\"auto, (max-width: 576px) 100vw, 576px\" \/><\/figure><div class=\"wp-block-media-text__content\">\n<h2 class=\"wp-block-heading has-text-align-center\"><em>Ma\u0142gorzata Banas<\/em><\/h2>\n\n\n\n<p class=\"has-text-align-center wp-block-paragraph\"><em><mark style=\"background-color:rgba(0, 0, 0, 0);color:#566a7b\" class=\"has-inline-color\">Kobieta Miesi\u0105ca: Grudzie\u0144 2015<\/mark><\/em><\/p>\n\n\n\n<p class=\"wp-block-paragraph\"><\/p>\n\n\n\n<p class=\"has-text-align-center has-small-font-size wp-block-paragraph\"><em>Ma\u0142gosia, mama dw\u00f3jki dzieci.&nbsp; Lat 35. Kiedy\u015b sama zdoby\u0142am pierwsze miejsce &#8222;Kobieta Miesiaca Grudzie\u0144 2015 &#8221; Wci\u0105\u017c d\u0105\u017c\u0119 do swoich marze\u0144 i cel\u00f3w w \u017cyciu.&nbsp; Aktualnie mieszkam za granic\u0105 ale serce wci\u0105\u017c nale\u017cy do Polski.&nbsp;<\/em><\/p>\n<\/div><\/div>\n\n\n\n<hr class=\"wp-block-separator has-alpha-channel-opacity is-style-dots\"\/>\n\n\n\n<div class=\"wp-block-media-text is-stacked-on-mobile\" style=\"grid-template-columns:35% auto\"><figure class=\"wp-block-media-text__media\"><img loading=\"lazy\" decoding=\"async\" width=\"819\" height=\"1024\" src=\"https:\/\/kobietamiesiaca.pl\/wp-content\/uploads\/Aneta1-819x1024.jpeg\" alt=\"\" class=\"wp-image-5220 size-full\" srcset=\"https:\/\/kobietamiesiaca.pl\/wp-content\/uploads\/Aneta1-819x1024.jpeg 819w, https:\/\/kobietamiesiaca.pl\/wp-content\/uploads\/Aneta1-240x300.jpeg 240w, https:\/\/kobietamiesiaca.pl\/wp-content\/uploads\/Aneta1-120x150.jpeg 120w, https:\/\/kobietamiesiaca.pl\/wp-content\/uploads\/Aneta1-768x960.jpeg 768w, https:\/\/kobietamiesiaca.pl\/wp-content\/uploads\/Aneta1-1229x1536.jpeg 1229w, https:\/\/kobietamiesiaca.pl\/wp-content\/uploads\/Aneta1-480x600.jpeg 480w, https:\/\/kobietamiesiaca.pl\/wp-content\/uploads\/Aneta1-48x60.jpeg 48w, https:\/\/kobietamiesiaca.pl\/wp-content\/uploads\/Aneta1.jpeg 1638w\" sizes=\"auto, (max-width: 819px) 100vw, 819px\" \/><\/figure><div class=\"wp-block-media-text__content\">\n<h2 class=\"wp-block-heading has-text-align-center\"><em>Aneta S\u0142abicka<\/em><\/h2>\n\n\n\n<p class=\"has-text-align-center wp-block-paragraph\"><em><mark style=\"background-color:rgba(0, 0, 0, 0);color:#566a7b\" class=\"has-inline-color\">Kobieta Miesi\u0105ca: Wrzesie\u0144 2021<\/mark><\/em><\/p>\n\n\n\n<p class=\"has-text-align-center wp-block-paragraph\"><em><mark style=\"background-color:rgba(0, 0, 0, 0);color:#566a7b\" class=\"has-inline-color\">Kobieta Miesi\u0105ca: Listopad 2023<\/mark><\/em><\/p>\n\n\n\n<p class=\"wp-block-paragraph\"><\/p>\n\n\n\n<p class=\"has-text-align-center has-small-font-size wp-block-paragraph\"><em>Witam serdecznie. Nazywam si\u0119 Aneta S\u0142abicka, mam 41 lat i mieszkam w Jeleniej G\u00f3rze. Pracuj\u0119 w bran\u017cy medycznej, wi\u0119c na co dzie\u0144 pomagam ludziom i to daje mi najwi\u0119ksz\u0105 satysfakcj\u0119. Jestem osob\u0105 otwart\u0105, u\u015bmiechni\u0119t\u0105, z ogromnym sercem i si\u0142\u0105. Moj\u0105 pasj\u0105 jest literatura i sztuka. Uwielbiam te\u017c dobr\u0105 muzyk\u0119 i zachody s\u0142o\u0144ca, kt\u00f3re daj\u0105 mi mn\u00f3stwo energii. Moim hobby jest r\u00f3wnie\u017c fotomodeling, na ka\u017cdym zdj\u0119ciu jestem inna, s\u0105 inne emocje, ka\u017cde zdj\u0119cie to inna historia. Wybieraj\u0105c Kobiet\u0119 Roku, b\u0119d\u0119 zwraca\u0142a szczeg\u00f3ln\u0105 uwag\u0119 na oczy, na spojrzenie, poniewa\u017c to w nich jest si\u0142a i to one s\u0105 zwierciad\u0142em naszej duszy. Wa\u017cna jest r\u00f3wnie\u017c naturalno\u015b\u0107 i u\u015bmiech i musi by\u0107 &#8222;to co\u015b&#8221;, co mnie przekona o wyj\u0105tkowo\u015bci.<\/em><\/p>\n<\/div><\/div>\n\n\n\n<hr class=\"wp-block-separator has-alpha-channel-opacity is-style-dots\"\/>\n\n\n\n<div class=\"wp-block-media-text is-stacked-on-mobile\" style=\"grid-template-columns:35% auto\"><figure class=\"wp-block-media-text__media\"><img loading=\"lazy\" decoding=\"async\" width=\"683\" height=\"1024\" src=\"https:\/\/kobietamiesiaca.pl\/wp-content\/uploads\/2024\/12\/IMG-20241228-WA0001-683x1024.jpg\" alt=\"\" class=\"wp-image-10999 size-full\" srcset=\"https:\/\/kobietamiesiaca.pl\/wp-content\/uploads\/2024\/12\/IMG-20241228-WA0001-683x1024.jpg 683w, https:\/\/kobietamiesiaca.pl\/wp-content\/uploads\/2024\/12\/IMG-20241228-WA0001-200x300.jpg 200w, https:\/\/kobietamiesiaca.pl\/wp-content\/uploads\/2024\/12\/IMG-20241228-WA0001-100x150.jpg 100w, https:\/\/kobietamiesiaca.pl\/wp-content\/uploads\/2024\/12\/IMG-20241228-WA0001-768x1152.jpg 768w, https:\/\/kobietamiesiaca.pl\/wp-content\/uploads\/2024\/12\/IMG-20241228-WA0001-1024x1536.jpg 1024w, https:\/\/kobietamiesiaca.pl\/wp-content\/uploads\/2024\/12\/IMG-20241228-WA0001.jpg 1217w\" sizes=\"auto, (max-width: 683px) 100vw, 683px\" \/><\/figure><div class=\"wp-block-media-text__content\">\n<h2 class=\"wp-block-heading has-text-align-center\"><em>Ma\u0142gorzata Maksymowicz<\/em><\/h2>\n\n\n\n<p class=\"has-text-align-center wp-block-paragraph\"><em><mark style=\"background-color:rgba(0, 0, 0, 0);color:#566a7b\" class=\"has-inline-color\">Kobieta Miesi\u0105ca: Marzec 2022<\/mark><\/em><\/p>\n\n\n\n<p class=\"has-text-align-center wp-block-paragraph\"><\/p>\n\n\n\n<p class=\"has-text-align-center has-small-font-size wp-block-paragraph\">Ma\u0142gorzata Maksymowicz lat.50<\/p>\n\n\n\n<p class=\"has-text-align-center has-small-font-size wp-block-paragraph\"><em>Zawsze mnie inspirowa\u0142o pi\u0119kno, najbardziej pi\u0119kno wyp\u0142ywaj\u0105ce z wn\u0119trza cz\u0142owieka i jego naturalno\u015b\u0107, bo wtedy wiem na 100 % \u017ce dana osoba akceptuje siebie. Dlaczego to jest dla mnie wa\u017cne? Bo wiem sama po sobie \u017ce bez akceptacji siebie trudno jest by\u0107 szcz\u0119\u015bliwym i m\u00f3c 100 % wykorzystywa\u0107 swoje &#8221; moce&#8221; , ale nutka tajemniczo\u015bci, uroku i to &#8221; Co\u015b&#8221; tego b\u0119d\u0119 szuka\u0142a w Kobiecie Roku jako juror.<\/em><\/p>\n<\/div><\/div>\n\n\n\n<hr class=\"wp-block-separator has-alpha-channel-opacity is-style-dots\"\/>\n\n\n\n<div class=\"wp-block-media-text is-stacked-on-mobile\" style=\"grid-template-columns:35% auto\"><figure class=\"wp-block-media-text__media\"><img loading=\"lazy\" decoding=\"async\" width=\"683\" height=\"1024\" src=\"https:\/\/kobietamiesiaca.pl\/wp-content\/uploads\/Monia-683x1024.jpg\" alt=\"\" class=\"wp-image-282 size-full\" srcset=\"https:\/\/kobietamiesiaca.pl\/wp-content\/uploads\/Monia-683x1024.jpg 683w, https:\/\/kobietamiesiaca.pl\/wp-content\/uploads\/Monia-200x300.jpg 200w, https:\/\/kobietamiesiaca.pl\/wp-content\/uploads\/Monia-100x150.jpg 100w, https:\/\/kobietamiesiaca.pl\/wp-content\/uploads\/Monia-768x1152.jpg 768w, https:\/\/kobietamiesiaca.pl\/wp-content\/uploads\/Monia-40x60.jpg 40w, https:\/\/kobietamiesiaca.pl\/wp-content\/uploads\/Monia.jpg 1000w\" sizes=\"auto, (max-width: 683px) 100vw, 683px\" \/><\/figure><div class=\"wp-block-media-text__content\">\n<h2 class=\"wp-block-heading has-text-align-center\"><em>Monika Szumna<\/em><\/h2>\n\n\n\n<p class=\"has-text-align-center wp-block-paragraph\"><em><mark style=\"background-color:rgba(0, 0, 0, 0);color:#566a7b\" class=\"has-inline-color\">Pomys\u0142odawczyni i Organizatorka Plebiscytu Kobieta Miesi\u0105ca oraz konkursu Kobieta Roku<\/mark><\/em><\/p>\n\n\n\n<p class=\"has-text-align-center wp-block-paragraph\"><\/p>\n\n\n\n<p class=\"has-text-align-center has-small-font-size wp-block-paragraph\"><em>G\u0142\u00f3wnym celem dla mnie osobi\u015bcie jest, aby kobiety z ca\u0142ej Polski (niezale\u017cnie od wieku) poprawi\u0142y swoj\u0105 samoocen\u0119. Chcia\u0142abym poprzez wyr\u00f3\u017cnienia w tym plebiscycie da\u0107 im w jakim\u015b stopniu pow\u00f3d do rado\u015bci. Podczas g\u0142osowania b\u0119d\u0119 zwraca\u0107 uwag\u0119 na naturalno\u015b\u0107, u\u015bmiech oraz zainteresowania i pasje kandydatek.<\/em><\/p>\n<\/div><\/div>\n\n\n\n<hr class=\"wp-block-separator has-alpha-channel-opacity is-style-dots\"\/>\n\n\n\n<h4 style=\"text-align: center;\"><em><strong>REKLAMA<\/strong><\/em><\/h4>\n<p><script async src=\"https:\/\/pagead2.googlesyndication.com\/pagead\/js\/adsbygoogle.js?client=ca-pub-7807412717815820\" crossorigin=\"anonymous\"><\/script><\/p>\n<!-- Display - poziom -->\n<p><ins class=\"adsbygoogle\" style=\"display: block;\" data-ad-client=\"ca-pub-7807412717815820\" data-ad-slot=\"1722573990\" data-ad-format=\"auto\" data-full-width-responsive=\"true\"><\/ins> <script>\n(adsbygoogle = window.adsbygoogle || []).push({});\n<\/script><\/p>\n\n\n\n\n<hr class=\"wp-block-separator has-alpha-channel-opacity is-style-dots\"\/>\n\n\n\n<p class=\"has-text-align-center wp-block-paragraph\"><em>Czym\u017ce by\u0142by konkurs, gdyby nie by\u0142o nagr\u00f3d? Organizatorka mocno si\u0119 postara\u0142a aby wybra\u0107 dla Laureatek wspania\u0142e nagrody. A oto i one:<\/em><\/p>\n\n\n\n<hr class=\"wp-block-separator has-alpha-channel-opacity is-style-dots\"\/>\n\n\n\n<div class=\"wp-block-media-text has-media-on-the-right is-stacked-on-mobile\" style=\"grid-template-columns:auto 35%\"><div class=\"wp-block-media-text__content\">\n<h2 class=\"wp-block-heading has-text-align-center\"><em>Laureatka 3. miejsca<\/em><\/h2>\n\n\n\n<p class=\"has-text-align-center wp-block-paragraph\"><em>otrzyma pami\u0105tkowy dyplom w formie elektronicznej oraz diadem. <\/em><\/p>\n<\/div><figure class=\"wp-block-media-text__media\"><img loading=\"lazy\" decoding=\"async\" width=\"457\" height=\"456\" src=\"https:\/\/kobietamiesiaca.pl\/wp-content\/uploads\/2024\/12\/3m.jpg\" alt=\"\" class=\"wp-image-10968 size-full\" srcset=\"https:\/\/kobietamiesiaca.pl\/wp-content\/uploads\/2024\/12\/3m.jpg 457w, https:\/\/kobietamiesiaca.pl\/wp-content\/uploads\/2024\/12\/3m-300x300.jpg 300w, https:\/\/kobietamiesiaca.pl\/wp-content\/uploads\/2024\/12\/3m-150x150.jpg 150w\" sizes=\"auto, (max-width: 457px) 100vw, 457px\" \/><\/figure><\/div>\n\n\n\n<hr class=\"wp-block-separator has-alpha-channel-opacity is-style-dots\"\/>\n\n\n\n<div class=\"wp-block-media-text has-media-on-the-right is-stacked-on-mobile\" style=\"grid-template-columns:auto 35%\"><div class=\"wp-block-media-text__content\">\n<h2 class=\"wp-block-heading has-text-align-center\"><em>Laureatka 2. miejsca<\/em><\/h2>\n\n\n\n<p class=\"has-text-align-center wp-block-paragraph\"><em>otrzyma pami\u0105tkowy dyplom w formie elektronicznej oraz diadem. <\/em><\/p>\n<\/div><figure class=\"wp-block-media-text__media\"><img loading=\"lazy\" decoding=\"async\" width=\"458\" height=\"455\" src=\"https:\/\/kobietamiesiaca.pl\/wp-content\/uploads\/2024\/12\/2m.jpg\" alt=\"\" class=\"wp-image-10967 size-full\" srcset=\"https:\/\/kobietamiesiaca.pl\/wp-content\/uploads\/2024\/12\/2m.jpg 458w, https:\/\/kobietamiesiaca.pl\/wp-content\/uploads\/2024\/12\/2m-300x298.jpg 300w, https:\/\/kobietamiesiaca.pl\/wp-content\/uploads\/2024\/12\/2m-150x150.jpg 150w\" sizes=\"auto, (max-width: 458px) 100vw, 458px\" \/><\/figure><\/div>\n\n\n\n<hr class=\"wp-block-separator has-alpha-channel-opacity is-style-dots\"\/>\n\n\n\n<div class=\"wp-block-media-text has-media-on-the-right is-stacked-on-mobile\" style=\"grid-template-columns:auto 45%\"><div class=\"wp-block-media-text__content\">\n<h1 class=\"wp-block-heading has-text-align-center\"><em>Kobieta Roku 2024<\/em><\/h1>\n\n\n\n<p class=\"has-text-align-center wp-block-paragraph\"><em>otrzyma pami\u0105tkowy dyplom w formie elektronicznej, szarf\u0119 inspirowan\u0105 konkursami pi\u0119kno\u015bci oraz koron\u0119. <\/em><\/p>\n\n\n\n<figure class=\"wp-block-image size-large\"><img loading=\"lazy\" decoding=\"async\" width=\"1024\" height=\"162\" src=\"https:\/\/kobietamiesiaca.pl\/wp-content\/uploads\/2024\/12\/IMG_20231227_122922-1024x162.jpg\" alt=\"\" class=\"wp-image-10981\" srcset=\"https:\/\/kobietamiesiaca.pl\/wp-content\/uploads\/2024\/12\/IMG_20231227_122922-1024x162.jpg 1024w, https:\/\/kobietamiesiaca.pl\/wp-content\/uploads\/2024\/12\/IMG_20231227_122922-300x47.jpg 300w, https:\/\/kobietamiesiaca.pl\/wp-content\/uploads\/2024\/12\/IMG_20231227_122922-150x24.jpg 150w, https:\/\/kobietamiesiaca.pl\/wp-content\/uploads\/2024\/12\/IMG_20231227_122922-768x121.jpg 768w, https:\/\/kobietamiesiaca.pl\/wp-content\/uploads\/2024\/12\/IMG_20231227_122922.jpg 1500w\" sizes=\"auto, (max-width: 1024px) 100vw, 1024px\" \/><\/figure>\n<\/div><figure class=\"wp-block-media-text__media\"><img loading=\"lazy\" decoding=\"async\" width=\"411\" height=\"276\" src=\"https:\/\/kobietamiesiaca.pl\/wp-content\/uploads\/2024\/12\/1m.jpg\" alt=\"\" class=\"wp-image-10966 size-full\" srcset=\"https:\/\/kobietamiesiaca.pl\/wp-content\/uploads\/2024\/12\/1m.jpg 411w, https:\/\/kobietamiesiaca.pl\/wp-content\/uploads\/2024\/12\/1m-300x201.jpg 300w, https:\/\/kobietamiesiaca.pl\/wp-content\/uploads\/2024\/12\/1m-150x101.jpg 150w\" sizes=\"auto, (max-width: 411px) 100vw, 411px\" \/><\/figure><\/div>\n\n\n\n<hr class=\"wp-block-separator has-alpha-channel-opacity is-style-dots\"\/>\n\n\n\n<p class=\"has-text-align-center wp-block-paragraph\"><em>W tym miejscu warto r\u00f3wnie\u017c przypomnie\u0107 o minikonkursie Mania G\u0142osowania, kt\u00f3ry by\u0142 dla Uczestniczek konkursu namiastk\u0105 tego co mia\u0142o si\u0119 wydarzy\u0107 w p\u00f3\u017aniejszych fazach konkursu. <\/em><\/p>\n\n\n\n<div class=\"wp-block-media-text is-stacked-on-mobile\" style=\"grid-template-columns:25% auto\"><figure class=\"wp-block-media-text__media\"><img loading=\"lazy\" decoding=\"async\" width=\"768\" height=\"1024\" src=\"https:\/\/kobietamiesiaca.pl\/wp-content\/uploads\/2024\/03\/IMG_5245-768x1024.jpeg\" alt=\"\" class=\"wp-image-6832 size-full\" srcset=\"https:\/\/kobietamiesiaca.pl\/wp-content\/uploads\/2024\/03\/IMG_5245-768x1024.jpeg 768w, https:\/\/kobietamiesiaca.pl\/wp-content\/uploads\/2024\/03\/IMG_5245-225x300.jpeg 225w, https:\/\/kobietamiesiaca.pl\/wp-content\/uploads\/2024\/03\/IMG_5245-112x150.jpeg 112w, https:\/\/kobietamiesiaca.pl\/wp-content\/uploads\/2024\/03\/IMG_5245-1152x1536.jpeg 1152w, https:\/\/kobietamiesiaca.pl\/wp-content\/uploads\/2024\/03\/IMG_5245-1536x2048.jpeg 1536w, https:\/\/kobietamiesiaca.pl\/wp-content\/uploads\/2024\/03\/IMG_5245-45x60.jpeg 45w\" sizes=\"auto, (max-width: 768px) 100vw, 768px\" \/><\/figure><div class=\"wp-block-media-text__content\">\n<p class=\"has-text-align-center wp-block-paragraph\"><em>Spo\u015br\u00f3d 30 Uczestniczek konkursu Kobieta Roku 2024 nagrod\u0119 za minikonkurs Mania G\u0142osowania zdoby\u0142a Pani:<\/em><\/p>\n\n\n\n<p class=\"wp-block-paragraph\"><\/p>\n\n\n\n<h2 class=\"wp-block-heading has-text-align-center\"><em><strong>Natalia Kusiak<\/strong><\/em><\/h2>\n\n\n\n<p class=\"wp-block-paragraph\"><\/p>\n\n\n\n<p class=\"wp-block-paragraph\"><\/p>\n\n\n\n<p class=\"has-text-align-center wp-block-paragraph\"><em>Zwyci\u0119\u017cczyni konkursu otrzyma nagrod\u0119 niespodziank\u0119. <\/em><\/p>\n<\/div><\/div>\n\n\n\n<hr class=\"wp-block-separator has-alpha-channel-opacity is-style-dots\"\/>\n\n\n\n<div class=\"wp-block-media-text has-media-on-the-right is-stacked-on-mobile\"><div class=\"wp-block-media-text__content\">\n<h2 class=\"wp-block-heading\"><strong><em>Sponsorem nagr\u00f3d w konkursie Kobieta Roku jest Organizator. <\/em><\/strong><\/h2>\n<\/div><figure class=\"wp-block-media-text__media\"><img loading=\"lazy\" decoding=\"async\" width=\"403\" height=\"403\" src=\"https:\/\/kobietamiesiaca.pl\/wp-content\/uploads\/2022\/09\/km.jpg\" alt=\"Kobieta Miesi\u0105ca Logo\" class=\"wp-image-8 size-full\" srcset=\"https:\/\/kobietamiesiaca.pl\/wp-content\/uploads\/2022\/09\/km.jpg 403w, https:\/\/kobietamiesiaca.pl\/wp-content\/uploads\/2022\/09\/km-300x300.jpg 300w, https:\/\/kobietamiesiaca.pl\/wp-content\/uploads\/2022\/09\/km-150x150.jpg 150w, https:\/\/kobietamiesiaca.pl\/wp-content\/uploads\/2022\/09\/km-60x60.jpg 60w\" sizes=\"auto, (max-width: 403px) 100vw, 403px\" \/><\/figure><\/div>\n\n\n\n<hr class=\"wp-block-separator has-alpha-channel-opacity is-style-dots\"\/>\n\n\n\n<h4 style=\"text-align: center;\"><em><strong>REKLAMA<\/strong><\/em><\/h4>\n<p><script async src=\"https:\/\/pagead2.googlesyndication.com\/pagead\/js\/adsbygoogle.js?client=ca-pub-7807412717815820\" crossorigin=\"anonymous\"><\/script><\/p>\n<!-- Display - poziom -->\n<p><ins class=\"adsbygoogle\" style=\"display: block;\" data-ad-client=\"ca-pub-7807412717815820\" data-ad-slot=\"1722573990\" data-ad-format=\"auto\" data-full-width-responsive=\"true\"><\/ins> <script>\n(adsbygoogle = window.adsbygoogle || []).push({});\n<\/script><\/p>\n\n\n\n\n<hr class=\"wp-block-separator has-alpha-channel-opacity is-style-dots\"\/>\n\n\n\n<p class=\"has-text-align-center wp-block-paragraph\"><em>A teraz przejd\u017amy do wynik\u00f3w. <\/em><\/p>\n\n\n\n<hr class=\"wp-block-separator has-alpha-channel-opacity is-style-dots\"\/>\n\n\n\n<div class=\"wp-block-media-text is-stacked-on-mobile\" style=\"grid-template-columns:45% auto\"><figure class=\"wp-block-media-text__media\"><img loading=\"lazy\" decoding=\"async\" width=\"1024\" height=\"667\" src=\"https:\/\/kobietamiesiaca.pl\/wp-content\/uploads\/2024\/10\/inbound7950980583955549478-1024x667.jpg\" alt=\"\" class=\"wp-image-10390 size-full\" srcset=\"https:\/\/kobietamiesiaca.pl\/wp-content\/uploads\/2024\/10\/inbound7950980583955549478-1024x667.jpg 1024w, https:\/\/kobietamiesiaca.pl\/wp-content\/uploads\/2024\/10\/inbound7950980583955549478-300x195.jpg 300w, https:\/\/kobietamiesiaca.pl\/wp-content\/uploads\/2024\/10\/inbound7950980583955549478-150x98.jpg 150w, https:\/\/kobietamiesiaca.pl\/wp-content\/uploads\/2024\/10\/inbound7950980583955549478-768x500.jpg 768w, https:\/\/kobietamiesiaca.pl\/wp-content\/uploads\/2024\/10\/inbound7950980583955549478.jpg 1080w\" sizes=\"auto, (max-width: 1024px) 100vw, 1024px\" \/><\/figure><div class=\"wp-block-media-text__content\">\n<h2 class=\"wp-block-heading has-text-align-center\"><em>Magdalena Kowalska<\/em><\/h2>\n\n\n\n<p class=\"has-text-align-center wp-block-paragraph\"><em><mark style=\"background-color:rgba(0, 0, 0, 0);color:#71899d\" class=\"has-inline-color\"><em><mark style=\"background-color:rgba(0, 0, 0, 0);color:#71899d\" class=\"has-inline-color\">Kobieta Roku 2024 \u2013&nbsp;<strong>11 miejsce<\/strong><\/mark><\/em><\/mark><\/em><\/p>\n\n\n\n<p class=\"has-text-align-center wp-block-paragraph\"><\/p>\n\n\n\n<p class=\"has-text-align-center wp-block-paragraph\"><em>Liczba punkt\u00f3w uzyskanych od Jury: <strong>34\/50 <\/strong><\/em><\/p>\n\n\n\n<p class=\"has-text-align-center wp-block-paragraph\"><em>Liczba punkt\u00f3w z g\u0142osowania Publiczno\u015bci: <strong>0\/10 <\/strong><\/em><\/p>\n\n\n\n<p class=\"has-text-align-center wp-block-paragraph\"><em>\u0141\u0105czna suma punkt\u00f3w: <strong>34\/60<\/strong><\/em><\/p>\n<\/div><\/div>\n\n\n\n<hr class=\"wp-block-separator has-alpha-channel-opacity is-style-dots\"\/>\n\n\n\n<div class=\"wp-block-media-text is-stacked-on-mobile\" style=\"grid-template-columns:30% auto\"><figure class=\"wp-block-media-text__media\"><img loading=\"lazy\" decoding=\"async\" width=\"768\" height=\"1024\" src=\"https:\/\/kobietamiesiaca.pl\/wp-content\/uploads\/2024\/10\/461884961_1807768579755574_3931483177093406835_n-768x1024.jpg\" alt=\"\" class=\"wp-image-10332 size-full\" srcset=\"https:\/\/kobietamiesiaca.pl\/wp-content\/uploads\/2024\/10\/461884961_1807768579755574_3931483177093406835_n-768x1024.jpg 768w, https:\/\/kobietamiesiaca.pl\/wp-content\/uploads\/2024\/10\/461884961_1807768579755574_3931483177093406835_n-225x300.jpg 225w, https:\/\/kobietamiesiaca.pl\/wp-content\/uploads\/2024\/10\/461884961_1807768579755574_3931483177093406835_n-113x150.jpg 113w, https:\/\/kobietamiesiaca.pl\/wp-content\/uploads\/2024\/10\/461884961_1807768579755574_3931483177093406835_n-1152x1536.jpg 1152w, https:\/\/kobietamiesiaca.pl\/wp-content\/uploads\/2024\/10\/461884961_1807768579755574_3931483177093406835_n.jpg 1440w\" sizes=\"auto, (max-width: 768px) 100vw, 768px\" \/><\/figure><div class=\"wp-block-media-text__content\">\n<h2 class=\"wp-block-heading has-text-align-center\"><em>Amelia Czakon<\/em><\/h2>\n\n\n\n<p class=\"has-text-align-center wp-block-paragraph\"><em><mark style=\"background-color:rgba(0, 0, 0, 0);color:#71899d\" class=\"has-inline-color\"><em><mark style=\"background-color:rgba(0, 0, 0, 0);color:#71899d\" class=\"has-inline-color\">Kobieta Roku 2024 \u2013&nbsp;<strong>10 miejsce<\/strong><\/mark><\/em><\/mark><\/em><\/p>\n\n\n\n<p class=\"has-text-align-center wp-block-paragraph\"><\/p>\n\n\n\n<p class=\"has-text-align-center wp-block-paragraph\"><em>Liczba punkt\u00f3w uzyskanych od Jury: <strong>31\/50<\/strong><\/em><\/p>\n\n\n\n<p class=\"has-text-align-center wp-block-paragraph\"><em>Liczba punkt\u00f3w z g\u0142osowania Publiczno\u015bci: <strong>5\/10<\/strong><\/em><\/p>\n\n\n\n<p class=\"has-text-align-center wp-block-paragraph\"><em>\u0141\u0105czna suma punkt\u00f3w: <strong>36\/60<\/strong><\/em><\/p>\n<\/div><\/div>\n\n\n\n<hr class=\"wp-block-separator has-alpha-channel-opacity is-style-dots\"\/>\n\n\n\n<div class=\"wp-block-media-text is-stacked-on-mobile\" style=\"grid-template-columns:30% auto\"><figure class=\"wp-block-media-text__media\"><img loading=\"lazy\" decoding=\"async\" width=\"750\" height=\"1024\" src=\"https:\/\/kobietamiesiaca.pl\/wp-content\/uploads\/2024\/06\/IMG_9183-750x1024.jpeg\" alt=\"\" class=\"wp-image-7324 size-full\" srcset=\"https:\/\/kobietamiesiaca.pl\/wp-content\/uploads\/2024\/06\/IMG_9183-750x1024.jpeg 750w, https:\/\/kobietamiesiaca.pl\/wp-content\/uploads\/2024\/06\/IMG_9183-220x300.jpeg 220w, https:\/\/kobietamiesiaca.pl\/wp-content\/uploads\/2024\/06\/IMG_9183-110x150.jpeg 110w, https:\/\/kobietamiesiaca.pl\/wp-content\/uploads\/2024\/06\/IMG_9183-768x1049.jpeg 768w, https:\/\/kobietamiesiaca.pl\/wp-content\/uploads\/2024\/06\/IMG_9183-1125x1536.jpeg 1125w, https:\/\/kobietamiesiaca.pl\/wp-content\/uploads\/2024\/06\/IMG_9183-1500x2048.jpeg 1500w, https:\/\/kobietamiesiaca.pl\/wp-content\/uploads\/2024\/06\/IMG_9183-44x60.jpeg 44w, https:\/\/kobietamiesiaca.pl\/wp-content\/uploads\/2024\/06\/IMG_9183.jpeg 2000w\" sizes=\"auto, (max-width: 750px) 100vw, 750px\" \/><\/figure><div class=\"wp-block-media-text__content\">\n<h2 class=\"wp-block-heading has-text-align-center\"><em>Zuzanna Janik<\/em><\/h2>\n\n\n\n<p class=\"has-text-align-center wp-block-paragraph\"><em><mark style=\"background-color:rgba(0, 0, 0, 0);color:#71899d\" class=\"has-inline-color\"><em><mark style=\"background-color:rgba(0, 0, 0, 0);color:#71899d\" class=\"has-inline-color\"><em><mark style=\"background-color:rgba(0, 0, 0, 0);color:#71899d\" class=\"has-inline-color\"><em><mark style=\"background-color:rgba(0, 0, 0, 0);color:#71899d\" class=\"has-inline-color\">Kobieta Roku 2024 \u2013&nbsp;<strong>9 miejsce<\/strong><\/mark><\/em><\/mark><\/em><\/mark><\/em><\/mark><\/em><\/p>\n\n\n\n<p class=\"has-text-align-center wp-block-paragraph\"><\/p>\n\n\n\n<p class=\"has-text-align-center wp-block-paragraph\"><em>Liczba punkt\u00f3w uzyskanych od Jury: <strong>34\/50<\/strong><\/em><\/p>\n\n\n\n<p class=\"has-text-align-center wp-block-paragraph\"><em>Liczba punkt\u00f3w z g\u0142osowania Publiczno\u015bci: <strong>4\/10<\/strong><\/em><\/p>\n\n\n\n<p class=\"has-text-align-center wp-block-paragraph\"><em>\u0141\u0105czna suma punkt\u00f3w: <strong>38\/60<\/strong><\/em><\/p>\n<\/div><\/div>\n\n\n\n<hr class=\"wp-block-separator has-alpha-channel-opacity is-style-dots\"\/>\n\n\n\n<div class=\"wp-block-media-text is-stacked-on-mobile\" style=\"grid-template-columns:30% auto\"><figure class=\"wp-block-media-text__media\"><img loading=\"lazy\" decoding=\"async\" width=\"576\" height=\"1024\" src=\"https:\/\/kobietamiesiaca.pl\/wp-content\/uploads\/inbound710865372708291552-576x1024.jpg\" alt=\"\" class=\"wp-image-5740 size-full\" srcset=\"https:\/\/kobietamiesiaca.pl\/wp-content\/uploads\/inbound710865372708291552-576x1024.jpg 576w, https:\/\/kobietamiesiaca.pl\/wp-content\/uploads\/inbound710865372708291552-169x300.jpg 169w, https:\/\/kobietamiesiaca.pl\/wp-content\/uploads\/inbound710865372708291552-84x150.jpg 84w, https:\/\/kobietamiesiaca.pl\/wp-content\/uploads\/inbound710865372708291552-768x1365.jpg 768w, https:\/\/kobietamiesiaca.pl\/wp-content\/uploads\/inbound710865372708291552-864x1536.jpg 864w, https:\/\/kobietamiesiaca.pl\/wp-content\/uploads\/inbound710865372708291552-34x60.jpg 34w, https:\/\/kobietamiesiaca.pl\/wp-content\/uploads\/inbound710865372708291552.jpg 900w\" sizes=\"auto, (max-width: 576px) 100vw, 576px\" \/><\/figure><div class=\"wp-block-media-text__content\">\n<h2 class=\"wp-block-heading has-text-align-center\"><em>Anna Cykier<\/em><\/h2>\n\n\n\n<p class=\"has-text-align-center wp-block-paragraph\"><em><mark style=\"background-color:rgba(0, 0, 0, 0);color:#71899d\" class=\"has-inline-color\"><em><mark style=\"background-color:rgba(0, 0, 0, 0);color:#71899d\" class=\"has-inline-color\"><em><mark style=\"background-color:rgba(0, 0, 0, 0);color:#71899d\" class=\"has-inline-color\"><em><mark style=\"background-color:rgba(0, 0, 0, 0);color:#71899d\" class=\"has-inline-color\">Kobieta Roku 2024 \u2013&nbsp;<strong>7 miejsce<\/strong><em><mark style=\"background-color:rgba(0, 0, 0, 0);color:#71899d\" class=\"has-inline-color\"><em><mark style=\"background-color:rgba(0, 0, 0, 0);color:#71899d\" class=\"has-inline-color\"><em> (ex aequo)<\/em><\/mark><\/em><\/mark><\/em><\/mark><\/em><\/mark><\/em><\/mark><\/em><\/mark><\/em><\/p>\n\n\n\n<p class=\"has-text-align-center wp-block-paragraph\"><\/p>\n\n\n\n<p class=\"has-text-align-center wp-block-paragraph\"><em>Liczba punkt\u00f3w uzyskanych od Jury: <strong>39\/50<\/strong><\/em><\/p>\n\n\n\n<p class=\"has-text-align-center wp-block-paragraph\"><em>Liczba punkt\u00f3w z g\u0142osowania Publiczno\u015bci: <strong>0\/10<\/strong><\/em><\/p>\n\n\n\n<p class=\"has-text-align-center wp-block-paragraph\"><em>\u0141\u0105czna suma punkt\u00f3w: <strong>39\/60<\/strong><\/em><\/p>\n<\/div><\/div>\n\n\n\n<hr class=\"wp-block-separator has-alpha-channel-opacity is-style-dots\"\/>\n\n\n\n<div class=\"wp-block-media-text is-stacked-on-mobile\" style=\"grid-template-columns:30% auto\"><figure class=\"wp-block-media-text__media\"><img loading=\"lazy\" decoding=\"async\" width=\"744\" height=\"1024\" src=\"https:\/\/kobietamiesiaca.pl\/wp-content\/uploads\/IMG_9794-1-744x1024.jpeg\" alt=\"\" class=\"wp-image-5838 size-full\" srcset=\"https:\/\/kobietamiesiaca.pl\/wp-content\/uploads\/IMG_9794-1-744x1024.jpeg 744w, https:\/\/kobietamiesiaca.pl\/wp-content\/uploads\/IMG_9794-1-218x300.jpeg 218w, https:\/\/kobietamiesiaca.pl\/wp-content\/uploads\/IMG_9794-1-109x150.jpeg 109w, https:\/\/kobietamiesiaca.pl\/wp-content\/uploads\/IMG_9794-1-768x1057.jpeg 768w, https:\/\/kobietamiesiaca.pl\/wp-content\/uploads\/IMG_9794-1-1116x1536.jpeg 1116w, https:\/\/kobietamiesiaca.pl\/wp-content\/uploads\/IMG_9794-1-1488x2048.jpeg 1488w, https:\/\/kobietamiesiaca.pl\/wp-content\/uploads\/IMG_9794-1-44x60.jpeg 44w, https:\/\/kobietamiesiaca.pl\/wp-content\/uploads\/IMG_9794-1.jpeg 1790w\" sizes=\"auto, (max-width: 744px) 100vw, 744px\" \/><\/figure><div class=\"wp-block-media-text__content\">\n<h2 class=\"wp-block-heading has-text-align-center\"><em>Paula Korycka<\/em><\/h2>\n\n\n\n<p class=\"has-text-align-center wp-block-paragraph\"><em><mark style=\"background-color:rgba(0, 0, 0, 0);color:#71899d\" class=\"has-inline-color\"><em><mark style=\"background-color:rgba(0, 0, 0, 0);color:#71899d\" class=\"has-inline-color\">Kobieta Roku 2024 \u2013&nbsp;<strong>7 miejsce<\/strong><em><mark style=\"background-color:rgba(0, 0, 0, 0);color:#71899d\" class=\"has-inline-color\"><em><mark style=\"background-color:rgba(0, 0, 0, 0);color:#71899d\" class=\"has-inline-color\"><em> (ex aequo)<\/em><\/mark><\/em><\/mark><\/em><\/mark><\/em><\/mark><\/em><\/p>\n\n\n\n<p class=\"has-text-align-center wp-block-paragraph\"><\/p>\n\n\n\n<p class=\"has-text-align-center wp-block-paragraph\"><em>Liczba punkt\u00f3w uzyskanych od Jury: <strong>39\/50<\/strong><\/em><\/p>\n\n\n\n<p class=\"has-text-align-center wp-block-paragraph\"><em>Liczba punkt\u00f3w z g\u0142osowania Publiczno\u015bci: <strong>0\/10<\/strong><\/em><\/p>\n\n\n\n<p class=\"has-text-align-center wp-block-paragraph\"><em>\u0141\u0105czna suma punkt\u00f3w: <strong>39\/60<\/strong><\/em><\/p>\n<\/div><\/div>\n\n\n\n<hr class=\"wp-block-separator has-alpha-channel-opacity is-style-dots\"\/>\n\n\n\n<h4 style=\"text-align: center;\"><em><strong>REKLAMA<\/strong><\/em><\/h4>\n<p><script async src=\"https:\/\/pagead2.googlesyndication.com\/pagead\/js\/adsbygoogle.js?client=ca-pub-7807412717815820\" crossorigin=\"anonymous\"><\/script><\/p>\n<!-- Display - poziom -->\n<p><ins class=\"adsbygoogle\" style=\"display: block;\" data-ad-client=\"ca-pub-7807412717815820\" data-ad-slot=\"1722573990\" data-ad-format=\"auto\" data-full-width-responsive=\"true\"><\/ins> <script>\n(adsbygoogle = window.adsbygoogle || []).push({});\n<\/script><\/p>\n\n\n\n\n<hr class=\"wp-block-separator has-alpha-channel-opacity is-style-dots\"\/>\n\n\n\n<div class=\"wp-block-media-text is-stacked-on-mobile\" style=\"grid-template-columns:30% auto\"><figure class=\"wp-block-media-text__media\"><img loading=\"lazy\" decoding=\"async\" width=\"819\" height=\"1024\" src=\"https:\/\/kobietamiesiaca.pl\/wp-content\/uploads\/2024\/07\/IMG_20240703_164910_611-819x1024.jpg\" alt=\"\" class=\"wp-image-7599 size-full\" srcset=\"https:\/\/kobietamiesiaca.pl\/wp-content\/uploads\/2024\/07\/IMG_20240703_164910_611-819x1024.jpg 819w, https:\/\/kobietamiesiaca.pl\/wp-content\/uploads\/2024\/07\/IMG_20240703_164910_611-240x300.jpg 240w, https:\/\/kobietamiesiaca.pl\/wp-content\/uploads\/2024\/07\/IMG_20240703_164910_611-120x150.jpg 120w, https:\/\/kobietamiesiaca.pl\/wp-content\/uploads\/2024\/07\/IMG_20240703_164910_611-768x960.jpg 768w, https:\/\/kobietamiesiaca.pl\/wp-content\/uploads\/2024\/07\/IMG_20240703_164910_611-1229x1536.jpg 1229w, https:\/\/kobietamiesiaca.pl\/wp-content\/uploads\/2024\/07\/IMG_20240703_164910_611-480x600.jpg 480w, https:\/\/kobietamiesiaca.pl\/wp-content\/uploads\/2024\/07\/IMG_20240703_164910_611.jpg 1280w\" sizes=\"auto, (max-width: 819px) 100vw, 819px\" \/><\/figure><div class=\"wp-block-media-text__content\">\n<h2 class=\"wp-block-heading has-text-align-center\"><em>Kinga Cie\u015bli\u0144ska<\/em><\/h2>\n\n\n\n<p class=\"has-text-align-center wp-block-paragraph\"><em><mark style=\"background-color:rgba(0, 0, 0, 0);color:#71899d\" class=\"has-inline-color\"><em><mark style=\"background-color:rgba(0, 0, 0, 0);color:#71899d\" class=\"has-inline-color\"><em><mark style=\"background-color:rgba(0, 0, 0, 0);color:#71899d\" class=\"has-inline-color\"><em><mark style=\"background-color:rgba(0, 0, 0, 0);color:#71899d\" class=\"has-inline-color\"><em><mark style=\"background-color:rgba(0, 0, 0, 0);color:#71899d\" class=\"has-inline-color\"><em><mark style=\"background-color:rgba(0, 0, 0, 0);color:#71899d\" class=\"has-inline-color\">Kobieta Roku 2024 \u2013&nbsp;<strong>5 miejsce<\/strong><\/mark><\/em><\/mark> (ex aequo)<\/em><\/mark><\/em><\/mark><\/em><\/mark><\/em><\/mark><\/em><\/p>\n\n\n\n<p class=\"has-text-align-center wp-block-paragraph\"><\/p>\n\n\n\n<p class=\"has-text-align-center wp-block-paragraph\"><em>Liczba punkt\u00f3w uzyskanych od Jury: <strong>40\/50<\/strong><\/em><\/p>\n\n\n\n<p class=\"has-text-align-center wp-block-paragraph\"><em>Liczba punkt\u00f3w z g\u0142osowania Publiczno\u015bci: <strong>0\/10<\/strong><\/em><\/p>\n\n\n\n<p class=\"has-text-align-center wp-block-paragraph\"><em>\u0141\u0105czna suma punkt\u00f3w: <strong>40\/60<\/strong><\/em><\/p>\n<\/div><\/div>\n\n\n\n<hr class=\"wp-block-separator has-alpha-channel-opacity is-style-dots\"\/>\n\n\n\n<div class=\"wp-block-media-text is-stacked-on-mobile\" style=\"grid-template-columns:30% auto\"><figure class=\"wp-block-media-text__media\"><img loading=\"lazy\" decoding=\"async\" width=\"768\" height=\"1024\" src=\"https:\/\/kobietamiesiaca.pl\/wp-content\/uploads\/2024\/08\/IMG_7303-768x1024.jpeg\" alt=\"\" class=\"wp-image-7797 size-full\" srcset=\"https:\/\/kobietamiesiaca.pl\/wp-content\/uploads\/2024\/08\/IMG_7303-768x1024.jpeg 768w, https:\/\/kobietamiesiaca.pl\/wp-content\/uploads\/2024\/08\/IMG_7303-225x300.jpeg 225w, https:\/\/kobietamiesiaca.pl\/wp-content\/uploads\/2024\/08\/IMG_7303-113x150.jpeg 113w, https:\/\/kobietamiesiaca.pl\/wp-content\/uploads\/2024\/08\/IMG_7303-1152x1536.jpeg 1152w, https:\/\/kobietamiesiaca.pl\/wp-content\/uploads\/2024\/08\/IMG_7303-1536x2048.jpeg 1536w\" sizes=\"auto, (max-width: 768px) 100vw, 768px\" \/><\/figure><div class=\"wp-block-media-text__content\">\n<h2 class=\"wp-block-heading has-text-align-center\"><em>Sandra Kmietowicz<\/em><\/h2>\n\n\n\n<p class=\"has-text-align-center wp-block-paragraph\"><em><mark style=\"background-color:rgba(0, 0, 0, 0);color:#71899d\" class=\"has-inline-color\"><em><mark style=\"background-color:rgba(0, 0, 0, 0);color:#71899d\" class=\"has-inline-color\"><em><mark style=\"background-color:rgba(0, 0, 0, 0);color:#71899d\" class=\"has-inline-color\"><em><mark style=\"background-color:rgba(0, 0, 0, 0);color:#71899d\" class=\"has-inline-color\">Kobieta Roku 2024 \u2013&nbsp;<strong>5 miejsce<\/strong><\/mark><\/em><\/mark> (ex aequo)<\/em><\/mark><\/em><\/mark><\/em><\/p>\n\n\n\n<p class=\"has-text-align-center wp-block-paragraph\"><\/p>\n\n\n\n<p class=\"has-text-align-center wp-block-paragraph\"><em>Liczba punkt\u00f3w uzyskanych od Jury: <strong>33\/50<\/strong><\/em><\/p>\n\n\n\n<p class=\"has-text-align-center wp-block-paragraph\"><em>Liczba punkt\u00f3w z g\u0142osowania Publiczno\u015bci: <strong>7\/10<\/strong><\/em><\/p>\n\n\n\n<p class=\"has-text-align-center wp-block-paragraph\"><em>\u0141\u0105czna suma punkt\u00f3w: <strong>40\/60<\/strong><\/em><\/p>\n<\/div><\/div>\n\n\n\n<hr class=\"wp-block-separator has-alpha-channel-opacity is-style-dots\"\/>\n\n\n\n<div class=\"wp-block-media-text is-stacked-on-mobile\" style=\"grid-template-columns:30% auto\"><figure class=\"wp-block-media-text__media\"><img loading=\"lazy\" decoding=\"async\" width=\"726\" height=\"1024\" src=\"https:\/\/kobietamiesiaca.pl\/wp-content\/uploads\/2024\/09\/inbound7984698132868778177-726x1024.jpg\" alt=\"\" class=\"wp-image-7896 size-full\" srcset=\"https:\/\/kobietamiesiaca.pl\/wp-content\/uploads\/2024\/09\/inbound7984698132868778177-726x1024.jpg 726w, https:\/\/kobietamiesiaca.pl\/wp-content\/uploads\/2024\/09\/inbound7984698132868778177-213x300.jpg 213w, https:\/\/kobietamiesiaca.pl\/wp-content\/uploads\/2024\/09\/inbound7984698132868778177-106x150.jpg 106w, https:\/\/kobietamiesiaca.pl\/wp-content\/uploads\/2024\/09\/inbound7984698132868778177-768x1084.jpg 768w, https:\/\/kobietamiesiaca.pl\/wp-content\/uploads\/2024\/09\/inbound7984698132868778177.jpg 1024w\" sizes=\"auto, (max-width: 726px) 100vw, 726px\" \/><\/figure><div class=\"wp-block-media-text__content\">\n<h2 class=\"wp-block-heading has-text-align-center\"><em>Anastazja Na\u0142kowska<\/em><\/h2>\n\n\n\n<p class=\"has-text-align-center wp-block-paragraph\"><em><mark style=\"background-color:rgba(0, 0, 0, 0);color:#71899d\" class=\"has-inline-color\"><em><mark style=\"background-color:rgba(0, 0, 0, 0);color:#71899d\" class=\"has-inline-color\"><em><mark style=\"background-color:rgba(0, 0, 0, 0);color:#71899d\" class=\"has-inline-color\"><em><mark style=\"background-color:rgba(0, 0, 0, 0);color:#71899d\" class=\"has-inline-color\">Kobieta Roku 2024 \u2013&nbsp;<strong>4 miejsce<\/strong><\/mark><\/em><\/mark><\/em><\/mark><\/em><\/mark><\/em><\/p>\n\n\n\n<p class=\"has-text-align-center wp-block-paragraph\"><\/p>\n\n\n\n<p class=\"has-text-align-center wp-block-paragraph\"><em>Liczba punkt\u00f3w uzyskanych od Jury: <strong>35\/50<\/strong><\/em><\/p>\n\n\n\n<p class=\"has-text-align-center wp-block-paragraph\"><em>Liczba punkt\u00f3w z g\u0142osowania Publiczno\u015bci: <strong>9\/10<\/strong><\/em><\/p>\n\n\n\n<p class=\"has-text-align-center wp-block-paragraph\"><em>\u0141\u0105czna suma punkt\u00f3w: <strong>44\/60<\/strong><\/em><\/p>\n<\/div><\/div>\n\n\n\n<hr class=\"wp-block-separator has-alpha-channel-opacity is-style-dots\"\/>\n\n\n\n<div class=\"wp-block-media-text is-stacked-on-mobile\" style=\"grid-template-columns:30% auto\"><figure class=\"wp-block-media-text__media\"><img loading=\"lazy\" decoding=\"async\" width=\"768\" height=\"1024\" src=\"https:\/\/kobietamiesiaca.pl\/wp-content\/uploads\/2024\/03\/IMG_5245-768x1024.jpeg\" alt=\"\" class=\"wp-image-6832 size-full\" srcset=\"https:\/\/kobietamiesiaca.pl\/wp-content\/uploads\/2024\/03\/IMG_5245-768x1024.jpeg 768w, https:\/\/kobietamiesiaca.pl\/wp-content\/uploads\/2024\/03\/IMG_5245-225x300.jpeg 225w, https:\/\/kobietamiesiaca.pl\/wp-content\/uploads\/2024\/03\/IMG_5245-112x150.jpeg 112w, https:\/\/kobietamiesiaca.pl\/wp-content\/uploads\/2024\/03\/IMG_5245-1152x1536.jpeg 1152w, https:\/\/kobietamiesiaca.pl\/wp-content\/uploads\/2024\/03\/IMG_5245-1536x2048.jpeg 1536w, https:\/\/kobietamiesiaca.pl\/wp-content\/uploads\/2024\/03\/IMG_5245-45x60.jpeg 45w\" sizes=\"auto, (max-width: 768px) 100vw, 768px\" \/><\/figure><div class=\"wp-block-media-text__content\">\n<h2 class=\"wp-block-heading has-text-align-center\"><em>Natalia Kusiak<\/em><\/h2>\n\n\n\n<p class=\"has-text-align-center wp-block-paragraph\"><em><mark style=\"background-color:rgba(0, 0, 0, 0);color:#71899d\" class=\"has-inline-color\"><em><mark style=\"background-color:rgba(0, 0, 0, 0);color:#71899d\" class=\"has-inline-color\"><em><mark style=\"background-color:rgba(0, 0, 0, 0);color:#71899d\" class=\"has-inline-color\"><em><mark style=\"background-color:rgba(0, 0, 0, 0);color:#71899d\" class=\"has-inline-color\">Kobieta Roku 2024 \u2013&nbsp;<strong>3 miejsce<\/strong><\/mark><\/em><\/mark><\/em><\/mark><\/em><\/mark><\/em><\/p>\n\n\n\n<p class=\"has-text-align-center wp-block-paragraph\"><\/p>\n\n\n\n<p class=\"has-text-align-center wp-block-paragraph\"><em>Liczba punkt\u00f3w uzyskanych od Jury: <strong>35\/50<\/strong><\/em><\/p>\n\n\n\n<p class=\"has-text-align-center wp-block-paragraph\"><em>Liczba punkt\u00f3w z g\u0142osowania Publiczno\u015bci: <strong>10\/10<\/strong><\/em><\/p>\n\n\n\n<p class=\"has-text-align-center wp-block-paragraph\"><em>\u0141\u0105czna suma punkt\u00f3w: <strong>45\/60<\/strong><\/em><\/p>\n<\/div><\/div>\n\n\n\n<hr class=\"wp-block-separator has-alpha-channel-opacity is-style-dots\"\/>\n\n\n\n<div class=\"wp-block-media-text is-stacked-on-mobile\" style=\"grid-template-columns:30% auto\"><figure class=\"wp-block-media-text__media\"><img loading=\"lazy\" decoding=\"async\" width=\"819\" height=\"1024\" src=\"https:\/\/kobietamiesiaca.pl\/wp-content\/uploads\/2024\/04\/IMG_6079-819x1024.jpeg\" alt=\"\" class=\"wp-image-7020 size-full\" srcset=\"https:\/\/kobietamiesiaca.pl\/wp-content\/uploads\/2024\/04\/IMG_6079-819x1024.jpeg 819w, https:\/\/kobietamiesiaca.pl\/wp-content\/uploads\/2024\/04\/IMG_6079-240x300.jpeg 240w, https:\/\/kobietamiesiaca.pl\/wp-content\/uploads\/2024\/04\/IMG_6079-120x150.jpeg 120w, https:\/\/kobietamiesiaca.pl\/wp-content\/uploads\/2024\/04\/IMG_6079-768x960.jpeg 768w, https:\/\/kobietamiesiaca.pl\/wp-content\/uploads\/2024\/04\/IMG_6079-1229x1536.jpeg 1229w, https:\/\/kobietamiesiaca.pl\/wp-content\/uploads\/2024\/04\/IMG_6079-1638x2048.jpeg 1638w, https:\/\/kobietamiesiaca.pl\/wp-content\/uploads\/2024\/04\/IMG_6079-480x600.jpeg 480w, https:\/\/kobietamiesiaca.pl\/wp-content\/uploads\/2024\/04\/IMG_6079-48x60.jpeg 48w\" sizes=\"auto, (max-width: 819px) 100vw, 819px\" \/><\/figure><div class=\"wp-block-media-text__content\">\n<h2 class=\"wp-block-heading has-text-align-center\"><em>Daria Ochremczuk<\/em><\/h2>\n\n\n\n<p class=\"has-text-align-center wp-block-paragraph\"><em><mark style=\"background-color:rgba(0, 0, 0, 0);color:#71899d\" class=\"has-inline-color\"><em><mark style=\"background-color:rgba(0, 0, 0, 0);color:#71899d\" class=\"has-inline-color\"><em><mark style=\"background-color:rgba(0, 0, 0, 0);color:#71899d\" class=\"has-inline-color\"><em><mark style=\"background-color:rgba(0, 0, 0, 0);color:#71899d\" class=\"has-inline-color\">Kobieta Roku 2024 \u2013&nbsp;<strong>2 miejsce<\/strong><\/mark><\/em><\/mark><\/em><\/mark><\/em><\/mark><\/em><\/p>\n\n\n\n<p class=\"has-text-align-center wp-block-paragraph\"><\/p>\n\n\n\n<p class=\"has-text-align-center wp-block-paragraph\"><em>Liczba punkt\u00f3w uzyskanych od Jury: <strong>38\/50<\/strong><\/em><\/p>\n\n\n\n<p class=\"has-text-align-center wp-block-paragraph\"><em>Liczba punkt\u00f3w z g\u0142osowania Publiczno\u015bci: <strong>8\/10<\/strong><\/em><\/p>\n\n\n\n<p class=\"has-text-align-center wp-block-paragraph\"><em>\u0141\u0105czna suma punkt\u00f3w: <strong>46\/60<\/strong><\/em><\/p>\n<\/div><\/div>\n\n\n\n<hr class=\"wp-block-separator has-alpha-channel-opacity is-style-dots\"\/>\n\n\n\n<div class=\"wp-block-media-text is-stacked-on-mobile\" style=\"grid-template-columns:35% auto\"><figure class=\"wp-block-media-text__media\"><img loading=\"lazy\" decoding=\"async\" width=\"1024\" height=\"1024\" src=\"https:\/\/kobietamiesiaca.pl\/wp-content\/uploads\/IMG_20221228_172204_359-1024x1024.jpg\" alt=\"\" class=\"wp-image-5900 size-full\" srcset=\"https:\/\/kobietamiesiaca.pl\/wp-content\/uploads\/IMG_20221228_172204_359-1024x1024.jpg 1024w, https:\/\/kobietamiesiaca.pl\/wp-content\/uploads\/IMG_20221228_172204_359-300x300.jpg 300w, https:\/\/kobietamiesiaca.pl\/wp-content\/uploads\/IMG_20221228_172204_359-150x150.jpg 150w, https:\/\/kobietamiesiaca.pl\/wp-content\/uploads\/IMG_20221228_172204_359-768x768.jpg 768w, https:\/\/kobietamiesiaca.pl\/wp-content\/uploads\/IMG_20221228_172204_359-60x60.jpg 60w, https:\/\/kobietamiesiaca.pl\/wp-content\/uploads\/IMG_20221228_172204_359.jpg 1365w\" sizes=\"auto, (max-width: 1024px) 100vw, 1024px\" \/><\/figure><div class=\"wp-block-media-text__content\">\n<h2 class=\"wp-block-heading has-text-align-center\"><em>Agnieszka Cemka<\/em><\/h2>\n\n\n\n<p class=\"has-text-align-center wp-block-paragraph\"><em><mark style=\"background-color:rgba(0, 0, 0, 0);color:#71899d\" class=\"has-inline-color\">Kobieta Roku 2024 \u2013&nbsp;<strong>1 miejsce<\/strong><\/mark><\/em><\/p>\n\n\n\n<p class=\"has-text-align-center wp-block-paragraph\"><\/p>\n\n\n\n<p class=\"has-text-align-center wp-block-paragraph\"><em>Liczba punkt\u00f3w uzyskanych od Jury: <strong>44\/50<\/strong><\/em><\/p>\n\n\n\n<p class=\"has-text-align-center wp-block-paragraph\"><em>Liczba punkt\u00f3w z g\u0142osowania Publiczno\u015bci: <strong>7\/10<\/strong><\/em><\/p>\n\n\n\n<p class=\"has-text-align-center wp-block-paragraph\"><em>\u0141\u0105czna suma punkt\u00f3w: <strong>51\/60<\/strong><\/em><\/p>\n<\/div><\/div>\n\n\n\n<hr class=\"wp-block-separator has-alpha-channel-opacity is-style-dots\"\/>\n\n\n\n<p class=\"has-text-align-center wp-block-paragraph\"><em>Wszystkim Uczestniczkom dzi\u0119kujemy za wzi\u0119cie udzia\u0142u w tegorocznych edycjach Plebiscytu Kobieta Miesi\u0105ca i zapraszamy ju\u017c za kilka godzin, bo jak zwykle o p\u00f3\u0142nocy* rozpoczniemy kolejn\u0105 edycj\u0119. Tym razem z dopiskiem 2025. Analogicznie jak w 2023 i 2024 roku Top3 ka\u017cdej edycji trafi do konkursu Kobieta Roku 2025, wi\u0119c warto bra\u0107 udzia\u0142. W nowym roku b\u0119d\u0105 jednak malutkie zmiany w ilo\u015bci edycji (zastanawiamy si\u0119 nad po\u0142\u0105czeniem letnich edycji w jedn\u0105 &#8211; wakacyjn\u0105, ale o to zapytamy Was wiosn\u0105 w naszych social mediach). <\/em><\/p>\n\n\n\n<h1 class=\"wp-block-heading has-text-align-center has-medium-font-size\"><em><strong>Szcz\u0119\u015bliwego Nowego Roku 2025 \u017cyczy ekipa serwisu KobietaMiesiaca.pl!<\/strong><\/em><\/h1>\n\n\n\n<hr class=\"wp-block-separator has-alpha-channel-opacity is-style-dots\"\/>\n\n\n\n<p class=\"has-text-align-center has-small-font-size wp-block-paragraph\"><em>*Mo\u017ce jednak z malutkim op\u00f3\u017anieniem, bo Sylwester i te sprawy \ud83d\ude09<\/em><\/p>\n","protected":false},"excerpt":{"rendered":"<p>Mamy zaszczyt przedstawi\u0107 Pa\u0144stwu wyniki konkursu Kobieta Roku 2024!<\/p>\n","protected":false},"author":1,"featured_media":10966,"comment_status":"closed","ping_status":"open","sticky":false,"template":"","format":"standard","meta":{"cybocfi_hide_featured_image":"yes","footnotes":""},"categories":[14,30],"tags":[],"coauthors":[31,69,76,100,125,135,87,107,116,54],"class_list":["post-10995","post","type-post","status-publish","format-standard","has-post-thumbnail","hentry","category-info","category-kobieta-roku"],"_links":{"self":[{"href":"https:\/\/kobietamiesiaca.pl\/index.php?rest_route=\/wp\/v2\/posts\/10995","targetHints":{"allow":["GET"]}}],"collection":[{"href":"https:\/\/kobietamiesiaca.pl\/index.php?rest_route=\/wp\/v2\/posts"}],"about":[{"href":"https:\/\/kobietamiesiaca.pl\/index.php?rest_route=\/wp\/v2\/types\/post"}],"author":[{"embeddable":true,"href":"https:\/\/kobietamiesiaca.pl\/index.php?rest_route=\/wp\/v2\/users\/1"}],"replies":[{"embeddable":true,"href":"https:\/\/kobietamiesiaca.pl\/index.php?rest_route=%2Fwp%2Fv2%2Fcomments&post=10995"}],"version-history":[{"count":12,"href":"https:\/\/kobietamiesiaca.pl\/index.php?rest_route=\/wp\/v2\/posts\/10995\/revisions"}],"predecessor-version":[{"id":11111,"href":"https:\/\/kobietamiesiaca.pl\/index.php?rest_route=\/wp\/v2\/posts\/10995\/revisions\/11111"}],"wp:featuredmedia":[{"embeddable":true,"href":"https:\/\/kobietamiesiaca.pl\/index.php?rest_route=\/wp\/v2\/media\/10966"}],"wp:attachment":[{"href":"https:\/\/kobietamiesiaca.pl\/index.php?rest_route=%2Fwp%2Fv2%2Fmedia&parent=10995"}],"wp:term":[{"taxonomy":"category","embeddable":true,"href":"https:\/\/kobietamiesiaca.pl\/index.php?rest_route=%2Fwp%2Fv2%2Fcategories&post=10995"},{"taxonomy":"post_tag","embeddable":true,"href":"https:\/\/kobietamiesiaca.pl\/index.php?rest_route=%2Fwp%2Fv2%2Ftags&post=10995"},{"taxonomy":"author","embeddable":true,"href":"https:\/\/kobietamiesiaca.pl\/index.php?rest_route=%2Fwp%2Fv2%2Fcoauthors&post=10995"}],"curies":[{"name":"wp","href":"https:\/\/api.w.org\/{rel}","templated":true}]}}