{"id":11094,"date":"2025-01-02T00:13:16","date_gmt":"2025-01-01T23:13:16","guid":{"rendered":"https:\/\/kobietamiesiaca.pl\/?p=11094"},"modified":"2025-03-18T19:40:16","modified_gmt":"2025-03-18T18:40:16","slug":"kobieta-miesiaca-styczen-2025-kandydatki","status":"publish","type":"post","link":"https:\/\/kobietamiesiaca.pl\/?p=11094","title":{"rendered":"Kobieta Miesi\u0105ca: Stycze\u0144 2025 &#8211; Kandydatki"},"content":{"rendered":"\n<h2 class=\"wp-block-heading has-text-align-center\"><em>Przedstawiamy finaln\u0105 list\u0119 Kandydatek do tytu\u0142u Kobieta Miesi\u0105ca: Stycze\u0144 2025. <\/em><\/h2>\n\n\n\n<hr class=\"wp-block-separator has-alpha-channel-opacity is-style-wide\"\/>\n\n\n\n<p class=\"has-text-align-center has-small-font-size wp-block-paragraph\"><em><strong>Administracja ani Organizator nie poprawiaj\u0105 tre\u015bci zg\u0142osze\u0144. <\/strong><\/em><\/p>\n\n\n\n<p class=\"has-text-align-center has-small-font-size wp-block-paragraph\"><em>W tre\u015bci wizyt\u00f3wek znajduj\u0105 si\u0119 oryginalne odpowiedzi na pytania zadane Kandydatkom podczas ich zg\u0142oszenia do konkursu. Tre\u015b\u0107 zg\u0142osze\u0144 (wliczaj\u0105c w to ewentualne b\u0142\u0119dy ortograficzne, sk\u0142adniowe i interpunkcyjne) nie jest poprawiana. <\/em><\/p>\n\n\n\n<hr class=\"wp-block-separator has-alpha-channel-opacity is-style-wide\"\/>\n\n\n\n<div class=\"wp-block-media-text is-vertically-aligned-center\" style=\"grid-template-columns:30% auto\"><figure class=\"wp-block-media-text__media\"><img loading=\"lazy\" decoding=\"async\" width=\"637\" height=\"1024\" src=\"https:\/\/kobietamiesiaca.pl\/wp-content\/uploads\/2025\/01\/IMG_2146-637x1024.jpeg\" alt=\"\" class=\"wp-image-11028 size-full\" srcset=\"https:\/\/kobietamiesiaca.pl\/wp-content\/uploads\/2025\/01\/IMG_2146-637x1024.jpeg 637w, https:\/\/kobietamiesiaca.pl\/wp-content\/uploads\/2025\/01\/IMG_2146-187x300.jpeg 187w, https:\/\/kobietamiesiaca.pl\/wp-content\/uploads\/2025\/01\/IMG_2146-93x150.jpeg 93w, https:\/\/kobietamiesiaca.pl\/wp-content\/uploads\/2025\/01\/IMG_2146-768x1234.jpeg 768w, https:\/\/kobietamiesiaca.pl\/wp-content\/uploads\/2025\/01\/IMG_2146-956x1536.jpeg 956w, https:\/\/kobietamiesiaca.pl\/wp-content\/uploads\/2025\/01\/IMG_2146-1275x2048.jpeg 1275w, https:\/\/kobietamiesiaca.pl\/wp-content\/uploads\/2025\/01\/IMG_2146.jpeg 1284w\" sizes=\"auto, (max-width: 637px) 100vw, 637px\" \/><\/figure><div class=\"wp-block-media-text__content\">\n<h1 class=\"wp-block-heading has-text-align-center\"><em><strong>Zuzanna Janik<\/strong><\/em><\/h1>\n\n\n\n<hr class=\"wp-block-separator has-alpha-channel-opacity is-style-default\"\/>\n\n\n\n<h4 class=\"wp-block-heading has-text-align-center\"><em>Opowiedz nam o sobie.<\/em><\/h4>\n\n\n\n<p class=\"has-text-align-center wp-block-paragraph\"><em>Mam na imi\u0119 Zuzia,<br>Jestem osob\u0105 pe\u0142n\u0105 pasji i zaanga\u017cowania, zawsze d\u0105\u017c\u0105c\u0105 do realizacji swoich cel\u00f3w.<br>Zawsze d\u0105\u017c\u0119 do perfekcji, ale nie boj\u0119 si\u0119 pope\u0142nia\u0107 b\u0142\u0119d\u00f3w, traktuj\u0105c je jako cenne lekcje.Uwielbiam podejmowa\u0107 wyzwania.<br>\ud83e\ude77\ud83e\ude77\ud83e\ude77<\/em><\/p>\n\n\n\n<h4 class=\"wp-block-heading has-text-align-center\"><em>Czy jest co\u015b co chcia\u0142aby\u015b w sobie zmieni\u0107?<\/em><\/h4>\n\n\n\n<p class=\"has-text-align-center wp-block-paragraph\"><em>[Brak odpowiedzi]<\/em><\/p>\n\n\n\n<h4 class=\"wp-block-heading has-text-align-center\"><em>Twoje trzy najbardziej pozytywne cechy to?<\/em><\/h4>\n\n\n\n<p class=\"has-text-align-center wp-block-paragraph\"><em>Zaanga\u017cowanie | Cierpliwo\u015b\u0107 | D\u0105\u017cenie do celu<\/em><\/p>\n<\/div><\/div>\n\n\n\n<hr class=\"wp-block-separator has-alpha-channel-opacity is-style-wide\"\/>\n\n\n\n<div class=\"wp-block-media-text is-vertically-aligned-center\" style=\"grid-template-columns:30% auto\"><figure class=\"wp-block-media-text__media\"><img loading=\"lazy\" decoding=\"async\" width=\"590\" height=\"878\" src=\"https:\/\/kobietamiesiaca.pl\/wp-content\/uploads\/2025\/01\/inbound7757426732731138240.jpg\" alt=\"\" class=\"wp-image-11082 size-full\" srcset=\"https:\/\/kobietamiesiaca.pl\/wp-content\/uploads\/2025\/01\/inbound7757426732731138240.jpg 590w, https:\/\/kobietamiesiaca.pl\/wp-content\/uploads\/2025\/01\/inbound7757426732731138240-202x300.jpg 202w, https:\/\/kobietamiesiaca.pl\/wp-content\/uploads\/2025\/01\/inbound7757426732731138240-101x150.jpg 101w\" sizes=\"auto, (max-width: 590px) 100vw, 590px\" \/><\/figure><div class=\"wp-block-media-text__content\">\n<h1 class=\"wp-block-heading has-text-align-center\"><em>Anastazja Na\u0142kowska<\/em><\/h1>\n\n\n\n<hr class=\"wp-block-separator has-alpha-channel-opacity is-style-default\"\/>\n\n\n\n<h4 class=\"wp-block-heading has-text-align-center\"><em>Opowiedz nam o sobie.<\/em><\/h4>\n\n\n\n<p class=\"has-text-align-center wp-block-paragraph\"><em>Witajcie kochani<br>Mam na imi\u0119 Anastazja<br>Jestem osob\u0105 ambitn\u0105, energiczn\u0105 oraz bardzo ciekawa \u015bwiata i zawsze otwart\u0105 na r\u00f3\u017cne do\u015bwiadczenia. Bardzo lubi\u0119 Udziela\u0107 si\u0119 jako wolontariuszka, pomaga\u0107 innym.<br>Moje zainteresowania to modelik, oraz fotomodeling. W wolnym czasie zajmuje si\u0119 dzie\u0107mi jako Animatorka, przegrywam na imprezach jako Dj-ka, pomagam na r\u00f3\u017cnych salach bankietowych jako Kelnerka oraz dekoruje \u015bcianki balonowe na r\u00f3\u017cne zabawy. A tak na prawd\u0119 chcia\u0142abym by\u0107 wzorem dla m\u0142odych kobiet. Chc\u0119 pokaza\u0107, \u017ce ka\u017cda kobieta jest pi\u0119kna i warto\u015bciowa niezale\u017cnie od swojego wygl\u0105du, a prawdziwe pi\u0119kno tkwi w naszym wn\u0119trzu.<\/em><\/p>\n\n\n\n<h4 class=\"wp-block-heading has-text-align-center\"><em>Czy jest co\u015b co chcia\u0142aby\u015b w sobie zmieni\u0107?<\/em><\/h4>\n\n\n\n<p class=\"has-text-align-center wp-block-paragraph\"><em>Bardziej pewna siebie, i nie zwraca\u0107 na krytyk\u0119 innych<\/em><\/p>\n\n\n\n<h4 class=\"wp-block-heading has-text-align-center\"><em>Twoje trzy najbardziej pozytywne cechy to?<\/em><\/h4>\n\n\n\n<p class=\"has-text-align-center wp-block-paragraph\"><em>Cierpliwo\u015b\u0107 | Wyrozumia\u0142o\u015b\u0107 | Profesjonalizm<\/em><\/p>\n<\/div><\/div>\n\n\n\n<hr class=\"wp-block-separator has-alpha-channel-opacity is-style-wide\"\/>\n\n\n\n<div class=\"wp-block-media-text is-vertically-aligned-center\" style=\"grid-template-columns:40% auto\"><figure class=\"wp-block-media-text__media\"><img loading=\"lazy\" decoding=\"async\" width=\"1024\" height=\"684\" src=\"https:\/\/kobietamiesiaca.pl\/wp-content\/uploads\/2025\/01\/1719297456653-1024x684.jpg\" alt=\"\" class=\"wp-image-11095 size-full\" srcset=\"https:\/\/kobietamiesiaca.pl\/wp-content\/uploads\/2025\/01\/1719297456653-1024x684.jpg 1024w, https:\/\/kobietamiesiaca.pl\/wp-content\/uploads\/2025\/01\/1719297456653-300x200.jpg 300w, https:\/\/kobietamiesiaca.pl\/wp-content\/uploads\/2025\/01\/1719297456653-150x100.jpg 150w, https:\/\/kobietamiesiaca.pl\/wp-content\/uploads\/2025\/01\/1719297456653-768x513.jpg 768w, https:\/\/kobietamiesiaca.pl\/wp-content\/uploads\/2025\/01\/1719297456653-420x280.jpg 420w, https:\/\/kobietamiesiaca.pl\/wp-content\/uploads\/2025\/01\/1719297456653.jpg 1080w\" sizes=\"auto, (max-width: 1024px) 100vw, 1024px\" \/><\/figure><div class=\"wp-block-media-text__content\">\n<h1 class=\"wp-block-heading has-text-align-center\"><em>Klaudia Chyli\u0144ska<\/em><\/h1>\n\n\n\n<hr class=\"wp-block-separator has-alpha-channel-opacity is-style-default\"\/>\n\n\n\n<h4 class=\"wp-block-heading has-text-align-center\"><em>Opowiedz nam o sobie.<\/em><\/h4>\n\n\n\n<p class=\"has-text-align-center wp-block-paragraph\"><em>Jestem Klaudia , 28 Lat &nbsp; &nbsp;<br>W \u017cyciu codziennym jestem mam\u0105 tr\u00f3jki dzieci , ale zawsze szukam nowych wyzwa\u0144. &nbsp;Dlatego zg\u0142aszam si\u0119 do udzia\u0142u &nbsp;bo lubi\u0119 spe\u0142nia\u0107 swoje marzenia .<br>Licz\u0119 \u017ce mi si\u0119 uda spe\u0142ni\u0107 swoje marzenie i osi\u0105gn\u0105\u0107 sukces.<\/em><\/p>\n\n\n\n<h4 class=\"wp-block-heading has-text-align-center\"><em>Czy jest co\u015b co chcia\u0142aby\u015b w sobie zmieni\u0107?<\/em><\/h4>\n\n\n\n<p class=\"has-text-align-center wp-block-paragraph\"><em>My\u015bl\u0119 \u017ce nic nie chcia\u0142bym zmienia\u0107 w sobie<\/em><\/p>\n\n\n\n<h4 class=\"wp-block-heading has-text-align-center\"><em>Twoje trzy najbardziej pozytywne cechy to?<\/em><\/h4>\n\n\n\n<p class=\"has-text-align-center wp-block-paragraph\"><em>Odwaga | Poczucie humoru | Cierpliwo\u015b\u0107<\/em><\/p>\n<\/div><\/div>\n\n\n\n<hr class=\"wp-block-separator has-alpha-channel-opacity is-style-wide\"\/>\n\n\n\n<div class=\"wp-block-media-text is-vertically-aligned-center\" style=\"grid-template-columns:30% auto\"><figure class=\"wp-block-media-text__media\"><img loading=\"lazy\" decoding=\"async\" width=\"576\" height=\"1024\" src=\"https:\/\/kobietamiesiaca.pl\/wp-content\/uploads\/2025\/01\/9D3266DC-4435-43E4-9A78-897A4E247E11-576x1024.jpeg\" alt=\"\" class=\"wp-image-11096 size-full\" srcset=\"https:\/\/kobietamiesiaca.pl\/wp-content\/uploads\/2025\/01\/9D3266DC-4435-43E4-9A78-897A4E247E11-576x1024.jpeg 576w, https:\/\/kobietamiesiaca.pl\/wp-content\/uploads\/2025\/01\/9D3266DC-4435-43E4-9A78-897A4E247E11-169x300.jpeg 169w, https:\/\/kobietamiesiaca.pl\/wp-content\/uploads\/2025\/01\/9D3266DC-4435-43E4-9A78-897A4E247E11-84x150.jpeg 84w, https:\/\/kobietamiesiaca.pl\/wp-content\/uploads\/2025\/01\/9D3266DC-4435-43E4-9A78-897A4E247E11-768x1365.jpeg 768w, https:\/\/kobietamiesiaca.pl\/wp-content\/uploads\/2025\/01\/9D3266DC-4435-43E4-9A78-897A4E247E11-864x1536.jpeg 864w, https:\/\/kobietamiesiaca.pl\/wp-content\/uploads\/2025\/01\/9D3266DC-4435-43E4-9A78-897A4E247E11-1152x2048.jpeg 1152w, https:\/\/kobietamiesiaca.pl\/wp-content\/uploads\/2025\/01\/9D3266DC-4435-43E4-9A78-897A4E247E11.jpeg 1242w\" sizes=\"auto, (max-width: 576px) 100vw, 576px\" \/><\/figure><div class=\"wp-block-media-text__content\">\n<h1 class=\"wp-block-heading has-text-align-center\"><em>Paulina Jankowska<\/em><\/h1>\n\n\n\n<hr class=\"wp-block-separator has-alpha-channel-opacity is-style-default\"\/>\n\n\n\n<h4 class=\"wp-block-heading has-text-align-center\"><em>Opowiedz nam o sobie.<\/em><\/h4>\n\n\n\n<p class=\"has-text-align-center wp-block-paragraph\"><em>Mam na imi\u0119 Paulina pochodz\u0119 z wojew\u00f3dztwa mazowieckiego. Interesuj\u0119 si\u0119 photo-modelingiem od kilku lat. Kocham zwierz\u0119ta oraz wykonywanie swojego zawodu. Lubi\u0119 sp\u0119dza\u0107 czas z bliskimi, rozwi\u0105zywa\u0107 \u0142amig\u0142\u00f3wki. Moim hobby jest tuftowanie.<\/em><\/p>\n\n\n\n<h4 class=\"wp-block-heading has-text-align-center\"><em>Czy jest co\u015b co chcia\u0142aby\u015b w sobie zmieni\u0107?<\/em><\/h4>\n\n\n\n<p class=\"has-text-align-center wp-block-paragraph\"><em>Skupienie si\u0119 na jednej rzeczy na raz<\/em><\/p>\n\n\n\n<h4 class=\"wp-block-heading has-text-align-center\"><em>Twoje trzy najbardziej pozytywne cechy to?<\/em><\/h4>\n\n\n\n<p class=\"has-text-align-center wp-block-paragraph\"><em>Lojalno\u015b\u0107 | Kreatywno\u015b\u0107 | Punktualno\u015b\u0107<\/em><\/p>\n<\/div><\/div>\n\n\n\n<hr class=\"wp-block-separator has-alpha-channel-opacity is-style-wide\"\/>\n\n\n\n<div class=\"wp-block-media-text is-vertically-aligned-center\" style=\"grid-template-columns:30% auto\"><figure class=\"wp-block-media-text__media\"><img loading=\"lazy\" decoding=\"async\" width=\"780\" height=\"1024\" src=\"https:\/\/kobietamiesiaca.pl\/wp-content\/uploads\/2025\/01\/1000061883-780x1024.jpg\" alt=\"\" class=\"wp-image-11174 size-full\" srcset=\"https:\/\/kobietamiesiaca.pl\/wp-content\/uploads\/2025\/01\/1000061883-780x1024.jpg 780w, https:\/\/kobietamiesiaca.pl\/wp-content\/uploads\/2025\/01\/1000061883-228x300.jpg 228w, https:\/\/kobietamiesiaca.pl\/wp-content\/uploads\/2025\/01\/1000061883-114x150.jpg 114w, https:\/\/kobietamiesiaca.pl\/wp-content\/uploads\/2025\/01\/1000061883-768x1008.jpg 768w, https:\/\/kobietamiesiaca.pl\/wp-content\/uploads\/2025\/01\/1000061883.jpg 1080w\" sizes=\"auto, (max-width: 780px) 100vw, 780px\" \/><\/figure><div class=\"wp-block-media-text__content\">\n<h1 class=\"wp-block-heading has-text-align-center\"><em>Monika Wieczorek<\/em><\/h1>\n\n\n\n<hr class=\"wp-block-separator has-alpha-channel-opacity is-style-default\"\/>\n\n\n\n<h4 class=\"wp-block-heading has-text-align-center\"><em>Opowiedz nam o sobie.<\/em><\/h4>\n\n\n\n<p class=\"has-text-align-center wp-block-paragraph\"><em>Mam na imi\u0119 Monika . Jestem osob\u0105 ciep\u0142\u0105 i pe\u0142n\u0105 energii . Uwielbiam dzieci chocia\u017c sama ich nie mam , a moj\u0105 mocna strona jest<br>kreatywno\u015b\u0107 patrze na \u015bwiat szeroko otwartymi oczami .Nie potrafi\u0119 si\u0119 nudzi\u0107. Zawsze potrafi\u0119 znale\u017a\u0107 sobie ciekawe zaj\u0119cie. Moje zainteresowania s\u0105 wszechstronne mi\u0119dzy innymi :<br>\u27a1\ufe0ftworz\u0119 w\u0142asnor\u0119cznie zawieszki do smoczka dla dzieci .<br>\u27a1\ufe0fMoj\u0105 ogromn\u0105 pasja jest dekorowanie wn\u0119trz<br>\u27a1\ufe0fPosiadam zdolno\u015bci manualne potrafi\u0119 zrobi\u0107 co\u015b z niczego .<br>\u27a1\ufe0fOd kiedy pami\u0119tam lubi\u0142am robi\u0107 zdj\u0119cia, fotografia pozwala mi przedstawia\u0107 i zapami\u0119tywa\u0107 pi\u0119kno.<br>\u27a1\ufe0fChyba zapomnia\u0142am te\u017c doda\u0107 \u017ce uwielbiam \u015bpiewa\u0107 \ud83d\ude06<\/em><\/p>\n\n\n\n<h4 class=\"wp-block-heading has-text-align-center\"><em>Czy jest co\u015b co chcia\u0142aby\u015b w sobie zmieni\u0107?<\/em><\/h4>\n\n\n\n<p class=\"has-text-align-center wp-block-paragraph\"><em>Chyba nie ma nic takiego<\/em><\/p>\n\n\n\n<h4 class=\"wp-block-heading has-text-align-center\"><em>Twoje trzy najbardziej pozytywne cechy to?<\/em><\/h4>\n\n\n\n<p class=\"has-text-align-center wp-block-paragraph\"><em>Kreatywna | Ciep\u0142a | Mi\u0142a<\/em><\/p>\n<\/div><\/div>\n\n\n\n<hr class=\"wp-block-separator has-alpha-channel-opacity is-style-wide\"\/>\n\n\n\n<div class=\"wp-block-media-text is-vertically-aligned-center\" style=\"grid-template-columns:30% auto\"><figure class=\"wp-block-media-text__media\"><img loading=\"lazy\" decoding=\"async\" width=\"768\" height=\"1024\" src=\"https:\/\/kobietamiesiaca.pl\/wp-content\/uploads\/2025\/01\/PSX_20240417_152639-768x1024.jpg\" alt=\"\" class=\"wp-image-11180 size-full\" srcset=\"https:\/\/kobietamiesiaca.pl\/wp-content\/uploads\/2025\/01\/PSX_20240417_152639-768x1024.jpg 768w, https:\/\/kobietamiesiaca.pl\/wp-content\/uploads\/2025\/01\/PSX_20240417_152639-225x300.jpg 225w, https:\/\/kobietamiesiaca.pl\/wp-content\/uploads\/2025\/01\/PSX_20240417_152639-113x150.jpg 113w, https:\/\/kobietamiesiaca.pl\/wp-content\/uploads\/2025\/01\/PSX_20240417_152639.jpg 1125w\" sizes=\"auto, (max-width: 768px) 100vw, 768px\" \/><\/figure><div class=\"wp-block-media-text__content\">\n<h1 class=\"wp-block-heading has-text-align-center\"><em>\u017baneta Guraj<\/em><\/h1>\n\n\n\n<hr class=\"wp-block-separator has-alpha-channel-opacity is-style-default\"\/>\n\n\n\n<h4 class=\"wp-block-heading has-text-align-center\"><em>Opowiedz nam o sobie.<\/em><\/h4>\n\n\n\n<p class=\"has-text-align-center wp-block-paragraph\"><em>Mam na imi\u0119 \u017baneta. Lat 32 cho\u0107 wci\u0105\u017c zdarza si\u0119 \u017ce pytaj\u0105 mnie o dow\u00f3d.<br>Marzy mi si\u0119 by\u0107 zar\u00f3wno modelk\u0105 jak i fotografem, ale chyba bli\u017cej mi do tego drugiego. \ud83d\ude09<br>Lubi\u0119 d\u0142ugie wycieczki rowerowe, fotografowa\u0107, tworzy\u0107, grzeba\u0107 w sprz\u0119tach audio, przy samochodach. Lubi\u0119 bardziej m\u0119skie zaj\u0119cia. Poprzedniego lata nawet zmontowa\u0142am sobie sama szafeczk\u0119 do kuchni ze starych p\u00f3\u0142ek. Tak\u017ce odnajduje si\u0119 we wszystkim, cho\u0107 nie czuje si\u0119 mimo to zbyt pewna siebie, ani w czym\u015b do\u015b\u0107 dobra. Zawsze brakuje mi wiary w siebie.<\/em><\/p>\n\n\n\n<h4 class=\"wp-block-heading has-text-align-center\"><em>Czy jest co\u015b co chcia\u0142aby\u015b w sobie zmieni\u0107?<\/em><\/h4>\n\n\n\n<p class=\"has-text-align-center wp-block-paragraph\"><em>Chcia\u0142abym zmieni\u0107 swoj\u0105 prokrastynacj\u0119 w dzia\u0142anie. Ca\u0142y czas pracuje nad tym by m\u00f3j m\u00f3zg nie kierowa\u0142 mnie w kierunku kt\u00f3ry on uwa\u017ca za bezpieczny, chcia\u0142abym sama sterowa\u0107 tym co robi\u0119, ale cz\u0119sto bezsilno\u015b\u0107, kt\u00f3r\u0105 czuje jest silniejsza.<\/em><\/p>\n\n\n\n<h4 class=\"wp-block-heading has-text-align-center\"><em>Twoje trzy najbardziej pozytywne cechy to?<\/em><\/h4>\n\n\n\n<p class=\"has-text-align-center wp-block-paragraph\"><em>Wyrozumia\u0142o\u015b\u0107 | Lojalno\u015b\u0107 | Szczero\u015b\u0107<\/em><\/p>\n<\/div><\/div>\n\n\n\n<hr class=\"wp-block-separator has-alpha-channel-opacity is-style-wide\"\/>\n\n\n\n<div class=\"wp-block-media-text is-vertically-aligned-center\" style=\"grid-template-columns:30% auto\"><figure class=\"wp-block-media-text__media\"><img loading=\"lazy\" decoding=\"async\" width=\"927\" height=\"1024\" src=\"https:\/\/kobietamiesiaca.pl\/wp-content\/uploads\/2025\/01\/IMG_7382-927x1024.jpeg\" alt=\"\" class=\"wp-image-11198 size-full\" srcset=\"https:\/\/kobietamiesiaca.pl\/wp-content\/uploads\/2025\/01\/IMG_7382-927x1024.jpeg 927w, https:\/\/kobietamiesiaca.pl\/wp-content\/uploads\/2025\/01\/IMG_7382-272x300.jpeg 272w, https:\/\/kobietamiesiaca.pl\/wp-content\/uploads\/2025\/01\/IMG_7382-136x150.jpeg 136w, https:\/\/kobietamiesiaca.pl\/wp-content\/uploads\/2025\/01\/IMG_7382-768x848.jpeg 768w, https:\/\/kobietamiesiaca.pl\/wp-content\/uploads\/2025\/01\/IMG_7382.jpeg 1080w\" sizes=\"auto, (max-width: 927px) 100vw, 927px\" \/><\/figure><div class=\"wp-block-media-text__content\">\n<h1 class=\"wp-block-heading has-text-align-center\"><em>Oliwia Oszczyk<\/em><\/h1>\n\n\n\n<hr class=\"wp-block-separator has-alpha-channel-opacity is-style-default\"\/>\n\n\n\n<h4 class=\"wp-block-heading has-text-align-center\"><em>Opowiedz nam o sobie.<\/em><\/h4>\n\n\n\n<p class=\"has-text-align-center wp-block-paragraph\"><em>Mam na imi\u0119 Oliwia , jestem z \u0141odzi , mam 22 lata w tym roku 23 . Jestem na codzien kelnerka w malej restauracji . Uwielbiam gotowac i spedzac czas z rodzina . Uwielbiam podrozowac i jezdzic samochodem bez celu . Mam 2 pieski i jestem z wyksztalcenia Technik eksploatacji portow i terminali .<\/em><\/p>\n\n\n\n<h4 class=\"wp-block-heading has-text-align-center\"><em>Czy jest co\u015b co chcia\u0142aby\u015b w sobie zmieni\u0107?<\/em><\/h4>\n\n\n\n<p class=\"has-text-align-center wp-block-paragraph\"><em>Nie<\/em><\/p>\n\n\n\n<h4 class=\"wp-block-heading has-text-align-center\"><em>Twoje trzy najbardziej pozytywne cechy to?<\/em><\/h4>\n\n\n\n<p class=\"has-text-align-center wp-block-paragraph\"><em>Pomocna | Pracowita | Opieku\u0144cza<\/em><\/p>\n<\/div><\/div>\n\n\n\n<hr class=\"wp-block-separator has-alpha-channel-opacity is-style-wide\"\/>\n\n\n\n<div class=\"wp-block-media-text is-vertically-aligned-center\" style=\"grid-template-columns:30% auto\"><figure class=\"wp-block-media-text__media\"><img loading=\"lazy\" decoding=\"async\" width=\"791\" height=\"1024\" src=\"https:\/\/kobietamiesiaca.pl\/wp-content\/uploads\/2025\/01\/inbound3461965851432247234-791x1024.jpg\" alt=\"\" class=\"wp-image-11203 size-full\" srcset=\"https:\/\/kobietamiesiaca.pl\/wp-content\/uploads\/2025\/01\/inbound3461965851432247234-791x1024.jpg 791w, https:\/\/kobietamiesiaca.pl\/wp-content\/uploads\/2025\/01\/inbound3461965851432247234-232x300.jpg 232w, https:\/\/kobietamiesiaca.pl\/wp-content\/uploads\/2025\/01\/inbound3461965851432247234-116x150.jpg 116w, https:\/\/kobietamiesiaca.pl\/wp-content\/uploads\/2025\/01\/inbound3461965851432247234-768x995.jpg 768w, https:\/\/kobietamiesiaca.pl\/wp-content\/uploads\/2025\/01\/inbound3461965851432247234.jpg 1155w\" sizes=\"auto, (max-width: 791px) 100vw, 791px\" \/><\/figure><div class=\"wp-block-media-text__content\">\n<h1 class=\"wp-block-heading has-text-align-center\"><em>Daria Kapa\u0142a<\/em><\/h1>\n\n\n\n<hr class=\"wp-block-separator has-alpha-channel-opacity is-style-default\"\/>\n\n\n\n<h4 class=\"wp-block-heading has-text-align-center\"><em>Opowiedz nam o sobie.<\/em><\/h4>\n\n\n\n<p class=\"has-text-align-center wp-block-paragraph\"><em>Witam:) jestem mi\u0142\u0105 i szczer\u0105 osob\u0105, &nbsp;kocham podr\u00f3\u017ce, wspinaczki g\u00f3rskie, taniec. Na codzie\u0144 pracuje w Urz\u0119dzie, a w wolnym czasie chodz\u0119 na si\u0142owni\u0119, squasha, basen , jak i udzielam si\u0119 w r\u00f3\u017cnych sesjach zdj\u0119ciowych, transmisjach nagraniowych.<\/em><\/p>\n\n\n\n<h4 class=\"wp-block-heading has-text-align-center\"><em>Czy jest co\u015b co chcia\u0142aby\u015b w sobie zmieni\u0107?<\/em><\/h4>\n\n\n\n<p class=\"has-text-align-center wp-block-paragraph\"><em>[Brak odpowiedzi]<\/em><\/p>\n\n\n\n<h4 class=\"wp-block-heading has-text-align-center\"><em>Twoje trzy najbardziej pozytywne cechy to?<\/em><\/h4>\n\n\n\n<p class=\"has-text-align-center wp-block-paragraph\"><em>Punktualna | Komunikatywna | Szczera<\/em><\/p>\n<\/div><\/div>\n\n\n\n<hr class=\"wp-block-separator has-alpha-channel-opacity is-style-wide\"\/>\n\n\n\n<div class=\"wp-block-media-text is-vertically-aligned-center\" style=\"grid-template-columns:30% auto\"><figure class=\"wp-block-media-text__media\"><img loading=\"lazy\" decoding=\"async\" width=\"683\" height=\"1024\" src=\"https:\/\/kobietamiesiaca.pl\/wp-content\/uploads\/2025\/01\/272907029_6877012595702276_6707455951700885586_n-683x1024.jpg\" alt=\"\" class=\"wp-image-11224 size-full\" srcset=\"https:\/\/kobietamiesiaca.pl\/wp-content\/uploads\/2025\/01\/272907029_6877012595702276_6707455951700885586_n-683x1024.jpg 683w, https:\/\/kobietamiesiaca.pl\/wp-content\/uploads\/2025\/01\/272907029_6877012595702276_6707455951700885586_n-200x300.jpg 200w, https:\/\/kobietamiesiaca.pl\/wp-content\/uploads\/2025\/01\/272907029_6877012595702276_6707455951700885586_n-100x150.jpg 100w, https:\/\/kobietamiesiaca.pl\/wp-content\/uploads\/2025\/01\/272907029_6877012595702276_6707455951700885586_n-768x1152.jpg 768w, https:\/\/kobietamiesiaca.pl\/wp-content\/uploads\/2025\/01\/272907029_6877012595702276_6707455951700885586_n-1024x1536.jpg 1024w, https:\/\/kobietamiesiaca.pl\/wp-content\/uploads\/2025\/01\/272907029_6877012595702276_6707455951700885586_n.jpg 1365w\" sizes=\"auto, (max-width: 683px) 100vw, 683px\" \/><\/figure><div class=\"wp-block-media-text__content\">\n<h1 class=\"wp-block-heading has-text-align-center\"><em>Edyta Dudek<\/em><\/h1>\n\n\n\n<hr class=\"wp-block-separator has-alpha-channel-opacity is-style-default\"\/>\n\n\n\n<h4 class=\"wp-block-heading has-text-align-center\"><em>Opowiedz nam o sobie.<\/em><\/h4>\n\n\n\n<p class=\"has-text-align-center wp-block-paragraph\"><em>Interesuje si\u0119 reklam\u0105, grafik\u0105 i fotografi\u0105. Lubi\u0119 pozowa\u0107 do zdj\u0119\u0107 i rozmawia\u0107 z lud\u017ami. Uwielbiam czyta\u0107 ksi\u0105\u017cki. Ch\u0119tnie zdobywam wiedz\u0119. Szybko nawi\u0105zuje kontakty z lud\u017ami. Lubi\u0119 te\u017c sama robi\u0107 zdj\u0119cia, nie tylko do nich pozowa\u0107.<\/em><\/p>\n\n\n\n<h4 class=\"wp-block-heading has-text-align-center\"><em>Czy jest co\u015b co chcia\u0142aby\u015b w sobie zmieni\u0107?<\/em><\/h4>\n\n\n\n<p class=\"has-text-align-center wp-block-paragraph\"><em>czasami za szybko podejmuje decyzje by\u0107 mo\u017ce<\/em><\/p>\n\n\n\n<h4 class=\"wp-block-heading has-text-align-center\"><em>Twoje trzy najbardziej pozytywne cechy to?<\/em><\/h4>\n\n\n\n<p class=\"has-text-align-center wp-block-paragraph\"><em>Towarzysko\u015b\u0107 | Kreatywno\u015b\u0107 | Pracowito\u015b\u0107<\/em><\/p>\n<\/div><\/div>\n\n\n\n<hr class=\"wp-block-separator has-alpha-channel-opacity is-style-wide\"\/>\n\n\n\n<div class=\"wp-block-media-text is-vertically-aligned-center\" style=\"grid-template-columns:30% auto\"><figure class=\"wp-block-media-text__media\"><img loading=\"lazy\" decoding=\"async\" width=\"768\" height=\"1024\" src=\"https:\/\/kobietamiesiaca.pl\/wp-content\/uploads\/2025\/01\/20250104_144324-768x1024.jpg\" alt=\"\" class=\"wp-image-11222 size-full\" srcset=\"https:\/\/kobietamiesiaca.pl\/wp-content\/uploads\/2025\/01\/20250104_144324-768x1024.jpg 768w, https:\/\/kobietamiesiaca.pl\/wp-content\/uploads\/2025\/01\/20250104_144324-225x300.jpg 225w, https:\/\/kobietamiesiaca.pl\/wp-content\/uploads\/2025\/01\/20250104_144324-113x150.jpg 113w, https:\/\/kobietamiesiaca.pl\/wp-content\/uploads\/2025\/01\/20250104_144324-1152x1536.jpg 1152w, https:\/\/kobietamiesiaca.pl\/wp-content\/uploads\/2025\/01\/20250104_144324-1536x2048.jpg 1536w, https:\/\/kobietamiesiaca.pl\/wp-content\/uploads\/2025\/01\/20250104_144324.jpg 1980w\" sizes=\"auto, (max-width: 768px) 100vw, 768px\" \/><\/figure><div class=\"wp-block-media-text__content\">\n<h1 class=\"wp-block-heading has-text-align-center\"><em>Gosia Bogucka<\/em><\/h1>\n\n\n\n<hr class=\"wp-block-separator has-alpha-channel-opacity is-style-default\"\/>\n\n\n\n<h4 class=\"wp-block-heading has-text-align-center\"><em>Opowiedz nam o sobie.<\/em><\/h4>\n\n\n\n<p class=\"has-text-align-center wp-block-paragraph\"><em>Jestem zwariowan\u0105, szalon\u0105 i szczer\u0105 (czasem do b\u00f3lu) kobiet\u0105 \ud83d\ude01 Uwielbiam pomaga\u0107 innym, sprawia\u0107 u\u015bmiech na ich twarzy.<br>Lubi\u0119 spacery, uwielbiam je\u017adzi\u0107 ci\u0105gnikami rolniczymi, rolnictwo jest moj\u0105 jedn\u0105 z najwi\u0119kszych pasji.<\/em><\/p>\n\n\n\n<h4 class=\"wp-block-heading has-text-align-center\"><em>Czy jest co\u015b co chcia\u0142aby\u015b w sobie zmieni\u0107?<\/em><\/h4>\n\n\n\n<p class=\"has-text-align-center wp-block-paragraph\"><em>Chyba nic. Nie chc\u0119 by\u0107 idealna. Chc\u0119 by\u0107 prawdziwa.<\/em><\/p>\n\n\n\n<h4 class=\"wp-block-heading has-text-align-center\"><em>Twoje trzy najbardziej pozytywne cechy to?<\/em><\/h4>\n\n\n\n<p class=\"has-text-align-center wp-block-paragraph\"><em>Poczucie humoru | Uczciwo\u015b\u0107 | Dystans do samej siebie<\/em><\/p>\n<\/div><\/div>\n\n\n\n<hr class=\"wp-block-separator has-alpha-channel-opacity is-style-wide\"\/>\n\n\n\n<div class=\"wp-block-media-text is-vertically-aligned-center\" style=\"grid-template-columns:30% auto\"><figure class=\"wp-block-media-text__media\"><img loading=\"lazy\" decoding=\"async\" width=\"768\" height=\"1024\" src=\"https:\/\/kobietamiesiaca.pl\/wp-content\/uploads\/2025\/01\/IMG_8309-768x1024.jpeg\" alt=\"\" class=\"wp-image-11238 size-full\" srcset=\"https:\/\/kobietamiesiaca.pl\/wp-content\/uploads\/2025\/01\/IMG_8309-768x1024.jpeg 768w, https:\/\/kobietamiesiaca.pl\/wp-content\/uploads\/2025\/01\/IMG_8309-225x300.jpeg 225w, https:\/\/kobietamiesiaca.pl\/wp-content\/uploads\/2025\/01\/IMG_8309-113x150.jpeg 113w, https:\/\/kobietamiesiaca.pl\/wp-content\/uploads\/2025\/01\/IMG_8309-1152x1536.jpeg 1152w, https:\/\/kobietamiesiaca.pl\/wp-content\/uploads\/2025\/01\/IMG_8309-1536x2048.jpeg 1536w, https:\/\/kobietamiesiaca.pl\/wp-content\/uploads\/2025\/01\/IMG_8309.jpeg 1920w\" sizes=\"auto, (max-width: 768px) 100vw, 768px\" \/><\/figure><div class=\"wp-block-media-text__content\">\n<h1 class=\"wp-block-heading has-text-align-center\"><em>Oliwia Senejko<\/em><\/h1>\n\n\n\n<hr class=\"wp-block-separator has-alpha-channel-opacity is-style-default\"\/>\n\n\n\n<h4 class=\"wp-block-heading has-text-align-center\"><em>Opowiedz nam o sobie.<\/em><\/h4>\n\n\n\n<p class=\"has-text-align-center wp-block-paragraph\"><em>Nazywam si\u0119 Oliwia mam 20 lat, w zesz\u0142ym roku zosta\u0142am finalistk\u0105 Miss Podkarpacia interesuj\u0119 si\u0119 modelingiem oraz mod\u0105, jestem bardzo energiczn\u0105 osob\u0105 kocham sp\u0119dza\u0107 aktywnie czas, lubi\u0119 podr\u00f3\u017cowa\u0107 oraz fotografowa\u0107 nowe miejsca, pasjonuj\u0119 si\u0119 wykonywaniem makija\u017cy oraz tworzeniem stylizacji \ud83e\udd70<\/em><\/p>\n\n\n\n<h4 class=\"wp-block-heading has-text-align-center\"><em>Czy jest co\u015b co chcia\u0142aby\u015b w sobie zmieni\u0107?<\/em><\/h4>\n\n\n\n<p class=\"has-text-align-center wp-block-paragraph\"><em>[Brak odpowiedzi]<\/em><\/p>\n\n\n\n<h4 class=\"wp-block-heading has-text-align-center\"><em>Twoje trzy najbardziej pozytywne cechy to?<\/em><\/h4>\n\n\n\n<p class=\"has-text-align-center wp-block-paragraph\"><em>Dobroduszno\u015b\u0107 | Wyrozumia\u0142o\u015b\u0107 | Cierpliwo\u015b\u0107<\/em><\/p>\n<\/div><\/div>\n\n\n\n<hr class=\"wp-block-separator has-alpha-channel-opacity is-style-wide\"\/>\n\n\n\n<div class=\"wp-block-media-text is-vertically-aligned-center\" style=\"grid-template-columns:30% auto\"><figure class=\"wp-block-media-text__media\"><img loading=\"lazy\" decoding=\"async\" width=\"768\" height=\"1024\" src=\"https:\/\/kobietamiesiaca.pl\/wp-content\/uploads\/2025\/01\/inbound8039826410686193837-768x1024.jpg\" alt=\"\" class=\"wp-image-11243 size-full\" srcset=\"https:\/\/kobietamiesiaca.pl\/wp-content\/uploads\/2025\/01\/inbound8039826410686193837-768x1024.jpg 768w, https:\/\/kobietamiesiaca.pl\/wp-content\/uploads\/2025\/01\/inbound8039826410686193837-225x300.jpg 225w, https:\/\/kobietamiesiaca.pl\/wp-content\/uploads\/2025\/01\/inbound8039826410686193837-113x150.jpg 113w, https:\/\/kobietamiesiaca.pl\/wp-content\/uploads\/2025\/01\/inbound8039826410686193837.jpg 975w\" sizes=\"auto, (max-width: 768px) 100vw, 768px\" \/><\/figure><div class=\"wp-block-media-text__content\">\n<h1 class=\"wp-block-heading has-text-align-center\"><em>Wioletta Wiechetek &#8211; Sitnicka<\/em><\/h1>\n\n\n\n<hr class=\"wp-block-separator has-alpha-channel-opacity is-style-default\"\/>\n\n\n\n<h4 class=\"wp-block-heading has-text-align-center\"><em>Opowiedz nam o sobie.<\/em><\/h4>\n\n\n\n<p class=\"has-text-align-center wp-block-paragraph\"><em>Kim jestem? Przede wszystkim: kobiet\u0105, kt\u00f3rej nie zatrzymuje opinia innych i konwenanse typu: ,,Nie wypada&#8221; czy ,,Co ludzie powiedz\u0105?&#8221;. Kobiet\u0105, kt\u00f3rej si\u0142\u0105 jest wiara w Boga oraz marzenia. Jestem te\u017c &nbsp;Mam\u0105 cudownego czterolatka oraz marzycielk\u0105 i spe\u0142niaj\u0105c\u0105 si\u0119 fotomodelka, a tak\u017ce p\u00f3\u0142finalistk\u0105,,Angel of the World 2024&#8243;<\/em><\/p>\n\n\n\n<h4 class=\"wp-block-heading has-text-align-center\"><em>Czy jest co\u015b co chcia\u0142aby\u015b w sobie zmieni\u0107?<\/em><\/h4>\n\n\n\n<p class=\"has-text-align-center wp-block-paragraph\"><em>\u0141atwowierno\u015b\u0107<\/em><\/p>\n\n\n\n<h4 class=\"wp-block-heading has-text-align-center\"><em>Twoje trzy najbardziej pozytywne cechy to?<\/em><\/h4>\n\n\n\n<p class=\"has-text-align-center wp-block-paragraph\"><em>Wra\u017cliwo\u015b\u0107 | Kreatywno\u015b\u0107 | Empatia<\/em><\/p>\n<\/div><\/div>\n\n\n\n<hr class=\"wp-block-separator has-alpha-channel-opacity is-style-wide\"\/>\n\n\n\n<div class=\"wp-block-media-text is-vertically-aligned-center\" style=\"grid-template-columns:30% auto\"><figure class=\"wp-block-media-text__media\"><img loading=\"lazy\" decoding=\"async\" width=\"683\" height=\"1024\" src=\"https:\/\/kobietamiesiaca.pl\/wp-content\/uploads\/2025\/01\/IMG_20241230_044757-683x1024.jpg\" alt=\"\" class=\"wp-image-11293 size-full\" srcset=\"https:\/\/kobietamiesiaca.pl\/wp-content\/uploads\/2025\/01\/IMG_20241230_044757-683x1024.jpg 683w, https:\/\/kobietamiesiaca.pl\/wp-content\/uploads\/2025\/01\/IMG_20241230_044757-200x300.jpg 200w, https:\/\/kobietamiesiaca.pl\/wp-content\/uploads\/2025\/01\/IMG_20241230_044757-100x150.jpg 100w, https:\/\/kobietamiesiaca.pl\/wp-content\/uploads\/2025\/01\/IMG_20241230_044757-768x1152.jpg 768w, https:\/\/kobietamiesiaca.pl\/wp-content\/uploads\/2025\/01\/IMG_20241230_044757-1024x1536.jpg 1024w, https:\/\/kobietamiesiaca.pl\/wp-content\/uploads\/2025\/01\/IMG_20241230_044757-1365x2048.jpg 1365w, https:\/\/kobietamiesiaca.pl\/wp-content\/uploads\/2025\/01\/IMG_20241230_044757.jpg 2015w\" sizes=\"auto, (max-width: 683px) 100vw, 683px\" \/><\/figure><div class=\"wp-block-media-text__content\">\n<h1 class=\"wp-block-heading has-text-align-center\"><em>Klaudia Gutkowska<\/em><\/h1>\n\n\n\n<hr class=\"wp-block-separator has-alpha-channel-opacity is-style-default\"\/>\n\n\n\n<h4 class=\"wp-block-heading has-text-align-center\"><em>Opowiedz nam o sobie.<\/em><\/h4>\n\n\n\n<p class=\"has-text-align-center wp-block-paragraph\"><em>Nazywam si\u0119 Klaudia. W lutym ko\u0144cz\u0119 28 lat. Uwielbiam pozowa\u0107 do zdj\u0119\u0107 i film\u00f3w, dlatego w konkursie ,,Kobieta miesi\u0105ca&#8221; bior\u0119 udzia\u0142 ju\u017c kilka lat. Studiuj\u0119 oligofrenopedagogik\u0119, bo praca z dzie\u0107mi niepe\u0142nosprawnymi jest moj\u0105 pasj\u0105. Kocham koty.<\/em><\/p>\n\n\n\n<h4 class=\"wp-block-heading has-text-align-center\"><em>Czy jest co\u015b co chcia\u0142aby\u015b w sobie zmieni\u0107?<\/em><\/h4>\n\n\n\n<p class=\"has-text-align-center wp-block-paragraph\"><em>Chcia\u0142abym zmieni\u0107 swoj\u0105 sylwetk\u0119. Przez ostatnie kilka miesi\u0119cy uda\u0142o mi si\u0119 schudn\u0105\u0107 z 86 do 70 kg, z czego jest bardzo dumna.<\/em><\/p>\n\n\n\n<h4 class=\"wp-block-heading has-text-align-center\"><em>Twoje trzy najbardziej pozytywne cechy to?<\/em><\/h4>\n\n\n\n<p class=\"has-text-align-center wp-block-paragraph\"><em>Wra\u017cliwo\u015b\u0107 | D\u0105\u017cenie do celu | Pasja dzia\u0142ania<\/em><\/p>\n<\/div><\/div>\n\n\n\n<hr class=\"wp-block-separator has-alpha-channel-opacity is-style-wide\"\/>\n\n\n\n<div class=\"wp-block-media-text is-vertically-aligned-center\" style=\"grid-template-columns:30% auto\"><figure class=\"wp-block-media-text__media\"><img loading=\"lazy\" decoding=\"async\" width=\"682\" height=\"1024\" src=\"https:\/\/kobietamiesiaca.pl\/wp-content\/uploads\/2025\/01\/RoobiShot.Fotograf-0348-682x1024.jpg\" alt=\"\" class=\"wp-image-11290 size-full\" srcset=\"https:\/\/kobietamiesiaca.pl\/wp-content\/uploads\/2025\/01\/RoobiShot.Fotograf-0348-682x1024.jpg 682w, https:\/\/kobietamiesiaca.pl\/wp-content\/uploads\/2025\/01\/RoobiShot.Fotograf-0348-200x300.jpg 200w, https:\/\/kobietamiesiaca.pl\/wp-content\/uploads\/2025\/01\/RoobiShot.Fotograf-0348-100x150.jpg 100w, https:\/\/kobietamiesiaca.pl\/wp-content\/uploads\/2025\/01\/RoobiShot.Fotograf-0348-768x1154.jpg 768w, https:\/\/kobietamiesiaca.pl\/wp-content\/uploads\/2025\/01\/RoobiShot.Fotograf-0348-1022x1536.jpg 1022w, https:\/\/kobietamiesiaca.pl\/wp-content\/uploads\/2025\/01\/RoobiShot.Fotograf-0348.jpg 1363w\" sizes=\"auto, (max-width: 682px) 100vw, 682px\" \/><\/figure><div class=\"wp-block-media-text__content\">\n<h1 class=\"wp-block-heading has-text-align-center\"><em>Ma\u0142gorzata Bielawiec<\/em><\/h1>\n\n\n\n<hr class=\"wp-block-separator has-alpha-channel-opacity is-style-default\"\/>\n\n\n\n<h4 class=\"wp-block-heading has-text-align-center\"><em>Opowiedz nam o sobie.<\/em><\/h4>\n\n\n\n<p class=\"has-text-align-center wp-block-paragraph\"><em>Jestem jak \u017cywy wulkan energii \u2013 pe\u0142na zapa\u0142u i pozytywnego nastawienia, kt\u00f3re z \u0142atwo\u015bci\u0105 udziela si\u0119 innym. Spontaniczno\u015b\u0107 to moja wizyt\u00f3wka \u2013 uwielbiam chwyta\u0107 chwil\u0119 i zmienia\u0107 j\u0105 w co\u015b wyj\u0105tkowego. Gdy stawiam sobie cel, w\u0142\u0105czam swoj\u0105 determinacj\u0119 na najwy\u017csze obroty i uparcie d\u0105\u017c\u0119 do jego realizacji, bo kiedy si\u0119 anga\u017cuj\u0119, daj\u0119 z siebie wszystko.<br>Taniec to moja pasja i spos\u00f3b na wyra\u017canie emocji \u2013 p\u0142yn\u0119 w rytmie muzyki, oddaj\u0105c si\u0119 jej ca\u0142kowicie. Fotomodeling, kt\u00f3rym zajmuj\u0119 si\u0119 od 2016 roku, pozwala mi uchwyci\u0107 pi\u0119kno chwil i dzieli\u0107 si\u0119 nim z innymi. Jednak najwi\u0119ksz\u0105 rado\u015b\u0107 w \u017cyciu daje mi bycie Mam\u0105 \u2013 rola, w kt\u00f3rej odnajduj\u0119 spe\u0142nienie, tworz\u0105c \u015bwiat pe\u0142en mi\u0142o\u015bci i rado\u015bci dla mojego dziecka.<br>Czuj\u0119, \u017ce swoj\u0105 energi\u0105 potrafi\u0119 inspirowa\u0107 innych \u2013 zara\u017cam u\u015bmiechem, motywuj\u0119 do dzia\u0142ania i przypominam, \u017ce z odpowiednim nastawieniem wszystko jest mo\u017cliwe.<\/em><\/p>\n\n\n\n<h4 class=\"wp-block-heading has-text-align-center\"><em>Czy jest co\u015b co chcia\u0142aby\u015b w sobie zmieni\u0107?<\/em><\/h4>\n\n\n\n<p class=\"has-text-align-center wp-block-paragraph\"><em>Zbyt mocno ufam i przywi\u0105zuje si\u0119 do ludzi<\/em><\/p>\n\n\n\n<h4 class=\"wp-block-heading has-text-align-center\"><em>Twoje trzy najbardziej pozytywne cechy to?<\/em><\/h4>\n\n\n\n<p class=\"has-text-align-center wp-block-paragraph\"><em>Lojalna | Zawsze mo\u017cna na mnie liczy\u0107 | Perfekcjonistka<\/em><\/p>\n<\/div><\/div>\n\n\n\n<hr class=\"wp-block-separator has-alpha-channel-opacity is-style-wide\"\/>\n\n\n\n<div class=\"wp-block-media-text is-vertically-aligned-center\" style=\"grid-template-columns:30% auto\"><figure class=\"wp-block-media-text__media\"><img loading=\"lazy\" decoding=\"async\" width=\"768\" height=\"1024\" src=\"https:\/\/kobietamiesiaca.pl\/wp-content\/uploads\/2025\/01\/inbound493793312019207193-768x1024.jpg\" alt=\"\" class=\"wp-image-11289 size-full\" srcset=\"https:\/\/kobietamiesiaca.pl\/wp-content\/uploads\/2025\/01\/inbound493793312019207193-768x1024.jpg 768w, https:\/\/kobietamiesiaca.pl\/wp-content\/uploads\/2025\/01\/inbound493793312019207193-225x300.jpg 225w, https:\/\/kobietamiesiaca.pl\/wp-content\/uploads\/2025\/01\/inbound493793312019207193-113x150.jpg 113w, https:\/\/kobietamiesiaca.pl\/wp-content\/uploads\/2025\/01\/inbound493793312019207193-1152x1536.jpg 1152w, https:\/\/kobietamiesiaca.pl\/wp-content\/uploads\/2025\/01\/inbound493793312019207193-1536x2048.jpg 1536w\" sizes=\"auto, (max-width: 768px) 100vw, 768px\" \/><\/figure><div class=\"wp-block-media-text__content\">\n<h1 class=\"wp-block-heading has-text-align-center\"><em>Patrycja \u017bychli\u0144ska<\/em><\/h1>\n\n\n\n<hr class=\"wp-block-separator has-alpha-channel-opacity is-style-default\"\/>\n\n\n\n<h4 class=\"wp-block-heading has-text-align-center\"><em>Opowiedz nam o sobie.<\/em><\/h4>\n\n\n\n<p class=\"has-text-align-center wp-block-paragraph\"><em>Witam serdecznie mam na imi\u0119 Patrycja mam 40 lat .Jestem szcz\u0119\u015bliwa mama dw\u00f3jki dzieci .Od Paru lat interesuje si\u0119 motoryzacja i modelingiem .Z zawodu jestem technikiem florystyki specjalizacja bukieciarstwo.<\/em><\/p>\n\n\n\n<h4 class=\"wp-block-heading has-text-align-center\"><em>Czy jest co\u015b co chcia\u0142aby\u015b w sobie zmieni\u0107?<\/em><\/h4>\n\n\n\n<p class=\"has-text-align-center wp-block-paragraph\"><em>Wygl\u0105d<\/em><\/p>\n\n\n\n<h4 class=\"wp-block-heading has-text-align-center\"><em>Twoje trzy najbardziej pozytywne cechy to?<\/em><\/h4>\n\n\n\n<p class=\"has-text-align-center wp-block-paragraph\"><em>Odwaga | Uczciwo\u015b\u0107 | Rzetelno\u015b\u0107<\/em><\/p>\n<\/div><\/div>\n\n\n\n<hr class=\"wp-block-separator has-alpha-channel-opacity is-style-wide\"\/>\n\n\n\n<div class=\"wp-block-media-text is-vertically-aligned-center\" style=\"grid-template-columns:30% auto\"><figure class=\"wp-block-media-text__media\"><img loading=\"lazy\" decoding=\"async\" width=\"600\" height=\"750\" src=\"https:\/\/kobietamiesiaca.pl\/wp-content\/uploads\/2025\/01\/WhatsApp-Image-2025-01-10-at-14.35.33.jpeg\" alt=\"\" class=\"wp-image-11308 size-full\" srcset=\"https:\/\/kobietamiesiaca.pl\/wp-content\/uploads\/2025\/01\/WhatsApp-Image-2025-01-10-at-14.35.33.jpeg 600w, https:\/\/kobietamiesiaca.pl\/wp-content\/uploads\/2025\/01\/WhatsApp-Image-2025-01-10-at-14.35.33-240x300.jpeg 240w, https:\/\/kobietamiesiaca.pl\/wp-content\/uploads\/2025\/01\/WhatsApp-Image-2025-01-10-at-14.35.33-120x150.jpeg 120w, https:\/\/kobietamiesiaca.pl\/wp-content\/uploads\/2025\/01\/WhatsApp-Image-2025-01-10-at-14.35.33-480x600.jpeg 480w\" sizes=\"auto, (max-width: 600px) 100vw, 600px\" \/><\/figure><div class=\"wp-block-media-text__content\">\n<h1 class=\"wp-block-heading has-text-align-center\"><em>Aneta Grzywna<\/em><\/h1>\n\n\n\n<hr class=\"wp-block-separator has-alpha-channel-opacity is-style-default\"\/>\n\n\n\n<h4 class=\"wp-block-heading has-text-align-center\"><em>Opowiedz nam o sobie.<\/em><\/h4>\n\n\n\n<p class=\"has-text-align-center wp-block-paragraph\"><em>Mama dw\u00f3jki cudownych dzieci i w\u0142a\u015bcicielka ma\u0142ego rudaska. Uwielbiam sp\u0119dza\u0107 aktywnie czas na \u0142onie natury. Kocham jazd\u0119 rowerem i wyznaczanie tras na bicie rekord\u00f3w.<br>Lubi\u0119 podnosi\u0107 swoje kwalifikacje ca\u0142y czas ucz\u0105c si\u0119 nowych rzeczy.<\/em><\/p>\n\n\n\n<h4 class=\"wp-block-heading has-text-align-center\"><em>Czy jest co\u015b co chcia\u0142aby\u015b w sobie zmieni\u0107?<\/em><\/h4>\n\n\n\n<p class=\"has-text-align-center wp-block-paragraph\"><em>Nic<\/em><\/p>\n\n\n\n<h4 class=\"wp-block-heading has-text-align-center\"><em>Twoje trzy najbardziej pozytywne cechy to?<\/em><\/h4>\n\n\n\n<p class=\"has-text-align-center wp-block-paragraph\"><em>Asertywno\u015b\u0107 | Konsekwencja w dzia\u0142aniu | Prawdom\u00f3wno\u015b\u0107<\/em><\/p>\n<\/div><\/div>\n\n\n\n<hr class=\"wp-block-separator has-alpha-channel-opacity is-style-wide\"\/>\n\n\n\n<div class=\"wp-block-media-text is-vertically-aligned-center\" style=\"grid-template-columns:30% auto\"><figure class=\"wp-block-media-text__media\"><img loading=\"lazy\" decoding=\"async\" width=\"683\" height=\"1024\" src=\"https:\/\/kobietamiesiaca.pl\/wp-content\/uploads\/2025\/01\/019-683x1024.jpg\" alt=\"\" class=\"wp-image-11311 size-full\" srcset=\"https:\/\/kobietamiesiaca.pl\/wp-content\/uploads\/2025\/01\/019-683x1024.jpg 683w, https:\/\/kobietamiesiaca.pl\/wp-content\/uploads\/2025\/01\/019-200x300.jpg 200w, https:\/\/kobietamiesiaca.pl\/wp-content\/uploads\/2025\/01\/019-100x150.jpg 100w, https:\/\/kobietamiesiaca.pl\/wp-content\/uploads\/2025\/01\/019-768x1152.jpg 768w, https:\/\/kobietamiesiaca.pl\/wp-content\/uploads\/2025\/01\/019.jpg 1024w\" sizes=\"auto, (max-width: 683px) 100vw, 683px\" \/><\/figure><div class=\"wp-block-media-text__content\">\n<h1 class=\"wp-block-heading has-text-align-center\"><em>Zuzanna G\u00f3rnicz<\/em><\/h1>\n\n\n\n<hr class=\"wp-block-separator has-alpha-channel-opacity is-style-default\"\/>\n\n\n\n<h4 class=\"wp-block-heading has-text-align-center\"><em>Opowiedz nam o sobie.<\/em><\/h4>\n\n\n\n<p class=\"has-text-align-center wp-block-paragraph\"><em>Cze\u015b\u0107! \ud83d\ude42 Mam na imi\u0119 Zuza, mam 27 lat i jestem z Poznania. Na co dzie\u0144 pracuj\u0119 jako Technik Weterynarii w lecznicy weterynaryjnej. W wolnych chwilach pozuj\u0119 do sesji zdj\u0119ciowych i \u015bpiewam w zespole rockowym \ud83d\ude42<\/em><\/p>\n\n\n\n<h4 class=\"wp-block-heading has-text-align-center\"><em>Czy jest co\u015b co chcia\u0142aby\u015b w sobie zmieni\u0107?<\/em><\/h4>\n\n\n\n<p class=\"has-text-align-center wp-block-paragraph\"><em>Chcia\u0142abym nie bra\u0107 tak bardzo do siebie wszystkiego co m\u00f3wi\u0105 o mnie inni.<\/em><\/p>\n\n\n\n<h4 class=\"wp-block-heading has-text-align-center\"><em>Twoje trzy najbardziej pozytywne cechy to?<\/em><\/h4>\n\n\n\n<p class=\"has-text-align-center wp-block-paragraph\"><em>Szczero\u015b\u0107 | Optymizm | Empatia<\/em><\/p>\n<\/div><\/div>\n\n\n\n<hr class=\"wp-block-separator has-alpha-channel-opacity is-style-wide\"\/>\n\n\n\n<div class=\"wp-block-media-text is-vertically-aligned-center\" style=\"grid-template-columns:30% auto\"><figure class=\"wp-block-media-text__media\"><img loading=\"lazy\" decoding=\"async\" width=\"683\" height=\"1024\" src=\"https:\/\/kobietamiesiaca.pl\/wp-content\/uploads\/2025\/01\/17ccaba8-30ac-4fcc-83c9-0bce75d7d6d2-683x1024.jpeg\" alt=\"\" class=\"wp-image-11327 size-full\" srcset=\"https:\/\/kobietamiesiaca.pl\/wp-content\/uploads\/2025\/01\/17ccaba8-30ac-4fcc-83c9-0bce75d7d6d2-683x1024.jpeg 683w, https:\/\/kobietamiesiaca.pl\/wp-content\/uploads\/2025\/01\/17ccaba8-30ac-4fcc-83c9-0bce75d7d6d2-200x300.jpeg 200w, https:\/\/kobietamiesiaca.pl\/wp-content\/uploads\/2025\/01\/17ccaba8-30ac-4fcc-83c9-0bce75d7d6d2-100x150.jpeg 100w, https:\/\/kobietamiesiaca.pl\/wp-content\/uploads\/2025\/01\/17ccaba8-30ac-4fcc-83c9-0bce75d7d6d2-768x1152.jpeg 768w, https:\/\/kobietamiesiaca.pl\/wp-content\/uploads\/2025\/01\/17ccaba8-30ac-4fcc-83c9-0bce75d7d6d2.jpeg 828w\" sizes=\"auto, (max-width: 683px) 100vw, 683px\" \/><\/figure><div class=\"wp-block-media-text__content\">\n<h1 class=\"wp-block-heading has-text-align-center\"><em>Dominika Stagraczy\u0144ska<\/em><\/h1>\n\n\n\n<hr class=\"wp-block-separator has-alpha-channel-opacity is-style-default\"\/>\n\n\n\n<h4 class=\"wp-block-heading has-text-align-center\"><em>Opowiedz nam o sobie.<\/em><\/h4>\n\n\n\n<p class=\"has-text-align-center wp-block-paragraph\"><em><em>Nazywam si\u0119 Dominika Stagraczy\u0144ska, mam 31 lat i prywatnie jestem mam\u0105 3-letniej Marcelinki. Na co dzie\u0144 dzia\u0142am w bran\u017cy health&amp;beauty i buduj\u0119 sie\u0107 dystrybucji dla najwi\u0119kszej na \u015bwiecie firmy aloesowej. Uwielbiam podr\u00f3\u017cowa\u0107, poznawa\u0107 \u015bwiat i r\u00f3\u017cne kultury oraz do\u015bwiadcza\u0107 \u017cycia.<\/em><\/em><\/p>\n\n\n\n<h4 class=\"wp-block-heading has-text-align-center\"><em>Czy jest co\u015b co chcia\u0142aby\u015b w sobie zmieni\u0107?<\/em><\/h4>\n\n\n\n<p class=\"has-text-align-center wp-block-paragraph\"><em>Niczego nie chc\u0119 w sobie zmienia\u0107, akceptuj\u0119 i lubi\u0119 siebie tak\u0105 jaka jestem \ud83d\ude42<\/em><\/p>\n\n\n\n<h4 class=\"wp-block-heading has-text-align-center\"><em>Twoje trzy najbardziej pozytywne cechy to?<\/em><\/h4>\n\n\n\n<p class=\"has-text-align-center wp-block-paragraph\"><em>Zawsze u\u015bmiechni\u0119ta | Ambitna | Pracowita<\/em><\/p>\n<\/div><\/div>\n\n\n\n<hr class=\"wp-block-separator has-alpha-channel-opacity is-style-wide\"\/>\n\n\n\n<p class=\"wp-block-paragraph\"><\/p>\n","protected":false},"excerpt":{"rendered":"<p>Przedstawiamy list\u0119 Kandydatek do tytu\u0142u Kobieta Miesi\u0105ca: Stycze\u0144 2025.<\/p>\n","protected":false},"author":2,"featured_media":11097,"comment_status":"closed","ping_status":"open","sticky":false,"template":"","format":"standard","meta":{"cybocfi_hide_featured_image":"yes","footnotes":""},"categories":[8,195],"tags":[],"coauthors":[32],"class_list":["post-11094","post","type-post","status-publish","format-standard","has-post-thumbnail","hentry","category-kandydatki","category-lista"],"_links":{"self":[{"href":"https:\/\/kobietamiesiaca.pl\/index.php?rest_route=\/wp\/v2\/posts\/11094","targetHints":{"allow":["GET"]}}],"collection":[{"href":"https:\/\/kobietamiesiaca.pl\/index.php?rest_route=\/wp\/v2\/posts"}],"about":[{"href":"https:\/\/kobietamiesiaca.pl\/index.php?rest_route=\/wp\/v2\/types\/post"}],"author":[{"embeddable":true,"href":"https:\/\/kobietamiesiaca.pl\/index.php?rest_route=\/wp\/v2\/users\/2"}],"replies":[{"embeddable":true,"href":"https:\/\/kobietamiesiaca.pl\/index.php?rest_route=%2Fwp%2Fv2%2Fcomments&post=11094"}],"version-history":[{"count":16,"href":"https:\/\/kobietamiesiaca.pl\/index.php?rest_route=\/wp\/v2\/posts\/11094\/revisions"}],"predecessor-version":[{"id":12634,"href":"https:\/\/kobietamiesiaca.pl\/index.php?rest_route=\/wp\/v2\/posts\/11094\/revisions\/12634"}],"wp:featuredmedia":[{"embeddable":true,"href":"https:\/\/kobietamiesiaca.pl\/index.php?rest_route=\/wp\/v2\/media\/11097"}],"wp:attachment":[{"href":"https:\/\/kobietamiesiaca.pl\/index.php?rest_route=%2Fwp%2Fv2%2Fmedia&parent=11094"}],"wp:term":[{"taxonomy":"category","embeddable":true,"href":"https:\/\/kobietamiesiaca.pl\/index.php?rest_route=%2Fwp%2Fv2%2Fcategories&post=11094"},{"taxonomy":"post_tag","embeddable":true,"href":"https:\/\/kobietamiesiaca.pl\/index.php?rest_route=%2Fwp%2Fv2%2Ftags&post=11094"},{"taxonomy":"author","embeddable":true,"href":"https:\/\/kobietamiesiaca.pl\/index.php?rest_route=%2Fwp%2Fv2%2Fcoauthors&post=11094"}],"curies":[{"name":"wp","href":"https:\/\/api.w.org\/{rel}","templated":true}]}}