{"id":11355,"date":"2025-01-18T18:00:00","date_gmt":"2025-01-18T17:00:00","guid":{"rendered":"https:\/\/kobietamiesiaca.pl\/?p=11355"},"modified":"2025-03-18T18:02:38","modified_gmt":"2025-03-18T17:02:38","slug":"wyniki-grudniowej-edycji-plebiscytu-kobieta-miesiaca-2-2","status":"publish","type":"post","link":"https:\/\/kobietamiesiaca.pl\/?p=11355","title":{"rendered":"Wyniki styczniowej edycji Plebiscytu Kobieta Miesi\u0105ca"},"content":{"rendered":"\n<hr class=\"wp-block-separator has-alpha-channel-opacity is-style-wide\"\/>\n\n\n\n<h3 class=\"wp-block-heading has-text-align-center\"><em>Zach\u0119camy do rejestracji i weryfikacji Kont Kandydatki przed rozpocz\u0119ciem zapis\u00f3w do styczniowej edycji, aby unikn\u0105\u0107 oczekiwania na akceptacj\u0119 przez Administracj\u0119 Serwisu. <\/em><\/h3>\n\n\n\n<hr class=\"wp-block-separator has-alpha-channel-opacity is-style-wide\"\/>\n\n\n\n<h2 class=\"wp-block-heading has-text-align-center has-medium-font-size\"><em>W Jury styczniowej edycji Plebiscytu Kobieta Miesi\u0105ca zasiad\u0142y 4 osoby. By\u0142y to:  <\/em><\/h2>\n\n\n\n<div class=\"wp-block-columns is-layout-flex wp-container-core-columns-is-layout-7387b849 wp-block-columns-is-layout-flex\">\n<div class=\"wp-block-column is-layout-flow wp-block-column-is-layout-flow\">\n<div class=\"wp-block-group is-vertical is-layout-flex wp-container-core-group-is-layout-2c90304e wp-block-group-is-layout-flex\">\n<div class=\"wp-block-media-text\" style=\"grid-template-columns:30% auto\"><figure class=\"wp-block-media-text__media\"><img loading=\"lazy\" decoding=\"async\" width=\"683\" height=\"1024\" src=\"https:\/\/kobietamiesiaca.pl\/wp-content\/uploads\/Monia-683x1024.jpg?v=1693433896\" alt=\"\" class=\"wp-image-282 size-large\" srcset=\"https:\/\/kobietamiesiaca.pl\/wp-content\/uploads\/Monia-683x1024.jpg 683w, https:\/\/kobietamiesiaca.pl\/wp-content\/uploads\/Monia-200x300.jpg 200w, https:\/\/kobietamiesiaca.pl\/wp-content\/uploads\/Monia-100x150.jpg 100w, https:\/\/kobietamiesiaca.pl\/wp-content\/uploads\/Monia-768x1152.jpg 768w, https:\/\/kobietamiesiaca.pl\/wp-content\/uploads\/Monia-40x60.jpg 40w, https:\/\/kobietamiesiaca.pl\/wp-content\/uploads\/Monia.jpg 1000w\" sizes=\"auto, (max-width: 683px) 100vw, 683px\" \/><\/figure><div class=\"wp-block-media-text__content\">\n<p class=\"has-medium-font-size wp-block-paragraph\"><strong><em>Monika Szumna<\/em><\/strong><\/p>\n\n\n\n<p class=\"has-small-font-size wp-block-paragraph\"><strong><em>Organizatorka<\/em><\/strong><\/p>\n\n\n\n<p class=\"wp-block-paragraph\"><\/p>\n\n\n\n<p class=\"has-small-font-size wp-block-paragraph\"><em>G\u0142\u00f3wnym celem dla mnie osobi\u015bcie jest, aby kobiety z ca\u0142ej Polski (niezale\u017cnie od wieku) poprawi\u0142y swoj\u0105 samoocen\u0119. Chcia\u0142abym poprzez wyr\u00f3\u017cnienia w tym plebiscycie da\u0107 im w jakim\u015b stopniu pow\u00f3d do rado\u015bci. Podczas g\u0142osowania b\u0119d\u0119 zwraca\u0107 uwag\u0119 na naturalno\u015b\u0107, u\u015bmiech oraz zainteresowania i pasje kandydatek.<\/em><\/p>\n<\/div><\/div>\n\n\n\n<hr class=\"wp-block-separator has-alpha-channel-opacity is-style-dots\"\/>\n<\/div>\n\n\n\n<div class=\"wp-block-media-text is-stacked-on-mobile\" style=\"grid-template-columns:30% auto\"><figure class=\"wp-block-media-text__media\"><img loading=\"lazy\" decoding=\"async\" width=\"624\" height=\"960\" src=\"https:\/\/kobietamiesiaca.pl\/wp-content\/uploads\/2025\/01\/IMG_17365364503.jpg\" alt=\"\" class=\"wp-image-11356 size-full\" srcset=\"https:\/\/kobietamiesiaca.pl\/wp-content\/uploads\/2025\/01\/IMG_17365364503.jpg 624w, https:\/\/kobietamiesiaca.pl\/wp-content\/uploads\/2025\/01\/IMG_17365364503-195x300.jpg 195w, https:\/\/kobietamiesiaca.pl\/wp-content\/uploads\/2025\/01\/IMG_17365364503-98x150.jpg 98w\" sizes=\"auto, (max-width: 624px) 100vw, 624px\" \/><\/figure><div class=\"wp-block-media-text__content\">\n<p class=\"has-medium-font-size wp-block-paragraph\"><strong><em>Justyna \u015aliwa &#8211; Mirek<\/em><\/strong><\/p>\n\n\n\n<p class=\"has-small-font-size wp-block-paragraph\"><strong><em>Kobieta Miesi\u0105ca: Kwiecie\u0144 2024<\/em><\/strong><\/p>\n\n\n\n<p class=\"has-small-font-size wp-block-paragraph\"><strong><em>Kobieta Miesi\u0105ca: Wrzesie\u0144 2024<\/em><\/strong><\/p>\n\n\n\n<p class=\"has-small-font-size wp-block-paragraph\"><strong><em>Kobieta Miesi\u0105ca: Listopad 2024<\/em><\/strong><\/p>\n\n\n\n<p class=\"wp-block-paragraph\"><\/p>\n\n\n\n<p class=\"has-small-font-size wp-block-paragraph\"><em>Z wykszta\u0142cenia magister in\u017cynier geodeta, w pracy in\u017cynier budowy. W wolnym czasie uwielbiam stawa\u0107 przed obiektywem i je\u017adzi\u0107 na rowerze. Udzia\u0142 i wygrana w plebiscycie doda\u0142 mi pewno\u015bci siebie, na jaki zas\u0142uguje ka\u017cda kobieta. Kandydatki oceni\u0119 za osobowo\u015b\u0107 i b\u0142ysk w oku na zdj\u0119ciach.<\/em><\/p>\n<\/div><\/div>\n\n\n\n<hr class=\"wp-block-separator has-alpha-channel-opacity is-style-dots\"\/>\n<\/div>\n<\/div>\n\n\n\n<div class=\"wp-block-media-text is-stacked-on-mobile\" style=\"grid-template-columns:30% auto\"><figure class=\"wp-block-media-text__media\"><img loading=\"lazy\" decoding=\"async\" width=\"683\" height=\"1024\" src=\"https:\/\/kobietamiesiaca.pl\/wp-content\/uploads\/2025\/01\/IMG_5790-683x1024.jpg?v=1736820615\" alt=\"\" class=\"wp-image-11357 size-full\" srcset=\"https:\/\/kobietamiesiaca.pl\/wp-content\/uploads\/2025\/01\/IMG_5790-683x1024.jpg 683w, https:\/\/kobietamiesiaca.pl\/wp-content\/uploads\/2025\/01\/IMG_5790-200x300.jpg 200w, https:\/\/kobietamiesiaca.pl\/wp-content\/uploads\/2025\/01\/IMG_5790-100x150.jpg 100w, https:\/\/kobietamiesiaca.pl\/wp-content\/uploads\/2025\/01\/IMG_5790-768x1152.jpg 768w, https:\/\/kobietamiesiaca.pl\/wp-content\/uploads\/2025\/01\/IMG_5790.jpg 1000w\" sizes=\"auto, (max-width: 683px) 100vw, 683px\" \/><\/figure><div class=\"wp-block-media-text__content\">\n<p class=\"wp-block-paragraph\"><strong>Anna Karwowska<\/strong><\/p>\n\n\n\n<p class=\"has-small-font-size wp-block-paragraph\"><strong><em>Kobieta Miesi\u0105ca: Czerwiec 2024<\/em><\/strong><\/p>\n\n\n\n<p class=\"has-small-font-size wp-block-paragraph\"><strong><em>Kobieta Miesi\u0105ca: Pa\u017adziernik 2024<\/em><\/strong><\/p>\n\n\n\n<p class=\"has-small-font-size wp-block-paragraph\">Nazywam si\u0119 Anna Karwowska. Od 7 lat mieszkam w Gda\u0144sku, a na co dzie\u0144 zajmuj\u0119 si\u0119 obs\u0142ug\u0105 klienta niemieckoj\u0119zycznego. U\u015bmiech to m\u00f3j znak rozpoznawczy. Jestem osob\u0105 o mi\u0142ej aparycji, pozytywnie nastawion\u0105 do \u017cycia, kt\u00f3ra lubi do\u015bwiadcza\u0107, poznawa\u0107 nowe kultury, j\u0119zyki i rozwija\u0107 si\u0119 na r\u00f3\u017cnych p\u0142aszczyznach. Uwielbiam kontakt z drugim cz\u0142owiekiem i \u0142atwo nawi\u0105zuj\u0119 kontakty interpersonalne. \u017byj\u0119 chwil\u0105, ciesz\u0119 si\u0119 drobnostkami i jestem wdzi\u0119czna za wszystko, co mam. Pomaganie innym sprawia mi ogromn\u0105 przyjemno\u015b\u0107, dlatego te\u017c ch\u0119tnie anga\u017cuj\u0119 si\u0119 w akcje charytatywne. Kocham taniec latynoameryka\u0144ski, makija\u017c, spacery, dobr\u0105 ksi\u0105\u017ck\u0119 i czekolad\u0119. Czas sp\u0119dzony w otoczeniu natury pozwala mi si\u0119 wyciszy\u0107, odpocz\u0105\u0107 i na\u0142adowa\u0107 akumulatory.<br>Przy wyborze kandydatki w Plebiscycie Kobieta Miesi\u0105ca Stycze\u0144 2025 b\u0119d\u0119 zwraca\u0142a uwag\u0119 na ca\u0142okszta\u0142t, czyli zar\u00f3wno na urod\u0119 jak i usposobienie. W pierwszej chwili zwracam uwag\u0119 na oczy, poniewa\u017c mo\u017cna z nich wiele wyczyta\u0107. Liczy si\u0119 dla mnie naturalne pi\u0119kno, dobre serce, a tak\u017ce barwna osobowo\u015b\u0107. Aby uzyska\u0107 miano najpi\u0119kniejszej, wed\u0142ug mnie kandydatka musi posiada\u0107 to \u201eco\u015b&#8221; magicznego, co przyci\u0105ga i wyr\u00f3\u017cnia j\u0105 spo\u015br\u00f3d innych kobiet.<\/p>\n<\/div><\/div>\n\n\n\n<hr class=\"wp-block-separator has-alpha-channel-opacity is-style-dots\"\/>\n\n\n\n<div class=\"wp-block-media-text is-stacked-on-mobile\" style=\"grid-template-columns:30% auto\"><figure class=\"wp-block-media-text__media\"><img loading=\"lazy\" decoding=\"async\" width=\"683\" height=\"1024\" src=\"https:\/\/kobietamiesiaca.pl\/wp-content\/uploads\/2025\/01\/WhatsApp-Image-2025-01-17-at-12.14.30-683x1024.jpeg?v=1737170859\" alt=\"\" class=\"wp-image-11372 size-full\" srcset=\"https:\/\/kobietamiesiaca.pl\/wp-content\/uploads\/2025\/01\/WhatsApp-Image-2025-01-17-at-12.14.30-683x1024.jpeg 683w, https:\/\/kobietamiesiaca.pl\/wp-content\/uploads\/2025\/01\/WhatsApp-Image-2025-01-17-at-12.14.30-200x300.jpeg 200w, https:\/\/kobietamiesiaca.pl\/wp-content\/uploads\/2025\/01\/WhatsApp-Image-2025-01-17-at-12.14.30-100x150.jpeg 100w, https:\/\/kobietamiesiaca.pl\/wp-content\/uploads\/2025\/01\/WhatsApp-Image-2025-01-17-at-12.14.30-768x1152.jpeg 768w, https:\/\/kobietamiesiaca.pl\/wp-content\/uploads\/2025\/01\/WhatsApp-Image-2025-01-17-at-12.14.30.jpeg 960w\" sizes=\"auto, (max-width: 683px) 100vw, 683px\" \/><\/figure><div class=\"wp-block-media-text__content\">\n<p class=\"wp-block-paragraph\"><strong>Izabela Fijo\u0142ek<\/strong><\/p>\n\n\n\n<p class=\"has-small-font-size wp-block-paragraph\"><strong><em>Ambasadorka Plebiscytu Kobieta Miesi\u0105ca<\/em><\/strong><\/p>\n\n\n\n<p class=\"has-small-font-size wp-block-paragraph\">Jestem piel\u0119gniark\u0105 na bloku operacyjnym, gdzie ka\u017cdego dnia dbam o bezpiecze\u0144stwo pacjent\u00f3w podczas skomplikowanych operacji. Moja praca wymaga precyzji, zaanga\u017cowania i spokoju, poniewa\u017c ka\u017cdy detal ma znaczenie w ratowaniu \u017cycia. Poza prac\u0105 jestem mam\u0105 dw\u00f3jki wspania\u0142ych dzieci, kt\u00f3re daj\u0105 mi mn\u00f3stwo rado\u015bci i energii. Zawsze staram si\u0119 \u0142\u0105czy\u0107 obowi\u0105zki zawodowe z \u017cyciem rodzinnym, bo obie te role s\u0105 dla mnie r\u00f3wnie wa\u017cne. Jako juror w konkursie Kobieta Miesi\u0105ca mam zaszczyt ocenia\u0107 wyj\u0105tkowe kobiety, kt\u00f3re \u0142\u0105cz\u0105 pasj\u0119, urod\u0119 i si\u0142\u0119 charakteru. Z do\u015bwiadczenia wiem, jak wa\u017cna jest r\u00f3wnowaga mi\u0119dzy \u017cyciem zawodowym a osobistym. Kobiety, kt\u00f3re anga\u017cuj\u0105 si\u0119 w swoje pasje, dbaj\u0105 o innych i potrafi\u0105 by\u0107 wzorem do na\u015bladowania, zas\u0142uguj\u0105 na uwag\u0119 i szacunek. Ciesz\u0119 si\u0119, \u017ce mog\u0119 uczestniczy\u0107 w tej pi\u0119knej inicjatywie, podziwiaj\u0105c ka\u017cd\u0105 kandydatk\u0119 za jej indywidualno\u015b\u0107, zaanga\u017cowanie oraz determinacj\u0119.<\/p>\n<\/div><\/div>\n\n\n\n<hr class=\"wp-block-separator has-alpha-channel-opacity is-style-wide\"\/>\n\n\n\n<h3 class=\"wp-block-heading has-text-align-center\"><em>Tytu\u0142 komplementarny &#8211; Kobieta Miesi\u0105ca Publiczno\u015bci<\/em><\/h3>\n\n\n\n<h5 class=\"wp-block-heading has-text-align-center\"><strong><em>Wyniki g\u0142osowania publiczno\u015bci: <\/em><\/strong><\/h5>\n\n\n\n<hr class=\"wp-block-separator has-alpha-channel-opacity is-style-dots\"\/>\n\n\n\n<div class=\"wp-block-media-text alignwide is-stacked-on-mobile\" style=\"grid-template-columns:25% auto\"><figure class=\"wp-block-media-text__media\"><img loading=\"lazy\" decoding=\"async\" width=\"637\" height=\"1024\" src=\"https:\/\/kobietamiesiaca.pl\/wp-content\/uploads\/2025\/01\/IMG_2146-637x1024.jpeg\" alt=\"\" class=\"wp-image-11028 size-full\" srcset=\"https:\/\/kobietamiesiaca.pl\/wp-content\/uploads\/2025\/01\/IMG_2146-637x1024.jpeg 637w, https:\/\/kobietamiesiaca.pl\/wp-content\/uploads\/2025\/01\/IMG_2146-187x300.jpeg 187w, https:\/\/kobietamiesiaca.pl\/wp-content\/uploads\/2025\/01\/IMG_2146-93x150.jpeg 93w, https:\/\/kobietamiesiaca.pl\/wp-content\/uploads\/2025\/01\/IMG_2146-768x1234.jpeg 768w, https:\/\/kobietamiesiaca.pl\/wp-content\/uploads\/2025\/01\/IMG_2146-956x1536.jpeg 956w, https:\/\/kobietamiesiaca.pl\/wp-content\/uploads\/2025\/01\/IMG_2146-1275x2048.jpeg 1275w, https:\/\/kobietamiesiaca.pl\/wp-content\/uploads\/2025\/01\/IMG_2146.jpeg 1284w\" sizes=\"auto, (max-width: 637px) 100vw, 637px\" \/><\/figure><div class=\"wp-block-media-text__content\">\n<h3 class=\"wp-block-heading\"><strong><em>Miejsce <\/em><\/strong>3<\/h3>\n\n\n\n<h2 class=\"wp-block-heading\"><em>Zuzanna Janik<\/em><\/h2>\n\n\n\n<h6 class=\"wp-block-heading\"><\/h6>\n<\/div><\/div>\n\n\n\n<hr class=\"wp-block-separator has-alpha-channel-opacity is-style-dots\"\/>\n\n\n\n<div class=\"wp-block-media-text alignwide is-stacked-on-mobile\" style=\"grid-template-columns:25% auto\"><figure class=\"wp-block-media-text__media\"><img loading=\"lazy\" decoding=\"async\" width=\"683\" height=\"1024\" src=\"https:\/\/kobietamiesiaca.pl\/wp-content\/uploads\/2025\/01\/272907029_6877012595702276_6707455951700885586_n-683x1024.jpg\" alt=\"\" class=\"wp-image-11224 size-full\" srcset=\"https:\/\/kobietamiesiaca.pl\/wp-content\/uploads\/2025\/01\/272907029_6877012595702276_6707455951700885586_n-683x1024.jpg 683w, https:\/\/kobietamiesiaca.pl\/wp-content\/uploads\/2025\/01\/272907029_6877012595702276_6707455951700885586_n-200x300.jpg 200w, https:\/\/kobietamiesiaca.pl\/wp-content\/uploads\/2025\/01\/272907029_6877012595702276_6707455951700885586_n-100x150.jpg 100w, https:\/\/kobietamiesiaca.pl\/wp-content\/uploads\/2025\/01\/272907029_6877012595702276_6707455951700885586_n-768x1152.jpg 768w, https:\/\/kobietamiesiaca.pl\/wp-content\/uploads\/2025\/01\/272907029_6877012595702276_6707455951700885586_n-1024x1536.jpg 1024w, https:\/\/kobietamiesiaca.pl\/wp-content\/uploads\/2025\/01\/272907029_6877012595702276_6707455951700885586_n.jpg 1365w\" sizes=\"auto, (max-width: 683px) 100vw, 683px\" \/><\/figure><div class=\"wp-block-media-text__content\">\n<h3 class=\"wp-block-heading\"><strong><em>Miejsce <\/em><\/strong>2<\/h3>\n\n\n\n<h2 class=\"wp-block-heading\"><em>Edyta Dudek<\/em><\/h2>\n\n\n\n<h6 class=\"wp-block-heading\"><\/h6>\n<\/div><\/div>\n\n\n\n<hr class=\"wp-block-separator has-alpha-channel-opacity is-style-dots\"\/>\n\n\n\n<div class=\"wp-block-media-text alignwide is-stacked-on-mobile\" style=\"grid-template-columns:22% auto\"><figure class=\"wp-block-media-text__media\"><img loading=\"lazy\" decoding=\"async\" width=\"780\" height=\"1024\" src=\"https:\/\/kobietamiesiaca.pl\/wp-content\/uploads\/2025\/01\/1000061883-780x1024.jpg\" alt=\"\" class=\"wp-image-11174 size-full\" srcset=\"https:\/\/kobietamiesiaca.pl\/wp-content\/uploads\/2025\/01\/1000061883-780x1024.jpg 780w, https:\/\/kobietamiesiaca.pl\/wp-content\/uploads\/2025\/01\/1000061883-228x300.jpg 228w, https:\/\/kobietamiesiaca.pl\/wp-content\/uploads\/2025\/01\/1000061883-114x150.jpg 114w, https:\/\/kobietamiesiaca.pl\/wp-content\/uploads\/2025\/01\/1000061883-768x1008.jpg 768w, https:\/\/kobietamiesiaca.pl\/wp-content\/uploads\/2025\/01\/1000061883.jpg 1080w\" sizes=\"auto, (max-width: 780px) 100vw, 780px\" \/><\/figure><div class=\"wp-block-media-text__content\">\n<h3 class=\"wp-block-heading\"><strong><em>Miejsce <\/em><\/strong>1<\/h3>\n\n\n\n<h2 class=\"wp-block-heading\"><em>Monika Wieczorek<\/em><\/h2>\n\n\n\n<h6 class=\"wp-block-heading\"><\/h6>\n<\/div><\/div>\n\n\n\n<p class=\"has-text-align-center wp-block-paragraph\"><\/p>\n\n\n\n<p class=\"wp-block-paragraph\"><\/p>\n\n\n\n<hr class=\"wp-block-separator has-alpha-channel-opacity is-style-wide\"\/>\n\n\n\n<h4 style=\"text-align: center;\"><em><strong>REKLAMA<\/strong><\/em><\/h4>\n<p><script async src=\"https:\/\/pagead2.googlesyndication.com\/pagead\/js\/adsbygoogle.js?client=ca-pub-7807412717815820\" crossorigin=\"anonymous\"><\/script><\/p>\n<!-- Display - poziom -->\n<p><ins class=\"adsbygoogle\" style=\"display: block;\" data-ad-client=\"ca-pub-7807412717815820\" data-ad-slot=\"1722573990\" data-ad-format=\"auto\" data-full-width-responsive=\"true\"><\/ins> <script>\n(adsbygoogle = window.adsbygoogle || []).push({});\n<\/script><\/p>\n\n\n\n<hr class=\"wp-block-separator has-alpha-channel-opacity is-style-wide\"\/>\n\n\n\n<h1 class=\"wp-block-heading has-text-align-center\"><em>Tytu\u0142 G\u0142\u00f3wny &#8211; Kobieta Miesi\u0105ca<\/em><\/h1>\n\n\n\n<p class=\"has-text-align-center wp-block-paragraph\"><em>Decyzj\u0105 Jury w TOP10 znalaz\u0142o si\u0119 a\u017c 11 kobiet: <\/em><\/p>\n\n\n\n<hr class=\"wp-block-separator has-alpha-channel-opacity is-style-dots\"\/>\n\n\n\n<h2 class=\"wp-block-heading has-text-align-center\"><em>Miejsce <\/em>10<em> (ex aequo)<\/em><\/h2>\n\n\n\n<figure class=\"wp-block-gallery has-nested-images columns-6 is-cropped wp-block-gallery-1 is-layout-flex wp-block-gallery-is-layout-flex\">\n<figure class=\"wp-block-image size-large\"><img loading=\"lazy\" decoding=\"async\" width=\"791\" height=\"1024\" data-id=\"11203\" src=\"https:\/\/kobietamiesiaca.pl\/wp-content\/uploads\/2025\/01\/inbound3461965851432247234-791x1024.jpg\" alt=\"\" class=\"wp-image-11203\" srcset=\"https:\/\/kobietamiesiaca.pl\/wp-content\/uploads\/2025\/01\/inbound3461965851432247234-791x1024.jpg 791w, https:\/\/kobietamiesiaca.pl\/wp-content\/uploads\/2025\/01\/inbound3461965851432247234-232x300.jpg 232w, https:\/\/kobietamiesiaca.pl\/wp-content\/uploads\/2025\/01\/inbound3461965851432247234-116x150.jpg 116w, https:\/\/kobietamiesiaca.pl\/wp-content\/uploads\/2025\/01\/inbound3461965851432247234-768x995.jpg 768w, https:\/\/kobietamiesiaca.pl\/wp-content\/uploads\/2025\/01\/inbound3461965851432247234.jpg 1155w\" sizes=\"auto, (max-width: 791px) 100vw, 791px\" \/><figcaption class=\"wp-element-caption\"><em>Daria Kapa\u0142a<\/em><\/figcaption><\/figure>\n\n\n\n<figure class=\"wp-block-image size-large\"><img loading=\"lazy\" decoding=\"async\" width=\"576\" height=\"1024\" data-id=\"11173\" src=\"https:\/\/kobietamiesiaca.pl\/wp-content\/uploads\/2025\/01\/0F9BC616-3180-410D-B435-1048CC97766B-576x1024.jpeg\" alt=\"\" class=\"wp-image-11173\" srcset=\"https:\/\/kobietamiesiaca.pl\/wp-content\/uploads\/2025\/01\/0F9BC616-3180-410D-B435-1048CC97766B-576x1024.jpeg 576w, https:\/\/kobietamiesiaca.pl\/wp-content\/uploads\/2025\/01\/0F9BC616-3180-410D-B435-1048CC97766B-169x300.jpeg 169w, https:\/\/kobietamiesiaca.pl\/wp-content\/uploads\/2025\/01\/0F9BC616-3180-410D-B435-1048CC97766B-84x150.jpeg 84w, https:\/\/kobietamiesiaca.pl\/wp-content\/uploads\/2025\/01\/0F9BC616-3180-410D-B435-1048CC97766B-768x1365.jpeg 768w, https:\/\/kobietamiesiaca.pl\/wp-content\/uploads\/2025\/01\/0F9BC616-3180-410D-B435-1048CC97766B-864x1536.jpeg 864w, https:\/\/kobietamiesiaca.pl\/wp-content\/uploads\/2025\/01\/0F9BC616-3180-410D-B435-1048CC97766B-1152x2048.jpeg 1152w, https:\/\/kobietamiesiaca.pl\/wp-content\/uploads\/2025\/01\/0F9BC616-3180-410D-B435-1048CC97766B.jpeg 1242w\" sizes=\"auto, (max-width: 576px) 100vw, 576px\" \/><figcaption class=\"wp-element-caption\"><em>Paulina Jankowska<\/em><\/figcaption><\/figure>\n<\/figure>\n\n\n\n<hr class=\"wp-block-separator has-alpha-channel-opacity is-style-dots\"\/>\n\n\n\n<h2 class=\"wp-block-heading has-text-align-center\"><em>Miejsce 9<\/em><\/h2>\n\n\n\n<figure class=\"wp-block-image aligncenter size-full is-resized\"><img loading=\"lazy\" decoding=\"async\" width=\"600\" height=\"750\" src=\"https:\/\/kobietamiesiaca.pl\/wp-content\/uploads\/2025\/01\/WhatsApp-Image-2025-01-10-at-14.35.33.jpeg\" alt=\"\" class=\"wp-image-11308\" style=\"width:400px\" srcset=\"https:\/\/kobietamiesiaca.pl\/wp-content\/uploads\/2025\/01\/WhatsApp-Image-2025-01-10-at-14.35.33.jpeg 600w, https:\/\/kobietamiesiaca.pl\/wp-content\/uploads\/2025\/01\/WhatsApp-Image-2025-01-10-at-14.35.33-240x300.jpeg 240w, https:\/\/kobietamiesiaca.pl\/wp-content\/uploads\/2025\/01\/WhatsApp-Image-2025-01-10-at-14.35.33-120x150.jpeg 120w, https:\/\/kobietamiesiaca.pl\/wp-content\/uploads\/2025\/01\/WhatsApp-Image-2025-01-10-at-14.35.33-480x600.jpeg 480w\" sizes=\"auto, (max-width: 600px) 100vw, 600px\" \/><figcaption class=\"wp-element-caption\"><em>Aneta Grzywna<\/em><\/figcaption><\/figure>\n\n\n\n<hr class=\"wp-block-separator has-alpha-channel-opacity is-style-dots\"\/>\n\n\n\n<h2 class=\"wp-block-heading has-text-align-center\"><em>Miejsce 8<\/em><\/h2>\n\n\n\n<figure class=\"wp-block-image aligncenter size-full is-resized\"><img loading=\"lazy\" decoding=\"async\" width=\"1920\" height=\"2560\" src=\"https:\/\/kobietamiesiaca.pl\/wp-content\/uploads\/2025\/01\/IMG_8309.jpeg\" alt=\"\" class=\"wp-image-11238\" style=\"width:400px\" srcset=\"https:\/\/kobietamiesiaca.pl\/wp-content\/uploads\/2025\/01\/IMG_8309.jpeg 1920w, https:\/\/kobietamiesiaca.pl\/wp-content\/uploads\/2025\/01\/IMG_8309-225x300.jpeg 225w, https:\/\/kobietamiesiaca.pl\/wp-content\/uploads\/2025\/01\/IMG_8309-768x1024.jpeg 768w, https:\/\/kobietamiesiaca.pl\/wp-content\/uploads\/2025\/01\/IMG_8309-113x150.jpeg 113w, https:\/\/kobietamiesiaca.pl\/wp-content\/uploads\/2025\/01\/IMG_8309-1152x1536.jpeg 1152w, https:\/\/kobietamiesiaca.pl\/wp-content\/uploads\/2025\/01\/IMG_8309-1536x2048.jpeg 1536w\" sizes=\"auto, (max-width: 1920px) 100vw, 1920px\" \/><figcaption class=\"wp-element-caption\"><em>Oliwia Senejko<\/em><\/figcaption><\/figure>\n\n\n\n<hr class=\"wp-block-separator has-alpha-channel-opacity is-style-dots\"\/>\n\n\n\n<h2 class=\"wp-block-heading has-text-align-center\"><em>Miejsce 4 (ex aequo)<\/em><\/h2>\n\n\n\n<figure class=\"wp-block-gallery has-nested-images columns-6 is-cropped wp-block-gallery-2 is-layout-flex wp-block-gallery-is-layout-flex\">\n<figure class=\"wp-block-image size-large\"><img loading=\"lazy\" decoding=\"async\" width=\"590\" height=\"878\" data-id=\"11082\" src=\"https:\/\/kobietamiesiaca.pl\/wp-content\/uploads\/2025\/01\/inbound7757426732731138240.jpg\" alt=\"\" class=\"wp-image-11082\" srcset=\"https:\/\/kobietamiesiaca.pl\/wp-content\/uploads\/2025\/01\/inbound7757426732731138240.jpg 590w, https:\/\/kobietamiesiaca.pl\/wp-content\/uploads\/2025\/01\/inbound7757426732731138240-202x300.jpg 202w, https:\/\/kobietamiesiaca.pl\/wp-content\/uploads\/2025\/01\/inbound7757426732731138240-101x150.jpg 101w\" sizes=\"auto, (max-width: 590px) 100vw, 590px\" \/><figcaption class=\"wp-element-caption\"><em>Anastazja Na\u0142kowska<\/em><\/figcaption><\/figure>\n\n\n\n<figure class=\"wp-block-image size-large\"><img loading=\"lazy\" decoding=\"async\" width=\"793\" height=\"1024\" data-id=\"11221\" src=\"https:\/\/kobietamiesiaca.pl\/wp-content\/uploads\/2025\/01\/20241128_173624-793x1024.jpg?v=1736022568\" alt=\"\" class=\"wp-image-11221\" srcset=\"https:\/\/kobietamiesiaca.pl\/wp-content\/uploads\/2025\/01\/20241128_173624-793x1024.jpg 793w, https:\/\/kobietamiesiaca.pl\/wp-content\/uploads\/2025\/01\/20241128_173624-232x300.jpg 232w, https:\/\/kobietamiesiaca.pl\/wp-content\/uploads\/2025\/01\/20241128_173624-116x150.jpg 116w, https:\/\/kobietamiesiaca.pl\/wp-content\/uploads\/2025\/01\/20241128_173624-768x991.jpg 768w, https:\/\/kobietamiesiaca.pl\/wp-content\/uploads\/2025\/01\/20241128_173624.jpg 1080w\" sizes=\"auto, (max-width: 793px) 100vw, 793px\" \/><figcaption class=\"wp-element-caption\"><em>Gosia Bogucka<\/em><\/figcaption><\/figure>\n\n\n\n<figure class=\"wp-block-image size-large\"><img loading=\"lazy\" decoding=\"async\" width=\"684\" height=\"1024\" data-id=\"11242\" src=\"https:\/\/kobietamiesiaca.pl\/wp-content\/uploads\/2025\/01\/inbound586530128133256068-684x1024.jpg?v=1736160400\" alt=\"\" class=\"wp-image-11242\" srcset=\"https:\/\/kobietamiesiaca.pl\/wp-content\/uploads\/2025\/01\/inbound586530128133256068-684x1024.jpg 684w, https:\/\/kobietamiesiaca.pl\/wp-content\/uploads\/2025\/01\/inbound586530128133256068-200x300.jpg 200w, https:\/\/kobietamiesiaca.pl\/wp-content\/uploads\/2025\/01\/inbound586530128133256068-100x150.jpg 100w, https:\/\/kobietamiesiaca.pl\/wp-content\/uploads\/2025\/01\/inbound586530128133256068-768x1150.jpg 768w, https:\/\/kobietamiesiaca.pl\/wp-content\/uploads\/2025\/01\/inbound586530128133256068-1025x1536.jpg 1025w, https:\/\/kobietamiesiaca.pl\/wp-content\/uploads\/2025\/01\/inbound586530128133256068-1367x2048.jpg 1367w, https:\/\/kobietamiesiaca.pl\/wp-content\/uploads\/2025\/01\/inbound586530128133256068.jpg 1440w\" sizes=\"auto, (max-width: 684px) 100vw, 684px\" \/><figcaption class=\"wp-element-caption\"><em>Wioletta Wiechetek-Sitnicka<\/em><\/figcaption><\/figure>\n\n\n\n<figure class=\"wp-block-image size-large\"><img loading=\"lazy\" decoding=\"async\" width=\"683\" height=\"1024\" data-id=\"11311\" src=\"https:\/\/kobietamiesiaca.pl\/wp-content\/uploads\/2025\/01\/019-683x1024.jpg?v=1736530250\" alt=\"\" class=\"wp-image-11311\" srcset=\"https:\/\/kobietamiesiaca.pl\/wp-content\/uploads\/2025\/01\/019-683x1024.jpg 683w, https:\/\/kobietamiesiaca.pl\/wp-content\/uploads\/2025\/01\/019-200x300.jpg 200w, https:\/\/kobietamiesiaca.pl\/wp-content\/uploads\/2025\/01\/019-100x150.jpg 100w, https:\/\/kobietamiesiaca.pl\/wp-content\/uploads\/2025\/01\/019-768x1152.jpg 768w, https:\/\/kobietamiesiaca.pl\/wp-content\/uploads\/2025\/01\/019.jpg 1024w\" sizes=\"auto, (max-width: 683px) 100vw, 683px\" \/><figcaption class=\"wp-element-caption\"><em>Zuzanna G\u00f3rnicz<\/em><\/figcaption><\/figure>\n<\/figure>\n\n\n\n<hr class=\"wp-block-separator has-alpha-channel-opacity is-style-dots\"\/>\n\n\n\n<hr class=\"wp-block-separator has-alpha-channel-opacity is-style-wide\"\/>\n\n\n\n<h4 style=\"text-align: center;\"><em><strong>REKLAMA<\/strong><\/em><\/h4>\n<p><script async src=\"https:\/\/pagead2.googlesyndication.com\/pagead\/js\/adsbygoogle.js?client=ca-pub-7807412717815820\" crossorigin=\"anonymous\"><\/script><\/p>\n<!-- Display - poziom -->\n<p><ins class=\"adsbygoogle\" style=\"display: block;\" data-ad-client=\"ca-pub-7807412717815820\" data-ad-slot=\"1722573990\" data-ad-format=\"auto\" data-full-width-responsive=\"true\"><\/ins> <script>\n(adsbygoogle = window.adsbygoogle || []).push({});\n<\/script><\/p>\n\n\n\n<hr class=\"wp-block-separator has-alpha-channel-opacity is-style-wide\"\/>\n\n\n\n<hr class=\"wp-block-separator has-alpha-channel-opacity is-style-dots\"\/>\n\n\n\n<h2 class=\"wp-block-heading has-text-align-center\"><em>Miejsce 3<\/em><\/h2>\n\n\n\n<figure class=\"wp-block-image aligncenter size-full is-resized\"><img loading=\"lazy\" decoding=\"async\" width=\"2015\" height=\"3023\" src=\"https:\/\/kobietamiesiaca.pl\/wp-content\/uploads\/2025\/01\/IMG_20241230_044757.jpg\" alt=\"\" class=\"wp-image-11293\" style=\"aspect-ratio:1;object-fit:contain;width:550px;height:auto\" srcset=\"https:\/\/kobietamiesiaca.pl\/wp-content\/uploads\/2025\/01\/IMG_20241230_044757.jpg 2015w, https:\/\/kobietamiesiaca.pl\/wp-content\/uploads\/2025\/01\/IMG_20241230_044757-200x300.jpg 200w, https:\/\/kobietamiesiaca.pl\/wp-content\/uploads\/2025\/01\/IMG_20241230_044757-683x1024.jpg 683w, https:\/\/kobietamiesiaca.pl\/wp-content\/uploads\/2025\/01\/IMG_20241230_044757-100x150.jpg 100w, https:\/\/kobietamiesiaca.pl\/wp-content\/uploads\/2025\/01\/IMG_20241230_044757-768x1152.jpg 768w, https:\/\/kobietamiesiaca.pl\/wp-content\/uploads\/2025\/01\/IMG_20241230_044757-1024x1536.jpg 1024w, https:\/\/kobietamiesiaca.pl\/wp-content\/uploads\/2025\/01\/IMG_20241230_044757-1365x2048.jpg 1365w\" sizes=\"auto, (max-width: 2015px) 100vw, 2015px\" \/><figcaption class=\"wp-element-caption\"><em>Klaudia Gutkowska<\/em><\/figcaption><\/figure>\n\n\n\n<h2 class=\"wp-block-heading\"><\/h2>\n\n\n\n<hr class=\"wp-block-separator has-alpha-channel-opacity is-style-dots\"\/>\n\n\n\n<h2 class=\"wp-block-heading has-text-align-center\"><em>Miejsce 2<\/em><\/h2>\n\n\n\n<figure class=\"wp-block-image aligncenter size-large\"><img loading=\"lazy\" decoding=\"async\" width=\"780\" height=\"1024\" src=\"https:\/\/kobietamiesiaca.pl\/wp-content\/uploads\/2025\/01\/1000061883-780x1024.jpg\" alt=\"\" class=\"wp-image-11174\" srcset=\"https:\/\/kobietamiesiaca.pl\/wp-content\/uploads\/2025\/01\/1000061883-780x1024.jpg 780w, https:\/\/kobietamiesiaca.pl\/wp-content\/uploads\/2025\/01\/1000061883-228x300.jpg 228w, https:\/\/kobietamiesiaca.pl\/wp-content\/uploads\/2025\/01\/1000061883-114x150.jpg 114w, https:\/\/kobietamiesiaca.pl\/wp-content\/uploads\/2025\/01\/1000061883-768x1008.jpg 768w, https:\/\/kobietamiesiaca.pl\/wp-content\/uploads\/2025\/01\/1000061883.jpg 1080w\" sizes=\"auto, (max-width: 780px) 100vw, 780px\" \/><figcaption class=\"wp-element-caption\"><em>Monika Wieczorek<\/em><\/figcaption><\/figure>\n\n\n\n<hr class=\"wp-block-separator has-alpha-channel-opacity is-style-dots\"\/>\n\n\n\n<h1 class=\"wp-block-heading has-text-align-center\"><em>Miejsce 1<\/em><\/h1>\n\n\n\n<figure class=\"wp-block-image aligncenter size-large\"><img loading=\"lazy\" decoding=\"async\" width=\"683\" height=\"1024\" src=\"https:\/\/kobietamiesiaca.pl\/wp-content\/uploads\/2025\/01\/17ccaba8-30ac-4fcc-83c9-0bce75d7d6d2-683x1024.jpeg\" alt=\"\" class=\"wp-image-11327\" srcset=\"https:\/\/kobietamiesiaca.pl\/wp-content\/uploads\/2025\/01\/17ccaba8-30ac-4fcc-83c9-0bce75d7d6d2-683x1024.jpeg 683w, https:\/\/kobietamiesiaca.pl\/wp-content\/uploads\/2025\/01\/17ccaba8-30ac-4fcc-83c9-0bce75d7d6d2-200x300.jpeg 200w, https:\/\/kobietamiesiaca.pl\/wp-content\/uploads\/2025\/01\/17ccaba8-30ac-4fcc-83c9-0bce75d7d6d2-100x150.jpeg 100w, https:\/\/kobietamiesiaca.pl\/wp-content\/uploads\/2025\/01\/17ccaba8-30ac-4fcc-83c9-0bce75d7d6d2-768x1152.jpeg 768w, https:\/\/kobietamiesiaca.pl\/wp-content\/uploads\/2025\/01\/17ccaba8-30ac-4fcc-83c9-0bce75d7d6d2.jpeg 828w\" sizes=\"auto, (max-width: 683px) 100vw, 683px\" \/><\/figure>\n\n\n\n<h1 class=\"wp-block-heading has-text-align-center\"><em>Dominika Stagraczy\u0144ska<\/em><\/h1>\n\n\n\n<p class=\"has-text-align-center wp-block-paragraph\"><em>&#8222;Nazywam si\u0119 Dominika Stagraczy\u0144ska, mam 31 lat i prywatnie jestem mam\u0105 3-letniej Marcelinki. Na co dzie\u0144 dzia\u0142am w bran\u017cy health&amp;beauty i buduj\u0119 sie\u0107 dystrybucji dla najwi\u0119kszej na \u015bwiecie firmy aloesowej. Uwielbiam podr\u00f3\u017cowa\u0107, poznawa\u0107 \u015bwiat i r\u00f3\u017cne kultury oraz do\u015bwiadcza\u0107 \u017cycia.&#8221;<\/em><\/p>\n\n\n\n<p class=\"has-text-align-center wp-block-paragraph\"><em>&#8222;<\/em><\/p>\n\n\n\n<hr class=\"wp-block-separator has-alpha-channel-opacity is-style-wide\"\/>\n\n\n\n<h4 style=\"text-align: center;\"><em><strong>REKLAMA<\/strong><\/em><\/h4>\n<p><script async src=\"https:\/\/pagead2.googlesyndication.com\/pagead\/js\/adsbygoogle.js?client=ca-pub-7807412717815820\" crossorigin=\"anonymous\"><\/script><\/p>\n<!-- Display - poziom -->\n<p><ins class=\"adsbygoogle\" style=\"display: block;\" data-ad-client=\"ca-pub-7807412717815820\" data-ad-slot=\"1722573990\" data-ad-format=\"auto\" data-full-width-responsive=\"true\"><\/ins> <script>\n(adsbygoogle = window.adsbygoogle || []).push({});\n<\/script><\/p>\n\n\n\n<hr class=\"wp-block-separator has-alpha-channel-opacity is-style-wide\"\/>\n\n\n\n<p class=\"has-text-align-center has-medium-font-size wp-block-paragraph\"><em>W styczniowej edycji Kandydatki walczy\u0142y o niesamowite nagrody! Zar\u00f3wno zwyci\u0119\u017cczyni g\u0142\u00f3wnego tytu\u0142u Kobieta Miesi\u0105ca, jak i laureatka tytu\u0142u komplementarnego Kobieta Miesi\u0105ca Publiczno\u015bci otrzymaj\u0105 pami\u0105tkow\u0105 szarf\u0119 inspirowan\u0105 konkursami pi\u0119kno\u015bci<\/em><em>.<\/em><\/p>\n\n\n\n<hr class=\"wp-block-separator has-alpha-channel-opacity is-style-dots\"\/>\n\n\n\n<p class=\"has-text-align-center has-medium-font-size wp-block-paragraph\"><em>Wszystkie trzy Panie znajduj\u0105ce si\u0119 na podium tej edycji, tj. zajmuj\u0105ce miejsca 1-3 zostan\u0105 r\u00f3wnie\u017c automatycznie zakwalifikowane do Plebiscytu Kobieta Roku. Ich zdj\u0119cia zostan\u0105 umieszczone w galerii znajduj\u0105cej si\u0119 w zak\u0142adce &#8222;Kobieta Roku&#8221;. Plebiscyt Kobieta Roku zostanie przeprowadzony w ostatnich dniach grudnia. Harmonogram przedstawimy pod koniec roku w osobnym wpisie. <\/em><\/p>\n\n\n\n<hr class=\"wp-block-separator has-alpha-channel-opacity is-style-dots\"\/>\n\n\n\n<p class=\"has-text-align-center has-medium-font-size wp-block-paragraph\"><em>Wszystkie 6 Pa\u0144, tj. Top3 Kobiety Miesi\u0105ca oraz Top3 Kobiety Miesi\u0105ca Publiczno\u015bci otrzymaj\u0105 pami\u0105tkowe dyplomy.   <\/em><\/p>\n\n\n\n<p class=\"wp-block-paragraph\"><\/p>\n\n\n\n<hr class=\"wp-block-separator has-alpha-channel-opacity is-style-wide\"\/>\n\n\n\n<p class=\"has-text-align-center wp-block-paragraph\"><em>Dzi\u0119kujemy wszystkim Kandydatkom za wzi\u0119cie udzia\u0142u w styczniowej edycji Plebiscytu Kobieta Miesi\u0105ca i zapraszamy do wzi\u0119cia udzia\u0142u w kolejnych. Zg\u0142oszenia do lutowej ods\u0142ony Plebiscytu b\u0119d\u0105 przyjmowane od 1 lutego. <\/em><\/p>\n\n\n\n<hr class=\"wp-block-separator has-alpha-channel-opacity is-style-wide\"\/>\n\n\n\n<h3 class=\"wp-block-heading has-text-align-center\"><em>Zach\u0119camy do rejestracji i weryfikacji Kont Kandydatki przed rozpocz\u0119ciem zapis\u00f3w do styczniowej edycji, aby unikn\u0105\u0107 oczekiwania na akceptacj\u0119 przez Administracj\u0119 Serwisu. <\/em><\/h3>\n\n\n\n<hr class=\"wp-block-separator has-alpha-channel-opacity is-style-wide\"\/>\n\n\n\n<h4 style=\"text-align: center;\"><em><strong>REKLAMA<\/strong><\/em><\/h4>\n<p><script async src=\"https:\/\/pagead2.googlesyndication.com\/pagead\/js\/adsbygoogle.js?client=ca-pub-7807412717815820\" crossorigin=\"anonymous\"><\/script><\/p>\n<!-- Display - poziom -->\n<p><ins class=\"adsbygoogle\" style=\"display: block;\" data-ad-client=\"ca-pub-7807412717815820\" data-ad-slot=\"1722573990\" data-ad-format=\"auto\" data-full-width-responsive=\"true\"><\/ins> <script>\n(adsbygoogle = window.adsbygoogle || []).push({});\n<\/script><\/p>\n\n\n\n<hr class=\"wp-block-separator has-alpha-channel-opacity is-style-wide\"\/>\n","protected":false},"excerpt":{"rendered":"<p>Poznajmy laureatki bie\u017c\u0105cej edycji<\/p>\n","protected":false},"author":1,"featured_media":11375,"comment_status":"open","ping_status":"open","sticky":false,"template":"","format":"standard","meta":{"cybocfi_hide_featured_image":"yes","footnotes":""},"categories":[14,13],"tags":[],"coauthors":[31,61,45,72,54,187,186,52,182,188,96,189],"class_list":["post-11355","post","type-post","status-publish","format-standard","has-post-thumbnail","hentry","category-info","category-topka"],"_links":{"self":[{"href":"https:\/\/kobietamiesiaca.pl\/index.php?rest_route=\/wp\/v2\/posts\/11355","targetHints":{"allow":["GET"]}}],"collection":[{"href":"https:\/\/kobietamiesiaca.pl\/index.php?rest_route=\/wp\/v2\/posts"}],"about":[{"href":"https:\/\/kobietamiesiaca.pl\/index.php?rest_route=\/wp\/v2\/types\/post"}],"author":[{"embeddable":true,"href":"https:\/\/kobietamiesiaca.pl\/index.php?rest_route=\/wp\/v2\/users\/1"}],"replies":[{"embeddable":true,"href":"https:\/\/kobietamiesiaca.pl\/index.php?rest_route=%2Fwp%2Fv2%2Fcomments&post=11355"}],"version-history":[{"count":10,"href":"https:\/\/kobietamiesiaca.pl\/index.php?rest_route=\/wp\/v2\/posts\/11355\/revisions"}],"predecessor-version":[{"id":11377,"href":"https:\/\/kobietamiesiaca.pl\/index.php?rest_route=\/wp\/v2\/posts\/11355\/revisions\/11377"}],"wp:featuredmedia":[{"embeddable":true,"href":"https:\/\/kobietamiesiaca.pl\/index.php?rest_route=\/wp\/v2\/media\/11375"}],"wp:attachment":[{"href":"https:\/\/kobietamiesiaca.pl\/index.php?rest_route=%2Fwp%2Fv2%2Fmedia&parent=11355"}],"wp:term":[{"taxonomy":"category","embeddable":true,"href":"https:\/\/kobietamiesiaca.pl\/index.php?rest_route=%2Fwp%2Fv2%2Fcategories&post=11355"},{"taxonomy":"post_tag","embeddable":true,"href":"https:\/\/kobietamiesiaca.pl\/index.php?rest_route=%2Fwp%2Fv2%2Ftags&post=11355"},{"taxonomy":"author","embeddable":true,"href":"https:\/\/kobietamiesiaca.pl\/index.php?rest_route=%2Fwp%2Fv2%2Fcoauthors&post=11355"}],"curies":[{"name":"wp","href":"https:\/\/api.w.org\/{rel}","templated":true}]}}