{"id":11489,"date":"2025-01-19T18:34:58","date_gmt":"2025-01-19T17:34:58","guid":{"rendered":"https:\/\/kobietamiesiaca.pl\/?p=11489"},"modified":"2025-03-18T18:02:31","modified_gmt":"2025-03-18T17:02:31","slug":"kobieta-miesiaca-styczen-2025","status":"publish","type":"post","link":"https:\/\/kobietamiesiaca.pl\/?p=11489","title":{"rendered":"Kobieta Miesi\u0105ca: Stycze\u0144 2025"},"content":{"rendered":"\n<p class=\"has-text-align-center wp-block-paragraph\" style=\"font-style:italic;font-weight:200\"><em>Laureatk\u0105 styczniowej edycji Kobiety Miesi\u0105ca zosta\u0142a:<\/em><\/p>\n\n\n\n<p class=\"has-text-align-center wp-block-paragraph\" style=\"font-size:42px;font-style:italic;font-weight:500\"><em>Dominika Stagraczy\u0144ska<\/em><\/p>\n\n\n\n<figure class=\"wp-block-gallery has-nested-images columns-default is-cropped wp-block-gallery-1 is-layout-flex wp-block-gallery-is-layout-flex\">\n<figure class=\"wp-block-image size-full is-style-rounded\"><img loading=\"lazy\" decoding=\"async\" width=\"828\" height=\"1242\" data-id=\"11327\" src=\"https:\/\/kobietamiesiaca.pl\/wp-content\/uploads\/2025\/01\/17ccaba8-30ac-4fcc-83c9-0bce75d7d6d2.jpeg\" alt=\"\" class=\"wp-image-11327\" srcset=\"https:\/\/kobietamiesiaca.pl\/wp-content\/uploads\/2025\/01\/17ccaba8-30ac-4fcc-83c9-0bce75d7d6d2.jpeg 828w, https:\/\/kobietamiesiaca.pl\/wp-content\/uploads\/2025\/01\/17ccaba8-30ac-4fcc-83c9-0bce75d7d6d2-200x300.jpeg 200w, https:\/\/kobietamiesiaca.pl\/wp-content\/uploads\/2025\/01\/17ccaba8-30ac-4fcc-83c9-0bce75d7d6d2-683x1024.jpeg 683w, https:\/\/kobietamiesiaca.pl\/wp-content\/uploads\/2025\/01\/17ccaba8-30ac-4fcc-83c9-0bce75d7d6d2-100x150.jpeg 100w, https:\/\/kobietamiesiaca.pl\/wp-content\/uploads\/2025\/01\/17ccaba8-30ac-4fcc-83c9-0bce75d7d6d2-768x1152.jpeg 768w\" sizes=\"auto, (max-width: 828px) 100vw, 828px\" \/><figcaption class=\"wp-element-caption\">Dominika Stagraczy\u0144ska<\/figcaption><\/figure>\n<\/figure>\n\n\n\n<blockquote class=\"wp-block-quote has-text-align-center is-layout-flow wp-block-quote-is-layout-flow\">\n<p class=\"wp-block-paragraph\"><\/p>\n<cite><em>&#8222;Nazywam si\u0119 Dominika Stagraczy\u0144ska, mam 31 lat i prywatnie jestem mam\u0105 3-letniej Marcelinki. Na co dzie\u0144 dzia\u0142am w bran\u017cy health&amp;beauty i buduj\u0119 sie\u0107 dystrybucji dla najwi\u0119kszej na \u015bwiecie firmy aloesowej. Uwielbiam podr\u00f3\u017cowa\u0107, poznawa\u0107 \u015bwiat i r\u00f3\u017cne kultury oraz do\u015bwiadcza\u0107 \u017cycia.&#8221;<\/em><\/cite><\/blockquote>\n\n\n\n<p class=\"has-text-align-center wp-block-paragraph\"><strong><em>W tym miesi\u0105cu, Laureatka Plebiscytu wygrywa dyplom oraz pami\u0105tkow\u0105 szarf\u0119 inspirowan\u0105 konkursami pi\u0119kno\u015bc<\/em><\/strong>i<strong><em>.<\/em><\/strong><\/p>\n\n\n\n<p class=\"has-text-align-center wp-block-paragraph\" style=\"font-size:25px\"><em>Gratulujemy wygranej i dzi\u0119kujemy za udzia\u0142 w Plebiscycie!<\/em><\/p>\n\n\n\n<hr class=\"wp-block-separator has-alpha-channel-opacity is-style-wide\"\/>\n\n\n\n<script async src=\"https:\/\/pagead2.googlesyndication.com\/pagead\/js\/adsbygoogle.js?client=ca-pub-7807412717815820\"\r\n     crossorigin=\"anonymous\"><\/script>\r\n<ins class=\"adsbygoogle\"\r\n     style=\"display:block; text-align:center;\"\r\n     data-ad-layout=\"in-article\"\r\n     data-ad-format=\"fluid\"\r\n     data-ad-client=\"ca-pub-7807412717815820\"\r\n     data-ad-slot=\"3267572451\"><\/ins>\r\n<script>\r\n     (adsbygoogle = window.adsbygoogle || []).push({});\r\n<\/script>\n\n\n\n<hr class=\"wp-block-separator has-alpha-channel-opacity is-style-wide\"\/>\n","protected":false},"excerpt":{"rendered":"<p>Przedstawiamy Laureatk\u0119 styczniowej edycji Plebiscytu Kobieta Miesi\u0105ca<\/p>\n","protected":false},"author":1,"featured_media":11327,"comment_status":"open","ping_status":"open","sticky":false,"template":"","format":"standard","meta":{"cybocfi_hide_featured_image":"yes","footnotes":""},"categories":[14,5],"tags":[185],"coauthors":[31,187],"class_list":["post-11489","post","type-post","status-publish","format-standard","has-post-thumbnail","hentry","category-info","category-laureatki","tag-km"],"_links":{"self":[{"href":"https:\/\/kobietamiesiaca.pl\/index.php?rest_route=\/wp\/v2\/posts\/11489","targetHints":{"allow":["GET"]}}],"collection":[{"href":"https:\/\/kobietamiesiaca.pl\/index.php?rest_route=\/wp\/v2\/posts"}],"about":[{"href":"https:\/\/kobietamiesiaca.pl\/index.php?rest_route=\/wp\/v2\/types\/post"}],"author":[{"embeddable":true,"href":"https:\/\/kobietamiesiaca.pl\/index.php?rest_route=\/wp\/v2\/users\/1"}],"replies":[{"embeddable":true,"href":"https:\/\/kobietamiesiaca.pl\/index.php?rest_route=%2Fwp%2Fv2%2Fcomments&post=11489"}],"version-history":[{"count":1,"href":"https:\/\/kobietamiesiaca.pl\/index.php?rest_route=\/wp\/v2\/posts\/11489\/revisions"}],"predecessor-version":[{"id":11520,"href":"https:\/\/kobietamiesiaca.pl\/index.php?rest_route=\/wp\/v2\/posts\/11489\/revisions\/11520"}],"wp:featuredmedia":[{"embeddable":true,"href":"https:\/\/kobietamiesiaca.pl\/index.php?rest_route=\/wp\/v2\/media\/11327"}],"wp:attachment":[{"href":"https:\/\/kobietamiesiaca.pl\/index.php?rest_route=%2Fwp%2Fv2%2Fmedia&parent=11489"}],"wp:term":[{"taxonomy":"category","embeddable":true,"href":"https:\/\/kobietamiesiaca.pl\/index.php?rest_route=%2Fwp%2Fv2%2Fcategories&post=11489"},{"taxonomy":"post_tag","embeddable":true,"href":"https:\/\/kobietamiesiaca.pl\/index.php?rest_route=%2Fwp%2Fv2%2Ftags&post=11489"},{"taxonomy":"author","embeddable":true,"href":"https:\/\/kobietamiesiaca.pl\/index.php?rest_route=%2Fwp%2Fv2%2Fcoauthors&post=11489"}],"curies":[{"name":"wp","href":"https:\/\/api.w.org\/{rel}","templated":true}]}}