{"id":11490,"date":"2025-01-19T18:31:16","date_gmt":"2025-01-19T17:31:16","guid":{"rendered":"https:\/\/kobietamiesiaca.pl\/?p=11490"},"modified":"2025-01-19T18:32:23","modified_gmt":"2025-01-19T17:32:23","slug":"kobieta-miesiaca-publicznosci-styczen-2025","status":"publish","type":"post","link":"https:\/\/kobietamiesiaca.pl\/?p=11490","title":{"rendered":"Kobieta Miesi\u0105ca Publiczno\u015bci: Stycze\u0144 2025"},"content":{"rendered":"\n<p class=\"has-text-align-center wp-block-paragraph\"><em>Tytu\u0142 komplementarny <strong>Kobieta Miesi\u0105ca Publiczno\u015bci<\/strong> otrzymuje: <\/em><\/p>\n\n\n\n<h1 class=\"wp-block-heading has-text-align-center\"><em>Monika Wieczorek<\/em><\/h1>\n\n\n\n<figure class=\"wp-block-image aligncenter size-full is-style-rounded\"><img loading=\"lazy\" decoding=\"async\" width=\"1080\" height=\"1418\" src=\"https:\/\/kobietamiesiaca.pl\/wp-content\/uploads\/2025\/01\/1000061883.jpg\" alt=\"\" class=\"wp-image-11174\" srcset=\"https:\/\/kobietamiesiaca.pl\/wp-content\/uploads\/2025\/01\/1000061883.jpg 1080w, https:\/\/kobietamiesiaca.pl\/wp-content\/uploads\/2025\/01\/1000061883-228x300.jpg 228w, https:\/\/kobietamiesiaca.pl\/wp-content\/uploads\/2025\/01\/1000061883-780x1024.jpg 780w, https:\/\/kobietamiesiaca.pl\/wp-content\/uploads\/2025\/01\/1000061883-114x150.jpg 114w, https:\/\/kobietamiesiaca.pl\/wp-content\/uploads\/2025\/01\/1000061883-768x1008.jpg 768w\" sizes=\"auto, (max-width: 1080px) 100vw, 1080px\" \/><\/figure>\n\n\n\n<blockquote class=\"wp-block-quote is-layout-flow wp-block-quote-is-layout-flow\">\n<p class=\"has-text-align-center wp-block-paragraph\">&#8222;Mam na imi\u0119 Monika . Jestem osob\u0105 ciep\u0142\u0105 i pe\u0142n\u0105 energii . Uwielbiam dzieci chocia\u017c sama ich nie mam , a moj\u0105 mocna strona jest kreatywno\u015b\u0107 patrze na \u015bwiat szeroko otwartymi oczami .Nie potrafi\u0119 si\u0119 nudzi\u0107. Zawsze potrafi\u0119 znale\u017a\u0107 sobie ciekawe zaj\u0119cie. Moje zainteresowania s\u0105 wszechstronne mi\u0119dzy innymi :<br>\u27a1\ufe0ftworz\u0119 w\u0142asnor\u0119cznie zawieszki do smoczka dla dzieci .<br>\u27a1\ufe0fMoj\u0105 ogromn\u0105 pasja jest dekorowanie wn\u0119trz<br>\u27a1\ufe0fPosiadam zdolno\u015bci manualne potrafi\u0119 zrobi\u0107 co\u015b z niczego .<br>\u27a1\ufe0fOd kiedy pami\u0119tam lubi\u0142am robi\u0107 zdj\u0119cia, fotografia pozwala mi przedstawia\u0107 i zapami\u0119tywa\u0107 pi\u0119kno.<br>\u27a1\ufe0fChyba zapomnia\u0142am te\u017c doda\u0107 \u017ce uwielbiam \u015bpiewa\u0107 \ud83d\ude06&#8221;<\/p>\n<\/blockquote>\n\n\n\n<blockquote class=\"wp-block-quote has-text-align-center is-layout-flow wp-block-quote-is-layout-flow\">\n<p class=\"wp-block-paragraph\"><\/p>\n<\/blockquote>\n\n\n\n<p class=\"has-text-align-center wp-block-paragraph\"><strong><em>W tym miesi\u0105cu, Laureatka tytu\u0142u komplementarnego wygrywa dyplom oraz szarf\u0119 inspirowan\u0105 konkursami pi\u0119kno\u015bci.<\/em><\/strong><\/p>\n\n\n\n<h3 class=\"wp-block-heading has-text-align-center\"><em>Gratulujemy i zach\u0119camy do wzi\u0119cia udzia\u0142u w kolejnych edycjach Plebiscytu!<\/em><\/h3>\n\n\n\n<hr class=\"wp-block-separator has-alpha-channel-opacity is-style-wide\"\/>\n\n\n\n<script async src=\"https:\/\/pagead2.googlesyndication.com\/pagead\/js\/adsbygoogle.js?client=ca-pub-7807412717815820\"\r\n     crossorigin=\"anonymous\"><\/script>\r\n<ins class=\"adsbygoogle\"\r\n     style=\"display:block; text-align:center;\"\r\n     data-ad-layout=\"in-article\"\r\n     data-ad-format=\"fluid\"\r\n     data-ad-client=\"ca-pub-7807412717815820\"\r\n     data-ad-slot=\"3267572451\"><\/ins>\r\n<script>\r\n     (adsbygoogle = window.adsbygoogle || []).push({});\r\n<\/script>\n\n\n\n<hr class=\"wp-block-separator has-alpha-channel-opacity is-style-wide\"\/>\n","protected":false},"excerpt":{"rendered":"<p>Publiczno\u015b\u0107 wybra\u0142a swoj\u0105 laureatk\u0119 styczniowej edycji Plebiscytu<\/p>\n","protected":false},"author":1,"featured_media":11174,"comment_status":"open","ping_status":"open","sticky":false,"template":"","format":"standard","meta":{"cybocfi_hide_featured_image":"yes","footnotes":""},"categories":[14,16],"tags":[],"coauthors":[31,189],"class_list":["post-11490","post","type-post","status-publish","format-standard","has-post-thumbnail","hentry","category-info","category-kobieta-miesiaca-publicznosci"],"_links":{"self":[{"href":"https:\/\/kobietamiesiaca.pl\/index.php?rest_route=\/wp\/v2\/posts\/11490","targetHints":{"allow":["GET"]}}],"collection":[{"href":"https:\/\/kobietamiesiaca.pl\/index.php?rest_route=\/wp\/v2\/posts"}],"about":[{"href":"https:\/\/kobietamiesiaca.pl\/index.php?rest_route=\/wp\/v2\/types\/post"}],"author":[{"embeddable":true,"href":"https:\/\/kobietamiesiaca.pl\/index.php?rest_route=\/wp\/v2\/users\/1"}],"replies":[{"embeddable":true,"href":"https:\/\/kobietamiesiaca.pl\/index.php?rest_route=%2Fwp%2Fv2%2Fcomments&post=11490"}],"version-history":[{"count":3,"href":"https:\/\/kobietamiesiaca.pl\/index.php?rest_route=\/wp\/v2\/posts\/11490\/revisions"}],"predecessor-version":[{"id":11519,"href":"https:\/\/kobietamiesiaca.pl\/index.php?rest_route=\/wp\/v2\/posts\/11490\/revisions\/11519"}],"wp:featuredmedia":[{"embeddable":true,"href":"https:\/\/kobietamiesiaca.pl\/index.php?rest_route=\/wp\/v2\/media\/11174"}],"wp:attachment":[{"href":"https:\/\/kobietamiesiaca.pl\/index.php?rest_route=%2Fwp%2Fv2%2Fmedia&parent=11490"}],"wp:term":[{"taxonomy":"category","embeddable":true,"href":"https:\/\/kobietamiesiaca.pl\/index.php?rest_route=%2Fwp%2Fv2%2Fcategories&post=11490"},{"taxonomy":"post_tag","embeddable":true,"href":"https:\/\/kobietamiesiaca.pl\/index.php?rest_route=%2Fwp%2Fv2%2Ftags&post=11490"},{"taxonomy":"author","embeddable":true,"href":"https:\/\/kobietamiesiaca.pl\/index.php?rest_route=%2Fwp%2Fv2%2Fcoauthors&post=11490"}],"curies":[{"name":"wp","href":"https:\/\/api.w.org\/{rel}","templated":true}]}}