{"id":11687,"date":"2025-03-01T15:42:04","date_gmt":"2025-03-01T14:42:04","guid":{"rendered":"https:\/\/kobietamiesiaca.pl\/?p=11687"},"modified":"2025-03-11T01:59:58","modified_gmt":"2025-03-11T00:59:58","slug":"kobieta-miesiaca-styczen-2025-kandydatki-2","status":"publish","type":"post","link":"https:\/\/kobietamiesiaca.pl\/?p=11687","title":{"rendered":"Kobieta Miesi\u0105ca: Marzec 2025 &#8211; Kandydatki"},"content":{"rendered":"\n<h2 class=\"wp-block-heading has-text-align-center\"><em>Przedstawiamy finaln\u0105 list\u0119 Kandydatek do tytu\u0142u Kobieta Miesi\u0105ca: Marzec 2025. <\/em><\/h2>\n\n\n\n<hr class=\"wp-block-separator has-alpha-channel-opacity is-style-wide\"\/>\n\n\n\n<p class=\"has-text-align-center has-small-font-size wp-block-paragraph\"><em><strong>Administracja ani Organizator nie poprawiaj\u0105 tre\u015bci zg\u0142osze\u0144. <\/strong><\/em><\/p>\n\n\n\n<p class=\"has-text-align-center has-small-font-size wp-block-paragraph\"><em><em>W tre\u015bci wizyt\u00f3wek znajduj\u0105 si\u0119 oryginalne odpowiedzi na pytania zadane Kandydatkom podczas ich zg\u0142oszenia do konkursu. <\/em>Tre\u015b\u0107 zg\u0142osze\u0144 (<em>wliczaj\u0105c w to ewentualne b\u0142\u0119dy ortograficzne, sk\u0142adniowe i interpunkcyjne<\/em><\/em>)<em> nie jest poprawiana. <\/em><\/p>\n\n\n\n<hr class=\"wp-block-separator has-alpha-channel-opacity is-style-wide\"\/>\n\n\n\n<div class=\"wp-block-media-text is-vertically-aligned-center\" style=\"grid-template-columns:30% auto\"><figure class=\"wp-block-media-text__media\"><img loading=\"lazy\" decoding=\"async\" width=\"541\" height=\"1024\" src=\"https:\/\/kobietamiesiaca.pl\/wp-content\/uploads\/2025\/01\/IMG_20241226_001700-541x1024.jpg\" alt=\"\" class=\"wp-image-11291 size-full\" srcset=\"https:\/\/kobietamiesiaca.pl\/wp-content\/uploads\/2025\/01\/IMG_20241226_001700-541x1024.jpg 541w, https:\/\/kobietamiesiaca.pl\/wp-content\/uploads\/2025\/01\/IMG_20241226_001700-159x300.jpg 159w, https:\/\/kobietamiesiaca.pl\/wp-content\/uploads\/2025\/01\/IMG_20241226_001700-79x150.jpg 79w, https:\/\/kobietamiesiaca.pl\/wp-content\/uploads\/2025\/01\/IMG_20241226_001700-768x1452.jpg 768w, https:\/\/kobietamiesiaca.pl\/wp-content\/uploads\/2025\/01\/IMG_20241226_001700-812x1536.jpg 812w, https:\/\/kobietamiesiaca.pl\/wp-content\/uploads\/2025\/01\/IMG_20241226_001700-1083x2048.jpg 1083w, https:\/\/kobietamiesiaca.pl\/wp-content\/uploads\/2025\/01\/IMG_20241226_001700.jpg 1655w\" sizes=\"auto, (max-width: 541px) 100vw, 541px\" \/><\/figure><div class=\"wp-block-media-text__content\">\n<h1 class=\"wp-block-heading has-text-align-center\"><em><strong>Klaudia Gutkowska<\/strong><\/em><\/h1>\n\n\n\n<hr class=\"wp-block-separator has-alpha-channel-opacity is-style-default\"\/>\n\n\n\n<h4 class=\"wp-block-heading has-text-align-center\"><em><strong>Opowiedz nam o sobie. <\/strong><\/em><\/h4>\n\n\n\n<p class=\"has-text-align-center wp-block-paragraph\"><em>Hej, jestem Klaudia. Mam 28 lat i 165 cm wzrostu. Kocham koty. Moj\u0105 pasj\u0105 jest pozowanie do zdj\u0119\u0107 i film\u00f3w. Studiuj\u0119 oligofrenopedagogik\u0119. D\u0142ugi czas pracowa\u0142am z dzie\u0107mi niepe\u0142nosprawnymi, co sta\u0142o si\u0119 dla mnie wa\u017cnym elementem \u017cycia. Pracuj\u0119 nieustannie nad swoim wygl\u0105dem. Przed wakacjami wa\u017cy\u0142am 86 kg, teraz wa\u017c\u0119 69 kg. Du\u017co w \u017cyciu prze\u017cy\u0142am, mimo to nadal przejmuj\u0119 si\u0119 nawet ma\u0142ymi rzeczami. Praca nad charakterem jest o wiele trudniejsza ni\u017c nad wygl\u0105dem, ale nie poddaj\u0119 si\u0119.<\/em><\/p>\n\n\n\n<h4 class=\"wp-block-heading has-text-align-center\"><em>Czy jest co\u015b co chcia\u0142aby\u015b w sobie zmieni\u0107?<\/em><\/h4>\n\n\n\n<p class=\"has-text-align-center wp-block-paragraph\"><em>Chcia\u0142abym zmieni\u0107 sw\u00f3j charakter i wygl\u0105d. Ci\u0119\u017cko jest by\u0107 zbyt wra\u017cliwym i pracuj\u0119 nad tym, aby mniej si\u0119 przejmowa\u0107. Doskonal\u0119 te\u017c swoj\u0105 sylwetk\u0119. Schud\u0142am 17 kg.<\/em><\/p>\n\n\n\n<h4 class=\"wp-block-heading has-text-align-center\"><em>Twoje trzy najbardziej pozytywne cechy to?<\/em><\/h4>\n\n\n\n<p class=\"has-text-align-center wp-block-paragraph\"><em>Empatia | Wra\u017cliwo\u015b\u0107 | Up\u00f3r<\/em><\/p>\n<\/div><\/div>\n\n\n\n<hr class=\"wp-block-separator has-alpha-channel-opacity is-style-wide\"\/>\n\n\n\n<div class=\"wp-block-media-text is-vertically-aligned-center\" style=\"grid-template-columns:30% auto\"><figure class=\"wp-block-media-text__media\"><img loading=\"lazy\" decoding=\"async\" width=\"686\" height=\"1024\" src=\"https:\/\/kobietamiesiaca.pl\/wp-content\/uploads\/2025\/03\/IMG_2885-686x1024.jpeg\" alt=\"\" class=\"wp-image-11717 size-full\" srcset=\"https:\/\/kobietamiesiaca.pl\/wp-content\/uploads\/2025\/03\/IMG_2885-686x1024.jpeg 686w, https:\/\/kobietamiesiaca.pl\/wp-content\/uploads\/2025\/03\/IMG_2885-201x300.jpeg 201w, https:\/\/kobietamiesiaca.pl\/wp-content\/uploads\/2025\/03\/IMG_2885-101x150.jpeg 101w, https:\/\/kobietamiesiaca.pl\/wp-content\/uploads\/2025\/03\/IMG_2885-768x1146.jpeg 768w, https:\/\/kobietamiesiaca.pl\/wp-content\/uploads\/2025\/03\/IMG_2885-1030x1536.jpeg 1030w, https:\/\/kobietamiesiaca.pl\/wp-content\/uploads\/2025\/03\/IMG_2885-1024x1527.jpeg 1024w, https:\/\/kobietamiesiaca.pl\/wp-content\/uploads\/2025\/03\/IMG_2885.jpeg 1200w\" sizes=\"auto, (max-width: 686px) 100vw, 686px\" \/><\/figure><div class=\"wp-block-media-text__content\">\n<h1 class=\"wp-block-heading has-text-align-center\"><em><strong>Zuzanna Janik<\/strong><\/em><\/h1>\n\n\n\n<hr class=\"wp-block-separator has-alpha-channel-opacity is-style-default\"\/>\n\n\n\n<h4 class=\"wp-block-heading has-text-align-center\"><em>Opowiedz nam o sobie.<\/em><\/h4>\n\n\n\n<p class=\"has-text-align-center wp-block-paragraph\"><em>Mam na imi\u0119 Zuzia. Mia\u0142am ju\u017c przyjemno\u015b\u0107 uczestniczy\u0107 w kilku plebiscytach \u201eKobieta Miesi\u0105ca\u201d, co daje mi ogromn\u0105 satysfakcj\u0119. Staram si\u0119 by\u0107 mi\u0142a i serdeczna w kontaktach z innymi, bo wierz\u0119, \u017ce pozytywne podej\u015bcie do \u017cycia przyci\u0105ga do nas dobre rzeczy. Lubi\u0119 stawia\u0107 sobie wyzwania i d\u0105\u017cy\u0107 do celu, jednocze\u015bnie dbaj\u0105c o relacje z bliskimi. Ceni\u0119 sobie ka\u017cd\u0105 okazj\u0119 do rozwoju, a rado\u015b\u0107 z ma\u0142ych rzeczy sprawia, \u017ce \u017cycie jest pe\u0142ne kolor\u00f3w.<\/em><\/p>\n\n\n\n<h4 class=\"wp-block-heading has-text-align-center\"><em>Czy jest co\u015b co chcia\u0142aby\u015b w sobie zmieni\u0107?<\/em><\/h4>\n\n\n\n<p class=\"has-text-align-center wp-block-paragraph\"><em>Gdybym mog\u0142a co\u015b zmieni\u0107, chcia\u0142abym by\u0107 bardziej zorganizowana. Czasami mam tendencj\u0119 do odk\u0142adania rzeczy na p\u00f3\u017aniej, co prowadzi do stresu, kiedy czas ucieka. Wi\u0119cej planowania i lepsze zarz\u0105dzanie czasem pomog\u0142oby mi poczu\u0107 si\u0119 bardziej zr\u00f3wnowa\u017con\u0105 i spokojn\u0105, a jednocze\u015bnie da\u0142oby wi\u0119cej przestrzeni na cieszenie si\u0119 chwil\u0105.<\/em><\/p>\n\n\n\n<h4 class=\"wp-block-heading has-text-align-center\"><em>Twoje trzy najbardziej pozytywne cechy to?<\/em><\/h4>\n\n\n\n<p class=\"has-text-align-center wp-block-paragraph\"><em>Empatia | Odpowiedzialno\u015b\u0107 | Cierpliwo\u015b\u0107<\/em><\/p>\n<\/div><\/div>\n\n\n\n<hr class=\"wp-block-separator has-alpha-channel-opacity is-style-wide\"\/>\n\n\n\n<div class=\"wp-block-media-text is-vertically-aligned-center\" style=\"grid-template-columns:30% auto\"><figure class=\"wp-block-media-text__media\"><img loading=\"lazy\" decoding=\"async\" width=\"768\" height=\"1024\" src=\"https:\/\/kobietamiesiaca.pl\/wp-content\/uploads\/2025\/03\/4F4A58BE-1B64-4754-A16F-F0B43211916D-768x1024.jpeg?v=1740840020\" alt=\"\" class=\"wp-image-11688 size-full\" srcset=\"https:\/\/kobietamiesiaca.pl\/wp-content\/uploads\/2025\/03\/4F4A58BE-1B64-4754-A16F-F0B43211916D-768x1024.jpeg 768w, https:\/\/kobietamiesiaca.pl\/wp-content\/uploads\/2025\/03\/4F4A58BE-1B64-4754-A16F-F0B43211916D-225x300.jpeg 225w, https:\/\/kobietamiesiaca.pl\/wp-content\/uploads\/2025\/03\/4F4A58BE-1B64-4754-A16F-F0B43211916D-113x150.jpeg 113w, https:\/\/kobietamiesiaca.pl\/wp-content\/uploads\/2025\/03\/4F4A58BE-1B64-4754-A16F-F0B43211916D-1152x1536.jpeg 1152w, https:\/\/kobietamiesiaca.pl\/wp-content\/uploads\/2025\/03\/4F4A58BE-1B64-4754-A16F-F0B43211916D-1536x2048.jpeg 1536w, https:\/\/kobietamiesiaca.pl\/wp-content\/uploads\/2025\/03\/4F4A58BE-1B64-4754-A16F-F0B43211916D-1024x1365.jpeg 1024w, https:\/\/kobietamiesiaca.pl\/wp-content\/uploads\/2025\/03\/4F4A58BE-1B64-4754-A16F-F0B43211916D.jpeg 1920w\" sizes=\"auto, (max-width: 768px) 100vw, 768px\" \/><\/figure><div class=\"wp-block-media-text__content\">\n<h1 class=\"wp-block-heading has-text-align-center\"><em><strong>Justyna Mazur<\/strong><\/em><\/h1>\n\n\n\n<hr class=\"wp-block-separator has-alpha-channel-opacity is-style-default\"\/>\n\n\n\n<h4 class=\"wp-block-heading has-text-align-center\"><em>Opowiedz nam o sobie.<\/em><\/h4>\n\n\n\n<p class=\"has-text-align-center wp-block-paragraph\"><em>Jestem ambitna i szczera. Szczeg\u00f3lnie dbam o sw\u00f3j wizerunek w internecie jak i w rzeczywisto\u015bci. Prowadz\u0119 aktywny styl \u017cycia oraz kocham zwierz\u0119ta. W modelingu funkcjonuje ju\u017c od 3 lat i pragn\u0119 dalej rozwija\u0107 si\u0119 w tym kierunku.<\/em><\/p>\n\n\n\n<h4 class=\"wp-block-heading has-text-align-center\"><em>Czy jest co\u015b co chcia\u0142aby\u015b w sobie zmieni\u0107?<\/em><\/h4>\n\n\n\n<p class=\"has-text-align-center wp-block-paragraph\"><em>kocham siebie tak\u0105 jak\u0105 jestem, nie chcia\u0142abym nic w sobie zmieni\u0107<\/em><\/p>\n\n\n\n<h4 class=\"wp-block-heading has-text-align-center\"><em>Twoje trzy najbardziej pozytywne cechy to?<\/em><\/h4>\n\n\n\n<p class=\"has-text-align-center wp-block-paragraph\"><em>Szczero\u015b\u0107 | Ambicja | Otwarto\u015b\u0107<\/em><\/p>\n<\/div><\/div>\n\n\n\n<hr class=\"wp-block-separator has-alpha-channel-opacity is-style-wide\"\/>\n\n\n\n<div class=\"wp-block-media-text is-vertically-aligned-center\" style=\"grid-template-columns:30% auto\"><figure class=\"wp-block-media-text__media\"><img loading=\"lazy\" decoding=\"async\" width=\"734\" height=\"1024\" src=\"https:\/\/kobietamiesiaca.pl\/wp-content\/uploads\/2025\/03\/IMG_1327-734x1024.jpeg?v=1740840021\" alt=\"\" class=\"wp-image-11689 size-full\" srcset=\"https:\/\/kobietamiesiaca.pl\/wp-content\/uploads\/2025\/03\/IMG_1327-734x1024.jpeg 734w, https:\/\/kobietamiesiaca.pl\/wp-content\/uploads\/2025\/03\/IMG_1327-215x300.jpeg 215w, https:\/\/kobietamiesiaca.pl\/wp-content\/uploads\/2025\/03\/IMG_1327-108x150.jpeg 108w, https:\/\/kobietamiesiaca.pl\/wp-content\/uploads\/2025\/03\/IMG_1327-768x1071.jpeg 768w, https:\/\/kobietamiesiaca.pl\/wp-content\/uploads\/2025\/03\/IMG_1327.jpeg 1024w\" sizes=\"auto, (max-width: 734px) 100vw, 734px\" \/><\/figure><div class=\"wp-block-media-text__content\">\n<h1 class=\"wp-block-heading has-text-align-center\"><em><strong>Anastazja Na\u0142kowska<\/strong><\/em><\/h1>\n\n\n\n<hr class=\"wp-block-separator has-alpha-channel-opacity is-style-default\"\/>\n\n\n\n<h4 class=\"wp-block-heading has-text-align-center\"><em>Opowiedz nam o sobie.<\/em><\/h4>\n\n\n\n<p class=\"has-text-align-center wp-block-paragraph\"><em>Witam wszystkich nazywam si\u0119 Anastazja i mam 20 lat. Jestem ambitn\u0105 oraz m\u0142od\u0105 osob\u0105 kt\u00f3ra w pe\u0142ni pasji chce zdobywa\u0107 oraz poznawa\u0107 ca\u0142y \u015bwiat.<br>Na codzie\u0144 ucz\u0119 si\u0119, w wolnym czasie jestem modelk\u0105 oraz fotomodelk\u0105.<br>Mam bardzo du\u017co pasji oraz zainteresowa\u0107. Nie lubi\u0119 siedzie\u0107 w domu, ma si\u0119 jedno \u017cycie wi\u0119c korzystam z niego ile si\u0119 da.<\/em><\/p>\n\n\n\n<h4 class=\"wp-block-heading has-text-align-center\"><em>Czy jest co\u015b co chcia\u0142aby\u015b w sobie zmieni\u0107?<\/em><\/h4>\n\n\n\n<p class=\"has-text-align-center wp-block-paragraph\"><em>Bardziej pewniejsza siebie, bardziej otwarta na \u015bwiat<\/em><\/p>\n\n\n\n<h4 class=\"wp-block-heading has-text-align-center\"><em>Twoje trzy najbardziej pozytywne cechy to?<\/em><\/h4>\n\n\n\n<p class=\"has-text-align-center wp-block-paragraph\"><em>Kreatywno\u015b\u0107 | Zaanga\u017cowanie | Pozytywne nastawienie do pracy<\/em><\/p>\n<\/div><\/div>\n\n\n\n<hr class=\"wp-block-separator has-alpha-channel-opacity is-style-wide\"\/>\n\n\n\n<div class=\"wp-block-media-text is-vertically-aligned-center\" style=\"grid-template-columns:30% auto\"><figure class=\"wp-block-media-text__media\"><img loading=\"lazy\" decoding=\"async\" width=\"683\" height=\"1024\" src=\"https:\/\/kobietamiesiaca.pl\/wp-content\/uploads\/2025\/03\/IMG_1807-683x1024.jpeg?v=1740840088\" alt=\"\" class=\"wp-image-11690 size-full\" srcset=\"https:\/\/kobietamiesiaca.pl\/wp-content\/uploads\/2025\/03\/IMG_1807-683x1024.jpeg 683w, https:\/\/kobietamiesiaca.pl\/wp-content\/uploads\/2025\/03\/IMG_1807-200x300.jpeg 200w, https:\/\/kobietamiesiaca.pl\/wp-content\/uploads\/2025\/03\/IMG_1807-100x150.jpeg 100w, https:\/\/kobietamiesiaca.pl\/wp-content\/uploads\/2025\/03\/IMG_1807-768x1152.jpeg 768w, https:\/\/kobietamiesiaca.pl\/wp-content\/uploads\/2025\/03\/IMG_1807-1024x1536.jpeg 1024w, https:\/\/kobietamiesiaca.pl\/wp-content\/uploads\/2025\/03\/IMG_1807-1366x2048.jpeg 1366w, https:\/\/kobietamiesiaca.pl\/wp-content\/uploads\/2025\/03\/IMG_1807.jpeg 1707w\" sizes=\"auto, (max-width: 683px) 100vw, 683px\" \/><\/figure><div class=\"wp-block-media-text__content\">\n<h1 class=\"wp-block-heading has-text-align-center\"><em><strong>Wiktoria Kwas<\/strong><\/em><\/h1>\n\n\n\n<hr class=\"wp-block-separator has-alpha-channel-opacity is-style-default\"\/>\n\n\n\n<h4 class=\"wp-block-heading has-text-align-center\"><em>Opowiedz nam o sobie.<\/em><\/h4>\n\n\n\n<p class=\"has-text-align-center wp-block-paragraph\"><em>Nazywam si\u0119 Wiktoria Kwas mam 23 lata , interesuje si\u0119 pi\u0142ka no\u017cn\u0105 oraz podr\u00f3\u017cami moim hobby jest zajmowanie sie moim \u017c\u00f3\u0142wiem , oraz nauka j\u0119zyka angielskiego i tureckiego . Dlaczego turecki ? Moja mi\u0142o\u015b\u0107 do Turcji pojawi\u0142a si\u0119 w 2023 kiedy pierwszy raz odwiedzi\u0142am ten kraj wiec postanowi\u0142am ze sie naucz\u0119 tego j\u0119zyka by byc moze w przysz\u0142o\u015bci pracowa\u0107 w Turcji jako pilot wycieczek:) oraz do \u0142atwiejszego dogadania sie z lokalnymi osobami .<\/em><\/p>\n\n\n\n<h4 class=\"wp-block-heading has-text-align-center\"><em>Czy jest co\u015b co chcia\u0142aby\u015b w sobie zmieni\u0107?<\/em><\/h4>\n\n\n\n<p class=\"has-text-align-center wp-block-paragraph\"><em>Moja sylwetka \ud83d\ude42<\/em><\/p>\n\n\n\n<h4 class=\"wp-block-heading has-text-align-center\"><em>Twoje trzy najbardziej pozytywne cechy to?<\/em><\/h4>\n\n\n\n<p class=\"has-text-align-center wp-block-paragraph\"><em>Szczero\u015b\u0107 | Uczciwo\u015b\u0107 | Poczucie humoru<\/em><\/p>\n<\/div><\/div>\n\n\n\n<hr class=\"wp-block-separator has-alpha-channel-opacity is-style-wide\"\/>\n\n\n\n<div class=\"wp-block-media-text is-vertically-aligned-center\" style=\"grid-template-columns:30% auto\"><figure class=\"wp-block-media-text__media\"><img loading=\"lazy\" decoding=\"async\" width=\"768\" height=\"1024\" src=\"https:\/\/kobietamiesiaca.pl\/wp-content\/uploads\/2025\/03\/Polish_20250218_175245108-768x1024.jpg\" alt=\"\" class=\"wp-image-11693 size-full\" srcset=\"https:\/\/kobietamiesiaca.pl\/wp-content\/uploads\/2025\/03\/Polish_20250218_175245108-768x1024.jpg 768w, https:\/\/kobietamiesiaca.pl\/wp-content\/uploads\/2025\/03\/Polish_20250218_175245108-225x300.jpg 225w, https:\/\/kobietamiesiaca.pl\/wp-content\/uploads\/2025\/03\/Polish_20250218_175245108-113x150.jpg 113w, https:\/\/kobietamiesiaca.pl\/wp-content\/uploads\/2025\/03\/Polish_20250218_175245108-1152x1536.jpg 1152w, https:\/\/kobietamiesiaca.pl\/wp-content\/uploads\/2025\/03\/Polish_20250218_175245108-1536x2048.jpg 1536w, https:\/\/kobietamiesiaca.pl\/wp-content\/uploads\/2025\/03\/Polish_20250218_175245108-1024x1365.jpg 1024w, https:\/\/kobietamiesiaca.pl\/wp-content\/uploads\/2025\/03\/Polish_20250218_175245108.jpg 1920w\" sizes=\"auto, (max-width: 768px) 100vw, 768px\" \/><\/figure><div class=\"wp-block-media-text__content\">\n<h1 class=\"wp-block-heading has-text-align-center\"><em><strong>Anna Karwowska<\/strong><\/em><\/h1>\n\n\n\n<hr class=\"wp-block-separator has-alpha-channel-opacity is-style-default\"\/>\n\n\n\n<h4 class=\"wp-block-heading has-text-align-center\"><em>Opowiedz nam o sobie.<\/em><\/h4>\n\n\n\n<p class=\"has-text-align-center wp-block-paragraph\"><em>Witam! \ud83d\ude42<br>Nazywam si\u0119 Anna Karwowska. Jestem artystyczn\u0105 dusz\u0105, a tak\u017ce skromn\u0105, ciep\u0142\u0105, serdeczn\u0105 kobietk\u0105. Lubi\u0119 otacza\u0107 si\u0119 innymi lud\u017ami i przekazywa\u0107 cho\u0107 odrobin\u0119 pozytywnej energii \ud83d\ude42 W wolnym czasie czytam ksi\u0105\u017cki, chodz\u0119 na spacery, a tak\u017ce ta\u0144cz\u0119. Udzia\u0142 w sesjach zdj\u0119ciowych sprawia mi mn\u00f3stwo rado\u015bci, pozwala poczu\u0107 si\u0119 pewniej przed aparatem, a tak\u017ce stanowi odskoczni\u0119 od codzienno\u015bci. Pomimo wzlot\u00f3w i upadk\u00f3w staram si\u0119 d\u0105\u017cy\u0107 do spe\u0142niania marze\u0144 i realizacji za\u0142o\u017conych cel\u00f3w.<\/em><\/p>\n\n\n\n<h4 class=\"wp-block-heading has-text-align-center\"><em>Czy jest co\u015b co chcia\u0142aby\u015b w sobie zmieni\u0107?<\/em><\/h4>\n\n\n\n<p class=\"has-text-align-center wp-block-paragraph\"><em>Nie chcia\u0142abym nic w sobie zmienia\u0107 pomimo wad, bo wtedy nie do ko\u0144ca by\u0142abym sob\u0105. W pe\u0142ni akceptuj\u0119 siebie tak\u0105, jaka jestem \ud83d\ude42<\/em><\/p>\n\n\n\n<h4 class=\"wp-block-heading has-text-align-center\"><em>Twoje trzy najbardziej pozytywne cechy to?<\/em><\/h4>\n\n\n\n<p class=\"has-text-align-center wp-block-paragraph\"><em>Otwarta | Ambitna | Pomocna<\/em><\/p>\n<\/div><\/div>\n\n\n\n<hr class=\"wp-block-separator has-alpha-channel-opacity is-style-wide\"\/>\n\n\n\n<div class=\"wp-block-media-text is-vertically-aligned-center\" style=\"grid-template-columns:30% auto\"><figure class=\"wp-block-media-text__media\"><img loading=\"lazy\" decoding=\"async\" width=\"732\" height=\"1024\" src=\"https:\/\/kobietamiesiaca.pl\/wp-content\/uploads\/2025\/03\/IMG-62-732x1024.jpg\" alt=\"\" class=\"wp-image-11694 size-full\" srcset=\"https:\/\/kobietamiesiaca.pl\/wp-content\/uploads\/2025\/03\/IMG-62-732x1024.jpg 732w, https:\/\/kobietamiesiaca.pl\/wp-content\/uploads\/2025\/03\/IMG-62-214x300.jpg 214w, https:\/\/kobietamiesiaca.pl\/wp-content\/uploads\/2025\/03\/IMG-62-107x150.jpg 107w, https:\/\/kobietamiesiaca.pl\/wp-content\/uploads\/2025\/03\/IMG-62-768x1074.jpg 768w, https:\/\/kobietamiesiaca.pl\/wp-content\/uploads\/2025\/03\/IMG-62-1098x1536.jpg 1098w, https:\/\/kobietamiesiaca.pl\/wp-content\/uploads\/2025\/03\/IMG-62-1464x2048.jpg 1464w, https:\/\/kobietamiesiaca.pl\/wp-content\/uploads\/2025\/03\/IMG-62-1024x1432.jpg 1024w, https:\/\/kobietamiesiaca.pl\/wp-content\/uploads\/2025\/03\/IMG-62.jpg 1830w\" sizes=\"auto, (max-width: 732px) 100vw, 732px\" \/><\/figure><div class=\"wp-block-media-text__content\">\n<h1 class=\"wp-block-heading has-text-align-center\"><em><strong>Karolina Koniecka<\/strong><\/em><\/h1>\n\n\n\n<hr class=\"wp-block-separator has-alpha-channel-opacity is-style-default\"\/>\n\n\n\n<h4 class=\"wp-block-heading has-text-align-center\"><em>Opowiedz nam o sobie.<\/em><\/h4>\n\n\n\n<p class=\"has-text-align-center wp-block-paragraph\"><em>Jestem kobiet\u0105, kt\u00f3ra pomaga innym najlepiej jak tylko potrafi. Jestem mam\u0105 cudownego 3-letniego synka, a w zesz\u0142ym roku wysz\u0142am za m\u0105\u017c za cudownego i kochaj\u0105cego m\u0119\u017cczyzn\u0119. Jestem spokojna, wra\u017cliwa, pracowita, kochaj\u0105ca.<\/em><\/p>\n\n\n\n<h4 class=\"wp-block-heading has-text-align-center\"><em>Czy jest co\u015b co chcia\u0142aby\u015b w sobie zmieni\u0107?<\/em><\/h4>\n\n\n\n<p class=\"has-text-align-center wp-block-paragraph\"><em>Chcia\u0142abym w sobie zmieni\u0107 to, \u017ce skupiam si\u0119 tylko na potrzebach innych a nie na swoich<\/em><\/p>\n\n\n\n<h4 class=\"wp-block-heading has-text-align-center\"><em>Twoje trzy najbardziej pozytywne cechy to?<\/em><\/h4>\n\n\n\n<p class=\"has-text-align-center wp-block-paragraph\"><em>Pomocna | Wra\u017cliwa | Pracowita<\/em><\/p>\n<\/div><\/div>\n\n\n\n<hr class=\"wp-block-separator has-alpha-channel-opacity is-style-wide\"\/>\n\n\n\n<div class=\"wp-block-media-text is-vertically-aligned-center\" style=\"grid-template-columns:30% auto\"><figure class=\"wp-block-media-text__media\"><img loading=\"lazy\" decoding=\"async\" width=\"576\" height=\"1024\" src=\"https:\/\/kobietamiesiaca.pl\/wp-content\/uploads\/2025\/03\/inbound8183154368399555658-576x1024.jpg\" alt=\"\" class=\"wp-image-11706 size-full\" srcset=\"https:\/\/kobietamiesiaca.pl\/wp-content\/uploads\/2025\/03\/inbound8183154368399555658-576x1024.jpg 576w, https:\/\/kobietamiesiaca.pl\/wp-content\/uploads\/2025\/03\/inbound8183154368399555658-169x300.jpg 169w, https:\/\/kobietamiesiaca.pl\/wp-content\/uploads\/2025\/03\/inbound8183154368399555658-84x150.jpg 84w, https:\/\/kobietamiesiaca.pl\/wp-content\/uploads\/2025\/03\/inbound8183154368399555658-768x1365.jpg 768w, https:\/\/kobietamiesiaca.pl\/wp-content\/uploads\/2025\/03\/inbound8183154368399555658-864x1536.jpg 864w, https:\/\/kobietamiesiaca.pl\/wp-content\/uploads\/2025\/03\/inbound8183154368399555658-1152x2048.jpg 1152w, https:\/\/kobietamiesiaca.pl\/wp-content\/uploads\/2025\/03\/inbound8183154368399555658-1024x1820.jpg 1024w, https:\/\/kobietamiesiaca.pl\/wp-content\/uploads\/2025\/03\/inbound8183154368399555658.jpg 1440w\" sizes=\"auto, (max-width: 576px) 100vw, 576px\" \/><\/figure><div class=\"wp-block-media-text__content\">\n<h1 class=\"wp-block-heading has-text-align-center\"><em><strong>Katarzyna Klecha<\/strong><\/em><\/h1>\n\n\n\n<hr class=\"wp-block-separator has-alpha-channel-opacity is-style-default\"\/>\n\n\n\n<h4 class=\"wp-block-heading has-text-align-center\"><em>Opowiedz nam o sobie.<\/em><\/h4>\n\n\n\n<p class=\"has-text-align-center wp-block-paragraph\"><em>Od lat pracuje w gastronomi uwielbiam prac\u0119 za barem poznaje multum nowych ludzi i ich histori \u017cyciowych robi\u0119 w \u017cyciu to co kocham .Na codzie\u0144 jestem spe\u0142nion\u0105 \u017con\u0105 i mam\u0105 4 wspania\u0142ych dzieci. Nie zamieni\u0142a bym swojego \u017cycia na inne praca z lud\u017ami to najlepsze co mo\u017ce by\u0107.<\/em><\/p>\n\n\n\n<h4 class=\"wp-block-heading has-text-align-center\"><em>Czy jest co\u015b co chcia\u0142aby\u015b w sobie zmieni\u0107?<\/em><\/h4>\n\n\n\n<p class=\"has-text-align-center wp-block-paragraph\"><em>Nie ma nic Kocham siebie tak\u0105 jak\u0105 jestem<\/em><\/p>\n\n\n\n<h4 class=\"wp-block-heading has-text-align-center\"><em>Twoje trzy najbardziej pozytywne cechy to?<\/em><\/h4>\n\n\n\n<p class=\"has-text-align-center wp-block-paragraph\"><em>Lojalna | Punktualna | Pozytywnie zakr\u0119cona<\/em><\/p>\n<\/div><\/div>\n\n\n\n<hr class=\"wp-block-separator has-alpha-channel-opacity is-style-wide\"\/>\n\n\n\n<div class=\"wp-block-media-text is-vertically-aligned-center\" style=\"grid-template-columns:30% auto\"><figure class=\"wp-block-media-text__media\"><img loading=\"lazy\" decoding=\"async\" width=\"600\" height=\"800\" src=\"https:\/\/kobietamiesiaca.pl\/wp-content\/uploads\/2025\/03\/inbound663754864473210933.jpg\" alt=\"\" class=\"wp-image-11702 size-full\" srcset=\"https:\/\/kobietamiesiaca.pl\/wp-content\/uploads\/2025\/03\/inbound663754864473210933.jpg 600w, https:\/\/kobietamiesiaca.pl\/wp-content\/uploads\/2025\/03\/inbound663754864473210933-225x300.jpg 225w, https:\/\/kobietamiesiaca.pl\/wp-content\/uploads\/2025\/03\/inbound663754864473210933-113x150.jpg 113w\" sizes=\"auto, (max-width: 600px) 100vw, 600px\" \/><\/figure><div class=\"wp-block-media-text__content\">\n<h1 class=\"wp-block-heading has-text-align-center\"><em><strong>Izabela Malinowska<\/strong><\/em><\/h1>\n\n\n\n<hr class=\"wp-block-separator has-alpha-channel-opacity is-style-default\"\/>\n\n\n\n<h4 class=\"wp-block-heading has-text-align-center\"><em>Opowiedz nam o sobie.<\/em><\/h4>\n\n\n\n<p class=\"has-text-align-center wp-block-paragraph\"><em>Jestem wolontariuszk\u0105 roku w powiecie elbl\u0105skim. Pracuje charytatywnie na rzecz dzieci i os\u00f3b starszych. Kocham ludzi \ud83e\udd29<br>Moim marzeniem jest wyjazd w g\u00f3ry \ud83e\udd29.Jestem m\u0119\u017catk\u0105,mam dw\u00f3jk\u0119 dzieci. Czekam na wiosn\u0119,aby m\u00f3c obserwowa\u0107 przyrod\u0119,jak budzi si\u0119 ze snu do \u017cycia.<\/em><\/p>\n\n\n\n<h4 class=\"wp-block-heading has-text-align-center\"><em>Czy jest co\u015b co chcia\u0142aby\u015b w sobie zmieni\u0107?<\/em><\/h4>\n\n\n\n<p class=\"has-text-align-center wp-block-paragraph\"><em>Nie,lubi\u0119 siebie tak\u0105 jak\u0105 jestem \ud83e\udd29<\/em><\/p>\n\n\n\n<h4 class=\"wp-block-heading has-text-align-center\"><em>Twoje trzy najbardziej pozytywne cechy to?<\/em><\/h4>\n\n\n\n<p class=\"has-text-align-center wp-block-paragraph\"><em>Pracowito\u015b\u0107 | Empatia | Serdeczno\u015b\u0107<\/em><\/p>\n<\/div><\/div>\n\n\n\n<hr class=\"wp-block-separator has-alpha-channel-opacity is-style-wide\"\/>\n\n\n\n<div class=\"wp-block-media-text is-vertically-aligned-center\" style=\"grid-template-columns:30% auto\"><figure class=\"wp-block-media-text__media\"><img loading=\"lazy\" decoding=\"async\" width=\"768\" height=\"1024\" src=\"https:\/\/kobietamiesiaca.pl\/wp-content\/uploads\/2025\/01\/52F2DEEC-61CF-425D-A761-7989833E260F-768x1024.jpeg\" alt=\"\" class=\"wp-image-11172 size-full\" srcset=\"https:\/\/kobietamiesiaca.pl\/wp-content\/uploads\/2025\/01\/52F2DEEC-61CF-425D-A761-7989833E260F-768x1024.jpeg 768w, https:\/\/kobietamiesiaca.pl\/wp-content\/uploads\/2025\/01\/52F2DEEC-61CF-425D-A761-7989833E260F-225x300.jpeg 225w, https:\/\/kobietamiesiaca.pl\/wp-content\/uploads\/2025\/01\/52F2DEEC-61CF-425D-A761-7989833E260F-113x150.jpeg 113w, https:\/\/kobietamiesiaca.pl\/wp-content\/uploads\/2025\/01\/52F2DEEC-61CF-425D-A761-7989833E260F-1152x1536.jpeg 1152w, https:\/\/kobietamiesiaca.pl\/wp-content\/uploads\/2025\/01\/52F2DEEC-61CF-425D-A761-7989833E260F-1536x2048.jpeg 1536w\" sizes=\"auto, (max-width: 768px) 100vw, 768px\" \/><\/figure><div class=\"wp-block-media-text__content\">\n<h1 class=\"wp-block-heading has-text-align-center\"><em><strong>Paulina Jankowska<\/strong><\/em><\/h1>\n\n\n\n<hr class=\"wp-block-separator has-alpha-channel-opacity is-style-default\"\/>\n\n\n\n<h4 class=\"wp-block-heading has-text-align-center\"><em>Opowiedz nam o sobie.<\/em><\/h4>\n\n\n\n<p class=\"has-text-align-center wp-block-paragraph\"><em>Mam na imi\u0119 Paulina mam 29 lat, pochodz\u0119 z wojew\u00f3dztwa mazowieckiego. Interesuje si\u0119 photo-modelingiem od kilku lat. Kocham zwierz\u0119ta dlatego czesto pomagam w schroniskach. Lubi\u0119 sp\u0119dza\u0107 czas z bliskimi oraz rozwi\u0105zywa\u0107 \u0142amig\u0142\u00f3wki. Moim hobby jest tuftowanie oraz malowanie obraz\u00f3w.<\/em><\/p>\n\n\n\n<h4 class=\"wp-block-heading has-text-align-center\"><em>Czy jest co\u015b co chcia\u0142aby\u015b w sobie zmieni\u0107?<\/em><\/h4>\n\n\n\n<p class=\"has-text-align-center wp-block-paragraph\"><em>Skupienie si\u0119 na jednej rzeczy na raz<\/em><\/p>\n\n\n\n<h4 class=\"wp-block-heading has-text-align-center\"><em>Twoje trzy najbardziej pozytywne cechy to?<\/em><\/h4>\n\n\n\n<p class=\"has-text-align-center wp-block-paragraph\"><em>Kreatywno\u015b\u0107 | Punktualno\u015b\u0107 | Lojalno\u015b\u0107<\/em><\/p>\n<\/div><\/div>\n\n\n\n<hr class=\"wp-block-separator has-alpha-channel-opacity is-style-wide\"\/>\n\n\n\n<div class=\"wp-block-media-text is-vertically-aligned-center\" style=\"grid-template-columns:30% auto\"><figure class=\"wp-block-media-text__media\"><img loading=\"lazy\" decoding=\"async\" width=\"622\" height=\"1024\" src=\"https:\/\/kobietamiesiaca.pl\/wp-content\/uploads\/2025\/03\/IMG_1411-622x1024.jpeg\" alt=\"\" class=\"wp-image-11704 size-full\" srcset=\"https:\/\/kobietamiesiaca.pl\/wp-content\/uploads\/2025\/03\/IMG_1411-622x1024.jpeg 622w, https:\/\/kobietamiesiaca.pl\/wp-content\/uploads\/2025\/03\/IMG_1411-182x300.jpeg 182w, https:\/\/kobietamiesiaca.pl\/wp-content\/uploads\/2025\/03\/IMG_1411-91x150.jpeg 91w, https:\/\/kobietamiesiaca.pl\/wp-content\/uploads\/2025\/03\/IMG_1411-768x1264.jpeg 768w, https:\/\/kobietamiesiaca.pl\/wp-content\/uploads\/2025\/03\/IMG_1411-933x1536.jpeg 933w, https:\/\/kobietamiesiaca.pl\/wp-content\/uploads\/2025\/03\/IMG_1411-1244x2048.jpeg 1244w, https:\/\/kobietamiesiaca.pl\/wp-content\/uploads\/2025\/03\/IMG_1411-1024x1686.jpeg 1024w\" sizes=\"auto, (max-width: 622px) 100vw, 622px\" \/><\/figure><div class=\"wp-block-media-text__content\">\n<h1 class=\"wp-block-heading has-text-align-center\"><em><strong>Karolina Kopacka<\/strong><\/em><\/h1>\n\n\n\n<hr class=\"wp-block-separator has-alpha-channel-opacity is-style-default\"\/>\n\n\n\n<h4 class=\"wp-block-heading has-text-align-center\"><em>Opowiedz nam o sobie.<\/em><\/h4>\n\n\n\n<p class=\"has-text-align-center wp-block-paragraph\"><em>Cze\u015b\u0107 jestem Karolina, mam 23 lata i mieszkam w jeleniej g\u00f3rze\u2026 interesuj\u0119 si\u0119 malowaniem i ta\u0144cem\u2026 jestem bardzo pozytywn\u0105 osob\u0105 lubi\u0119 rozbawia\u0107 ludzi swoim zwariowanym charakterem\u2026.. kocham zwierz\u0119ta i chcia\u0142abym w przysz\u0142o\u015bci otworzy\u0107 schronisko<\/em><\/p>\n\n\n\n<h4 class=\"wp-block-heading has-text-align-center\"><em>Czy jest co\u015b co chcia\u0142aby\u015b w sobie zmieni\u0107?<\/em><\/h4>\n\n\n\n<p class=\"has-text-align-center wp-block-paragraph\"><em>[Brak odpowiedzi]<\/em><\/p>\n\n\n\n<h4 class=\"wp-block-heading has-text-align-center\"><em>Twoje trzy najbardziej pozytywne cechy to?<\/em><\/h4>\n\n\n\n<p class=\"has-text-align-center wp-block-paragraph\"><em>Wiecznie u\u015bmiechni\u0119ta | Szalona | Pozytywna osoba<\/em><\/p>\n<\/div><\/div>\n\n\n\n<hr class=\"wp-block-separator has-alpha-channel-opacity is-style-wide\"\/>\n\n\n\n<div class=\"wp-block-media-text is-vertically-aligned-center\" style=\"grid-template-columns:30% auto\"><figure class=\"wp-block-media-text__media\"><img loading=\"lazy\" decoding=\"async\" width=\"768\" height=\"1024\" src=\"https:\/\/kobietamiesiaca.pl\/wp-content\/uploads\/2025\/03\/IMG_0461-768x1024.jpeg\" alt=\"\" class=\"wp-image-11705 size-full\" srcset=\"https:\/\/kobietamiesiaca.pl\/wp-content\/uploads\/2025\/03\/IMG_0461-768x1024.jpeg 768w, https:\/\/kobietamiesiaca.pl\/wp-content\/uploads\/2025\/03\/IMG_0461-225x300.jpeg 225w, https:\/\/kobietamiesiaca.pl\/wp-content\/uploads\/2025\/03\/IMG_0461-113x150.jpeg 113w, https:\/\/kobietamiesiaca.pl\/wp-content\/uploads\/2025\/03\/IMG_0461-1024x1365.jpeg 1024w, https:\/\/kobietamiesiaca.pl\/wp-content\/uploads\/2025\/03\/IMG_0461.jpeg 1080w\" sizes=\"auto, (max-width: 768px) 100vw, 768px\" \/><\/figure><div class=\"wp-block-media-text__content\">\n<h1 class=\"wp-block-heading has-text-align-center\"><em><strong>Oliwia Gabrysiak<\/strong><\/em><\/h1>\n\n\n\n<hr class=\"wp-block-separator has-alpha-channel-opacity is-style-default\"\/>\n\n\n\n<h4 class=\"wp-block-heading has-text-align-center\"><em>Opowiedz nam o sobie.<\/em><\/h4>\n\n\n\n<p class=\"has-text-align-center wp-block-paragraph\"><em>Mam na imi\u0119 Oliwia, mam 21 lat. Pochodz\u0119 z niedu\u017cego miasta Drawska Pomorskiego. Jestem osob\u0105 u\u015bmiechni\u0119t\u0105 i radosn\u0105. Du\u017co si\u0119 u\u015bmiecham i lubi\u0119 nowe wyzwania. Zawsze staram si\u0119 dawa\u0107 z siebie 110%. Warto pr\u00f3bowa\u0107 nowych rzeczy i korzysta\u0107 z \u017cycia na ca\u0142ego. Pozdrawiam serdecznie<\/em><\/p>\n\n\n\n<h4 class=\"wp-block-heading has-text-align-center\"><em>Czy jest co\u015b co chcia\u0142aby\u015b w sobie zmieni\u0107?<\/em><\/h4>\n\n\n\n<p class=\"has-text-align-center wp-block-paragraph\"><em>Nie<\/em><\/p>\n\n\n\n<h4 class=\"wp-block-heading has-text-align-center\"><em>Twoje trzy najbardziej pozytywne cechy to?<\/em><\/h4>\n\n\n\n<p class=\"has-text-align-center wp-block-paragraph\"><em>U\u015bmiechni\u0119ta | Weso\u0142a | Sympatyczna<\/em><\/p>\n<\/div><\/div>\n\n\n\n<hr class=\"wp-block-separator has-alpha-channel-opacity is-style-wide\"\/>\n\n\n\n<div class=\"wp-block-media-text is-vertically-aligned-center\" style=\"grid-template-columns:30% auto\"><figure class=\"wp-block-media-text__media\"><img loading=\"lazy\" decoding=\"async\" width=\"722\" height=\"1024\" src=\"https:\/\/kobietamiesiaca.pl\/wp-content\/uploads\/2025\/03\/IMG_3528_jpg-722x1024.jpeg?v=1740973051\" alt=\"\" class=\"wp-image-12040 size-full\" srcset=\"https:\/\/kobietamiesiaca.pl\/wp-content\/uploads\/2025\/03\/IMG_3528_jpg-722x1024.jpeg 722w, https:\/\/kobietamiesiaca.pl\/wp-content\/uploads\/2025\/03\/IMG_3528_jpg-212x300.jpeg 212w, https:\/\/kobietamiesiaca.pl\/wp-content\/uploads\/2025\/03\/IMG_3528_jpg-106x150.jpeg 106w, https:\/\/kobietamiesiaca.pl\/wp-content\/uploads\/2025\/03\/IMG_3528_jpg-768x1089.jpeg 768w, https:\/\/kobietamiesiaca.pl\/wp-content\/uploads\/2025\/03\/IMG_3528_jpg-1083x1536.jpeg 1083w, https:\/\/kobietamiesiaca.pl\/wp-content\/uploads\/2025\/03\/IMG_3528_jpg-1444x2048.jpeg 1444w, https:\/\/kobietamiesiaca.pl\/wp-content\/uploads\/2025\/03\/IMG_3528_jpg-1024x1452.jpeg 1024w, https:\/\/kobietamiesiaca.pl\/wp-content\/uploads\/2025\/03\/IMG_3528_jpg.jpeg 1805w\" sizes=\"auto, (max-width: 722px) 100vw, 722px\" \/><\/figure><div class=\"wp-block-media-text__content\">\n<h1 class=\"wp-block-heading has-text-align-center\"><em><strong>Patrycja Kruczy\u0144ska-Skoratko<\/strong><\/em><\/h1>\n\n\n\n<hr class=\"wp-block-separator has-alpha-channel-opacity is-style-default\"\/>\n\n\n\n<h4 class=\"wp-block-heading has-text-align-center\"><em>Opowiedz nam o sobie.<\/em><\/h4>\n\n\n\n<p class=\"has-text-align-center wp-block-paragraph\"><em>Nazywam si\u0119 Patrycja, mam 33 lata i na codzie\u0144 jestem mam\u0105 trzech ch\u0142opc\u00f3w. Moim dodatkowym zaj\u0119ciem jest UGC, tworzenie warto\u015bciowych &nbsp;i inspiruj\u0105cych tre\u015bci na Instagramie. Nie lubi\u0119 si\u0119 zatrzymywa\u0107 i sta\u0107 w miejscu, ci\u0105g\u0142y ruch nap\u0119dza mnie do dzia\u0142ania.<\/em><\/p>\n\n\n\n<h4 class=\"wp-block-heading has-text-align-center\"><em>Czy jest co\u015b co chcia\u0142aby\u015b w sobie zmieni\u0107?<\/em><\/h4>\n\n\n\n<p class=\"has-text-align-center wp-block-paragraph\"><em>Odrobin\u0119 zwolni\u0107 tempo<\/em><\/p>\n\n\n\n<h4 class=\"wp-block-heading has-text-align-center\"><em>Twoje trzy najbardziej pozytywne cechy to?<\/em><\/h4>\n\n\n\n<p class=\"has-text-align-center wp-block-paragraph\"><em>Zorganizowana | Ciesz\u0105ca si\u0119 \u017cyciem | Otwarta<\/em><\/p>\n<\/div><\/div>\n\n\n\n<hr class=\"wp-block-separator has-alpha-channel-opacity is-style-wide\"\/>\n\n\n\n<div class=\"wp-block-media-text is-vertically-aligned-center\" style=\"grid-template-columns:30% auto\"><figure class=\"wp-block-media-text__media\"><img loading=\"lazy\" decoding=\"async\" width=\"683\" height=\"1024\" src=\"https:\/\/kobietamiesiaca.pl\/wp-content\/uploads\/2025\/03\/IMG_2162-683x1024.jpg\" alt=\"\" class=\"wp-image-12064 size-full\" srcset=\"https:\/\/kobietamiesiaca.pl\/wp-content\/uploads\/2025\/03\/IMG_2162-683x1024.jpg 683w, https:\/\/kobietamiesiaca.pl\/wp-content\/uploads\/2025\/03\/IMG_2162-200x300.jpg 200w, https:\/\/kobietamiesiaca.pl\/wp-content\/uploads\/2025\/03\/IMG_2162-100x150.jpg 100w, https:\/\/kobietamiesiaca.pl\/wp-content\/uploads\/2025\/03\/IMG_2162-768x1152.jpg 768w, https:\/\/kobietamiesiaca.pl\/wp-content\/uploads\/2025\/03\/IMG_2162-1024x1536.jpg 1024w, https:\/\/kobietamiesiaca.pl\/wp-content\/uploads\/2025\/03\/IMG_2162.jpg 1365w\" sizes=\"auto, (max-width: 683px) 100vw, 683px\" \/><\/figure><div class=\"wp-block-media-text__content\">\n<h1 class=\"wp-block-heading has-text-align-center\"><em><strong>Daria Ca\u0142ka<\/strong><\/em><\/h1>\n\n\n\n<hr class=\"wp-block-separator has-alpha-channel-opacity is-style-default\"\/>\n\n\n\n<h4 class=\"wp-block-heading has-text-align-center\"><em>Opowiedz nam o sobie.<\/em><\/h4>\n\n\n\n<p class=\"has-text-align-center wp-block-paragraph\"><em>Witam nazywam si\u0119 Daria Ca\u0142ka pochodz\u0119 z pi\u0119knego miasta Bielska-Bia\u0142ej znajduje si\u0119 ono na \u015al\u0105sku mam 26 lat na codzien pracuje w handlu, interesuje si\u0119 fotomodelingiem jest to dla mnie ogromna pasji dzi\u0119ki kt\u00f3rej czuj\u0119 si\u0119 kobieco pewnie &nbsp;i przede wszystkim sob\u0105, uwielbiam dzia\u0142a\u0107 z fotografi\u0105 bawi\u0107 si\u0119 tym, chcia\u0142abym r\u00f3wnie\u017c aby fotomodeling sta\u0142 si\u0119 dla mnie czym\u015b wi\u0119cej ni\u017c tylko pasj\u0105, interesuje si\u0119 r\u00f3wnie\u017c wiza\u017cem oraz \u015bpiewem i ta\u0144cem. Dzi\u0119ki tym pasjom mog\u0119 odci\u0105\u0107 si\u0119 od codzienno\u015bci i wydoby\u0107 z siebie to co czuje oraz swoje emocje. Kocham zwierz\u0119ta nie potrafi\u0119 przej\u015b\u0107 oboj\u0119tnie obok cudownych istot jakimi s\u0105 cudne zwierzaki. Jestem osob\u0105 pe\u0142n\u0105 pomys\u0142\u00f3w, chce ca\u0142y czas si\u0119 rozwija\u0107 i dzia\u0142a\u0107 w tym co kocham nie lubi\u0119 si\u0119 poddawa\u0107 cho\u0107 czasami zdarzaj\u0105 si\u0119 sytuacje kt\u00f3re potrafi\u0105 nam podci\u0105\u0107 skrzyd\u0142a ale uwa\u017cam \u017ce ka\u017cdy powinien d\u0105\u017cy\u0107 do swoich wyznaczonych cel\u00f3w a\u017c w ko\u0144cu uda si\u0119 je osi\u0105gn\u0105\u0107. Lubi\u0119 pomaga\u0107 innym zawsze staram si\u0119 ka\u017cdego wesprze\u0107 na duchu.<\/em><\/p>\n\n\n\n<h4 class=\"wp-block-heading has-text-align-center\"><em>Czy jest co\u015b co chcia\u0142aby\u015b w sobie zmieni\u0107?<\/em><\/h4>\n\n\n\n<p class=\"has-text-align-center wp-block-paragraph\"><em>[Brak odpowiedzi]<\/em><\/p>\n\n\n\n<h4 class=\"wp-block-heading has-text-align-center\"><em>Twoje trzy najbardziej pozytywne cechy to?<\/em><\/h4>\n\n\n\n<p class=\"has-text-align-center wp-block-paragraph\"><em>Pozytywnie nastawiona do \u017cycia | Nigdy si\u0119 nie poddaj\u0119 | Mam dobre serce<\/em><\/p>\n<\/div><\/div>\n\n\n\n<hr class=\"wp-block-separator has-alpha-channel-opacity is-style-wide\"\/>\n\n\n\n<div class=\"wp-block-media-text is-vertically-aligned-center\" style=\"grid-template-columns:30% auto\"><figure class=\"wp-block-media-text__media\"><img loading=\"lazy\" decoding=\"async\" width=\"701\" height=\"1024\" src=\"https:\/\/kobietamiesiaca.pl\/wp-content\/uploads\/2025\/03\/IMG_6363-701x1024.jpeg\" alt=\"\" class=\"wp-image-12200 size-full\" srcset=\"https:\/\/kobietamiesiaca.pl\/wp-content\/uploads\/2025\/03\/IMG_6363-701x1024.jpeg 701w, https:\/\/kobietamiesiaca.pl\/wp-content\/uploads\/2025\/03\/IMG_6363-205x300.jpeg 205w, https:\/\/kobietamiesiaca.pl\/wp-content\/uploads\/2025\/03\/IMG_6363-103x150.jpeg 103w, https:\/\/kobietamiesiaca.pl\/wp-content\/uploads\/2025\/03\/IMG_6363-768x1123.jpeg 768w, https:\/\/kobietamiesiaca.pl\/wp-content\/uploads\/2025\/03\/IMG_6363-1051x1536.jpeg 1051w, https:\/\/kobietamiesiaca.pl\/wp-content\/uploads\/2025\/03\/IMG_6363-1024x1497.jpeg 1024w, https:\/\/kobietamiesiaca.pl\/wp-content\/uploads\/2025\/03\/IMG_6363.jpeg 1165w\" sizes=\"auto, (max-width: 701px) 100vw, 701px\" \/><\/figure><div class=\"wp-block-media-text__content\">\n<h1 class=\"wp-block-heading has-text-align-center\"><em><strong>Agnieszka Grudzi\u0144ska<\/strong><\/em><\/h1>\n\n\n\n<hr class=\"wp-block-separator has-alpha-channel-opacity is-style-default\"\/>\n\n\n\n<h4 class=\"wp-block-heading has-text-align-center\"><em>Opowiedz nam o sobie.<\/em><\/h4>\n\n\n\n<p class=\"has-text-align-center wp-block-paragraph\"><em>Mam na imi\u0119 Agnieszka i &nbsp;w marcu sko\u0144cz\u0119 41 lat.Pochodz\u0119 z ma\u0142ej miejscowo\u015bci Chojn\u00f3w &nbsp;na dolnym \u015bl\u0105sku.<br>Mam dwoje cudownych dzieci .<br>Na co dzie\u0144 pracuj\u0119 i zajmuje si\u0119 r\u0119kodzie\u0142em.<br>Kocham \u017cycie i bardzo sobie je ceni\u0119 \u2026<br>Moje motto, kt\u00f3rym si\u0119 kieruj\u0119 to ,,\u017cyj dzi\u015b ,bo wczoraj nie wr\u00f3ci a jutro mo\u017ce nie nadej\u015b\u0107<\/em><\/p>\n\n\n\n<h4 class=\"wp-block-heading has-text-align-center\"><em>Czy jest co\u015b co chcia\u0142aby\u015b w sobie zmieni\u0107?<\/em><\/h4>\n\n\n\n<p class=\"has-text-align-center wp-block-paragraph\"><em>Chyba to bym nabra\u0142a pewno\u015bci siebie ,kt\u00f3r\u0105 we mnie st\u0142amszono\u2026<\/em><\/p>\n\n\n\n<h4 class=\"wp-block-heading has-text-align-center\"><em>Twoje trzy najbardziej pozytywne cechy to?<\/em><\/h4>\n\n\n\n<p class=\"has-text-align-center wp-block-paragraph\"><em>Wra\u017cliwo\u015b\u0107 | Empatia | Czu\u0142o\u015b\u0107<\/em><\/p>\n<\/div><\/div>\n\n\n\n<hr class=\"wp-block-separator has-alpha-channel-opacity is-style-wide\"\/>\n\n\n\n<div class=\"wp-block-media-text is-vertically-aligned-center\" style=\"grid-template-columns:30% auto\"><figure class=\"wp-block-media-text__media\"><img loading=\"lazy\" decoding=\"async\" width=\"577\" height=\"1024\" src=\"https:\/\/kobietamiesiaca.pl\/wp-content\/uploads\/2025\/03\/IMG_6841-577x1024.jpg\" alt=\"\" class=\"wp-image-12202 size-full\" srcset=\"https:\/\/kobietamiesiaca.pl\/wp-content\/uploads\/2025\/03\/IMG_6841-577x1024.jpg 577w, https:\/\/kobietamiesiaca.pl\/wp-content\/uploads\/2025\/03\/IMG_6841-169x300.jpg 169w, https:\/\/kobietamiesiaca.pl\/wp-content\/uploads\/2025\/03\/IMG_6841-85x150.jpg 85w, https:\/\/kobietamiesiaca.pl\/wp-content\/uploads\/2025\/03\/IMG_6841-768x1363.jpg 768w, https:\/\/kobietamiesiaca.pl\/wp-content\/uploads\/2025\/03\/IMG_6841-866x1536.jpg 866w, https:\/\/kobietamiesiaca.pl\/wp-content\/uploads\/2025\/03\/IMG_6841-1154x2048.jpg 1154w, https:\/\/kobietamiesiaca.pl\/wp-content\/uploads\/2025\/03\/IMG_6841-1024x1817.jpg 1024w, https:\/\/kobietamiesiaca.pl\/wp-content\/uploads\/2025\/03\/IMG_6841.jpg 1170w\" sizes=\"auto, (max-width: 577px) 100vw, 577px\" \/><\/figure><div class=\"wp-block-media-text__content\">\n<h1 class=\"wp-block-heading has-text-align-center\"><em><strong>Oliwia Kalandyk<\/strong><\/em><\/h1>\n\n\n\n<hr class=\"wp-block-separator has-alpha-channel-opacity is-style-default\"\/>\n\n\n\n<h4 class=\"wp-block-heading has-text-align-center\"><em>Opowiedz nam o sobie.<\/em><\/h4>\n\n\n\n<p class=\"has-text-align-center wp-block-paragraph\"><em>Cze\u015b\u0107 jestem Oliwia \ud83d\ude42 mam 22 lata i pochodz\u0119 z Wroc\u0142awia.<br>Na codzie\u0144 pracuje w przychodni jako rejestratorka medyczna, i zaraz zdob\u0119d\u0119 prawo do wykonywania &nbsp;medycznego z kwalifikacji MED 14 opiekun medyczny.<br>Moja pasja jest modeling, kocham podr\u00f3\u017cowa\u0107, ucz\u0119 si\u0119 robi\u0107 &nbsp;tatua\u017ce oraz sporty sezonowe \ud83d\ude42 zim\u0105 je\u017cd\u017c\u0119 na snowboardzie, a latem p\u0142ywam na supie z wios\u0142em.<br>Jestem ambitn\u0105 i odwa\u017cn\u0105 kobiet\u0105 kt\u00f3ra niczego si\u0119 nie boi, i spe\u0142nia swoje marzenia i d\u0105\u017cy do swoich cel\u00f3w.<\/em><\/p>\n\n\n\n<h4 class=\"wp-block-heading has-text-align-center\"><em>Czy jest co\u015b co chcia\u0142aby\u015b w sobie zmieni\u0107?<\/em><\/h4>\n\n\n\n<p class=\"has-text-align-center wp-block-paragraph\"><em>ie mam nic takiego, uwa\u017cam \u017ce zwalczy\u0142am wszystkie swoje kompleksy, wyplewi\u0142am z siebie wszystkie z\u0142e cechy. I obecnie jestem dumna z tego jakim cz\u0142owiekiem jestem oraz z tego jak wygl\u0105dam \ud83d\ude42<\/em><\/p>\n\n\n\n<h4 class=\"wp-block-heading has-text-align-center\"><em>Twoje trzy najbardziej pozytywne cechy to?<\/em><\/h4>\n\n\n\n<p class=\"has-text-align-center wp-block-paragraph\"><em>Odwaga | Zawzi\u0119to\u015b\u0107 | D\u0105\u017cenie do cel\u00f3w<\/em><\/p>\n<\/div><\/div>\n\n\n\n<hr class=\"wp-block-separator has-alpha-channel-opacity is-style-wide\"\/>\n\n\n\n<div class=\"wp-block-media-text is-vertically-aligned-center\" style=\"grid-template-columns:30% auto\"><figure class=\"wp-block-media-text__media\"><img loading=\"lazy\" decoding=\"async\" width=\"683\" height=\"1024\" src=\"https:\/\/kobietamiesiaca.pl\/wp-content\/uploads\/2025\/03\/IMG_1595-683x1024.jpeg\" alt=\"\" class=\"wp-image-12189 size-full\" srcset=\"https:\/\/kobietamiesiaca.pl\/wp-content\/uploads\/2025\/03\/IMG_1595-683x1024.jpeg 683w, https:\/\/kobietamiesiaca.pl\/wp-content\/uploads\/2025\/03\/IMG_1595-200x300.jpeg 200w, https:\/\/kobietamiesiaca.pl\/wp-content\/uploads\/2025\/03\/IMG_1595-100x150.jpeg 100w, https:\/\/kobietamiesiaca.pl\/wp-content\/uploads\/2025\/03\/IMG_1595-768x1152.jpeg 768w, https:\/\/kobietamiesiaca.pl\/wp-content\/uploads\/2025\/03\/IMG_1595-1024x1536.jpeg 1024w, https:\/\/kobietamiesiaca.pl\/wp-content\/uploads\/2025\/03\/IMG_1595-1365x2048.jpeg 1365w\" sizes=\"auto, (max-width: 683px) 100vw, 683px\" \/><\/figure><div class=\"wp-block-media-text__content\">\n<h1 class=\"wp-block-heading has-text-align-center\"><em><strong>Julia Kosiedowska<\/strong><\/em><\/h1>\n\n\n\n<hr class=\"wp-block-separator has-alpha-channel-opacity is-style-default\"\/>\n\n\n\n<h4 class=\"wp-block-heading has-text-align-center\"><em>Opowiedz nam o sobie.<\/em><\/h4>\n\n\n\n<p class=\"has-text-align-center wp-block-paragraph\"><em>Nazywam si\u0119 Julia mam 23 lata. Z zawodu jestem kuchark\u0105. Uwielbiam gotowa\u0107 dla moich bliskich wszelakie potrawy. Od dziecka mam styczno\u015b\u0107 z fotografi\u0105. M\u00f3j tata, babcia, dziadek, pradziadek oraz prababcia byli fotografami. M\u00f3j pradziadek jako pierwszy otworzy\u0142 zak\u0142ad fotograficzny w moim rodzinnym mie\u015bcie Chojnice.<br>Na codzie\u0144 jestem u\u015bmiechni\u0119ta i bardzo pozytywn\u0105 osob\u0105. Chcia\u0142abym \u017ceby \u015bwiat o mnie us\u0142ysza\u0142.<\/em><\/p>\n\n\n\n<h4 class=\"wp-block-heading has-text-align-center\"><em>Czy jest co\u015b co chcia\u0142aby\u015b w sobie zmieni\u0107?<\/em><\/h4>\n\n\n\n<p class=\"has-text-align-center wp-block-paragraph\"><em>Czasem chcia\u0142abym po prostu zwolni\u0107. Czasem mi si\u0119 wydaje \u017ce robi\u0119 a\u017c za du\u017co ni\u017c powinnam. Staram si\u0119 korzysta\u0107 z ka\u017cdego dnia kt\u00f3re mi dano!!<\/em><\/p>\n\n\n\n<h4 class=\"wp-block-heading has-text-align-center\"><em>Twoje trzy najbardziej pozytywne cechy to?<\/em><\/h4>\n\n\n\n<p class=\"has-text-align-center wp-block-paragraph\"><em>Wygadana | U\u015bmiechni\u0119ta | Ambitna<\/em><\/p>\n<\/div><\/div>\n\n\n\n<hr class=\"wp-block-separator has-alpha-channel-opacity is-style-wide\"\/>\n\n\n\n<div class=\"wp-block-media-text is-vertically-aligned-center\" style=\"grid-template-columns:30% auto\"><figure class=\"wp-block-media-text__media\"><img loading=\"lazy\" decoding=\"async\" width=\"683\" height=\"1024\" src=\"https:\/\/kobietamiesiaca.pl\/wp-content\/uploads\/2025\/03\/inbound9136336252105621853-683x1024.jpg\" alt=\"\" class=\"wp-image-12412 size-full\" srcset=\"https:\/\/kobietamiesiaca.pl\/wp-content\/uploads\/2025\/03\/inbound9136336252105621853-683x1024.jpg 683w, https:\/\/kobietamiesiaca.pl\/wp-content\/uploads\/2025\/03\/inbound9136336252105621853-200x300.jpg 200w, https:\/\/kobietamiesiaca.pl\/wp-content\/uploads\/2025\/03\/inbound9136336252105621853-100x150.jpg 100w, https:\/\/kobietamiesiaca.pl\/wp-content\/uploads\/2025\/03\/inbound9136336252105621853-768x1152.jpg 768w, https:\/\/kobietamiesiaca.pl\/wp-content\/uploads\/2025\/03\/inbound9136336252105621853-1024x1536.jpg 1024w, https:\/\/kobietamiesiaca.pl\/wp-content\/uploads\/2025\/03\/inbound9136336252105621853.jpg 1365w\" sizes=\"auto, (max-width: 683px) 100vw, 683px\" \/><\/figure><div class=\"wp-block-media-text__content\">\n<h1 class=\"wp-block-heading has-text-align-center\"><em><strong>Wioletta Wiechetek<\/strong><\/em><\/h1>\n\n\n\n<hr class=\"wp-block-separator has-alpha-channel-opacity is-style-default\"\/>\n\n\n\n<h4 class=\"wp-block-heading has-text-align-center\"><em>Opowiedz nam o sobie.<\/em><\/h4>\n\n\n\n<p class=\"has-text-align-center wp-block-paragraph\"><em>Kobieta, kt\u00f3ra lubi dodawa\u0107 oliwy do ognia i i\u015b\u0107 w zaparte w to, co kocha najbardziej (Nie zwa\u017caj\u0105c na to, co ludzie powiedz\u0105) i robi to konsekwentnie i do celu, a jej motywacj\u0105 jest wiara w Boga i przyjaciele. Prywatnie: mama czterolatka i spe\u0142niaj\u0105ca marzenia z dzieci\u0144stwa<\/em><\/p>\n\n\n\n<h4 class=\"wp-block-heading has-text-align-center\"><em>Czy jest co\u015b co chcia\u0142aby\u015b w sobie zmieni\u0107?<\/em><\/h4>\n\n\n\n<p class=\"has-text-align-center wp-block-paragraph\"><em>Na pewno chcia\u0142abym w sobie zmieni\u0107 \u0142atwowierno\u015b\u0107, poniewa\u017c za \u0142atwo daj\u0119 kredyt zaufania ludziom. Na II miejscu: chcia\u0142abym w sobie zmieni\u0107 nawyk sp\u00f3\u017aniania si\u0119 na spotkania. To bardzo we mnie irytuje.<\/em><\/p>\n\n\n\n<h4 class=\"wp-block-heading has-text-align-center\"><em>Twoje trzy najbardziej pozytywne cechy to?<\/em><\/h4>\n\n\n\n<p class=\"has-text-align-center wp-block-paragraph\"><em>Wra\u017cliwo\u015b\u0107 | Niezale\u017cno\u015b\u0107 | Stanowczo\u015b\u0107<\/em><\/p>\n<\/div><\/div>\n\n\n\n<hr class=\"wp-block-separator has-alpha-channel-opacity is-style-wide\"\/>\n\n\n\n<div class=\"wp-block-media-text is-vertically-aligned-center\" style=\"grid-template-columns:30% auto\"><figure class=\"wp-block-media-text__media\"><img loading=\"lazy\" decoding=\"async\" width=\"791\" height=\"1024\" src=\"https:\/\/kobietamiesiaca.pl\/wp-content\/uploads\/2025\/03\/482534925_1227271122294257_3863719714090470035_n-791x1024.jpg\" alt=\"\" class=\"wp-image-12427 size-full\" srcset=\"https:\/\/kobietamiesiaca.pl\/wp-content\/uploads\/2025\/03\/482534925_1227271122294257_3863719714090470035_n-791x1024.jpg 791w, https:\/\/kobietamiesiaca.pl\/wp-content\/uploads\/2025\/03\/482534925_1227271122294257_3863719714090470035_n-232x300.jpg 232w, https:\/\/kobietamiesiaca.pl\/wp-content\/uploads\/2025\/03\/482534925_1227271122294257_3863719714090470035_n-116x150.jpg 116w, https:\/\/kobietamiesiaca.pl\/wp-content\/uploads\/2025\/03\/482534925_1227271122294257_3863719714090470035_n-768x994.jpg 768w, https:\/\/kobietamiesiaca.pl\/wp-content\/uploads\/2025\/03\/482534925_1227271122294257_3863719714090470035_n-1187x1536.jpg 1187w, https:\/\/kobietamiesiaca.pl\/wp-content\/uploads\/2025\/03\/482534925_1227271122294257_3863719714090470035_n-1024x1326.jpg 1024w, https:\/\/kobietamiesiaca.pl\/wp-content\/uploads\/2025\/03\/482534925_1227271122294257_3863719714090470035_n.jpg 1582w\" sizes=\"auto, (max-width: 791px) 100vw, 791px\" \/><\/figure><div class=\"wp-block-media-text__content\">\n<h1 class=\"wp-block-heading has-text-align-center\"><em><strong>Ma\u0142gorzata Bielawiec<\/strong><\/em><\/h1>\n\n\n\n<hr class=\"wp-block-separator has-alpha-channel-opacity is-style-default\"\/>\n\n\n\n<h4 class=\"wp-block-heading has-text-align-center\"><em>Opowiedz nam o sobie.<\/em><\/h4>\n\n\n\n<p class=\"has-text-align-center wp-block-paragraph\"><em>Nazywam si\u0119 Ma\u0142gorzata, mam 26 lat i pochodz\u0119 z Bia\u0142egostoku. Od dziecka pasjonuj\u0119 si\u0119 ta\u0144cem, kt\u00f3ry daje mi rado\u015b\u0107, wolno\u015b\u0107 i mo\u017cliwo\u015b\u0107 wyra\u017cania emocji. Fotomodelingiem zajmuj\u0119 si\u0119 od 16. roku \u017cycia \u2013 to nie tylko moje hobby, ale tak\u017ce spos\u00f3b na pokazanie si\u0142y i pi\u0119kna kobieco\u015bci. Uwielbiam wyzwania, bo to one motywuj\u0105 mnie do rozwoju i pokonywania w\u0142asnych barier. Ka\u017cde nowe do\u015bwiadczenie traktuj\u0119 jako szans\u0119 na nauk\u0119 i inspiracj\u0119. W \u017cyciu kieruj\u0119 si\u0119 determinacj\u0105, odwag\u0105 i wiar\u0105 w swoje mo\u017cliwo\u015bci, bo wiem, \u017ce marzenia s\u0105 po to, by je spe\u0142nia\u0107!<\/em><\/p>\n\n\n\n<h4 class=\"wp-block-heading has-text-align-center\"><em>Czy jest co\u015b co chcia\u0142aby\u015b w sobie zmieni\u0107?<\/em><\/h4>\n\n\n\n<p class=\"has-text-align-center wp-block-paragraph\"><em>Zbyt szybko ufam ludziom.<\/em><\/p>\n\n\n\n<h4 class=\"wp-block-heading has-text-align-center\"><em>Twoje trzy najbardziej pozytywne cechy to?<\/em><\/h4>\n\n\n\n<p class=\"has-text-align-center wp-block-paragraph\"><em>Lojalna | Empatyczna | Towarzyska<\/em><\/p>\n<\/div><\/div>\n\n\n\n<hr class=\"wp-block-separator has-alpha-channel-opacity is-style-wide\"\/>\n\n\n\n<p class=\"has-text-align-center has-small-font-size wp-block-paragraph\"><\/p>\n","protected":false},"excerpt":{"rendered":"<p>Przedstawiamy list\u0119 Kandydatek do tytu\u0142u Kobieta Miesi\u0105ca: Marzec 2025.<\/p>\n","protected":false},"author":2,"featured_media":11097,"comment_status":"closed","ping_status":"open","sticky":false,"template":"","format":"standard","meta":{"cybocfi_hide_featured_image":"yes","footnotes":""},"categories":[8,195],"tags":[],"coauthors":[32],"class_list":["post-11687","post","type-post","status-publish","format-standard","has-post-thumbnail","hentry","category-kandydatki","category-lista"],"_links":{"self":[{"href":"https:\/\/kobietamiesiaca.pl\/index.php?rest_route=\/wp\/v2\/posts\/11687","targetHints":{"allow":["GET"]}}],"collection":[{"href":"https:\/\/kobietamiesiaca.pl\/index.php?rest_route=\/wp\/v2\/posts"}],"about":[{"href":"https:\/\/kobietamiesiaca.pl\/index.php?rest_route=\/wp\/v2\/types\/post"}],"author":[{"embeddable":true,"href":"https:\/\/kobietamiesiaca.pl\/index.php?rest_route=\/wp\/v2\/users\/2"}],"replies":[{"embeddable":true,"href":"https:\/\/kobietamiesiaca.pl\/index.php?rest_route=%2Fwp%2Fv2%2Fcomments&post=11687"}],"version-history":[{"count":21,"href":"https:\/\/kobietamiesiaca.pl\/index.php?rest_route=\/wp\/v2\/posts\/11687\/revisions"}],"predecessor-version":[{"id":12540,"href":"https:\/\/kobietamiesiaca.pl\/index.php?rest_route=\/wp\/v2\/posts\/11687\/revisions\/12540"}],"wp:featuredmedia":[{"embeddable":true,"href":"https:\/\/kobietamiesiaca.pl\/index.php?rest_route=\/wp\/v2\/media\/11097"}],"wp:attachment":[{"href":"https:\/\/kobietamiesiaca.pl\/index.php?rest_route=%2Fwp%2Fv2%2Fmedia&parent=11687"}],"wp:term":[{"taxonomy":"category","embeddable":true,"href":"https:\/\/kobietamiesiaca.pl\/index.php?rest_route=%2Fwp%2Fv2%2Fcategories&post=11687"},{"taxonomy":"post_tag","embeddable":true,"href":"https:\/\/kobietamiesiaca.pl\/index.php?rest_route=%2Fwp%2Fv2%2Ftags&post=11687"},{"taxonomy":"author","embeddable":true,"href":"https:\/\/kobietamiesiaca.pl\/index.php?rest_route=%2Fwp%2Fv2%2Fcoauthors&post=11687"}],"curies":[{"name":"wp","href":"https:\/\/api.w.org\/{rel}","templated":true}]}}