{"id":13480,"date":"2025-12-18T18:00:00","date_gmt":"2025-12-18T17:00:00","guid":{"rendered":"https:\/\/kobietamiesiaca.pl\/?p=13480"},"modified":"2025-12-18T15:42:08","modified_gmt":"2025-12-18T14:42:08","slug":"wyniki-grudniowej-edycji-plebiscytu-kobieta-miesiaca-3","status":"publish","type":"post","link":"https:\/\/kobietamiesiaca.pl\/?p=13480","title":{"rendered":"Wyniki grudniowej edycji Plebiscytu Kobieta Miesi\u0105ca"},"content":{"rendered":"\n<hr class=\"wp-block-separator has-alpha-channel-opacity is-style-wide\"\/>\n\n\n\n<h3 class=\"wp-block-heading has-text-align-center\"><em>Zach\u0119camy do rejestracji i weryfikacji Kont Kandydatki przed rozpocz\u0119ciem zapis\u00f3w do kolejnej edycji, aby unikn\u0105\u0107 oczekiwania na akceptacj\u0119 przez Administracj\u0119 Serwisu. <\/em><\/h3>\n\n\n\n<hr class=\"wp-block-separator has-alpha-channel-opacity is-style-wide\"\/>\n\n\n\n<h2 class=\"wp-block-heading has-text-align-center has-medium-font-size\"><em>W Jury grudniowej edycji Plebiscytu Kobieta Miesi\u0105ca zasiad\u0142y 3 osoby. By\u0142y to: <\/em><\/h2>\n\n\n\n<div class=\"wp-block-columns is-layout-flex wp-container-core-columns-is-layout-7387b849 wp-block-columns-is-layout-flex\">\n<div class=\"wp-block-column is-layout-flow wp-block-column-is-layout-flow\">\n<div class=\"wp-block-group is-vertical is-layout-flex wp-container-core-group-is-layout-2c90304e wp-block-group-is-layout-flex\">\n<div class=\"wp-block-media-text\" style=\"grid-template-columns:30% auto\"><figure class=\"wp-block-media-text__media\"><img loading=\"lazy\" decoding=\"async\" width=\"683\" height=\"1024\" src=\"https:\/\/kobietamiesiaca.pl\/wp-content\/uploads\/Monia-683x1024.jpg?v=1693433896\" alt=\"\" class=\"wp-image-282 size-large\" srcset=\"https:\/\/kobietamiesiaca.pl\/wp-content\/uploads\/Monia-683x1024.jpg 683w, https:\/\/kobietamiesiaca.pl\/wp-content\/uploads\/Monia-200x300.jpg 200w, https:\/\/kobietamiesiaca.pl\/wp-content\/uploads\/Monia-100x150.jpg 100w, https:\/\/kobietamiesiaca.pl\/wp-content\/uploads\/Monia-768x1152.jpg 768w, https:\/\/kobietamiesiaca.pl\/wp-content\/uploads\/Monia-40x60.jpg 40w, https:\/\/kobietamiesiaca.pl\/wp-content\/uploads\/Monia.jpg 1000w\" sizes=\"auto, (max-width: 683px) 100vw, 683px\" \/><\/figure><div class=\"wp-block-media-text__content\">\n<p class=\"has-medium-font-size wp-block-paragraph\"><strong><em>Monika Szumna<\/em><\/strong><\/p>\n\n\n\n<p class=\"has-small-font-size wp-block-paragraph\"><strong><em>Organizatorka<\/em><\/strong><\/p>\n\n\n\n<p class=\"wp-block-paragraph\"><\/p>\n\n\n\n<p class=\"has-small-font-size wp-block-paragraph\"><em>G\u0142\u00f3wnym celem dla mnie osobi\u015bcie jest, aby kobiety z ca\u0142ej Polski (niezale\u017cnie od wieku) poprawi\u0142y swoj\u0105 samoocen\u0119. Chcia\u0142abym poprzez wyr\u00f3\u017cnienia w tym plebiscycie da\u0107 im w jakim\u015b stopniu pow\u00f3d do rado\u015bci. Podczas g\u0142osowania b\u0119d\u0119 zwraca\u0107 uwag\u0119 na naturalno\u015b\u0107, u\u015bmiech oraz zainteresowania i pasje kandydatek.<\/em><\/p>\n<\/div><\/div>\n<\/div>\n\n\n\n<hr class=\"wp-block-separator has-alpha-channel-opacity is-style-dots\"\/>\n\n\n\n<div class=\"wp-block-media-text\" style=\"grid-template-columns:30% auto\"><figure class=\"wp-block-media-text__media\"><img loading=\"lazy\" decoding=\"async\" width=\"576\" height=\"1024\" src=\"https:\/\/kobietamiesiaca.pl\/wp-content\/uploads\/2025\/11\/20251109223328447-576x1024.jpg\" alt=\"\" class=\"wp-image-13409 size-large\" srcset=\"https:\/\/kobietamiesiaca.pl\/wp-content\/uploads\/2025\/11\/20251109223328447-576x1024.jpg 576w, https:\/\/kobietamiesiaca.pl\/wp-content\/uploads\/2025\/11\/20251109223328447-169x300.jpg 169w, https:\/\/kobietamiesiaca.pl\/wp-content\/uploads\/2025\/11\/20251109223328447-84x150.jpg 84w, https:\/\/kobietamiesiaca.pl\/wp-content\/uploads\/2025\/11\/20251109223328447-768x1366.jpg 768w, https:\/\/kobietamiesiaca.pl\/wp-content\/uploads\/2025\/11\/20251109223328447-864x1536.jpg 864w, https:\/\/kobietamiesiaca.pl\/wp-content\/uploads\/2025\/11\/20251109223328447-1024x1821.jpg 1024w, https:\/\/kobietamiesiaca.pl\/wp-content\/uploads\/2025\/11\/20251109223328447.jpg 1080w\" sizes=\"auto, (max-width: 576px) 100vw, 576px\" \/><\/figure><div class=\"wp-block-media-text__content\">\n<p class=\"has-medium-font-size wp-block-paragraph\"><strong><em>Aneta S\u0142abicka<\/em><\/strong><\/p>\n\n\n\n<p class=\"has-small-font-size wp-block-paragraph\"><strong><em>Kobieta Miesi\u0105ca: Wrzesie\u0144 2021<\/em><\/strong><\/p>\n\n\n\n<p class=\"has-small-font-size wp-block-paragraph\"><strong><em>Kobieta Miesi\u0105ca: Listopad 2023<\/em><\/strong><\/p>\n\n\n\n<p class=\"wp-block-paragraph\"><\/p>\n\n\n\n<p class=\"has-small-font-size wp-block-paragraph\"><em>Witam serdecznie. Nazywam si\u0119 Aneta S\u0142abicka, mam 43 lata i mieszkam w Jeleniej G\u00f3rze. Pracuj\u0119 w bran\u017cy medycznej, wi\u0119c na co dzie\u0144 pomagam ludziom i to daje mi najwi\u0119ksz\u0105 satysfakcj\u0119. Jestem osob\u0105 otwart\u0105, u\u015bmiechni\u0119t\u0105, z ogromnym sercem i si\u0142\u0105. Moj\u0105 pasj\u0105 jest literatura i sztuka. Uwielbiam te\u017c dobr\u0105 muzyk\u0119 i zachody s\u0142o\u0144ca, kt\u00f3re daj\u0105 mi mn\u00f3stwo energii. Moim hobby jest r\u00f3wnie\u017c fotomodeling, na ka\u017cdym zdj\u0119ciu jestem inna, s\u0105 inne emocje, ka\u017cde zdj\u0119cie to inna historia.<\/em><\/p>\n\n\n\n<p class=\"has-small-font-size wp-block-paragraph\"><em>Wybieraj\u0105c Kobiet\u0119 Miesi\u0105ca, b\u0119d\u0119 zwraca\u0142a szczeg\u00f3ln\u0105 uwag\u0119 na oczy, na spojrzenie, poniewa\u017c to w nich jest si\u0142a i to one s\u0105 zwierciad\u0142em naszej duszy. Wa\u017cna jest r\u00f3wnie\u017c naturalno\u015b\u0107 i u\u015bmiech i musi by\u0107 &#8222;to co\u015b&#8221;, co mnie przekona o wyj\u0105tkowo\u015bci.<\/em><\/p>\n<\/div><\/div>\n\n\n\n<hr class=\"wp-block-separator has-alpha-channel-opacity is-style-dots\"\/>\n<\/div>\n<\/div>\n\n\n\n<div class=\"wp-block-media-text\" style=\"grid-template-columns:30% auto\"><figure class=\"wp-block-media-text__media\"><img loading=\"lazy\" decoding=\"async\" width=\"683\" height=\"1024\" src=\"https:\/\/kobietamiesiaca.pl\/wp-content\/uploads\/2025\/01\/WhatsApp-Image-2025-01-17-at-12.14.30-683x1024.jpeg?v=1737170859\" alt=\"\" class=\"wp-image-11372 size-large\" srcset=\"https:\/\/kobietamiesiaca.pl\/wp-content\/uploads\/2025\/01\/WhatsApp-Image-2025-01-17-at-12.14.30-683x1024.jpeg 683w, https:\/\/kobietamiesiaca.pl\/wp-content\/uploads\/2025\/01\/WhatsApp-Image-2025-01-17-at-12.14.30-200x300.jpeg 200w, https:\/\/kobietamiesiaca.pl\/wp-content\/uploads\/2025\/01\/WhatsApp-Image-2025-01-17-at-12.14.30-100x150.jpeg 100w, https:\/\/kobietamiesiaca.pl\/wp-content\/uploads\/2025\/01\/WhatsApp-Image-2025-01-17-at-12.14.30-768x1152.jpeg 768w, https:\/\/kobietamiesiaca.pl\/wp-content\/uploads\/2025\/01\/WhatsApp-Image-2025-01-17-at-12.14.30.jpeg 960w\" sizes=\"auto, (max-width: 683px) 100vw, 683px\" \/><\/figure><div class=\"wp-block-media-text__content\">\n<p class=\"wp-block-paragraph\"><strong>Izabela Fijo\u0142ek<\/strong><\/p>\n\n\n\n<p class=\"has-small-font-size wp-block-paragraph\"><strong><em>Ambasadorka Plebiscytu Kobieta Miesi\u0105ca<\/em><\/strong><\/p>\n\n\n\n<p class=\"has-small-font-size wp-block-paragraph\">Jestem piel\u0119gniark\u0105 na bloku operacyjnym, gdzie ka\u017cdego dnia dbam o bezpiecze\u0144stwo pacjent\u00f3w podczas skomplikowanych operacji. Moja praca wymaga precyzji, zaanga\u017cowania i spokoju, poniewa\u017c ka\u017cdy detal ma znaczenie w ratowaniu \u017cycia. Poza prac\u0105 jestem mam\u0105 dw\u00f3jki wspania\u0142ych dzieci, kt\u00f3re daj\u0105 mi mn\u00f3stwo rado\u015bci i energii. Zawsze staram si\u0119 \u0142\u0105czy\u0107 obowi\u0105zki zawodowe z \u017cyciem rodzinnym, bo obie te role s\u0105 dla mnie r\u00f3wnie wa\u017cne. Jako juror w konkursie Kobieta Miesi\u0105ca mam zaszczyt ocenia\u0107 wyj\u0105tkowe kobiety, kt\u00f3re \u0142\u0105cz\u0105 pasj\u0119, urod\u0119 i si\u0142\u0119 charakteru. Z do\u015bwiadczenia wiem, jak wa\u017cna jest r\u00f3wnowaga mi\u0119dzy \u017cyciem zawodowym a osobistym. Kobiety, kt\u00f3re anga\u017cuj\u0105 si\u0119 w swoje pasje, dbaj\u0105 o innych i potrafi\u0105 by\u0107 wzorem do na\u015bladowania, zas\u0142uguj\u0105 na uwag\u0119 i szacunek. Ciesz\u0119 si\u0119, \u017ce mog\u0119 uczestniczy\u0107 w tej pi\u0119knej inicjatywie, podziwiaj\u0105c ka\u017cd\u0105 kandydatk\u0119 za jej indywidualno\u015b\u0107, zaanga\u017cowanie oraz determinacj\u0119.<\/p>\n<\/div><\/div>\n\n\n\n<hr class=\"wp-block-separator has-alpha-channel-opacity is-style-wide\"\/>\n\n\n\n<h3 class=\"wp-block-heading has-text-align-center\"><em>Tytu\u0142 komplementarny &#8211; Kobieta Miesi\u0105ca Publiczno\u015bci<\/em><\/h3>\n\n\n\n<h5 class=\"wp-block-heading has-text-align-center\"><strong><em>Wyniki g\u0142osowania publiczno\u015bci: <\/em><\/strong><\/h5>\n\n\n\n<hr class=\"wp-block-separator has-alpha-channel-opacity is-style-dots\"\/>\n\n\n\n<div class=\"wp-block-media-text alignwide is-stacked-on-mobile\" style=\"grid-template-columns:25% auto\"><figure class=\"wp-block-media-text__media\"><img loading=\"lazy\" decoding=\"async\" width=\"454\" height=\"1024\" src=\"https:\/\/kobietamiesiaca.pl\/wp-content\/uploads\/2025\/12\/1000010275-454x1024.jpg\" alt=\"\" class=\"wp-image-13482 size-large\" srcset=\"https:\/\/kobietamiesiaca.pl\/wp-content\/uploads\/2025\/12\/1000010275-454x1024.jpg 454w, https:\/\/kobietamiesiaca.pl\/wp-content\/uploads\/2025\/12\/1000010275-133x300.jpg 133w, https:\/\/kobietamiesiaca.pl\/wp-content\/uploads\/2025\/12\/1000010275-67x150.jpg 67w, https:\/\/kobietamiesiaca.pl\/wp-content\/uploads\/2025\/12\/1000010275-768x1732.jpg 768w, https:\/\/kobietamiesiaca.pl\/wp-content\/uploads\/2025\/12\/1000010275-681x1536.jpg 681w, https:\/\/kobietamiesiaca.pl\/wp-content\/uploads\/2025\/12\/1000010275-908x2048.jpg 908w, https:\/\/kobietamiesiaca.pl\/wp-content\/uploads\/2025\/12\/1000010275-1024x2309.jpg 1024w, https:\/\/kobietamiesiaca.pl\/wp-content\/uploads\/2025\/12\/1000010275.jpg 1487w\" sizes=\"auto, (max-width: 454px) 100vw, 454px\" \/><\/figure><div class=\"wp-block-media-text__content\">\n<h3 class=\"wp-block-heading\"><em><strong>Miejsce <\/strong><\/em>2 (ex aequo)<\/h3>\n\n\n\n<h2 class=\"wp-block-heading\"><em>Klaudia Gutkowska<\/em><\/h2>\n\n\n\n<h6 class=\"wp-block-heading\"><\/h6>\n<\/div><\/div>\n\n\n\n<div class=\"wp-block-media-text alignwide is-stacked-on-mobile\" style=\"grid-template-columns:25% auto\"><figure class=\"wp-block-media-text__media\"><img loading=\"lazy\" decoding=\"async\" width=\"787\" height=\"1024\" src=\"https:\/\/kobietamiesiaca.pl\/wp-content\/uploads\/2025\/12\/IMG_1048-787x1024.jpeg\" alt=\"\" class=\"wp-image-13484 size-large\" srcset=\"https:\/\/kobietamiesiaca.pl\/wp-content\/uploads\/2025\/12\/IMG_1048-787x1024.jpeg 787w, https:\/\/kobietamiesiaca.pl\/wp-content\/uploads\/2025\/12\/IMG_1048-231x300.jpeg 231w, https:\/\/kobietamiesiaca.pl\/wp-content\/uploads\/2025\/12\/IMG_1048-115x150.jpeg 115w, https:\/\/kobietamiesiaca.pl\/wp-content\/uploads\/2025\/12\/IMG_1048-768x999.jpeg 768w, https:\/\/kobietamiesiaca.pl\/wp-content\/uploads\/2025\/12\/IMG_1048-1181x1536.jpeg 1181w, https:\/\/kobietamiesiaca.pl\/wp-content\/uploads\/2025\/12\/IMG_1048-1024x1332.jpeg 1024w, https:\/\/kobietamiesiaca.pl\/wp-content\/uploads\/2025\/12\/IMG_1048.jpeg 1242w\" sizes=\"auto, (max-width: 787px) 100vw, 787px\" \/><\/figure><div class=\"wp-block-media-text__content\">\n<h3 class=\"wp-block-heading\"><strong><em>Miejsce <\/em><\/strong>2 (ex aequo)<\/h3>\n\n\n\n<h2 class=\"wp-block-heading\"><em>Paulina Jankowska<\/em><\/h2>\n\n\n\n<h6 class=\"wp-block-heading\"><\/h6>\n<\/div><\/div>\n\n\n\n<hr class=\"wp-block-separator has-alpha-channel-opacity is-style-dots\"\/>\n\n\n\n<div class=\"wp-block-media-text alignwide is-stacked-on-mobile\" style=\"grid-template-columns:22% auto\"><figure class=\"wp-block-media-text__media\"><img loading=\"lazy\" decoding=\"async\" width=\"768\" height=\"1024\" src=\"https:\/\/kobietamiesiaca.pl\/wp-content\/uploads\/2025\/12\/inbound5838929154490815239-768x1024.jpg\" alt=\"\" class=\"wp-image-13485 size-large\" srcset=\"https:\/\/kobietamiesiaca.pl\/wp-content\/uploads\/2025\/12\/inbound5838929154490815239-768x1024.jpg 768w, https:\/\/kobietamiesiaca.pl\/wp-content\/uploads\/2025\/12\/inbound5838929154490815239-225x300.jpg 225w, https:\/\/kobietamiesiaca.pl\/wp-content\/uploads\/2025\/12\/inbound5838929154490815239-113x150.jpg 113w, https:\/\/kobietamiesiaca.pl\/wp-content\/uploads\/2025\/12\/inbound5838929154490815239-1024x1365.jpg 1024w, https:\/\/kobietamiesiaca.pl\/wp-content\/uploads\/2025\/12\/inbound5838929154490815239.jpg 1080w\" sizes=\"auto, (max-width: 768px) 100vw, 768px\" \/><\/figure><div class=\"wp-block-media-text__content\">\n<h3 class=\"wp-block-heading\"><strong><em>Miejsce <\/em><\/strong>1<\/h3>\n\n\n\n<h2 class=\"wp-block-heading\"><em>Ewelina Wi\u015bniewska<\/em><\/h2>\n\n\n\n<h6 class=\"wp-block-heading\"><\/h6>\n<\/div><\/div>\n\n\n\n<p class=\"has-text-align-center wp-block-paragraph\"><\/p>\n\n\n\n<p class=\"wp-block-paragraph\"><\/p>\n\n\n\n<hr class=\"wp-block-separator has-alpha-channel-opacity is-style-wide\"\/>\n\n\n\n<h4 style=\"text-align: center;\"><em><strong>REKLAMA<\/strong><\/em><\/h4>\n<p><script async src=\"https:\/\/pagead2.googlesyndication.com\/pagead\/js\/adsbygoogle.js?client=ca-pub-7807412717815820\" crossorigin=\"anonymous\"><\/script><\/p>\n<!-- Display - poziom -->\n<p><ins class=\"adsbygoogle\" style=\"display: block;\" data-ad-client=\"ca-pub-7807412717815820\" data-ad-slot=\"1722573990\" data-ad-format=\"auto\" data-full-width-responsive=\"true\"><\/ins> <script>\n(adsbygoogle = window.adsbygoogle || []).push({});\n<\/script><\/p>\n\n\n\n<hr class=\"wp-block-separator has-alpha-channel-opacity is-style-wide\"\/>\n\n\n\n<h1 class=\"wp-block-heading has-text-align-center\"><em>Tytu\u0142 G\u0142\u00f3wny &#8211; Kobieta Miesi\u0105ca<\/em><\/h1>\n\n\n\n<p class=\"has-text-align-center wp-block-paragraph\"><em>Od listopadowej edycji zmieniamy nieco form\u0119 przedstawiania wynik\u00f3w i przyznajemy wyr\u00f3\u017cnienia oraz miejsca na podium.  <\/em><\/p>\n\n\n\n<hr class=\"wp-block-separator has-alpha-channel-opacity is-style-dots\"\/>\n\n\n\n<h2 class=\"wp-block-heading has-text-align-center\"><em>Wyr\u00f3\u017cnienia<\/em><\/h2>\n\n\n\n<figure class=\"wp-block-gallery has-nested-images columns-6 is-cropped wp-block-gallery-1 is-layout-flex wp-block-gallery-is-layout-flex\">\n<figure class=\"wp-block-image size-large\"><img loading=\"lazy\" decoding=\"async\" width=\"454\" height=\"1024\" data-id=\"13482\" src=\"https:\/\/kobietamiesiaca.pl\/wp-content\/uploads\/2025\/12\/1000010275-454x1024.jpg\" alt=\"\" class=\"wp-image-13482\" srcset=\"https:\/\/kobietamiesiaca.pl\/wp-content\/uploads\/2025\/12\/1000010275-454x1024.jpg 454w, https:\/\/kobietamiesiaca.pl\/wp-content\/uploads\/2025\/12\/1000010275-133x300.jpg 133w, https:\/\/kobietamiesiaca.pl\/wp-content\/uploads\/2025\/12\/1000010275-67x150.jpg 67w, https:\/\/kobietamiesiaca.pl\/wp-content\/uploads\/2025\/12\/1000010275-768x1732.jpg 768w, https:\/\/kobietamiesiaca.pl\/wp-content\/uploads\/2025\/12\/1000010275-681x1536.jpg 681w, https:\/\/kobietamiesiaca.pl\/wp-content\/uploads\/2025\/12\/1000010275-908x2048.jpg 908w, https:\/\/kobietamiesiaca.pl\/wp-content\/uploads\/2025\/12\/1000010275-1024x2309.jpg 1024w, https:\/\/kobietamiesiaca.pl\/wp-content\/uploads\/2025\/12\/1000010275.jpg 1487w\" sizes=\"auto, (max-width: 454px) 100vw, 454px\" \/><figcaption class=\"wp-element-caption\"><em>Klaudia Gutkowska<\/em><\/figcaption><\/figure>\n\n\n\n<figure class=\"wp-block-image size-large\"><img loading=\"lazy\" decoding=\"async\" width=\"768\" height=\"1024\" data-id=\"13485\" src=\"https:\/\/kobietamiesiaca.pl\/wp-content\/uploads\/2025\/12\/inbound5838929154490815239-768x1024.jpg\" alt=\"\" class=\"wp-image-13485\" srcset=\"https:\/\/kobietamiesiaca.pl\/wp-content\/uploads\/2025\/12\/inbound5838929154490815239-768x1024.jpg 768w, https:\/\/kobietamiesiaca.pl\/wp-content\/uploads\/2025\/12\/inbound5838929154490815239-225x300.jpg 225w, https:\/\/kobietamiesiaca.pl\/wp-content\/uploads\/2025\/12\/inbound5838929154490815239-113x150.jpg 113w, https:\/\/kobietamiesiaca.pl\/wp-content\/uploads\/2025\/12\/inbound5838929154490815239-1024x1365.jpg 1024w, https:\/\/kobietamiesiaca.pl\/wp-content\/uploads\/2025\/12\/inbound5838929154490815239.jpg 1080w\" sizes=\"auto, (max-width: 768px) 100vw, 768px\" \/><figcaption class=\"wp-element-caption\"><em>Ewelina Wi\u015bniewska<\/em><\/figcaption><\/figure>\n<\/figure>\n\n\n\n<hr class=\"wp-block-separator has-alpha-channel-opacity is-style-dots\"\/>\n\n\n\n<hr class=\"wp-block-separator has-alpha-channel-opacity is-style-wide\"\/>\n\n\n\n<h4 style=\"text-align: center;\"><em><strong>REKLAMA<\/strong><\/em><\/h4>\n<p><script async src=\"https:\/\/pagead2.googlesyndication.com\/pagead\/js\/adsbygoogle.js?client=ca-pub-7807412717815820\" crossorigin=\"anonymous\"><\/script><\/p>\n<!-- Display - poziom -->\n<p><ins class=\"adsbygoogle\" style=\"display: block;\" data-ad-client=\"ca-pub-7807412717815820\" data-ad-slot=\"1722573990\" data-ad-format=\"auto\" data-full-width-responsive=\"true\"><\/ins> <script>\n(adsbygoogle = window.adsbygoogle || []).push({});\n<\/script><\/p>\n\n\n\n<hr class=\"wp-block-separator has-alpha-channel-opacity is-style-wide\"\/>\n\n\n\n<hr class=\"wp-block-separator has-alpha-channel-opacity is-style-dots\"\/>\n\n\n\n<h2 class=\"wp-block-heading has-text-align-center\"><em>Miejsce 3<\/em><\/h2>\n\n\n\n<figure class=\"wp-block-gallery has-nested-images columns-6 is-cropped wp-block-gallery-2 is-layout-flex wp-block-gallery-is-layout-flex\">\n<figure class=\"wp-block-image size-large\"><img loading=\"lazy\" decoding=\"async\" width=\"787\" height=\"1024\" data-id=\"13484\" src=\"https:\/\/kobietamiesiaca.pl\/wp-content\/uploads\/2025\/12\/IMG_1048-787x1024.jpeg\" alt=\"\" class=\"wp-image-13484\" srcset=\"https:\/\/kobietamiesiaca.pl\/wp-content\/uploads\/2025\/12\/IMG_1048-787x1024.jpeg 787w, https:\/\/kobietamiesiaca.pl\/wp-content\/uploads\/2025\/12\/IMG_1048-231x300.jpeg 231w, https:\/\/kobietamiesiaca.pl\/wp-content\/uploads\/2025\/12\/IMG_1048-115x150.jpeg 115w, https:\/\/kobietamiesiaca.pl\/wp-content\/uploads\/2025\/12\/IMG_1048-768x999.jpeg 768w, https:\/\/kobietamiesiaca.pl\/wp-content\/uploads\/2025\/12\/IMG_1048-1181x1536.jpeg 1181w, https:\/\/kobietamiesiaca.pl\/wp-content\/uploads\/2025\/12\/IMG_1048-1024x1332.jpeg 1024w, https:\/\/kobietamiesiaca.pl\/wp-content\/uploads\/2025\/12\/IMG_1048.jpeg 1242w\" sizes=\"auto, (max-width: 787px) 100vw, 787px\" \/><figcaption class=\"wp-element-caption\"><em>Paulina Jankowska<\/em><\/figcaption><\/figure>\n<\/figure>\n\n\n\n<h2 class=\"wp-block-heading\"><\/h2>\n\n\n\n<hr class=\"wp-block-separator has-alpha-channel-opacity is-style-dots\"\/>\n\n\n\n<h2 class=\"wp-block-heading has-text-align-center\"><em>Miejsce 2<\/em><\/h2>\n\n\n\n<figure class=\"wp-block-image aligncenter size-large\"><img loading=\"lazy\" decoding=\"async\" width=\"683\" height=\"1024\" src=\"https:\/\/kobietamiesiaca.pl\/wp-content\/uploads\/2025\/12\/DSC00292s-683x1024.jpg\" alt=\"\" class=\"wp-image-13483\" srcset=\"https:\/\/kobietamiesiaca.pl\/wp-content\/uploads\/2025\/12\/DSC00292s-683x1024.jpg 683w, https:\/\/kobietamiesiaca.pl\/wp-content\/uploads\/2025\/12\/DSC00292s-200x300.jpg 200w, https:\/\/kobietamiesiaca.pl\/wp-content\/uploads\/2025\/12\/DSC00292s-100x150.jpg 100w, https:\/\/kobietamiesiaca.pl\/wp-content\/uploads\/2025\/12\/DSC00292s-768x1152.jpg 768w, https:\/\/kobietamiesiaca.pl\/wp-content\/uploads\/2025\/12\/DSC00292s-1024x1536.jpg 1024w, https:\/\/kobietamiesiaca.pl\/wp-content\/uploads\/2025\/12\/DSC00292s.jpg 1168w\" sizes=\"auto, (max-width: 683px) 100vw, 683px\" \/><figcaption class=\"wp-element-caption\"><em>Anna Karwowska<\/em><\/figcaption><\/figure>\n\n\n\n<hr class=\"wp-block-separator has-alpha-channel-opacity is-style-dots\"\/>\n\n\n\n<h1 class=\"wp-block-heading has-text-align-center\"><em>Miejsce 1<\/em><\/h1>\n\n\n\n<figure class=\"wp-block-image aligncenter size-full\"><img loading=\"lazy\" decoding=\"async\" width=\"800\" height=\"1200\" src=\"https:\/\/kobietamiesiaca.pl\/wp-content\/uploads\/2025\/12\/webResult.jpeg\" alt=\"\" class=\"wp-image-13486\" srcset=\"https:\/\/kobietamiesiaca.pl\/wp-content\/uploads\/2025\/12\/webResult.jpeg 800w, https:\/\/kobietamiesiaca.pl\/wp-content\/uploads\/2025\/12\/webResult-200x300.jpeg 200w, https:\/\/kobietamiesiaca.pl\/wp-content\/uploads\/2025\/12\/webResult-683x1024.jpeg 683w, https:\/\/kobietamiesiaca.pl\/wp-content\/uploads\/2025\/12\/webResult-100x150.jpeg 100w, https:\/\/kobietamiesiaca.pl\/wp-content\/uploads\/2025\/12\/webResult-768x1152.jpeg 768w\" sizes=\"auto, (max-width: 800px) 100vw, 800px\" \/><\/figure>\n\n\n\n<h1 class=\"wp-block-heading has-text-align-center\"><em><em>Wiktoria Kwas<\/em><\/em><\/h1>\n\n\n\n<blockquote class=\"wp-block-quote is-layout-flow wp-block-quote-is-layout-flow\">\n<p class=\"wp-block-paragraph\">Nazywam si\u0119 Wiktoria.<br>Mam 24 lata i nale\u017c\u0119 do tych os\u00f3b, kt\u00f3re nie czekaj\u0105, a\u017c \u017cycie si\u0119 do nich u\u015bmiechnie \u2014 ja sama tworz\u0119 swoje szcz\u0119\u015bcie, swoj\u0105 drog\u0119 i swoje zwyci\u0119stwa.<\/p>\n\n\n\n<p class=\"wp-block-paragraph\">Od najm\u0142odszych lat wiedzia\u0142am, \u017ce chc\u0119 od \u017cycia czego\u015b wi\u0119cej. Nie interesowa\u0142o mnie stanie z boku, p\u00f3\u0142\u015brodki ani \u0142atwe wybory. Zawsze przyci\u0105ga\u0142o mnie to, co wymaga odwagi, pracy i charakteru \u2014 i w\u0142a\u015bnie tak zacz\u0119\u0142a si\u0119 moja podr\u00f3\u017c.<\/p>\n\n\n\n<p class=\"wp-block-paragraph\">Sport sta\u0142 si\u0119 moj\u0105 codzienn\u0105 rzeczywisto\u015bci\u0105.<br>Si\u0142ownia nauczy\u0142a mnie, \u017ce ci\u0119\u017cary nie s\u0105 po to, by mnie pokona\u0107 \u2014 s\u0105 po to, by pokaza\u0107, jak bardzo jestem gotowa walczy\u0107. Ka\u017cdy trening to moja osobista lekcja wytrwa\u0142o\u015bci, dyscypliny i cierpliwo\u015bci.<br>Pi\u0142ka no\u017cna z kolei pokaza\u0142a mi, jak wa\u017cna jest wsp\u00f3\u0142praca, zaufanie i to, \u017ce nawet najbardziej spektakularne gole nie maj\u0105 sensu, je\u015bli nie ma dru\u017cyny, kt\u00f3ra stoi za nimi.<\/p>\n\n\n\n<p class=\"wp-block-paragraph\">Po treningach zanurzam si\u0119 w innym \u015bwiecie \u2014 w \u015bwiecie j\u0119zyka tureckiego.<br>Dla wielu to tylko j\u0119zyk.<br>Dla mnie to dow\u00f3d, \u017ce pasja do nauki i otwarto\u015b\u0107 na \u015bwiat mog\u0105 otwiera\u0107 drzwi tam, gdzie inni widz\u0105 \u015bciany.<br>Nie ucz\u0119 si\u0119 go \u201eprzy okazji\u201d \u2014 ja si\u0119 nim fascynuj\u0119.<br>Bo Turcja to moje miejsce na ziemi, kraj pe\u0142en emocji, kolor\u00f3w i kontrast\u00f3w, kt\u00f3ry za ka\u017cdym razem sprawia, \u017ce mam ochot\u0119 poznawa\u0107 wi\u0119cej i si\u0119ga\u0107 dalej.<\/p>\n\n\n\n<p class=\"wp-block-paragraph\">W domu czeka na mnie wyj\u0105tkowy przyjaciel \u2014 m\u00f3j \u017c\u00f3\u0142w.<br>Niewielki, spokojny, ale z charakterem, kt\u00f3ry potrafi zaskoczy\u0107 bardziej ni\u017c niejeden doros\u0142y cz\u0142owiek.<br>To on przypomina mi ka\u017cdego dnia, \u017ce tempo nie ma znaczenia, gdy idzie si\u0119 we w\u0142a\u015bciwym kierunku.<br>Troska o zwierz\u0119ta \u2014 te du\u017ce i te ma\u0142e \u2014 to dla mnie co\u015b naturalnego.<br>Mam w sobie wra\u017cliwo\u015b\u0107, kt\u00f3ra idzie w parze ze si\u0142\u0105.<br>I to po\u0142\u0105czenie prowadzi mnie przez \u017cycie.<\/p>\n\n\n\n<p class=\"wp-block-paragraph\">Zawodowo jestem masa\u017cystk\u0105.<br>To nie jest zaj\u0119cie przypadkowe \u2014 to praca, w kt\u00f3rej trzeba nie tylko mie\u0107 umiej\u0119tno\u015bci, ale przede wszystkim wyczucie. Potrafi\u0119 sprawi\u0107, \u017ce kto\u015b, kto przyszed\u0142 spi\u0119ty, zdenerwowany, zestresowany \u2014 wychodzi spokojniejszy, l\u017cejszy, bardziej sob\u0105.<br>To ogromna odpowiedzialno\u015b\u0107, bo w r\u0119kach trzyma si\u0119 czyje\u015b zdrowie, emocje, napi\u0119cie.<\/p>\n\n\n\n<p class=\"wp-block-paragraph\">Ale prawda jest taka, \u017ce we mnie od zawsze \u017cyje inne powo\u0142anie.<\/p>\n\n\n\n<p class=\"wp-block-paragraph\">Od dziecka marz\u0119 o pracy w mundurze.<br>Nie o uniformie jako symbolu.<br>Ale o sile, odpowiedzialno\u015bci i misji, kt\u00f3re za tym strojem stoj\u0105.<br>O pracy, w kt\u00f3rej codziennie ma si\u0119 wp\u0142yw na drugiego cz\u0142owieka.<br>O zawodzie, kt\u00f3ry wymaga opanowania, etyki, determinacji i odwagi.<\/p>\n\n\n\n<p class=\"wp-block-paragraph\">Dla mnie mundur to nie marzenie \u2014 to cel.<br>Cel, do kt\u00f3rego id\u0119 ka\u017cdego dnia, krok po kroku.<br>Czasem szybciej, czasem wolniej \u2014 ale zawsze pewnie.<br>Bo wiem, \u017ce jestem do tego stworzona.<\/p>\n\n\n\n<p class=\"wp-block-paragraph\">Mam w sobie co\u015b, co trudno opisa\u0107 jednym s\u0142owem.<br>To mieszanka si\u0142y i ciep\u0142a.<br>Zdecydowania i empatii.<br>Spokoju i ognia.<\/p>\n\n\n\n<p class=\"wp-block-paragraph\">Uwielbiam gotowa\u0107 i piec ciasta \u2014 to moja forma wyra\u017cania uczu\u0107, kreatywno\u015bci i harmonii.<br>W kuchni ka\u017cdy sk\u0142adnik jest jak decyzja: ma znaczenie.<br>Gotowanie daje mi r\u00f3wnowag\u0119, kt\u00f3rej potrzebuje ka\u017cdy, kto idzie po wielkie rzeczy.<\/p>\n\n\n\n<p class=\"wp-block-paragraph\">Lubi\u0119 te\u017c d\u0142ugie spacery \u2014 bo to w\u0142a\u015bnie wtedy pojawiaj\u0105 si\u0119 najlepsze my\u015bli, najodwa\u017cniejsze marzenia i najbardziej trafne rozwi\u0105zania.<br>Ruch to m\u00f3j spos\u00f3b na reset i odbudow\u0119.<\/p>\n\n\n\n<p class=\"wp-block-paragraph\">I jest jeszcze jedna rzecz, kt\u00f3ra mnie wyr\u00f3\u017cnia:<br>mam w sobie potrzeb\u0119 pomagania.<br>Autentyczn\u0105.<br>Nie dla nagr\u00f3d, nie dla pochwa\u0142.<br>Dla ludzi, dla zwierz\u0105t, dla tych, kt\u00f3rzy maj\u0105 trudniej.<br>Anga\u017cuj\u0119 si\u0119 w akcje charytatywne, bo wierz\u0119, \u017ce dobro naprawd\u0119 wraca \u2014 a je\u015bli ka\u017cdy zrobi odrobin\u0119, \u015bwiat zmieni si\u0119 o wiele wi\u0119cej, ni\u017c my\u015blimy.<\/p>\n\n\n\n<p class=\"wp-block-paragraph\">Kiedy patrz\u0119 przed siebie, widz\u0119 drog\u0119 pe\u0142n\u0105 wyzwa\u0144 \u2014 ale te\u017c ogromnych mo\u017cliwo\u015bci.<br>Nie boj\u0119 si\u0119 ich.<br>Nie cofam si\u0119.<br>Wiem, \u017ce mam si\u0142\u0119, aby doj\u015b\u0107 tam, gdzie zawsze chcia\u0142am by\u0107.<\/p>\n\n\n\n<p class=\"wp-block-paragraph\">Jestem Wiktoria.<br>Kobieta, kt\u00f3ra nie boi si\u0119 marzy\u0107.<br>Kobieta, kt\u00f3ra nie boi si\u0119 dzia\u0142a\u0107.<br>Kobieta, kt\u00f3ra dopiero zaczyna \u2014 i kt\u00f3ra naprawd\u0119 zamierza i\u015b\u0107 po swoje.<br>Bo najlepsze dopiero nadejdzie.<\/p>\n<\/blockquote>\n\n\n\n<hr class=\"wp-block-separator has-alpha-channel-opacity is-style-wide\"\/>\n\n\n\n<h4 style=\"text-align: center;\"><em><strong>REKLAMA<\/strong><\/em><\/h4>\n<p><script async src=\"https:\/\/pagead2.googlesyndication.com\/pagead\/js\/adsbygoogle.js?client=ca-pub-7807412717815820\" crossorigin=\"anonymous\"><\/script><\/p>\n<!-- Display - poziom -->\n<p><ins class=\"adsbygoogle\" style=\"display: block;\" data-ad-client=\"ca-pub-7807412717815820\" data-ad-slot=\"1722573990\" data-ad-format=\"auto\" data-full-width-responsive=\"true\"><\/ins> <script>\n(adsbygoogle = window.adsbygoogle || []).push({});\n<\/script><\/p>\n\n\n\n<hr class=\"wp-block-separator has-alpha-channel-opacity is-style-wide\"\/>\n\n\n\n<p class=\"has-text-align-center has-medium-font-size wp-block-paragraph\"><em>W grudniowej edycji Kandydatki walczy\u0142y o niesamowite nagrody! Zar\u00f3wno zwyci\u0119\u017cczyni g\u0142\u00f3wnego tytu\u0142u Kobieta Miesi\u0105ca, jak i laureatka tytu\u0142u komplementarnego Kobieta Miesi\u0105ca Publiczno\u015bci otrzymaj\u0105 pami\u0105tkow\u0105 szarf\u0119 inspirowan\u0105 konkursami pi\u0119kno\u015bci<\/em><em>.<\/em><\/p>\n\n\n\n<hr class=\"wp-block-separator has-alpha-channel-opacity is-style-dots\"\/>\n\n\n\n<p class=\"has-text-align-center has-medium-font-size wp-block-paragraph\"><em>Wszystkie trzy Panie znajduj\u0105ce si\u0119 na podium tej edycji, tj. zajmuj\u0105ce miejsca 1-3 zostan\u0105 r\u00f3wnie\u017c automatycznie zakwalifikowane do Plebiscytu Kobieta Roku. Ich zdj\u0119cia zostan\u0105 umieszczone w galerii znajduj\u0105cej si\u0119 w zak\u0142adce &#8222;Kobieta Roku&#8221;. Plebiscyt Kobieta Roku zostanie przeprowadzony w ostatnich dniach grudnia. Harmonogram przedstawimy pod koniec roku w osobnym wpisie. <\/em><\/p>\n\n\n\n<hr class=\"wp-block-separator has-alpha-channel-opacity is-style-dots\"\/>\n\n\n\n<p class=\"has-text-align-center has-medium-font-size wp-block-paragraph\"><em>Wszystkie 6 Pa\u0144, tj. Top3 Kobiety Miesi\u0105ca oraz Top3 Kobiety Miesi\u0105ca Publiczno\u015bci otrzymaj\u0105 pami\u0105tkowe dyplomy.   <\/em><\/p>\n\n\n\n<p class=\"wp-block-paragraph\"><\/p>\n\n\n\n<hr class=\"wp-block-separator has-alpha-channel-opacity is-style-wide\"\/>\n\n\n\n<p class=\"has-text-align-center wp-block-paragraph\"><em>Dzi\u0119kujemy wszystkim Kandydatkom za wzi\u0119cie udzia\u0142u w grudniowej edycji Plebiscytu Kobieta Miesi\u0105ca i zapraszamy do wzi\u0119cia udzia\u0142u w kolejnych. Zg\u0142oszenia do styczniowej ods\u0142ony Plebiscytu b\u0119d\u0105 przyjmowane od 1 stycznia. <\/em><\/p>\n\n\n\n<hr class=\"wp-block-separator has-alpha-channel-opacity is-style-wide\"\/>\n\n\n\n<h3 class=\"wp-block-heading has-text-align-center\"><em>Zach\u0119camy do rejestracji i weryfikacji Kont Kandydatki przed rozpocz\u0119ciem zapis\u00f3w do kolejnej edycji, aby unikn\u0105\u0107 oczekiwania na akceptacj\u0119 przez Administracj\u0119 Serwisu. <\/em><\/h3>\n\n\n\n<hr class=\"wp-block-separator has-alpha-channel-opacity is-style-wide\"\/>\n\n\n\n<h4 style=\"text-align: center;\"><em><strong>REKLAMA<\/strong><\/em><\/h4>\n<p><script async src=\"https:\/\/pagead2.googlesyndication.com\/pagead\/js\/adsbygoogle.js?client=ca-pub-7807412717815820\" crossorigin=\"anonymous\"><\/script><\/p>\n<!-- Display - poziom -->\n<p><ins class=\"adsbygoogle\" style=\"display: block;\" data-ad-client=\"ca-pub-7807412717815820\" data-ad-slot=\"1722573990\" data-ad-format=\"auto\" data-full-width-responsive=\"true\"><\/ins> <script>\n(adsbygoogle = window.adsbygoogle || []).push({});\n<\/script><\/p>\n\n\n\n<hr class=\"wp-block-separator has-alpha-channel-opacity is-style-wide\"\/>\n","protected":false},"excerpt":{"rendered":"<p>Poznajmy laureatki bie\u017c\u0105cej edycji<\/p>\n","protected":false},"author":1,"featured_media":11375,"comment_status":"open","ping_status":"open","sticky":false,"template":"","format":"standard","meta":{"cybocfi_hide_featured_image":"yes","footnotes":""},"categories":[14,13],"tags":[],"coauthors":[31],"class_list":["post-13480","post","type-post","status-publish","format-standard","has-post-thumbnail","hentry","category-info","category-topka"],"_links":{"self":[{"href":"https:\/\/kobietamiesiaca.pl\/index.php?rest_route=\/wp\/v2\/posts\/13480","targetHints":{"allow":["GET"]}}],"collection":[{"href":"https:\/\/kobietamiesiaca.pl\/index.php?rest_route=\/wp\/v2\/posts"}],"about":[{"href":"https:\/\/kobietamiesiaca.pl\/index.php?rest_route=\/wp\/v2\/types\/post"}],"author":[{"embeddable":true,"href":"https:\/\/kobietamiesiaca.pl\/index.php?rest_route=\/wp\/v2\/users\/1"}],"replies":[{"embeddable":true,"href":"https:\/\/kobietamiesiaca.pl\/index.php?rest_route=%2Fwp%2Fv2%2Fcomments&post=13480"}],"version-history":[{"count":4,"href":"https:\/\/kobietamiesiaca.pl\/index.php?rest_route=\/wp\/v2\/posts\/13480\/revisions"}],"predecessor-version":[{"id":13544,"href":"https:\/\/kobietamiesiaca.pl\/index.php?rest_route=\/wp\/v2\/posts\/13480\/revisions\/13544"}],"wp:featuredmedia":[{"embeddable":true,"href":"https:\/\/kobietamiesiaca.pl\/index.php?rest_route=\/wp\/v2\/media\/11375"}],"wp:attachment":[{"href":"https:\/\/kobietamiesiaca.pl\/index.php?rest_route=%2Fwp%2Fv2%2Fmedia&parent=13480"}],"wp:term":[{"taxonomy":"category","embeddable":true,"href":"https:\/\/kobietamiesiaca.pl\/index.php?rest_route=%2Fwp%2Fv2%2Fcategories&post=13480"},{"taxonomy":"post_tag","embeddable":true,"href":"https:\/\/kobietamiesiaca.pl\/index.php?rest_route=%2Fwp%2Fv2%2Ftags&post=13480"},{"taxonomy":"author","embeddable":true,"href":"https:\/\/kobietamiesiaca.pl\/index.php?rest_route=%2Fwp%2Fv2%2Fcoauthors&post=13480"}],"curies":[{"name":"wp","href":"https:\/\/api.w.org\/{rel}","templated":true}]}}