{"id":13533,"date":"2025-12-20T18:00:00","date_gmt":"2025-12-20T17:00:00","guid":{"rendered":"https:\/\/kobietamiesiaca.pl\/?p=13533"},"modified":"2025-12-18T18:47:04","modified_gmt":"2025-12-18T17:47:04","slug":"wybieramy-kobiete-roku-2","status":"publish","type":"post","link":"https:\/\/kobietamiesiaca.pl\/?p=13533","title":{"rendered":"Wybieramy Kobiet\u0119 Roku!"},"content":{"rendered":"\n<p class=\"has-text-align-center wp-block-paragraph\"><em>Ju\u017c nied\u0142ugo \u015awi\u0119ta Bo\u017cego Narodzenia i Sylwester, a wraz z nim koniec 2025 roku. Takie okazje nale\u017cy celebrowa\u0107, dlatego po raz kolejny przeprowadzamy dla Was Plebiscyt Kobieta Roku. W tym wpisie przedstawimy Wam kr\u00f3tki opis tego co b\u0119dzie si\u0119 dzia\u0142o w naszym serwisie w najbli\u017cszych dniach. Wszystko w przyst\u0119pnej formie tzw. FAQ, czyli najcz\u0119\u015bciej zadawanych pyta\u0144. <\/em><\/p>\n\n\n\n<p class=\"has-text-align-center has-small-font-size wp-block-paragraph\"><em><strong>(Klikni\u0119cie na pytanie wy\u015bwietli odpowied\u017a)<\/strong><\/em><\/p>\n\n\n\n<details class=\"wp-block-details is-layout-flow wp-block-details-is-layout-flow\"><summary>Jak si\u0119 dosta\u0107 w szeregi Kandydatek? <\/summary>\n<hr class=\"wp-block-separator has-alpha-channel-opacity is-style-dots\"\/>\n\n\n\n<p class=\"wp-block-paragraph\"><em>W tym roku kobiety zg\u0142asza\u0142y si\u0119 do sze\u015bciu zrealizowanych przez nas edycji Plebiscytu Kobieta Miesi\u0105ca. Panie kt\u00f3re dosta\u0142y si\u0119 do Top3 ka\u017cdego miesi\u0105ca automatycznie kwalifikowa\u0142y si\u0119 do rocznego podsumowania. Wystarczy\u0142o jedno miejsce na podium aby walczy\u0107 o tytu\u0142 Kobiety Roku. W\u015br\u00f3d obserwatorek naszych social medi\u00f3w zostan\u0105 r\u00f3wnie\u017c rozlosowane dwie Dzikie Karty \u2013 jedna na Facebooku, druga na Instagramie.<\/em><\/p>\n\n\n\n<hr class=\"wp-block-separator has-alpha-channel-opacity is-style-dots\"\/>\n<\/details>\n\n\n\n<details class=\"wp-block-details is-layout-flow wp-block-details-is-layout-flow\"><summary>Co to s\u0105 Dzikie Karty i jak b\u0119d\u0105 przyznawane? <\/summary>\n<hr class=\"wp-block-separator has-alpha-channel-opacity is-style-dots\"\/>\n\n\n\n<p class=\"wp-block-paragraph\"><em>Dzikie Karty to automatyczna przepustka do udzia\u0142u w Plebiscycie Kobieta Roku \u2013 eliminuj\u0105 wym\u00f3g zaj\u0119cia miejsca w Top3 comiesi\u0119cznej edycji Kobiety Miesi\u0105ca. Przyznawane b\u0119d\u0105 w ramach konkursu na naszych profilach na Instagramie i Facebooku. Konkurs b\u0119dzie polega\u0142 na przes\u0142aniu zdj\u0119cia wraz z odpowiedz\u0105 na pytanie: \u201eDlaczego powinnam si\u0119 znale\u017a\u0107 w gronie Uczestniczek Plebiscytu Kobieta Roku?\u201d.<\/em><\/p>\n\n\n\n<hr class=\"wp-block-separator has-alpha-channel-opacity is-style-dots\"\/>\n<\/details>\n\n\n\n<details class=\"wp-block-details is-layout-flow wp-block-details-is-layout-flow\"><summary>Ile jest Uczestniczek? <\/summary>\n<hr class=\"wp-block-separator has-alpha-channel-opacity is-style-dots\"\/>\n\n\n\n<p class=\"wp-block-paragraph\"><em>Zasadniczo powinno by\u0107 ich 36 (3 miejsca na podium, 12 miesi\u0119cy), jednak z uwagi na to \u017ce kilka edycji si\u0119 nie odby\u0142o, oraz niekt\u00f3re Laureatki by\u0142y na podium wi\u0119cej ni\u017c raz, mamy 18 Uczestniczek z edycji + 2 dodatkowe Uczestniczki (Dzikie Karty). \u0141\u0105cznie daje nam to 20 Kandydatek. <\/em> <\/p>\n\n\n\n<hr class=\"wp-block-separator has-alpha-channel-opacity is-style-dots\"\/>\n<\/details>\n\n\n\n<details class=\"wp-block-details is-layout-flow wp-block-details-is-layout-flow\"><summary>Czy je\u017celi by\u0142am na podium w Kobiecie Miesi\u0105ca, to musz\u0119 si\u0119 zg\u0142asza\u0107 do Kobiety Roku? <\/summary>\n<hr class=\"wp-block-separator has-alpha-channel-opacity is-style-dots\"\/>\n\n\n\n<p class=\"wp-block-paragraph\"><em>Wszystkie Laureatki edycji (widniej\u0105ce na grafikach przedstawiaj\u0105cych podium) s\u0105 automatycznie dodawane do puli Uczestniczek Plebiscytu Kobieta Roku. <\/em><\/p>\n\n\n\n<hr class=\"wp-block-separator has-alpha-channel-opacity is-style-dots\"\/>\n<\/details>\n\n\n\n<details class=\"wp-block-details is-layout-flow wp-block-details-is-layout-flow\"><summary>Czy je\u017celi by\u0142am Laureatk\u0105 tytu\u0142u Kobieta Miesi\u0105ca Publiczno\u015bci (lub by\u0142am druga\/trzecia) to te\u017c si\u0119 zakwalifikowa\u0142am? <\/summary>\n<hr class=\"wp-block-separator has-alpha-channel-opacity is-style-dots\"\/>\n\n\n\n<p class=\"wp-block-paragraph\"><em>Niestety nie. Automatycznie zakwalifikowa\u0142y si\u0119 jedynie Laureatki tytu\u0142u g\u0142\u00f3wnego. Kobieta Miesi\u0105ca Publiczno\u015bci jest wy\u0142\u0105cznie tytu\u0142em komplementarnym. Nie przekre\u015bla jednak to Twoich szans. Mo\u017cesz jeszcze otrzyma\u0107 Dzik\u0105 Kart\u0119 i zosta\u0107 jedn\u0105 z Uczestniczek. <\/em><\/p>\n\n\n\n<hr class=\"wp-block-separator has-alpha-channel-opacity is-style-dots\"\/>\n<\/details>\n\n\n\n<details class=\"wp-block-details is-layout-flow wp-block-details-is-layout-flow\"><summary>A je\u017celi nie chc\u0119 bra\u0107 w tym udzia\u0142u? <\/summary>\n<hr class=\"wp-block-separator has-alpha-channel-opacity is-style-dots\"\/>\n\n\n\n<p class=\"wp-block-paragraph\"><em>Skontaktuj si\u0119 z nami poprzez e-mail lub media spo\u0142eczno\u015bciowe i powiadom nas o tym. Twoja kandydatura zostanie usuni\u0119ta.<\/em><\/p>\n\n\n\n<hr class=\"wp-block-separator has-alpha-channel-opacity is-style-dots\"\/>\n<\/details>\n\n\n\n<details class=\"wp-block-details is-layout-flow wp-block-details-is-layout-flow\"><summary>Czy mog\u0119 zmieni\u0107 \/ wybra\u0107 zdj\u0119cie? <\/summary>\n<hr class=\"wp-block-separator has-alpha-channel-opacity is-style-dots\"\/>\n\n\n\n<p class=\"wp-block-paragraph\"><em>W tym roku u\u017cyli\u015bmy zdj\u0119\u0107, kt\u00f3re trafi\u0142y na dyplomy. Nie przewidujemy mo\u017cliwo\u015bci zmiany zdj\u0119cia. Gdyby taka mo\u017cliwo\u015b\u0107 mia\u0142a jednak zaistnie\u0107, to zmiana mog\u0142aby by\u0107 dokonana wy\u0142\u0105cznie na inne zdj\u0119cia przes\u0142ane do konkursu.  <\/em><\/p>\n\n\n\n<hr class=\"wp-block-separator has-alpha-channel-opacity is-style-dots\"\/>\n<\/details>\n\n\n\n<details class=\"wp-block-details is-layout-flow wp-block-details-is-layout-flow\"><summary>Jaki jest harmonogram dzia\u0142ania? <\/summary>\n<hr class=\"wp-block-separator has-alpha-channel-opacity is-style-dots\"\/>\n\n\n\n<p class=\"wp-block-paragraph\"><em>W tym roku, z uwagi na mniejsz\u0105 liczb\u0119 kandydatek, ca\u0142e g\u0142osowanie przebiegnie jednoetapowo:<\/em><\/p>\n\n\n\n<p class=\"wp-block-paragraph\"><em><strong>27. grudnia, godzina 18:00<\/strong> \u2013 rozpoczynamy g\u0142osowanie Juror\u00f3w i Publiczno\u015bci. <\/em><\/p>\n\n\n\n<p class=\"wp-block-paragraph\"><em><strong>30. grudnia, godzina 20:00<\/strong> \u2013 zamykamy g\u0142osowanie.<\/em><\/p>\n\n\n\n<p class=\"wp-block-paragraph\"><em><strong>31. grudnia, godzina 18:00<\/strong> \u2013 przedstawiamy wyniki Plebiscytu Kobieta Roku.<\/em><\/p>\n\n\n\n<hr class=\"wp-block-separator has-alpha-channel-opacity is-style-dots\"\/>\n<\/details>\n\n\n\n<details class=\"wp-block-details is-layout-flow wp-block-details-is-layout-flow\"><summary>Jak b\u0119d\u0105 przebiega\u0107 wybory Kobiety Roku? <\/summary>\n<hr class=\"wp-block-separator has-alpha-channel-opacity is-style-dots\"\/>\n\n\n\n<p class=\"wp-block-paragraph\">Z uwagi na mniejsz\u0105 liczb\u0119 uczestniczek, z tym roku g\u0142osowanie przebiegnie jednoetapowo. G\u0142osowa\u0107 b\u0119d\u0105 zar\u00f3wno Jurorzy jak i Publiczno\u015b\u0107. Maksymalnie od Jury zebra\u0107 mo\u017cna 30 punkt\u00f3w. Wynik g\u0142osowania Publiczno\u015bci r\u00f3wnie\u017c przeliczymy na punkty, tj. osoba maj\u0105ca najwi\u0119ksz\u0105 liczb\u0119 g\u0142os\u00f3w otrzyma dodatkowe 30 punkt\u00f3w do oceny Juror\u00f3w, a ka\u017cda kolejna o 5 punkt\u00f3w mniej. Wygra uczestniczka maj\u0105ca najwi\u0119ksz\u0105 \u0142\u0105czn\u0105 liczb\u0119 punkt\u00f3w. <\/p>\n\n\n\n<details class=\"wp-block-details is-layout-flow wp-block-details-is-layout-flow\"><summary>Zasady oceniania<\/summary>\n<hr class=\"wp-block-separator has-alpha-channel-opacity is-style-dots\"\/>\n\n\n\n<p class=\"wp-block-paragraph\"><em>Jurorzy mog\u0105 przyzna\u0107 od 1 do 10 punkt\u00f3w ka\u017cdej uczestniczce. Maksymalnie od Jury mo\u017cna wi\u0119c zebra\u0107 30 punkt\u00f3w. Wynik g\u0142osowania Publiczno\u015bci r\u00f3wnie\u017c przeliczymy w ten sam spos\u00f3b, tj. osoba maj\u0105ca najwi\u0119ksz\u0105 liczb\u0119 g\u0142os\u00f3w otrzyma dodatkowe 30 punkt\u00f3w do oceny Juror\u00f3w. Ka\u017cda kolejna osoba otrzyma o 5 punkt\u00f3w mniej. W przypadku <strong>n <\/strong>os\u00f3b z tak\u0105 sam\u0105 liczb\u0105 g\u0142os\u00f3w, obie otrzymaj\u0105 tak\u0105 sam\u0105 (dla swojego miejsca) liczb\u0119 punkt\u00f3w, natomiast kolejna osoba o wynik dzia\u0142ania (n*5) punkt\u00f3w mniej od os\u00f3b remisuj\u0105cych. <\/em><\/p>\n\n\n\n<p class=\"wp-block-paragraph\"><em>W przypadku identycznej liczby punkt\u00f3w \u0142\u0105cznych, o wyniku zadecyduje ocena Juror\u00f3w. W przypadku identycznej oceny Juror\u00f3w i Publiczno\u015bci, o wyniku zadecyduje Organizator. <\/em><\/p>\n<\/details>\n<\/details>\n\n\n\n<details class=\"wp-block-details is-layout-flow wp-block-details-is-layout-flow\"><summary>Co mo\u017cna wygra\u0107?<\/summary>\n<hr class=\"wp-block-separator has-alpha-channel-opacity is-style-dots\"\/>\n\n\n\n<p class=\"wp-block-paragraph\"><em>Wykaz nagr\u00f3d zostanie przedstawiony wraz z udost\u0119pnieniem listy Uczestniczek bior\u0105cych udzia\u0142 w wydarzeniu.<\/em><\/p>\n\n\n\n<hr class=\"wp-block-separator has-alpha-channel-opacity is-style-dots\"\/>\n<\/details>\n\n\n\n<p class=\"wp-block-paragraph\"><\/p>\n","protected":false},"excerpt":{"rendered":"<p>Ju\u017c nied\u0142ugo \u015awi\u0119ta Bo\u017cego Narodzenia i Sylwester, a wraz z nim koniec 2025 roku. Takie<\/p>\n","protected":false},"author":1,"featured_media":7301,"comment_status":"closed","ping_status":"open","sticky":false,"template":"","format":"standard","meta":{"cybocfi_hide_featured_image":"yes","footnotes":""},"categories":[14,30],"tags":[],"coauthors":[31],"class_list":["post-13533","post","type-post","status-publish","format-standard","has-post-thumbnail","hentry","category-info","category-kobieta-roku"],"_links":{"self":[{"href":"https:\/\/kobietamiesiaca.pl\/index.php?rest_route=\/wp\/v2\/posts\/13533","targetHints":{"allow":["GET"]}}],"collection":[{"href":"https:\/\/kobietamiesiaca.pl\/index.php?rest_route=\/wp\/v2\/posts"}],"about":[{"href":"https:\/\/kobietamiesiaca.pl\/index.php?rest_route=\/wp\/v2\/types\/post"}],"author":[{"embeddable":true,"href":"https:\/\/kobietamiesiaca.pl\/index.php?rest_route=\/wp\/v2\/users\/1"}],"replies":[{"embeddable":true,"href":"https:\/\/kobietamiesiaca.pl\/index.php?rest_route=%2Fwp%2Fv2%2Fcomments&post=13533"}],"version-history":[{"count":1,"href":"https:\/\/kobietamiesiaca.pl\/index.php?rest_route=\/wp\/v2\/posts\/13533\/revisions"}],"predecessor-version":[{"id":13534,"href":"https:\/\/kobietamiesiaca.pl\/index.php?rest_route=\/wp\/v2\/posts\/13533\/revisions\/13534"}],"wp:featuredmedia":[{"embeddable":true,"href":"https:\/\/kobietamiesiaca.pl\/index.php?rest_route=\/wp\/v2\/media\/7301"}],"wp:attachment":[{"href":"https:\/\/kobietamiesiaca.pl\/index.php?rest_route=%2Fwp%2Fv2%2Fmedia&parent=13533"}],"wp:term":[{"taxonomy":"category","embeddable":true,"href":"https:\/\/kobietamiesiaca.pl\/index.php?rest_route=%2Fwp%2Fv2%2Fcategories&post=13533"},{"taxonomy":"post_tag","embeddable":true,"href":"https:\/\/kobietamiesiaca.pl\/index.php?rest_route=%2Fwp%2Fv2%2Ftags&post=13533"},{"taxonomy":"author","embeddable":true,"href":"https:\/\/kobietamiesiaca.pl\/index.php?rest_route=%2Fwp%2Fv2%2Fcoauthors&post=13533"}],"curies":[{"name":"wp","href":"https:\/\/api.w.org\/{rel}","templated":true}]}}