{"id":13542,"date":"2025-12-31T18:00:00","date_gmt":"2025-12-31T17:00:00","guid":{"rendered":"https:\/\/kobietamiesiaca.pl\/?p=13542"},"modified":"2025-12-31T17:24:28","modified_gmt":"2025-12-31T16:24:28","slug":"wyniki-konkursu-kobieta-roku-2025","status":"publish","type":"post","link":"https:\/\/kobietamiesiaca.pl\/?p=13542","title":{"rendered":"Wyniki konkursu Kobieta Roku 2025!"},"content":{"rendered":"\n<p class=\"has-text-align-center wp-block-paragraph\"><em>Mamy zaszczyt przedstawi\u0107 Pa\u0144stwu Laureatki konkursu Kobieta Roku 2025! <\/em><\/p>\n\n\n\n<hr class=\"wp-block-separator has-alpha-channel-opacity is-style-dots\"\/>\n\n\n\n<p class=\"has-text-align-center wp-block-paragraph\"><em>Jurorkami tej edycji by\u0142y: <\/em><\/p>\n\n\n\n<div class=\"wp-block-media-text is-stacked-on-mobile\" style=\"grid-template-columns:35% auto\"><figure class=\"wp-block-media-text__media\"><img loading=\"lazy\" decoding=\"async\" width=\"576\" height=\"1024\" src=\"https:\/\/kobietamiesiaca.pl\/wp-content\/uploads\/2025\/11\/20251109223328447-576x1024.jpg\" alt=\"\" class=\"wp-image-13409 size-full\" srcset=\"https:\/\/kobietamiesiaca.pl\/wp-content\/uploads\/2025\/11\/20251109223328447-576x1024.jpg 576w, https:\/\/kobietamiesiaca.pl\/wp-content\/uploads\/2025\/11\/20251109223328447-169x300.jpg 169w, https:\/\/kobietamiesiaca.pl\/wp-content\/uploads\/2025\/11\/20251109223328447-84x150.jpg 84w, https:\/\/kobietamiesiaca.pl\/wp-content\/uploads\/2025\/11\/20251109223328447-768x1366.jpg 768w, https:\/\/kobietamiesiaca.pl\/wp-content\/uploads\/2025\/11\/20251109223328447-864x1536.jpg 864w, https:\/\/kobietamiesiaca.pl\/wp-content\/uploads\/2025\/11\/20251109223328447-1024x1821.jpg 1024w, https:\/\/kobietamiesiaca.pl\/wp-content\/uploads\/2025\/11\/20251109223328447.jpg 1080w\" sizes=\"auto, (max-width: 576px) 100vw, 576px\" \/><\/figure><div class=\"wp-block-media-text__content\">\n<h2 class=\"wp-block-heading has-text-align-center\"><em>Aneta S\u0142abicka<\/em><\/h2>\n\n\n\n<p class=\"has-text-align-center wp-block-paragraph\"><em><mark style=\"background-color:rgba(0, 0, 0, 0);color:#566a7b\" class=\"has-inline-color\">Kobieta Miesi\u0105ca: Wrzesie\u0144 2021<\/mark><\/em><\/p>\n\n\n\n<p class=\"has-text-align-center wp-block-paragraph\"><em><mark style=\"background-color:rgba(0, 0, 0, 0);color:#566a7b\" class=\"has-inline-color\">Kobieta Miesi\u0105ca: Listopad 2023<\/mark><\/em><\/p>\n\n\n\n<p class=\"wp-block-paragraph\"><\/p>\n\n\n\n<p class=\"has-text-align-center has-small-font-size wp-block-paragraph\"><em><em>Witam serdecznie. Nazywam si\u0119 Aneta S\u0142abicka, mam 43 lata i mieszkam w Jeleniej G\u00f3rze. Pracuj\u0119 w bran\u017cy medycznej, wi\u0119c na co dzie\u0144 pomagam ludziom i to daje mi najwi\u0119ksz\u0105 satysfakcj\u0119. Jestem osob\u0105 otwart\u0105, u\u015bmiechni\u0119t\u0105, z ogromnym sercem i si\u0142\u0105. Moj\u0105 pasj\u0105 jest literatura i sztuka. Uwielbiam te\u017c dobr\u0105 muzyk\u0119 i zachody s\u0142o\u0144ca, kt\u00f3re daj\u0105 mi mn\u00f3stwo energii. Moim hobby jest r\u00f3wnie\u017c fotomodeling, na ka\u017cdym zdj\u0119ciu jestem inna, s\u0105 inne emocje, ka\u017cde zdj\u0119cie to inna historia.<\/em><\/em><\/p>\n<\/div><\/div>\n\n\n\n<hr class=\"wp-block-separator has-alpha-channel-opacity is-style-dots\"\/>\n\n\n\n<div class=\"wp-block-media-text is-stacked-on-mobile\" style=\"grid-template-columns:35% auto\"><figure class=\"wp-block-media-text__media\"><img loading=\"lazy\" decoding=\"async\" width=\"683\" height=\"1024\" src=\"https:\/\/kobietamiesiaca.pl\/wp-content\/uploads\/2025\/01\/WhatsApp-Image-2025-01-17-at-12.14.30-683x1024.jpeg\" alt=\"\" class=\"wp-image-11372 size-full\" srcset=\"https:\/\/kobietamiesiaca.pl\/wp-content\/uploads\/2025\/01\/WhatsApp-Image-2025-01-17-at-12.14.30-683x1024.jpeg 683w, https:\/\/kobietamiesiaca.pl\/wp-content\/uploads\/2025\/01\/WhatsApp-Image-2025-01-17-at-12.14.30-200x300.jpeg 200w, https:\/\/kobietamiesiaca.pl\/wp-content\/uploads\/2025\/01\/WhatsApp-Image-2025-01-17-at-12.14.30-100x150.jpeg 100w, https:\/\/kobietamiesiaca.pl\/wp-content\/uploads\/2025\/01\/WhatsApp-Image-2025-01-17-at-12.14.30-768x1152.jpeg 768w, https:\/\/kobietamiesiaca.pl\/wp-content\/uploads\/2025\/01\/WhatsApp-Image-2025-01-17-at-12.14.30.jpeg 960w\" sizes=\"auto, (max-width: 683px) 100vw, 683px\" \/><\/figure><div class=\"wp-block-media-text__content\">\n<h2 class=\"wp-block-heading has-text-align-center\"><em>Izabela Fijo\u0142ek<\/em><\/h2>\n\n\n\n<p class=\"has-text-align-center wp-block-paragraph\"><em><mark style=\"background-color:rgba(0, 0, 0, 0);color:#566a7b\" class=\"has-inline-color\">Ambasadorka Plebiscytu<\/mark><\/em><\/p>\n\n\n\n<p class=\"has-text-align-center wp-block-paragraph\"><\/p>\n\n\n\n<p class=\"has-text-align-center has-small-font-size wp-block-paragraph\"><em>Jestem piel\u0119gniark\u0105 na bloku operacyjnym, gdzie ka\u017cdego dnia dbam o bezpiecze\u0144stwo pacjent\u00f3w podczas skomplikowanych operacji. Moja praca wymaga precyzji, zaanga\u017cowania i spokoju, poniewa\u017c ka\u017cdy detal ma znaczenie w ratowaniu \u017cycia. Poza prac\u0105 jestem mam\u0105 dw\u00f3jki wspania\u0142ych dzieci, kt\u00f3re daj\u0105 mi mn\u00f3stwo rado\u015bci i energii. Zawsze staram si\u0119 \u0142\u0105czy\u0107 obowi\u0105zki zawodowe z \u017cyciem rodzinnym, bo obie te role s\u0105 dla mnie r\u00f3wnie wa\u017cne. Jako juror w konkursie Kobieta Roku mam zaszczyt ocenia\u0107 wyj\u0105tkowe kobiety, kt\u00f3re \u0142\u0105cz\u0105 pasj\u0119, urod\u0119 i si\u0142\u0119 charakteru. Z do\u015bwiadczenia wiem, jak wa\u017cna jest r\u00f3wnowaga mi\u0119dzy \u017cyciem zawodowym a osobistym. Kobiety, kt\u00f3re anga\u017cuj\u0105 si\u0119 w swoje pasje, dbaj\u0105 o innych i potrafi\u0105 by\u0107 wzorem do na\u015bladowania, zas\u0142uguj\u0105 na uwag\u0119 i szacunek. Ciesz\u0119 si\u0119, \u017ce mog\u0119 uczestniczy\u0107 w tej pi\u0119knej inicjatywie, podziwiaj\u0105c ka\u017cd\u0105 kandydatk\u0119 za jej indywidualno\u015b\u0107, zaanga\u017cowanie oraz determinacj\u0119.<\/em><\/p>\n<\/div><\/div>\n\n\n\n<hr class=\"wp-block-separator has-alpha-channel-opacity is-style-dots\"\/>\n\n\n\n<div class=\"wp-block-media-text is-stacked-on-mobile\" style=\"grid-template-columns:35% auto\"><figure class=\"wp-block-media-text__media\"><img loading=\"lazy\" decoding=\"async\" width=\"683\" height=\"1024\" src=\"https:\/\/kobietamiesiaca.pl\/wp-content\/uploads\/Monia-683x1024.jpg\" alt=\"\" class=\"wp-image-282 size-full\" srcset=\"https:\/\/kobietamiesiaca.pl\/wp-content\/uploads\/Monia-683x1024.jpg 683w, https:\/\/kobietamiesiaca.pl\/wp-content\/uploads\/Monia-200x300.jpg 200w, https:\/\/kobietamiesiaca.pl\/wp-content\/uploads\/Monia-100x150.jpg 100w, https:\/\/kobietamiesiaca.pl\/wp-content\/uploads\/Monia-768x1152.jpg 768w, https:\/\/kobietamiesiaca.pl\/wp-content\/uploads\/Monia-40x60.jpg 40w, https:\/\/kobietamiesiaca.pl\/wp-content\/uploads\/Monia.jpg 1000w\" sizes=\"auto, (max-width: 683px) 100vw, 683px\" \/><\/figure><div class=\"wp-block-media-text__content\">\n<h2 class=\"wp-block-heading has-text-align-center\"><em>Monika Szumna<\/em><\/h2>\n\n\n\n<p class=\"has-text-align-center wp-block-paragraph\"><em><mark style=\"background-color:rgba(0, 0, 0, 0);color:#566a7b\" class=\"has-inline-color\">Pomys\u0142odawczyni i Organizatorka Plebiscytu Kobieta Miesi\u0105ca oraz konkursu Kobieta Roku<\/mark><\/em><\/p>\n\n\n\n<p class=\"has-text-align-center wp-block-paragraph\"><\/p>\n\n\n\n<p class=\"has-text-align-center has-small-font-size wp-block-paragraph\"><em>G\u0142\u00f3wnym celem dla mnie osobi\u015bcie jest, aby kobiety z ca\u0142ej Polski (niezale\u017cnie od wieku) poprawi\u0142y swoj\u0105 samoocen\u0119. Chcia\u0142abym poprzez wyr\u00f3\u017cnienia w tym plebiscycie da\u0107 im w jakim\u015b stopniu pow\u00f3d do rado\u015bci. Podczas g\u0142osowania b\u0119d\u0119 zwraca\u0107 uwag\u0119 na naturalno\u015b\u0107, u\u015bmiech oraz zainteresowania i pasje kandydatek.<\/em><\/p>\n<\/div><\/div>\n\n\n\n<hr class=\"wp-block-separator has-alpha-channel-opacity is-style-dots\"\/>\n\n\n\n<h4 style=\"text-align: center;\"><em><strong>REKLAMA<\/strong><\/em><\/h4>\n<p><script async src=\"https:\/\/pagead2.googlesyndication.com\/pagead\/js\/adsbygoogle.js?client=ca-pub-7807412717815820\" crossorigin=\"anonymous\"><\/script><\/p>\n<!-- Display - poziom -->\n<p><ins class=\"adsbygoogle\" style=\"display: block;\" data-ad-client=\"ca-pub-7807412717815820\" data-ad-slot=\"1722573990\" data-ad-format=\"auto\" data-full-width-responsive=\"true\"><\/ins> <script>\n(adsbygoogle = window.adsbygoogle || []).push({});\n<\/script><\/p>\n\n\n\n<hr class=\"wp-block-separator has-alpha-channel-opacity is-style-dots\"\/>\n\n\n\n<p class=\"has-text-align-center wp-block-paragraph\"><em>Czym\u017ce by\u0142by konkurs, gdyby nie by\u0142o nagr\u00f3d? Organizatorka mocno si\u0119 postara\u0142a aby wybra\u0107 dla Laureatek wspania\u0142e nagrody. W tym roku w nagrodach ma\u0142e zmiany. Opr\u00f3cz tradycyjnej tr\u00f3jki na podium, w tej edycji Jury przyzna\u0142o tak\u017ce wyr\u00f3\u017cnienie, za kt\u00f3re r\u00f3wnie\u017c przyznamy nagrody. Do\u015b\u0107 przed\u0142u\u017cania, zobaczcie je sami: <\/em><\/p>\n\n\n\n<hr class=\"wp-block-separator has-alpha-channel-opacity is-style-dots\"\/>\n\n\n\n<div class=\"wp-block-media-text has-media-on-the-right is-stacked-on-mobile\" style=\"grid-template-columns:auto 35%\"><div class=\"wp-block-media-text__content\">\n<h2 class=\"wp-block-heading has-text-align-center\"><em>Zdobywczyni wyr\u00f3\u017cnienia<\/em><\/h2>\n\n\n\n<p class=\"has-text-align-center wp-block-paragraph\"><em>otrzyma pami\u0105tkowy dyplom w formie elektronicznej oraz diadem. <\/em><\/p>\n<\/div><figure class=\"wp-block-media-text__media\"><img loading=\"lazy\" decoding=\"async\" width=\"853\" height=\"1024\" src=\"https:\/\/kobietamiesiaca.pl\/wp-content\/uploads\/2025\/12\/WhatsApp-Image-2025-12-31-at-16.49.29-853x1024.jpeg\" alt=\"\" class=\"wp-image-13550 size-full\" srcset=\"https:\/\/kobietamiesiaca.pl\/wp-content\/uploads\/2025\/12\/WhatsApp-Image-2025-12-31-at-16.49.29-853x1024.jpeg 853w, https:\/\/kobietamiesiaca.pl\/wp-content\/uploads\/2025\/12\/WhatsApp-Image-2025-12-31-at-16.49.29-250x300.jpeg 250w, https:\/\/kobietamiesiaca.pl\/wp-content\/uploads\/2025\/12\/WhatsApp-Image-2025-12-31-at-16.49.29-125x150.jpeg 125w, https:\/\/kobietamiesiaca.pl\/wp-content\/uploads\/2025\/12\/WhatsApp-Image-2025-12-31-at-16.49.29-768x922.jpeg 768w, https:\/\/kobietamiesiaca.pl\/wp-content\/uploads\/2025\/12\/WhatsApp-Image-2025-12-31-at-16.49.29-1024x1230.jpeg 1024w, https:\/\/kobietamiesiaca.pl\/wp-content\/uploads\/2025\/12\/WhatsApp-Image-2025-12-31-at-16.49.29.jpeg 1179w\" sizes=\"auto, (max-width: 853px) 100vw, 853px\" \/><\/figure><\/div>\n\n\n\n<hr class=\"wp-block-separator has-alpha-channel-opacity is-style-dots\"\/>\n\n\n\n<h2 class=\"wp-block-heading has-text-align-center\"><em><strong>Nagrody g\u0142\u00f3wne<\/strong><\/em><\/h2>\n\n\n\n<figure class=\"wp-block-gallery has-nested-images columns-default is-cropped wp-block-gallery-1 is-layout-flex wp-block-gallery-is-layout-flex\">\n<figure class=\"wp-block-image size-large is-style-default\"><img loading=\"lazy\" decoding=\"async\" width=\"848\" height=\"1024\" data-id=\"13548\" src=\"https:\/\/kobietamiesiaca.pl\/wp-content\/uploads\/2025\/12\/WhatsApp-Image-2025-12-31-at-16.49.30-848x1024.jpeg\" alt=\"\" class=\"wp-image-13548\" srcset=\"https:\/\/kobietamiesiaca.pl\/wp-content\/uploads\/2025\/12\/WhatsApp-Image-2025-12-31-at-16.49.30-848x1024.jpeg 848w, https:\/\/kobietamiesiaca.pl\/wp-content\/uploads\/2025\/12\/WhatsApp-Image-2025-12-31-at-16.49.30-248x300.jpeg 248w, https:\/\/kobietamiesiaca.pl\/wp-content\/uploads\/2025\/12\/WhatsApp-Image-2025-12-31-at-16.49.30-124x150.jpeg 124w, https:\/\/kobietamiesiaca.pl\/wp-content\/uploads\/2025\/12\/WhatsApp-Image-2025-12-31-at-16.49.30-768x928.jpeg 768w, https:\/\/kobietamiesiaca.pl\/wp-content\/uploads\/2025\/12\/WhatsApp-Image-2025-12-31-at-16.49.30-1024x1237.jpeg 1024w, https:\/\/kobietamiesiaca.pl\/wp-content\/uploads\/2025\/12\/WhatsApp-Image-2025-12-31-at-16.49.30.jpeg 1179w\" sizes=\"auto, (max-width: 848px) 100vw, 848px\" \/><figcaption class=\"wp-element-caption\"><em>Diadem dla Laureatki<\/em><\/figcaption><\/figure>\n\n\n\n<figure class=\"wp-block-image size-large is-style-default\"><img loading=\"lazy\" decoding=\"async\" width=\"999\" height=\"1024\" data-id=\"13551\" src=\"https:\/\/kobietamiesiaca.pl\/wp-content\/uploads\/2025\/12\/WhatsApp-Image-2025-12-31-at-16.49.18-999x1024.jpeg\" alt=\"\" class=\"wp-image-13551\" srcset=\"https:\/\/kobietamiesiaca.pl\/wp-content\/uploads\/2025\/12\/WhatsApp-Image-2025-12-31-at-16.49.18-999x1024.jpeg 999w, https:\/\/kobietamiesiaca.pl\/wp-content\/uploads\/2025\/12\/WhatsApp-Image-2025-12-31-at-16.49.18-293x300.jpeg 293w, https:\/\/kobietamiesiaca.pl\/wp-content\/uploads\/2025\/12\/WhatsApp-Image-2025-12-31-at-16.49.18-146x150.jpeg 146w, https:\/\/kobietamiesiaca.pl\/wp-content\/uploads\/2025\/12\/WhatsApp-Image-2025-12-31-at-16.49.18-768x788.jpeg 768w, https:\/\/kobietamiesiaca.pl\/wp-content\/uploads\/2025\/12\/WhatsApp-Image-2025-12-31-at-16.49.18-1024x1050.jpeg 1024w, https:\/\/kobietamiesiaca.pl\/wp-content\/uploads\/2025\/12\/WhatsApp-Image-2025-12-31-at-16.49.18.jpeg 1179w\" sizes=\"auto, (max-width: 999px) 100vw, 999px\" \/><figcaption class=\"wp-element-caption\"><em>Diadem dla zdobywczyni drugiego miejsca &#8211; wy\u017cej, oraz dla zdobywczyni trzeciego miejsca &#8211; ni\u017cej. <\/em><\/figcaption><\/figure>\n<\/figure>\n\n\n\n<figure class=\"wp-block-image size-large\"><img loading=\"lazy\" decoding=\"async\" width=\"1024\" height=\"162\" src=\"https:\/\/kobietamiesiaca.pl\/wp-content\/uploads\/2025\/12\/WhatsApp-Image-2025-12-31-at-17.17.34-e1767198083654-1024x162.jpeg\" alt=\"\" class=\"wp-image-13554\" srcset=\"https:\/\/kobietamiesiaca.pl\/wp-content\/uploads\/2025\/12\/WhatsApp-Image-2025-12-31-at-17.17.34-e1767198083654-1024x162.jpeg 1024w, https:\/\/kobietamiesiaca.pl\/wp-content\/uploads\/2025\/12\/WhatsApp-Image-2025-12-31-at-17.17.34-e1767198083654-300x48.jpeg 300w, https:\/\/kobietamiesiaca.pl\/wp-content\/uploads\/2025\/12\/WhatsApp-Image-2025-12-31-at-17.17.34-e1767198083654-150x24.jpeg 150w, https:\/\/kobietamiesiaca.pl\/wp-content\/uploads\/2025\/12\/WhatsApp-Image-2025-12-31-at-17.17.34-e1767198083654-768x122.jpeg 768w, https:\/\/kobietamiesiaca.pl\/wp-content\/uploads\/2025\/12\/WhatsApp-Image-2025-12-31-at-17.17.34-e1767198083654-1536x243.jpeg 1536w, https:\/\/kobietamiesiaca.pl\/wp-content\/uploads\/2025\/12\/WhatsApp-Image-2025-12-31-at-17.17.34-e1767198083654.jpeg 2000w\" sizes=\"auto, (max-width: 1024px) 100vw, 1024px\" \/><\/figure>\n\n\n\n<p class=\"has-text-align-center wp-block-paragraph\"><em>Zdobywczynie drugiego i trzeciego miejsca otrzymaj\u0105 pami\u0105tkowe dyplomy w wersji elektronicznej, oraz diademy. Laureatka plebiscytu Kobieta Roku 2025, opr\u00f3cz diademu i dyplomu, otrzyma szarf\u0119 inspirowan\u0105 konkursami pi\u0119kno\u015bci.  <\/em><\/p>\n\n\n\n<hr class=\"wp-block-separator has-alpha-channel-opacity is-style-dots\"\/>\n\n\n\n<div class=\"wp-block-media-text has-media-on-the-right is-stacked-on-mobile\"><div class=\"wp-block-media-text__content\">\n<h2 class=\"wp-block-heading\"><strong><em>Sponsorem nagr\u00f3d w konkursie Kobieta Roku jest Organizator. <\/em><\/strong><\/h2>\n<\/div><figure class=\"wp-block-media-text__media\"><img loading=\"lazy\" decoding=\"async\" width=\"403\" height=\"403\" src=\"https:\/\/kobietamiesiaca.pl\/wp-content\/uploads\/2022\/09\/km.jpg\" alt=\"Kobieta Miesi\u0105ca Logo\" class=\"wp-image-8 size-full\" srcset=\"https:\/\/kobietamiesiaca.pl\/wp-content\/uploads\/2022\/09\/km.jpg 403w, https:\/\/kobietamiesiaca.pl\/wp-content\/uploads\/2022\/09\/km-300x300.jpg 300w, https:\/\/kobietamiesiaca.pl\/wp-content\/uploads\/2022\/09\/km-150x150.jpg 150w, https:\/\/kobietamiesiaca.pl\/wp-content\/uploads\/2022\/09\/km-60x60.jpg 60w\" sizes=\"auto, (max-width: 403px) 100vw, 403px\" \/><\/figure><\/div>\n\n\n\n<hr class=\"wp-block-separator has-alpha-channel-opacity is-style-dots\"\/>\n\n\n\n<p class=\"has-text-align-center wp-block-paragraph\"><em>A teraz przejd\u017amy do wynik\u00f3w. <\/em><\/p>\n\n\n\n<hr class=\"wp-block-separator has-alpha-channel-opacity is-style-dots\"\/>\n\n\n\n<div class=\"wp-block-media-text is-stacked-on-mobile\" style=\"grid-template-columns:30% auto\"><figure class=\"wp-block-media-text__media\"><img loading=\"lazy\" decoding=\"async\" width=\"683\" height=\"1024\" src=\"https:\/\/kobietamiesiaca.pl\/wp-content\/uploads\/2025\/01\/IMG_20241230_044757-683x1024.jpg\" alt=\"\" class=\"wp-image-11293 size-full\" srcset=\"https:\/\/kobietamiesiaca.pl\/wp-content\/uploads\/2025\/01\/IMG_20241230_044757-683x1024.jpg 683w, https:\/\/kobietamiesiaca.pl\/wp-content\/uploads\/2025\/01\/IMG_20241230_044757-200x300.jpg 200w, https:\/\/kobietamiesiaca.pl\/wp-content\/uploads\/2025\/01\/IMG_20241230_044757-100x150.jpg 100w, https:\/\/kobietamiesiaca.pl\/wp-content\/uploads\/2025\/01\/IMG_20241230_044757-768x1152.jpg 768w, https:\/\/kobietamiesiaca.pl\/wp-content\/uploads\/2025\/01\/IMG_20241230_044757-1024x1536.jpg 1024w, https:\/\/kobietamiesiaca.pl\/wp-content\/uploads\/2025\/01\/IMG_20241230_044757-1365x2048.jpg 1365w, https:\/\/kobietamiesiaca.pl\/wp-content\/uploads\/2025\/01\/IMG_20241230_044757.jpg 2015w\" sizes=\"auto, (max-width: 683px) 100vw, 683px\" \/><\/figure><div class=\"wp-block-media-text__content\">\n<h2 class=\"wp-block-heading has-text-align-center\"><em>Klaudia Gutkowska<\/em><\/h2>\n\n\n\n<p class=\"has-text-align-center wp-block-paragraph\"><em><mark style=\"background-color:rgba(0, 0, 0, 0);color:#71899d\" class=\"has-inline-color\"><em><mark style=\"background-color:rgba(0, 0, 0, 0);color:#71899d\" class=\"has-inline-color\"><em><mark style=\"background-color:rgba(0, 0, 0, 0);color:#71899d\" class=\"has-inline-color\"><em><mark style=\"background-color:rgba(0, 0, 0, 0);color:#71899d\" class=\"has-inline-color\">Kobieta Roku 2025 \u2013\u00a0<strong>Wyr\u00f3\u017cnienie<\/strong><\/mark><\/em><\/mark><\/em><\/mark><\/em><\/mark><\/em><\/p>\n\n\n\n<p class=\"has-text-align-center wp-block-paragraph\"><\/p>\n\n\n\n<p class=\"has-text-align-center wp-block-paragraph\"><em>Liczba punkt\u00f3w uzyskanych od Jury: <strong>20\/30<\/strong><\/em><\/p>\n\n\n\n<p class=\"has-text-align-center wp-block-paragraph\"><em>Liczba punkt\u00f3w z g\u0142osowania Publiczno\u015bci: <strong>20\/30<\/strong><\/em><\/p>\n\n\n\n<p class=\"has-text-align-center wp-block-paragraph\"><em>\u0141\u0105czna suma punkt\u00f3w: <strong>40\/60<\/strong><\/em><\/p>\n<\/div><\/div>\n\n\n\n<hr class=\"wp-block-separator has-alpha-channel-opacity is-style-dots\"\/>\n\n\n\n<div class=\"wp-block-media-text is-stacked-on-mobile\" style=\"grid-template-columns:30% auto\"><figure class=\"wp-block-media-text__media\"><img loading=\"lazy\" decoding=\"async\" width=\"1024\" height=\"1024\" src=\"https:\/\/kobietamiesiaca.pl\/wp-content\/uploads\/2025\/10\/inbound6968852854320838823-e1760887753980-1024x1024.jpg\" alt=\"\" class=\"wp-image-13287 size-full\" srcset=\"https:\/\/kobietamiesiaca.pl\/wp-content\/uploads\/2025\/10\/inbound6968852854320838823-e1760887753980-1024x1024.jpg 1024w, https:\/\/kobietamiesiaca.pl\/wp-content\/uploads\/2025\/10\/inbound6968852854320838823-e1760887753980-300x300.jpg 300w, https:\/\/kobietamiesiaca.pl\/wp-content\/uploads\/2025\/10\/inbound6968852854320838823-e1760887753980-150x150.jpg 150w, https:\/\/kobietamiesiaca.pl\/wp-content\/uploads\/2025\/10\/inbound6968852854320838823-e1760887753980-768x768.jpg 768w, https:\/\/kobietamiesiaca.pl\/wp-content\/uploads\/2025\/10\/inbound6968852854320838823-e1760887753980.jpg 1080w\" sizes=\"auto, (max-width: 1024px) 100vw, 1024px\" \/><\/figure><div class=\"wp-block-media-text__content\">\n<h2 class=\"wp-block-heading has-text-align-center\"><em>Magdalena Paulina Ksi\u0105\u017cek<\/em><\/h2>\n\n\n\n<p class=\"has-text-align-center wp-block-paragraph\"><em><mark style=\"background-color:rgba(0, 0, 0, 0);color:#71899d\" class=\"has-inline-color\"><em><mark style=\"background-color:rgba(0, 0, 0, 0);color:#71899d\" class=\"has-inline-color\"><em><mark style=\"background-color:rgba(0, 0, 0, 0);color:#71899d\" class=\"has-inline-color\"><em><mark style=\"background-color:rgba(0, 0, 0, 0);color:#71899d\" class=\"has-inline-color\">Kobieta Roku 2025 \u2013\u00a0<strong>3 miejsce<\/strong><\/mark><\/em><\/mark><\/em><\/mark><\/em><\/mark><\/em><\/p>\n\n\n\n<p class=\"has-text-align-center wp-block-paragraph\"><\/p>\n\n\n\n<p class=\"has-text-align-center wp-block-paragraph\"><em>Liczba punkt\u00f3w uzyskanych od Jury: <strong>30\/30<\/strong><\/em><\/p>\n\n\n\n<p class=\"has-text-align-center wp-block-paragraph\"><em>Liczba punkt\u00f3w z g\u0142osowania Publiczno\u015bci: <strong>15\/30<\/strong><\/em><\/p>\n\n\n\n<p class=\"has-text-align-center wp-block-paragraph\"><em>\u0141\u0105czna suma punkt\u00f3w: <strong>45\/60<\/strong><\/em><\/p>\n<\/div><\/div>\n\n\n\n<hr class=\"wp-block-separator has-alpha-channel-opacity is-style-dots\"\/>\n\n\n\n<div class=\"wp-block-media-text is-stacked-on-mobile\" style=\"grid-template-columns:30% auto\"><figure class=\"wp-block-media-text__media\"><img loading=\"lazy\" decoding=\"async\" width=\"768\" height=\"1024\" src=\"https:\/\/kobietamiesiaca.pl\/wp-content\/uploads\/2025\/11\/inbound8920602160543983276-768x1024.jpg\" alt=\"\" class=\"wp-image-13416 size-full\" srcset=\"https:\/\/kobietamiesiaca.pl\/wp-content\/uploads\/2025\/11\/inbound8920602160543983276-768x1024.jpg 768w, https:\/\/kobietamiesiaca.pl\/wp-content\/uploads\/2025\/11\/inbound8920602160543983276-225x300.jpg 225w, https:\/\/kobietamiesiaca.pl\/wp-content\/uploads\/2025\/11\/inbound8920602160543983276-113x150.jpg 113w, https:\/\/kobietamiesiaca.pl\/wp-content\/uploads\/2025\/11\/inbound8920602160543983276-1152x1536.jpg 1152w, https:\/\/kobietamiesiaca.pl\/wp-content\/uploads\/2025\/11\/inbound8920602160543983276-1536x2048.jpg 1536w, https:\/\/kobietamiesiaca.pl\/wp-content\/uploads\/2025\/11\/inbound8920602160543983276-1024x1365.jpg 1024w, https:\/\/kobietamiesiaca.pl\/wp-content\/uploads\/2025\/11\/inbound8920602160543983276.jpg 1800w\" sizes=\"auto, (max-width: 768px) 100vw, 768px\" \/><\/figure><div class=\"wp-block-media-text__content\">\n<h2 class=\"wp-block-heading has-text-align-center\"><em>Ma\u0142gorzata Herman<\/em><\/h2>\n\n\n\n<p class=\"has-text-align-center wp-block-paragraph\"><em><mark style=\"background-color:rgba(0, 0, 0, 0);color:#71899d\" class=\"has-inline-color\"><em><mark style=\"background-color:rgba(0, 0, 0, 0);color:#71899d\" class=\"has-inline-color\"><em><mark style=\"background-color:rgba(0, 0, 0, 0);color:#71899d\" class=\"has-inline-color\"><em><mark style=\"background-color:rgba(0, 0, 0, 0);color:#71899d\" class=\"has-inline-color\">Kobieta Roku 2025 \u2013\u00a0<strong>2 miejsce<\/strong><\/mark><\/em><\/mark><\/em><\/mark><\/em><\/mark><\/em><\/p>\n\n\n\n<p class=\"has-text-align-center wp-block-paragraph\"><\/p>\n\n\n\n<p class=\"has-text-align-center wp-block-paragraph\"><em>Liczba punkt\u00f3w uzyskanych od Jury: <strong>25\/50<\/strong><\/em><\/p>\n\n\n\n<p class=\"has-text-align-center wp-block-paragraph\"><em>Liczba punkt\u00f3w z g\u0142osowania Publiczno\u015bci: <strong>25\/30<\/strong><\/em><\/p>\n\n\n\n<p class=\"has-text-align-center wp-block-paragraph\"><em>\u0141\u0105czna suma punkt\u00f3w: <strong>50\/60<\/strong><\/em><\/p>\n<\/div><\/div>\n\n\n\n<hr class=\"wp-block-separator has-alpha-channel-opacity is-style-dots\"\/>\n\n\n\n<div class=\"wp-block-media-text is-stacked-on-mobile\" style=\"grid-template-columns:35% auto\"><figure class=\"wp-block-media-text__media\"><img loading=\"lazy\" decoding=\"async\" width=\"683\" height=\"1024\" src=\"https:\/\/kobietamiesiaca.pl\/wp-content\/uploads\/2025\/12\/webResult-683x1024.jpeg\" alt=\"\" class=\"wp-image-13486 size-full\" srcset=\"https:\/\/kobietamiesiaca.pl\/wp-content\/uploads\/2025\/12\/webResult-683x1024.jpeg 683w, https:\/\/kobietamiesiaca.pl\/wp-content\/uploads\/2025\/12\/webResult-200x300.jpeg 200w, https:\/\/kobietamiesiaca.pl\/wp-content\/uploads\/2025\/12\/webResult-100x150.jpeg 100w, https:\/\/kobietamiesiaca.pl\/wp-content\/uploads\/2025\/12\/webResult-768x1152.jpeg 768w, https:\/\/kobietamiesiaca.pl\/wp-content\/uploads\/2025\/12\/webResult.jpeg 800w\" sizes=\"auto, (max-width: 683px) 100vw, 683px\" \/><\/figure><div class=\"wp-block-media-text__content\">\n<h2 class=\"wp-block-heading has-text-align-center\"><em>Wiktoria Kwas<\/em><\/h2>\n\n\n\n<p class=\"has-text-align-center wp-block-paragraph\"><em><mark style=\"background-color:rgba(0, 0, 0, 0);color:#71899d\" class=\"has-inline-color\">Kobieta Roku 2025 \u2013\u00a0<strong>1 miejsce<\/strong><\/mark><\/em><\/p>\n\n\n\n<p class=\"has-text-align-center wp-block-paragraph\"><\/p>\n\n\n\n<p class=\"has-text-align-center wp-block-paragraph\"><em>Liczba punkt\u00f3w uzyskanych od Jury: <strong>23\/30<\/strong><\/em><\/p>\n\n\n\n<p class=\"has-text-align-center wp-block-paragraph\"><em>Liczba punkt\u00f3w z g\u0142osowania Publiczno\u015bci: <strong>30\/30<\/strong><\/em><\/p>\n\n\n\n<p class=\"has-text-align-center wp-block-paragraph\"><em>\u0141\u0105czna suma punkt\u00f3w: <strong>53\/60<\/strong><\/em><\/p>\n<\/div><\/div>\n\n\n\n<hr class=\"wp-block-separator has-alpha-channel-opacity is-style-dots\"\/>\n\n\n\n<p class=\"has-text-align-center wp-block-paragraph\"><em>Wszystkim Uczestniczkom dzi\u0119kujemy za wzi\u0119cie udzia\u0142u w tegorocznych edycjach Plebiscytu Kobieta Miesi\u0105ca i zapraszamy ju\u017c za kilka godzin, bo jak zwykle o p\u00f3\u0142nocy* rozpoczniemy kolejn\u0105 edycj\u0119. Tym razem z dopiskiem 2026. Analogicznie jak w 2023, 2024 i 2025 roku Top3 ka\u017cdej zrealizowanej edycji trafi do konkursu Kobieta Roku 2026, wi\u0119c warto bra\u0107 udzia\u0142. <\/em><\/p>\n\n\n\n<h1 class=\"wp-block-heading has-text-align-center has-medium-font-size\"><em><strong>Szcz\u0119\u015bliwego Nowego Roku 2026 \u017cyczy ekipa serwisu KobietaMiesiaca.pl!<\/strong><\/em><\/h1>\n\n\n\n<hr class=\"wp-block-separator has-alpha-channel-opacity is-style-dots\"\/>\n\n\n\n<p class=\"has-text-align-center has-small-font-size wp-block-paragraph\"><em>*Mo\u017ce jednak z malutkim op\u00f3\u017anieniem, bo Sylwester i te sprawy \ud83d\ude09<\/em><\/p>\n","protected":false},"excerpt":{"rendered":"<p>Mamy zaszczyt przedstawi\u0107 Pa\u0144stwu wyniki konkursu Kobieta Roku 2025!<\/p>\n","protected":false},"author":1,"featured_media":13548,"comment_status":"closed","ping_status":"open","sticky":false,"template":"","format":"standard","meta":{"cybocfi_hide_featured_image":"yes","footnotes":""},"categories":[14,30],"tags":[],"coauthors":[31],"class_list":["post-13542","post","type-post","status-publish","format-standard","has-post-thumbnail","hentry","category-info","category-kobieta-roku"],"_links":{"self":[{"href":"https:\/\/kobietamiesiaca.pl\/index.php?rest_route=\/wp\/v2\/posts\/13542","targetHints":{"allow":["GET"]}}],"collection":[{"href":"https:\/\/kobietamiesiaca.pl\/index.php?rest_route=\/wp\/v2\/posts"}],"about":[{"href":"https:\/\/kobietamiesiaca.pl\/index.php?rest_route=\/wp\/v2\/types\/post"}],"author":[{"embeddable":true,"href":"https:\/\/kobietamiesiaca.pl\/index.php?rest_route=\/wp\/v2\/users\/1"}],"replies":[{"embeddable":true,"href":"https:\/\/kobietamiesiaca.pl\/index.php?rest_route=%2Fwp%2Fv2%2Fcomments&post=13542"}],"version-history":[{"count":5,"href":"https:\/\/kobietamiesiaca.pl\/index.php?rest_route=\/wp\/v2\/posts\/13542\/revisions"}],"predecessor-version":[{"id":13555,"href":"https:\/\/kobietamiesiaca.pl\/index.php?rest_route=\/wp\/v2\/posts\/13542\/revisions\/13555"}],"wp:featuredmedia":[{"embeddable":true,"href":"https:\/\/kobietamiesiaca.pl\/index.php?rest_route=\/wp\/v2\/media\/13548"}],"wp:attachment":[{"href":"https:\/\/kobietamiesiaca.pl\/index.php?rest_route=%2Fwp%2Fv2%2Fmedia&parent=13542"}],"wp:term":[{"taxonomy":"category","embeddable":true,"href":"https:\/\/kobietamiesiaca.pl\/index.php?rest_route=%2Fwp%2Fv2%2Fcategories&post=13542"},{"taxonomy":"post_tag","embeddable":true,"href":"https:\/\/kobietamiesiaca.pl\/index.php?rest_route=%2Fwp%2Fv2%2Ftags&post=13542"},{"taxonomy":"author","embeddable":true,"href":"https:\/\/kobietamiesiaca.pl\/index.php?rest_route=%2Fwp%2Fv2%2Fcoauthors&post=13542"}],"curies":[{"name":"wp","href":"https:\/\/api.w.org\/{rel}","templated":true}]}}