{"id":13582,"date":"2026-01-18T18:00:09","date_gmt":"2026-01-18T17:00:09","guid":{"rendered":"https:\/\/kobietamiesiaca.pl\/?p=13582"},"modified":"2026-01-18T18:04:04","modified_gmt":"2026-01-18T17:04:04","slug":"wyniki-styczniowej-edycji-plebiscytu-kobieta-miesiaca-2","status":"publish","type":"post","link":"https:\/\/kobietamiesiaca.pl\/?p=13582","title":{"rendered":"Wyniki styczniowej edycji Plebiscytu Kobieta Miesi\u0105ca"},"content":{"rendered":"\n<hr class=\"wp-block-separator has-alpha-channel-opacity is-style-wide\"\/>\n\n\n\n<h3 class=\"wp-block-heading has-text-align-center\"><em>Zach\u0119camy do rejestracji i weryfikacji Kont Kandydatki przed rozpocz\u0119ciem zapis\u00f3w do kolejnej edycji, aby unikn\u0105\u0107 oczekiwania na akceptacj\u0119 przez Administracj\u0119 Serwisu. <\/em><\/h3>\n\n\n\n<hr class=\"wp-block-separator has-alpha-channel-opacity is-style-wide\"\/>\n\n\n\n<h2 class=\"wp-block-heading has-text-align-center has-medium-font-size\"><em>W Jury styczniowej edycji Plebiscytu Kobieta Miesi\u0105ca zasiad\u0142y 4 osoby. By\u0142y to: <\/em><\/h2>\n\n\n\n<div class=\"wp-block-columns is-layout-flex wp-container-core-columns-is-layout-7387b849 wp-block-columns-is-layout-flex\">\n<div class=\"wp-block-column is-layout-flow wp-block-column-is-layout-flow\">\n<div class=\"wp-block-group is-vertical is-layout-flex wp-container-core-group-is-layout-2c90304e wp-block-group-is-layout-flex\">\n<div class=\"wp-block-media-text\" style=\"grid-template-columns:30% auto\"><figure class=\"wp-block-media-text__media\"><img loading=\"lazy\" decoding=\"async\" width=\"683\" height=\"1024\" src=\"https:\/\/kobietamiesiaca.pl\/wp-content\/uploads\/Monia-683x1024.jpg?v=1693433896\" alt=\"\" class=\"wp-image-282 size-large\" srcset=\"https:\/\/kobietamiesiaca.pl\/wp-content\/uploads\/Monia-683x1024.jpg 683w, https:\/\/kobietamiesiaca.pl\/wp-content\/uploads\/Monia-200x300.jpg 200w, https:\/\/kobietamiesiaca.pl\/wp-content\/uploads\/Monia-100x150.jpg 100w, https:\/\/kobietamiesiaca.pl\/wp-content\/uploads\/Monia-768x1152.jpg 768w, https:\/\/kobietamiesiaca.pl\/wp-content\/uploads\/Monia-40x60.jpg 40w, https:\/\/kobietamiesiaca.pl\/wp-content\/uploads\/Monia.jpg 1000w\" sizes=\"auto, (max-width: 683px) 100vw, 683px\" \/><\/figure><div class=\"wp-block-media-text__content\">\n<p class=\"has-medium-font-size wp-block-paragraph\"><strong><em>Monika Szumna<\/em><\/strong><\/p>\n\n\n\n<p class=\"has-small-font-size wp-block-paragraph\"><strong><em>Organizatorka<\/em><\/strong><\/p>\n\n\n\n<p class=\"wp-block-paragraph\"><\/p>\n\n\n\n<p class=\"has-small-font-size wp-block-paragraph\"><em>G\u0142\u00f3wnym celem dla mnie osobi\u015bcie jest, aby kobiety z ca\u0142ej Polski (niezale\u017cnie od wieku) poprawi\u0142y swoj\u0105 samoocen\u0119. Chcia\u0142abym poprzez wyr\u00f3\u017cnienia w tym plebiscycie da\u0107 im w jakim\u015b stopniu pow\u00f3d do rado\u015bci. Podczas g\u0142osowania b\u0119d\u0119 zwraca\u0107 uwag\u0119 na naturalno\u015b\u0107, u\u015bmiech oraz zainteresowania i pasje kandydatek.<\/em><\/p>\n<\/div><\/div>\n<\/div>\n\n\n\n<hr class=\"wp-block-separator has-alpha-channel-opacity is-style-dots\"\/>\n\n\n\n<div class=\"wp-block-media-text\" style=\"grid-template-columns:30% auto\"><figure class=\"wp-block-media-text__media\"><img loading=\"lazy\" decoding=\"async\" width=\"576\" height=\"1024\" src=\"https:\/\/kobietamiesiaca.pl\/wp-content\/uploads\/2025\/11\/20251109223328447-576x1024.jpg\" alt=\"\" class=\"wp-image-13409 size-large\" srcset=\"https:\/\/kobietamiesiaca.pl\/wp-content\/uploads\/2025\/11\/20251109223328447-576x1024.jpg 576w, https:\/\/kobietamiesiaca.pl\/wp-content\/uploads\/2025\/11\/20251109223328447-169x300.jpg 169w, https:\/\/kobietamiesiaca.pl\/wp-content\/uploads\/2025\/11\/20251109223328447-84x150.jpg 84w, https:\/\/kobietamiesiaca.pl\/wp-content\/uploads\/2025\/11\/20251109223328447-768x1366.jpg 768w, https:\/\/kobietamiesiaca.pl\/wp-content\/uploads\/2025\/11\/20251109223328447-864x1536.jpg 864w, https:\/\/kobietamiesiaca.pl\/wp-content\/uploads\/2025\/11\/20251109223328447-1024x1821.jpg 1024w, https:\/\/kobietamiesiaca.pl\/wp-content\/uploads\/2025\/11\/20251109223328447.jpg 1080w\" sizes=\"auto, (max-width: 576px) 100vw, 576px\" \/><\/figure><div class=\"wp-block-media-text__content\">\n<p class=\"has-medium-font-size wp-block-paragraph\"><strong><em>Aneta S\u0142abicka<\/em><\/strong><\/p>\n\n\n\n<p class=\"has-small-font-size wp-block-paragraph\"><strong><em>Kobieta Miesi\u0105ca: Wrzesie\u0144 2021<\/em><\/strong><\/p>\n\n\n\n<p class=\"has-small-font-size wp-block-paragraph\"><strong><em>Kobieta Miesi\u0105ca: Listopad 2023<\/em><\/strong><\/p>\n\n\n\n<p class=\"wp-block-paragraph\"><\/p>\n\n\n\n<p class=\"has-small-font-size wp-block-paragraph\"><em>Witam serdecznie. Nazywam si\u0119 Aneta S\u0142abicka, mam 43 lata i mieszkam w Jeleniej G\u00f3rze. Pracuj\u0119 w bran\u017cy medycznej, wi\u0119c na co dzie\u0144 pomagam ludziom i to daje mi najwi\u0119ksz\u0105 satysfakcj\u0119. Jestem osob\u0105 otwart\u0105, u\u015bmiechni\u0119t\u0105, z ogromnym sercem i si\u0142\u0105. Moj\u0105 pasj\u0105 jest literatura i sztuka. Uwielbiam te\u017c dobr\u0105 muzyk\u0119 i zachody s\u0142o\u0144ca, kt\u00f3re daj\u0105 mi mn\u00f3stwo energii. Moim hobby jest r\u00f3wnie\u017c fotomodeling, na ka\u017cdym zdj\u0119ciu jestem inna, s\u0105 inne emocje, ka\u017cde zdj\u0119cie to inna historia.<\/em><\/p>\n\n\n\n<p class=\"has-small-font-size wp-block-paragraph\"><em>Wybieraj\u0105c Kobiet\u0119 Miesi\u0105ca, b\u0119d\u0119 zwraca\u0142a szczeg\u00f3ln\u0105 uwag\u0119 na oczy, na spojrzenie, poniewa\u017c to w nich jest si\u0142a i to one s\u0105 zwierciad\u0142em naszej duszy. Wa\u017cna jest r\u00f3wnie\u017c naturalno\u015b\u0107 i u\u015bmiech i musi by\u0107 &#8222;to co\u015b&#8221;, co mnie przekona o wyj\u0105tkowo\u015bci.<\/em><\/p>\n<\/div><\/div>\n\n\n\n<hr class=\"wp-block-separator has-alpha-channel-opacity is-style-dots\"\/>\n\n\n\n<div class=\"wp-block-media-text\" style=\"grid-template-columns:30% auto\"><figure class=\"wp-block-media-text__media\"><img loading=\"lazy\" decoding=\"async\" width=\"495\" height=\"660\" src=\"https:\/\/kobietamiesiaca.pl\/wp-content\/uploads\/2026\/01\/WhatsApp-Image-2026-01-04-at-20.43.59.jpeg\" alt=\"\" class=\"wp-image-13593 size-large\" srcset=\"https:\/\/kobietamiesiaca.pl\/wp-content\/uploads\/2026\/01\/WhatsApp-Image-2026-01-04-at-20.43.59.jpeg 495w, https:\/\/kobietamiesiaca.pl\/wp-content\/uploads\/2026\/01\/WhatsApp-Image-2026-01-04-at-20.43.59-225x300.jpeg 225w, https:\/\/kobietamiesiaca.pl\/wp-content\/uploads\/2026\/01\/WhatsApp-Image-2026-01-04-at-20.43.59-113x150.jpeg 113w\" sizes=\"auto, (max-width: 495px) 100vw, 495px\" \/><\/figure><div class=\"wp-block-media-text__content\">\n<p class=\"has-medium-font-size wp-block-paragraph\"><strong><em>Aleksandra Czaban<\/em><\/strong><\/p>\n\n\n\n<p class=\"has-small-font-size wp-block-paragraph\"><strong><em>Kobieta Miesi\u0105ca: Czerwiec 2021<\/em><\/strong><\/p>\n\n\n\n<p class=\"has-small-font-size wp-block-paragraph\"><strong><em>Kobieta Roku 2021<\/em><\/strong><\/p>\n\n\n\n<p class=\"wp-block-paragraph\"><\/p>\n\n\n\n<p class=\"has-small-font-size wp-block-paragraph\">Mam 25 lat i pochodz\u0119 z Malborka. Na co dzie\u0144 pracuj\u0119 w bran\u017cy beauty, a hobbystycznie interesuj\u0119 si\u0119 photomodelingiem \u2013 najcz\u0119\u015bciej bywam modelk\u0105 podczas szkole\u0144 makija\u017cowych. Kocham sport i podr\u00f3\u017ce, kt\u00f3re daj\u0105 mi energi\u0119 i inspiracj\u0119 do dzia\u0142ania.<br>Jako jurorka podczas wybor\u00f3w Kobiety Miesi\u0105ca b\u0119d\u0119 zwraca\u0107 szczeg\u00f3ln\u0105 uwag\u0119 na naturalno\u015b\u0107, autentyczno\u015b\u0107 oraz pewno\u015b\u0107 siebie.<\/p>\n\n\n\n<p class=\"has-small-font-size wp-block-paragraph\"><\/p>\n<\/div><\/div>\n\n\n\n<hr class=\"wp-block-separator has-alpha-channel-opacity is-style-dots\"\/>\n<\/div>\n<\/div>\n\n\n\n<div class=\"wp-block-media-text\" style=\"grid-template-columns:30% auto\"><figure class=\"wp-block-media-text__media\"><img loading=\"lazy\" decoding=\"async\" width=\"683\" height=\"1024\" src=\"https:\/\/kobietamiesiaca.pl\/wp-content\/uploads\/2025\/01\/WhatsApp-Image-2025-01-17-at-12.14.30-683x1024.jpeg?v=1737170859\" alt=\"\" class=\"wp-image-11372 size-large\" srcset=\"https:\/\/kobietamiesiaca.pl\/wp-content\/uploads\/2025\/01\/WhatsApp-Image-2025-01-17-at-12.14.30-683x1024.jpeg 683w, https:\/\/kobietamiesiaca.pl\/wp-content\/uploads\/2025\/01\/WhatsApp-Image-2025-01-17-at-12.14.30-200x300.jpeg 200w, https:\/\/kobietamiesiaca.pl\/wp-content\/uploads\/2025\/01\/WhatsApp-Image-2025-01-17-at-12.14.30-100x150.jpeg 100w, https:\/\/kobietamiesiaca.pl\/wp-content\/uploads\/2025\/01\/WhatsApp-Image-2025-01-17-at-12.14.30-768x1152.jpeg 768w, https:\/\/kobietamiesiaca.pl\/wp-content\/uploads\/2025\/01\/WhatsApp-Image-2025-01-17-at-12.14.30.jpeg 960w\" sizes=\"auto, (max-width: 683px) 100vw, 683px\" \/><\/figure><div class=\"wp-block-media-text__content\">\n<p class=\"wp-block-paragraph\"><strong>Izabela Fijo\u0142ek<\/strong><\/p>\n\n\n\n<p class=\"has-small-font-size wp-block-paragraph\"><strong><em>Ambasadorka Plebiscytu Kobieta Miesi\u0105ca<\/em><\/strong><\/p>\n\n\n\n<p class=\"has-small-font-size wp-block-paragraph\">Jestem piel\u0119gniark\u0105 na bloku operacyjnym, gdzie ka\u017cdego dnia dbam o bezpiecze\u0144stwo pacjent\u00f3w podczas skomplikowanych operacji. Moja praca wymaga precyzji, zaanga\u017cowania i spokoju, poniewa\u017c ka\u017cdy detal ma znaczenie w ratowaniu \u017cycia. Poza prac\u0105 jestem mam\u0105 dw\u00f3jki wspania\u0142ych dzieci, kt\u00f3re daj\u0105 mi mn\u00f3stwo rado\u015bci i energii. Zawsze staram si\u0119 \u0142\u0105czy\u0107 obowi\u0105zki zawodowe z \u017cyciem rodzinnym, bo obie te role s\u0105 dla mnie r\u00f3wnie wa\u017cne. Jako juror w konkursie Kobieta Miesi\u0105ca mam zaszczyt ocenia\u0107 wyj\u0105tkowe kobiety, kt\u00f3re \u0142\u0105cz\u0105 pasj\u0119, urod\u0119 i si\u0142\u0119 charakteru. Z do\u015bwiadczenia wiem, jak wa\u017cna jest r\u00f3wnowaga mi\u0119dzy \u017cyciem zawodowym a osobistym. Kobiety, kt\u00f3re anga\u017cuj\u0105 si\u0119 w swoje pasje, dbaj\u0105 o innych i potrafi\u0105 by\u0107 wzorem do na\u015bladowania, zas\u0142uguj\u0105 na uwag\u0119 i szacunek. Ciesz\u0119 si\u0119, \u017ce mog\u0119 uczestniczy\u0107 w tej pi\u0119knej inicjatywie, podziwiaj\u0105c ka\u017cd\u0105 kandydatk\u0119 za jej indywidualno\u015b\u0107, zaanga\u017cowanie oraz determinacj\u0119.<\/p>\n<\/div><\/div>\n\n\n\n<hr class=\"wp-block-separator has-alpha-channel-opacity is-style-wide\"\/>\n\n\n\n<p class=\"has-text-align-center wp-block-paragraph\"><em><strong>Sponsorem nagr\u00f3d dla Kobiety Miesi\u0105ca, oraz Kobiety Miesi\u0105ca Publiczno\u015bci jest: <\/strong><\/em><\/p>\n\n\n\n<div class=\"wp-block-media-text is-stacked-on-mobile\"><figure class=\"wp-block-media-text__media\"><img loading=\"lazy\" decoding=\"async\" width=\"813\" height=\"1024\" src=\"https:\/\/kobietamiesiaca.pl\/wp-content\/uploads\/2026\/01\/WhatsApp-Image-2026-01-18-at-15.18.18-813x1024.jpeg\" alt=\"\" class=\"wp-image-13594 size-full\" srcset=\"https:\/\/kobietamiesiaca.pl\/wp-content\/uploads\/2026\/01\/WhatsApp-Image-2026-01-18-at-15.18.18-813x1024.jpeg 813w, https:\/\/kobietamiesiaca.pl\/wp-content\/uploads\/2026\/01\/WhatsApp-Image-2026-01-18-at-15.18.18-238x300.jpeg 238w, https:\/\/kobietamiesiaca.pl\/wp-content\/uploads\/2026\/01\/WhatsApp-Image-2026-01-18-at-15.18.18-119x150.jpeg 119w, https:\/\/kobietamiesiaca.pl\/wp-content\/uploads\/2026\/01\/WhatsApp-Image-2026-01-18-at-15.18.18-768x967.jpeg 768w, https:\/\/kobietamiesiaca.pl\/wp-content\/uploads\/2026\/01\/WhatsApp-Image-2026-01-18-at-15.18.18.jpeg 864w\" sizes=\"auto, (max-width: 813px) 100vw, 813px\" \/><\/figure><div class=\"wp-block-media-text__content\">\n<h2 class=\"wp-block-heading\"><em>Piotr Nosarzewski<\/em><\/h2>\n\n\n\n<p class=\"wp-block-paragraph\"><\/p>\n\n\n\n<p class=\"wp-block-paragraph\"><em>Piotr Nosarzewski to przedstawiciel firmy DUOLIFE oraz Lider Biznesu Online, dzia\u0142aj\u0105cy w obszarze wellness &amp; beauty od ponad dekady. Specjalizuje si\u0119 w promocji zdrowia oraz zdrowego od\u017cywiania, \u0142\u0105cz\u0105c wiedz\u0119 merytoryczn\u0105 z praktycznym do\u015bwiadczeniem biznesowym. W swojej dzia\u0142alno\u015bci koncentruje si\u0119 na edukacji, \u015bwiadomych wyborach prozdrowotnych oraz budowaniu nowoczesnych modeli biznesu opartego na jako\u015bci i d\u0142ugofalowych relacjach.<\/em><\/p>\n<\/div><\/div>\n\n\n\n<figure class=\"wp-block-gallery has-nested-images columns-default is-cropped wp-block-gallery-1 is-layout-flex wp-block-gallery-is-layout-flex\">\n<figure class=\"wp-block-image size-large\"><img loading=\"lazy\" decoding=\"async\" width=\"768\" height=\"1024\" data-id=\"13596\" src=\"https:\/\/kobietamiesiaca.pl\/wp-content\/uploads\/2026\/01\/WhatsApp-Image-2026-01-18-at-15.18.21-768x1024.jpeg\" alt=\"\" class=\"wp-image-13596\" srcset=\"https:\/\/kobietamiesiaca.pl\/wp-content\/uploads\/2026\/01\/WhatsApp-Image-2026-01-18-at-15.18.21-768x1024.jpeg 768w, https:\/\/kobietamiesiaca.pl\/wp-content\/uploads\/2026\/01\/WhatsApp-Image-2026-01-18-at-15.18.21-225x300.jpeg 225w, https:\/\/kobietamiesiaca.pl\/wp-content\/uploads\/2026\/01\/WhatsApp-Image-2026-01-18-at-15.18.21-113x150.jpeg 113w, https:\/\/kobietamiesiaca.pl\/wp-content\/uploads\/2026\/01\/WhatsApp-Image-2026-01-18-at-15.18.21-1152x1536.jpeg 1152w, https:\/\/kobietamiesiaca.pl\/wp-content\/uploads\/2026\/01\/WhatsApp-Image-2026-01-18-at-15.18.21-1024x1365.jpeg 1024w, https:\/\/kobietamiesiaca.pl\/wp-content\/uploads\/2026\/01\/WhatsApp-Image-2026-01-18-at-15.18.21.jpeg 1200w\" sizes=\"auto, (max-width: 768px) 100vw, 768px\" \/><\/figure>\n\n\n\n<figure class=\"wp-block-image size-large\"><img loading=\"lazy\" decoding=\"async\" width=\"768\" height=\"1024\" data-id=\"13597\" src=\"https:\/\/kobietamiesiaca.pl\/wp-content\/uploads\/2026\/01\/WhatsApp-Image-2026-01-18-at-15.18.20-768x1024.jpeg\" alt=\"\" class=\"wp-image-13597\" srcset=\"https:\/\/kobietamiesiaca.pl\/wp-content\/uploads\/2026\/01\/WhatsApp-Image-2026-01-18-at-15.18.20-768x1024.jpeg 768w, https:\/\/kobietamiesiaca.pl\/wp-content\/uploads\/2026\/01\/WhatsApp-Image-2026-01-18-at-15.18.20-225x300.jpeg 225w, https:\/\/kobietamiesiaca.pl\/wp-content\/uploads\/2026\/01\/WhatsApp-Image-2026-01-18-at-15.18.20-113x150.jpeg 113w, https:\/\/kobietamiesiaca.pl\/wp-content\/uploads\/2026\/01\/WhatsApp-Image-2026-01-18-at-15.18.20-1152x1536.jpeg 1152w, https:\/\/kobietamiesiaca.pl\/wp-content\/uploads\/2026\/01\/WhatsApp-Image-2026-01-18-at-15.18.20-1024x1365.jpeg 1024w, https:\/\/kobietamiesiaca.pl\/wp-content\/uploads\/2026\/01\/WhatsApp-Image-2026-01-18-at-15.18.20.jpeg 1536w\" sizes=\"auto, (max-width: 768px) 100vw, 768px\" \/><\/figure>\n\n\n\n<figure class=\"wp-block-image size-large\"><img loading=\"lazy\" decoding=\"async\" width=\"576\" height=\"1024\" data-id=\"13598\" src=\"https:\/\/kobietamiesiaca.pl\/wp-content\/uploads\/2026\/01\/WhatsApp-Image-2026-01-18-at-15.18.19-576x1024.jpeg\" alt=\"\" class=\"wp-image-13598\" srcset=\"https:\/\/kobietamiesiaca.pl\/wp-content\/uploads\/2026\/01\/WhatsApp-Image-2026-01-18-at-15.18.19-576x1024.jpeg 576w, https:\/\/kobietamiesiaca.pl\/wp-content\/uploads\/2026\/01\/WhatsApp-Image-2026-01-18-at-15.18.19-169x300.jpeg 169w, https:\/\/kobietamiesiaca.pl\/wp-content\/uploads\/2026\/01\/WhatsApp-Image-2026-01-18-at-15.18.19-84x150.jpeg 84w, https:\/\/kobietamiesiaca.pl\/wp-content\/uploads\/2026\/01\/WhatsApp-Image-2026-01-18-at-15.18.19-768x1365.jpeg 768w, https:\/\/kobietamiesiaca.pl\/wp-content\/uploads\/2026\/01\/WhatsApp-Image-2026-01-18-at-15.18.19-864x1536.jpeg 864w, https:\/\/kobietamiesiaca.pl\/wp-content\/uploads\/2026\/01\/WhatsApp-Image-2026-01-18-at-15.18.19-1024x1820.jpeg 1024w, https:\/\/kobietamiesiaca.pl\/wp-content\/uploads\/2026\/01\/WhatsApp-Image-2026-01-18-at-15.18.19.jpeg 1152w\" sizes=\"auto, (max-width: 576px) 100vw, 576px\" \/><\/figure>\n<\/figure>\n\n\n\n<div class=\"wp-block-media-text has-media-on-the-right is-stacked-on-mobile\"><div class=\"wp-block-media-text__content\">\n<p class=\"wp-block-paragraph\">Wi\u0119cej informacji na temat produkt\u00f3w mo\u017cliwych do wygrania mo\u017cna znale\u017a\u0107 na poni\u017cszej stronie internetowej: <\/p>\n\n\n\n<p class=\"wp-block-paragraph\"><a href=\"https:\/\/www.facebook.com\/share\/g\/17cxdHwB11\">https:\/\/www.facebook.com\/share\/g\/17cxdHwB11<\/a><\/p>\n\n\n\n<p class=\"wp-block-paragraph\"><\/p>\n\n\n\n<p class=\"wp-block-paragraph\"><\/p>\n\n\n\n<p class=\"wp-block-paragraph\">#Reklama<\/p>\n\n\n\n<p class=\"wp-block-paragraph\">#Wsp\u00f3\u0142praca<\/p>\n<\/div><figure class=\"wp-block-media-text__media\"><img loading=\"lazy\" decoding=\"async\" width=\"960\" height=\"960\" src=\"https:\/\/kobietamiesiaca.pl\/wp-content\/uploads\/2026\/01\/WhatsApp-Image-2026-01-18-at-15.18.211.jpeg\" alt=\"\" class=\"wp-image-13595 size-full\" srcset=\"https:\/\/kobietamiesiaca.pl\/wp-content\/uploads\/2026\/01\/WhatsApp-Image-2026-01-18-at-15.18.211.jpeg 960w, https:\/\/kobietamiesiaca.pl\/wp-content\/uploads\/2026\/01\/WhatsApp-Image-2026-01-18-at-15.18.211-300x300.jpeg 300w, https:\/\/kobietamiesiaca.pl\/wp-content\/uploads\/2026\/01\/WhatsApp-Image-2026-01-18-at-15.18.211-150x150.jpeg 150w, https:\/\/kobietamiesiaca.pl\/wp-content\/uploads\/2026\/01\/WhatsApp-Image-2026-01-18-at-15.18.211-768x768.jpeg 768w\" sizes=\"auto, (max-width: 960px) 100vw, 960px\" \/><\/figure><\/div>\n\n\n\n<p class=\"wp-block-paragraph\"><\/p>\n\n\n\n<hr class=\"wp-block-separator has-alpha-channel-opacity is-style-wide\"\/>\n\n\n\n<h3 class=\"wp-block-heading has-text-align-center\"><em>Tytu\u0142 komplementarny &#8211; Kobieta Miesi\u0105ca Publiczno\u015bci<\/em><\/h3>\n\n\n\n<h5 class=\"wp-block-heading has-text-align-center\"><strong><em>Wyniki g\u0142osowania publiczno\u015bci: <\/em><\/strong><\/h5>\n\n\n\n<hr class=\"wp-block-separator has-alpha-channel-opacity is-style-dots\"\/>\n\n\n\n<div class=\"wp-block-media-text alignwide is-stacked-on-mobile\" style=\"grid-template-columns:25% auto\"><figure class=\"wp-block-media-text__media\"><img loading=\"lazy\" decoding=\"async\" width=\"675\" height=\"779\" src=\"https:\/\/kobietamiesiaca.pl\/wp-content\/uploads\/2026\/01\/IMG_20260107_164527_520.jpg\" alt=\"\" class=\"wp-image-13590 size-large\" srcset=\"https:\/\/kobietamiesiaca.pl\/wp-content\/uploads\/2026\/01\/IMG_20260107_164527_520.jpg 675w, https:\/\/kobietamiesiaca.pl\/wp-content\/uploads\/2026\/01\/IMG_20260107_164527_520-260x300.jpg 260w, https:\/\/kobietamiesiaca.pl\/wp-content\/uploads\/2026\/01\/IMG_20260107_164527_520-130x150.jpg 130w\" sizes=\"auto, (max-width: 675px) 100vw, 675px\" \/><\/figure><div class=\"wp-block-media-text__content\">\n<h3 class=\"wp-block-heading\"><em><strong>Miejsce<\/strong> 3<\/em><\/h3>\n\n\n\n<h2 class=\"wp-block-heading\"><em>Izabela Sobesto<\/em><\/h2>\n\n\n\n<h6 class=\"wp-block-heading\"><\/h6>\n<\/div><\/div>\n\n\n\n<hr class=\"wp-block-separator has-alpha-channel-opacity is-style-dots\"\/>\n\n\n\n<div class=\"wp-block-media-text alignwide is-stacked-on-mobile\" style=\"grid-template-columns:25% auto\"><figure class=\"wp-block-media-text__media\"><img loading=\"lazy\" decoding=\"async\" width=\"769\" height=\"1024\" src=\"https:\/\/kobietamiesiaca.pl\/wp-content\/uploads\/2026\/01\/IMG_1446-rotated-1-769x1024.jpeg\" alt=\"\" class=\"wp-image-13589 size-large\" srcset=\"https:\/\/kobietamiesiaca.pl\/wp-content\/uploads\/2026\/01\/IMG_1446-rotated-1-769x1024.jpeg 769w, https:\/\/kobietamiesiaca.pl\/wp-content\/uploads\/2026\/01\/IMG_1446-rotated-1-225x300.jpeg 225w, https:\/\/kobietamiesiaca.pl\/wp-content\/uploads\/2026\/01\/IMG_1446-rotated-1-113x150.jpeg 113w, https:\/\/kobietamiesiaca.pl\/wp-content\/uploads\/2026\/01\/IMG_1446-rotated-1-768x1022.jpeg 768w, https:\/\/kobietamiesiaca.pl\/wp-content\/uploads\/2026\/01\/IMG_1446-rotated-1-1154x1536.jpeg 1154w, https:\/\/kobietamiesiaca.pl\/wp-content\/uploads\/2026\/01\/IMG_1446-rotated-1-1539x2048.jpeg 1539w, https:\/\/kobietamiesiaca.pl\/wp-content\/uploads\/2026\/01\/IMG_1446-rotated-1-1024x1363.jpeg 1024w\" sizes=\"auto, (max-width: 769px) 100vw, 769px\" \/><\/figure><div class=\"wp-block-media-text__content\">\n<h3 class=\"wp-block-heading\"><strong><em>Miejsce <\/em><\/strong>2<\/h3>\n\n\n\n<h2 class=\"wp-block-heading\"><em>Paulina Jankowska<\/em><\/h2>\n\n\n\n<h6 class=\"wp-block-heading\"><\/h6>\n<\/div><\/div>\n\n\n\n<hr class=\"wp-block-separator has-alpha-channel-opacity is-style-dots\"\/>\n\n\n\n<div class=\"wp-block-media-text alignwide is-stacked-on-mobile\" style=\"grid-template-columns:22% auto\"><figure class=\"wp-block-media-text__media\"><img loading=\"lazy\" decoding=\"async\" width=\"683\" height=\"1024\" src=\"https:\/\/kobietamiesiaca.pl\/wp-content\/uploads\/2026\/01\/inbound2287857592336068053-683x1024.jpg\" alt=\"\" class=\"wp-image-13584 size-large\" srcset=\"https:\/\/kobietamiesiaca.pl\/wp-content\/uploads\/2026\/01\/inbound2287857592336068053-683x1024.jpg 683w, https:\/\/kobietamiesiaca.pl\/wp-content\/uploads\/2026\/01\/inbound2287857592336068053-200x300.jpg 200w, https:\/\/kobietamiesiaca.pl\/wp-content\/uploads\/2026\/01\/inbound2287857592336068053-100x150.jpg 100w, https:\/\/kobietamiesiaca.pl\/wp-content\/uploads\/2026\/01\/inbound2287857592336068053-768x1152.jpg 768w, https:\/\/kobietamiesiaca.pl\/wp-content\/uploads\/2026\/01\/inbound2287857592336068053-1024x1536.jpg 1024w, https:\/\/kobietamiesiaca.pl\/wp-content\/uploads\/2026\/01\/inbound2287857592336068053-1365x2048.jpg 1365w\" sizes=\"auto, (max-width: 683px) 100vw, 683px\" \/><\/figure><div class=\"wp-block-media-text__content\">\n<h3 class=\"wp-block-heading\"><strong><em>Miejsce <\/em><\/strong>1<\/h3>\n\n\n\n<h2 class=\"wp-block-heading\"><em>Daria Kapa\u0142a<\/em><\/h2>\n\n\n\n<h6 class=\"wp-block-heading\"><\/h6>\n<\/div><\/div>\n\n\n\n<p class=\"has-text-align-center wp-block-paragraph\"><\/p>\n\n\n\n<p class=\"wp-block-paragraph\"><\/p>\n\n\n\n<hr class=\"wp-block-separator has-alpha-channel-opacity is-style-wide\"\/>\n\n\n\n<h1 class=\"wp-block-heading has-text-align-center\"><em>Tytu\u0142 G\u0142\u00f3wny &#8211; Kobieta Miesi\u0105ca<\/em><\/h1>\n\n\n\n<p class=\"has-text-align-center wp-block-paragraph\"><em>Od listopadowej edycji zmieniamy nieco form\u0119 przedstawiania wynik\u00f3w i przyznajemy wyr\u00f3\u017cnienia oraz miejsca na podium.  <\/em><\/p>\n\n\n\n<hr class=\"wp-block-separator has-alpha-channel-opacity is-style-dots\"\/>\n\n\n\n<h2 class=\"wp-block-heading has-text-align-center\"><em>Wyr\u00f3\u017cnienia<\/em><\/h2>\n\n\n\n<figure class=\"wp-block-gallery has-nested-images columns-6 is-cropped wp-block-gallery-2 is-layout-flex wp-block-gallery-is-layout-flex\">\n<figure class=\"wp-block-image size-large\"><img loading=\"lazy\" decoding=\"async\" width=\"683\" height=\"1024\" data-id=\"13584\" src=\"https:\/\/kobietamiesiaca.pl\/wp-content\/uploads\/2026\/01\/inbound2287857592336068053-683x1024.jpg\" alt=\"\" class=\"wp-image-13584\" srcset=\"https:\/\/kobietamiesiaca.pl\/wp-content\/uploads\/2026\/01\/inbound2287857592336068053-683x1024.jpg 683w, https:\/\/kobietamiesiaca.pl\/wp-content\/uploads\/2026\/01\/inbound2287857592336068053-200x300.jpg 200w, https:\/\/kobietamiesiaca.pl\/wp-content\/uploads\/2026\/01\/inbound2287857592336068053-100x150.jpg 100w, https:\/\/kobietamiesiaca.pl\/wp-content\/uploads\/2026\/01\/inbound2287857592336068053-768x1152.jpg 768w, https:\/\/kobietamiesiaca.pl\/wp-content\/uploads\/2026\/01\/inbound2287857592336068053-1024x1536.jpg 1024w, https:\/\/kobietamiesiaca.pl\/wp-content\/uploads\/2026\/01\/inbound2287857592336068053-1365x2048.jpg 1365w\" sizes=\"auto, (max-width: 683px) 100vw, 683px\" \/><figcaption class=\"wp-element-caption\"><em>Daria Kapa\u0142a<\/em><\/figcaption><\/figure>\n\n\n\n<figure class=\"wp-block-image size-large\"><img loading=\"lazy\" decoding=\"async\" width=\"681\" height=\"1024\" data-id=\"13586\" src=\"https:\/\/kobietamiesiaca.pl\/wp-content\/uploads\/2026\/01\/Polish_20250222_204323308-681x1024.jpg\" alt=\"\" class=\"wp-image-13586\" srcset=\"https:\/\/kobietamiesiaca.pl\/wp-content\/uploads\/2026\/01\/Polish_20250222_204323308-681x1024.jpg 681w, https:\/\/kobietamiesiaca.pl\/wp-content\/uploads\/2026\/01\/Polish_20250222_204323308-199x300.jpg 199w, https:\/\/kobietamiesiaca.pl\/wp-content\/uploads\/2026\/01\/Polish_20250222_204323308-100x150.jpg 100w, https:\/\/kobietamiesiaca.pl\/wp-content\/uploads\/2026\/01\/Polish_20250222_204323308-768x1156.jpg 768w, https:\/\/kobietamiesiaca.pl\/wp-content\/uploads\/2026\/01\/Polish_20250222_204323308-1021x1536.jpg 1021w, https:\/\/kobietamiesiaca.pl\/wp-content\/uploads\/2026\/01\/Polish_20250222_204323308-1024x1541.jpg 1024w, https:\/\/kobietamiesiaca.pl\/wp-content\/uploads\/2026\/01\/Polish_20250222_204323308.jpg 1080w\" sizes=\"auto, (max-width: 681px) 100vw, 681px\" \/><figcaption class=\"wp-element-caption\"><em>Anna Karwowska<\/em><\/figcaption><\/figure>\n<\/figure>\n\n\n\n<hr class=\"wp-block-separator has-alpha-channel-opacity is-style-dots\"\/>\n\n\n\n<h2 class=\"wp-block-heading has-text-align-center\"><em>Miejsce 3<\/em><\/h2>\n\n\n\n<figure class=\"wp-block-gallery has-nested-images columns-6 is-cropped wp-block-gallery-3 is-layout-flex wp-block-gallery-is-layout-flex\">\n<figure class=\"wp-block-image size-full\"><img loading=\"lazy\" decoding=\"async\" width=\"675\" height=\"779\" data-id=\"13590\" src=\"https:\/\/kobietamiesiaca.pl\/wp-content\/uploads\/2026\/01\/IMG_20260107_164527_520.jpg\" alt=\"\" class=\"wp-image-13590\" srcset=\"https:\/\/kobietamiesiaca.pl\/wp-content\/uploads\/2026\/01\/IMG_20260107_164527_520.jpg 675w, https:\/\/kobietamiesiaca.pl\/wp-content\/uploads\/2026\/01\/IMG_20260107_164527_520-260x300.jpg 260w, https:\/\/kobietamiesiaca.pl\/wp-content\/uploads\/2026\/01\/IMG_20260107_164527_520-130x150.jpg 130w\" sizes=\"auto, (max-width: 675px) 100vw, 675px\" \/><figcaption class=\"wp-element-caption\"><em>Izabela Sobesto<\/em><\/figcaption><\/figure>\n<\/figure>\n\n\n\n<h2 class=\"wp-block-heading\"><\/h2>\n\n\n\n<hr class=\"wp-block-separator has-alpha-channel-opacity is-style-dots\"\/>\n\n\n\n<h2 class=\"wp-block-heading has-text-align-center\"><em>Miejsce 2<\/em><\/h2>\n\n\n\n<figure class=\"wp-block-image aligncenter size-large\"><img loading=\"lazy\" decoding=\"async\" width=\"768\" height=\"1024\" src=\"https:\/\/kobietamiesiaca.pl\/wp-content\/uploads\/2026\/01\/PXL_20251107_102222129-768x1024.jpg\" alt=\"\" class=\"wp-image-13587\" srcset=\"https:\/\/kobietamiesiaca.pl\/wp-content\/uploads\/2026\/01\/PXL_20251107_102222129-768x1024.jpg 768w, https:\/\/kobietamiesiaca.pl\/wp-content\/uploads\/2026\/01\/PXL_20251107_102222129-225x300.jpg 225w, https:\/\/kobietamiesiaca.pl\/wp-content\/uploads\/2026\/01\/PXL_20251107_102222129-113x150.jpg 113w, https:\/\/kobietamiesiaca.pl\/wp-content\/uploads\/2026\/01\/PXL_20251107_102222129-1152x1536.jpg 1152w, https:\/\/kobietamiesiaca.pl\/wp-content\/uploads\/2026\/01\/PXL_20251107_102222129-1536x2048.jpg 1536w, https:\/\/kobietamiesiaca.pl\/wp-content\/uploads\/2026\/01\/PXL_20251107_102222129-1024x1365.jpg 1024w\" sizes=\"auto, (max-width: 768px) 100vw, 768px\" \/><figcaption class=\"wp-element-caption\"><em>Karina Antonyan<\/em><\/figcaption><\/figure>\n\n\n\n<hr class=\"wp-block-separator has-alpha-channel-opacity is-style-dots\"\/>\n\n\n\n<h1 class=\"wp-block-heading has-text-align-center\"><em>Miejsce 1<\/em><\/h1>\n\n\n\n<figure class=\"wp-block-image aligncenter size-full\"><img loading=\"lazy\" decoding=\"async\" width=\"1206\" height=\"1588\" src=\"https:\/\/kobietamiesiaca.pl\/wp-content\/uploads\/2026\/01\/IMG_1975.jpeg\" alt=\"\" class=\"wp-image-13588\" srcset=\"https:\/\/kobietamiesiaca.pl\/wp-content\/uploads\/2026\/01\/IMG_1975.jpeg 1206w, https:\/\/kobietamiesiaca.pl\/wp-content\/uploads\/2026\/01\/IMG_1975-228x300.jpeg 228w, https:\/\/kobietamiesiaca.pl\/wp-content\/uploads\/2026\/01\/IMG_1975-778x1024.jpeg 778w, https:\/\/kobietamiesiaca.pl\/wp-content\/uploads\/2026\/01\/IMG_1975-114x150.jpeg 114w, https:\/\/kobietamiesiaca.pl\/wp-content\/uploads\/2026\/01\/IMG_1975-768x1011.jpeg 768w, https:\/\/kobietamiesiaca.pl\/wp-content\/uploads\/2026\/01\/IMG_1975-1167x1536.jpeg 1167w, https:\/\/kobietamiesiaca.pl\/wp-content\/uploads\/2026\/01\/IMG_1975-1024x1348.jpeg 1024w\" sizes=\"auto, (max-width: 1206px) 100vw, 1206px\" \/><\/figure>\n\n\n\n<h1 class=\"wp-block-heading has-text-align-center\"><em><em>Wiktoria Zwierzy\u0144ska<\/em><\/em><\/h1>\n\n\n\n<blockquote class=\"wp-block-quote is-layout-flow wp-block-quote-is-layout-flow\">\n<p class=\"wp-block-paragraph\"><em>Hej! Mam na imi\u0119 Wiktoria, niedawno sko\u0144czy\u0142am studia i zacz\u0119\u0142am prac\u0119 w swoim zawodzie, co uwa\u017cam za sukces, aby nie przesi\u0105kn\u0105\u0107 monotoni\u0105 \u017cycia codziennego po pracy, mam wiele aktywno\u015bci. Chodz\u0119 na taniec &#8211; wsp\u00f3\u0142czesny oraz dancehall, od czasu do czasu r\u00f3wnie\u017c zawitam na szarfy czy aerial, jest to idealne uzupe\u0142nienie do \u0107wicze\u0144 si\u0142owych. W zdrowym ciele zdrowy duch!<\/em><\/p>\n<\/blockquote>\n\n\n\n<hr class=\"wp-block-separator has-alpha-channel-opacity is-style-wide\"\/>\n\n\n\n<p class=\"has-text-align-center has-medium-font-size wp-block-paragraph\"><em>W styczniowej edycji Kandydatki walczy\u0142y o niesamowite nagrody! Zar\u00f3wno zwyci\u0119\u017cczyni g\u0142\u00f3wnego tytu\u0142u Kobieta Miesi\u0105ca, jak i laureatka tytu\u0142u komplementarnego Kobieta Miesi\u0105ca Publiczno\u015bci otrzymaj\u0105 pami\u0105tkow\u0105 szarf\u0119 inspirowan\u0105 konkursami pi\u0119kno\u015bci<\/em><em>.<\/em><\/p>\n\n\n\n<h2 class=\"wp-block-heading has-text-align-center\"><strong><em>Opr\u00f3cz tego mamy r\u00f3wnie\u017c nagrody rzeczowe!<\/em><\/strong><\/h2>\n\n\n\n<div class=\"wp-block-columns is-layout-flex wp-container-core-columns-is-layout-7387b849 wp-block-columns-is-layout-flex\">\n<div class=\"wp-block-column is-layout-flow wp-block-column-is-layout-flow\">\n<figure class=\"wp-block-image size-large\"><img loading=\"lazy\" decoding=\"async\" width=\"576\" height=\"1024\" src=\"https:\/\/kobietamiesiaca.pl\/wp-content\/uploads\/2026\/01\/WhatsApp-Image-2026-01-18-at-15.18.19-576x1024.jpeg\" alt=\"\" class=\"wp-image-13598\" srcset=\"https:\/\/kobietamiesiaca.pl\/wp-content\/uploads\/2026\/01\/WhatsApp-Image-2026-01-18-at-15.18.19-576x1024.jpeg 576w, https:\/\/kobietamiesiaca.pl\/wp-content\/uploads\/2026\/01\/WhatsApp-Image-2026-01-18-at-15.18.19-169x300.jpeg 169w, https:\/\/kobietamiesiaca.pl\/wp-content\/uploads\/2026\/01\/WhatsApp-Image-2026-01-18-at-15.18.19-84x150.jpeg 84w, https:\/\/kobietamiesiaca.pl\/wp-content\/uploads\/2026\/01\/WhatsApp-Image-2026-01-18-at-15.18.19-768x1365.jpeg 768w, https:\/\/kobietamiesiaca.pl\/wp-content\/uploads\/2026\/01\/WhatsApp-Image-2026-01-18-at-15.18.19-864x1536.jpeg 864w, https:\/\/kobietamiesiaca.pl\/wp-content\/uploads\/2026\/01\/WhatsApp-Image-2026-01-18-at-15.18.19-1024x1820.jpeg 1024w, https:\/\/kobietamiesiaca.pl\/wp-content\/uploads\/2026\/01\/WhatsApp-Image-2026-01-18-at-15.18.19.jpeg 1152w\" sizes=\"auto, (max-width: 576px) 100vw, 576px\" \/><\/figure>\n\n\n\n<p class=\"wp-block-paragraph\">Kolagen wygrywa laureatka tytu\u0142u Kobieta Miesi\u0105ca! <\/p>\n<\/div>\n\n\n\n<div class=\"wp-block-column is-layout-flow wp-block-column-is-layout-flow\">\n<figure class=\"wp-block-image size-large\"><img loading=\"lazy\" decoding=\"async\" width=\"768\" height=\"1024\" src=\"https:\/\/kobietamiesiaca.pl\/wp-content\/uploads\/2026\/01\/WhatsApp-Image-2026-01-18-at-15.18.20-768x1024.jpeg\" alt=\"\" class=\"wp-image-13597\" srcset=\"https:\/\/kobietamiesiaca.pl\/wp-content\/uploads\/2026\/01\/WhatsApp-Image-2026-01-18-at-15.18.20-768x1024.jpeg 768w, https:\/\/kobietamiesiaca.pl\/wp-content\/uploads\/2026\/01\/WhatsApp-Image-2026-01-18-at-15.18.20-225x300.jpeg 225w, https:\/\/kobietamiesiaca.pl\/wp-content\/uploads\/2026\/01\/WhatsApp-Image-2026-01-18-at-15.18.20-113x150.jpeg 113w, https:\/\/kobietamiesiaca.pl\/wp-content\/uploads\/2026\/01\/WhatsApp-Image-2026-01-18-at-15.18.20-1152x1536.jpeg 1152w, https:\/\/kobietamiesiaca.pl\/wp-content\/uploads\/2026\/01\/WhatsApp-Image-2026-01-18-at-15.18.20-1024x1365.jpeg 1024w, https:\/\/kobietamiesiaca.pl\/wp-content\/uploads\/2026\/01\/WhatsApp-Image-2026-01-18-at-15.18.20.jpeg 1536w\" sizes=\"auto, (max-width: 768px) 100vw, 768px\" \/><\/figure>\n\n\n\n<p class=\"wp-block-paragraph\">Mas\u0142o kolagenowe wygrywa laureatka tytu\u0142u Kobieta Miesi\u0105ca Publiczno\u015bci!<\/p>\n<\/div>\n<\/div>\n\n\n\n<h2 class=\"wp-block-heading has-text-align-center\"><em>Obie nagrody zosta\u0142y ufundowane przez Piotra Nosarzewskiego. <\/em><\/h2>\n\n\n\n<hr class=\"wp-block-separator has-alpha-channel-opacity\"\/>\n\n\n\n<figure class=\"wp-block-image size-full\"><img loading=\"lazy\" decoding=\"async\" width=\"1024\" height=\"440\" src=\"https:\/\/kobietamiesiaca.pl\/wp-content\/uploads\/2026\/01\/WhatsApp-Image-2026-01-18-at-15.29.39.jpeg\" alt=\"\" class=\"wp-image-13599\" srcset=\"https:\/\/kobietamiesiaca.pl\/wp-content\/uploads\/2026\/01\/WhatsApp-Image-2026-01-18-at-15.29.39.jpeg 1024w, https:\/\/kobietamiesiaca.pl\/wp-content\/uploads\/2026\/01\/WhatsApp-Image-2026-01-18-at-15.29.39-300x129.jpeg 300w, https:\/\/kobietamiesiaca.pl\/wp-content\/uploads\/2026\/01\/WhatsApp-Image-2026-01-18-at-15.29.39-150x64.jpeg 150w, https:\/\/kobietamiesiaca.pl\/wp-content\/uploads\/2026\/01\/WhatsApp-Image-2026-01-18-at-15.29.39-768x330.jpeg 768w\" sizes=\"auto, (max-width: 1024px) 100vw, 1024px\" \/><\/figure>\n\n\n\n<p class=\"has-text-align-center has-medium-font-size wp-block-paragraph\"><em><strong>Nagrod\u0119 dodatkow\u0105 &#8211; voucher do sklep\u00f3w sieci Rossmann wygrywa Pani Izabela Sobesto! <\/strong><\/em><\/p>\n\n\n\n<p class=\"has-text-align-center wp-block-paragraph\"><em>Nagroda dodatkowa zosta\u0142a ufundowana przez Organizatork\u0119 Plebiscytu. <\/em><\/p>\n\n\n\n<hr class=\"wp-block-separator has-alpha-channel-opacity is-style-dots\"\/>\n\n\n\n<p class=\"has-text-align-center has-medium-font-size wp-block-paragraph\"><em>Wszystkie trzy Panie znajduj\u0105ce si\u0119 na podium tej edycji, tj. zajmuj\u0105ce miejsca 1-3 zostan\u0105 r\u00f3wnie\u017c automatycznie zakwalifikowane do Plebiscytu Kobieta Roku. Ich zdj\u0119cia zostan\u0105 umieszczone w galerii znajduj\u0105cej si\u0119 w zak\u0142adce &#8222;Kobieta Roku&#8221;. Plebiscyt Kobieta Roku zostanie przeprowadzony w ostatnich dniach grudnia. Harmonogram przedstawimy pod koniec roku w osobnym wpisie. <\/em><\/p>\n\n\n\n<hr class=\"wp-block-separator has-alpha-channel-opacity is-style-dots\"\/>\n\n\n\n<p class=\"has-text-align-center has-medium-font-size wp-block-paragraph\"><em>Wszystkie 6 Pa\u0144, tj. Top3 Kobiety Miesi\u0105ca oraz Top3 Kobiety Miesi\u0105ca Publiczno\u015bci otrzymaj\u0105 pami\u0105tkowe dyplomy.   <\/em><\/p>\n\n\n\n<p class=\"wp-block-paragraph\"><\/p>\n\n\n\n<hr class=\"wp-block-separator has-alpha-channel-opacity is-style-wide\"\/>\n\n\n\n<p class=\"has-text-align-center wp-block-paragraph\"><em>Dzi\u0119kujemy wszystkim Kandydatkom za wzi\u0119cie udzia\u0142u w styczniowej edycji Plebiscytu Kobieta Miesi\u0105ca i zapraszamy do wzi\u0119cia udzia\u0142u w kolejnych. Zg\u0142oszenia do lutowej ods\u0142ony Plebiscytu b\u0119d\u0105 przyjmowane od 1 lutego. <\/em><\/p>\n\n\n\n<hr class=\"wp-block-separator has-alpha-channel-opacity is-style-wide\"\/>\n\n\n\n<h3 class=\"wp-block-heading has-text-align-center\"><em>Zach\u0119camy do rejestracji i weryfikacji Kont Kandydatki przed rozpocz\u0119ciem zapis\u00f3w do kolejnej edycji, aby unikn\u0105\u0107 oczekiwania na akceptacj\u0119 przez Administracj\u0119 Serwisu. <\/em><\/h3>\n\n\n\n<hr class=\"wp-block-separator has-alpha-channel-opacity is-style-wide\"\/>\n","protected":false},"excerpt":{"rendered":"<p>Poznajmy laureatki bie\u017c\u0105cej edycji<\/p>\n","protected":false},"author":1,"featured_media":11375,"comment_status":"open","ping_status":"open","sticky":false,"template":"","format":"standard","meta":{"cybocfi_hide_featured_image":"yes","footnotes":""},"categories":[14,13],"tags":[],"coauthors":[31],"class_list":["post-13582","post","type-post","status-publish","format-standard","has-post-thumbnail","hentry","category-info","category-topka"],"_links":{"self":[{"href":"https:\/\/kobietamiesiaca.pl\/index.php?rest_route=\/wp\/v2\/posts\/13582","targetHints":{"allow":["GET"]}}],"collection":[{"href":"https:\/\/kobietamiesiaca.pl\/index.php?rest_route=\/wp\/v2\/posts"}],"about":[{"href":"https:\/\/kobietamiesiaca.pl\/index.php?rest_route=\/wp\/v2\/types\/post"}],"author":[{"embeddable":true,"href":"https:\/\/kobietamiesiaca.pl\/index.php?rest_route=\/wp\/v2\/users\/1"}],"replies":[{"embeddable":true,"href":"https:\/\/kobietamiesiaca.pl\/index.php?rest_route=%2Fwp%2Fv2%2Fcomments&post=13582"}],"version-history":[{"count":5,"href":"https:\/\/kobietamiesiaca.pl\/index.php?rest_route=\/wp\/v2\/posts\/13582\/revisions"}],"predecessor-version":[{"id":13603,"href":"https:\/\/kobietamiesiaca.pl\/index.php?rest_route=\/wp\/v2\/posts\/13582\/revisions\/13603"}],"wp:featuredmedia":[{"embeddable":true,"href":"https:\/\/kobietamiesiaca.pl\/index.php?rest_route=\/wp\/v2\/media\/11375"}],"wp:attachment":[{"href":"https:\/\/kobietamiesiaca.pl\/index.php?rest_route=%2Fwp%2Fv2%2Fmedia&parent=13582"}],"wp:term":[{"taxonomy":"category","embeddable":true,"href":"https:\/\/kobietamiesiaca.pl\/index.php?rest_route=%2Fwp%2Fv2%2Fcategories&post=13582"},{"taxonomy":"post_tag","embeddable":true,"href":"https:\/\/kobietamiesiaca.pl\/index.php?rest_route=%2Fwp%2Fv2%2Ftags&post=13582"},{"taxonomy":"author","embeddable":true,"href":"https:\/\/kobietamiesiaca.pl\/index.php?rest_route=%2Fwp%2Fv2%2Fcoauthors&post=13582"}],"curies":[{"name":"wp","href":"https:\/\/api.w.org\/{rel}","templated":true}]}}