{"id":14035,"date":"2026-05-25T00:13:38","date_gmt":"2026-05-24T22:13:38","guid":{"rendered":"https:\/\/kobietamiesiaca.pl\/?p=14035"},"modified":"2026-05-25T00:30:54","modified_gmt":"2026-05-24T22:30:54","slug":"wyniki-majowej-edycji-plebiscytu-kobieta-miesiaca-2","status":"publish","type":"post","link":"https:\/\/kobietamiesiaca.pl\/?p=14035","title":{"rendered":"Wyniki majowej edycji Plebiscytu Kobieta Miesi\u0105ca"},"content":{"rendered":"\n<hr class=\"wp-block-separator has-alpha-channel-opacity is-style-wide\"\/>\n\n\n\n<h3 class=\"wp-block-heading has-text-align-center\"><em>Zach\u0119camy do rejestracji i weryfikacji Kont Kandydatki przed rozpocz\u0119ciem zapis\u00f3w do kolejnej edycji, aby unikn\u0105\u0107 oczekiwania na akceptacj\u0119 przez Administracj\u0119 Serwisu. <\/em><\/h3>\n\n\n\n<hr class=\"wp-block-separator has-alpha-channel-opacity is-style-wide\"\/>\n\n\n\n<h2 class=\"wp-block-heading has-text-align-center has-medium-font-size\"><em>W Jury <\/em>majowej<em> edycji Plebiscytu Kobieta Miesi\u0105ca zasiad\u0142y 3 osoby. By\u0142y to: <\/em><\/h2>\n\n\n\n<div class=\"wp-block-columns is-layout-flex wp-container-core-columns-is-layout-7387b849 wp-block-columns-is-layout-flex\">\n<div class=\"wp-block-column is-layout-flow wp-block-column-is-layout-flow\">\n<div class=\"wp-block-group is-vertical is-layout-flex wp-container-core-group-is-layout-2c90304e wp-block-group-is-layout-flex\">\n<div class=\"wp-block-media-text\" style=\"grid-template-columns:30% auto\"><figure class=\"wp-block-media-text__media\"><img loading=\"lazy\" decoding=\"async\" width=\"683\" height=\"1024\" src=\"https:\/\/kobietamiesiaca.pl\/wp-content\/uploads\/Monia-683x1024.jpg?v=1693433896\" alt=\"\" class=\"wp-image-282 size-large\" srcset=\"https:\/\/kobietamiesiaca.pl\/wp-content\/uploads\/Monia-683x1024.jpg 683w, https:\/\/kobietamiesiaca.pl\/wp-content\/uploads\/Monia-200x300.jpg 200w, https:\/\/kobietamiesiaca.pl\/wp-content\/uploads\/Monia-100x150.jpg 100w, https:\/\/kobietamiesiaca.pl\/wp-content\/uploads\/Monia-768x1152.jpg 768w, https:\/\/kobietamiesiaca.pl\/wp-content\/uploads\/Monia-40x60.jpg 40w, https:\/\/kobietamiesiaca.pl\/wp-content\/uploads\/Monia.jpg 1000w\" sizes=\"auto, (max-width: 683px) 100vw, 683px\" \/><\/figure><div class=\"wp-block-media-text__content\">\n<p class=\"has-medium-font-size wp-block-paragraph\"><strong><em>Monika Kr\u0119\u017clik<\/em><\/strong><\/p>\n\n\n\n<p class=\"has-small-font-size wp-block-paragraph\"><strong><em>Organizatorka<\/em><\/strong><\/p>\n\n\n\n<p class=\"wp-block-paragraph\"><\/p>\n\n\n\n<p class=\"has-small-font-size wp-block-paragraph\"><em>G\u0142\u00f3wnym celem dla mnie osobi\u015bcie jest, aby kobiety z ca\u0142ej Polski (niezale\u017cnie od wieku) poprawi\u0142y swoj\u0105 samoocen\u0119. Chcia\u0142abym poprzez wyr\u00f3\u017cnienia w tym plebiscycie da\u0107 im w jakim\u015b stopniu pow\u00f3d do rado\u015bci. Podczas g\u0142osowania b\u0119d\u0119 zwraca\u0107 uwag\u0119 na naturalno\u015b\u0107, u\u015bmiech oraz zainteresowania i pasje kandydatek.<\/em><\/p>\n<\/div><\/div>\n<\/div>\n\n\n\n<hr class=\"wp-block-separator has-alpha-channel-opacity is-style-dots\"\/>\n\n\n\n<div class=\"wp-block-media-text\" style=\"grid-template-columns:30% auto\"><figure class=\"wp-block-media-text__media\"><img loading=\"lazy\" decoding=\"async\" width=\"576\" height=\"1024\" src=\"https:\/\/kobietamiesiaca.pl\/wp-content\/uploads\/2025\/11\/20251109223328447-576x1024.jpg\" alt=\"\" class=\"wp-image-13409 size-large\" srcset=\"https:\/\/kobietamiesiaca.pl\/wp-content\/uploads\/2025\/11\/20251109223328447-576x1024.jpg 576w, https:\/\/kobietamiesiaca.pl\/wp-content\/uploads\/2025\/11\/20251109223328447-169x300.jpg 169w, https:\/\/kobietamiesiaca.pl\/wp-content\/uploads\/2025\/11\/20251109223328447-84x150.jpg 84w, https:\/\/kobietamiesiaca.pl\/wp-content\/uploads\/2025\/11\/20251109223328447-768x1366.jpg 768w, https:\/\/kobietamiesiaca.pl\/wp-content\/uploads\/2025\/11\/20251109223328447-864x1536.jpg 864w, https:\/\/kobietamiesiaca.pl\/wp-content\/uploads\/2025\/11\/20251109223328447-1024x1821.jpg 1024w, https:\/\/kobietamiesiaca.pl\/wp-content\/uploads\/2025\/11\/20251109223328447.jpg 1080w\" sizes=\"auto, (max-width: 576px) 100vw, 576px\" \/><\/figure><div class=\"wp-block-media-text__content\">\n<p class=\"has-medium-font-size wp-block-paragraph\"><strong><em>Aneta S\u0142abicka<\/em><\/strong><\/p>\n\n\n\n<p class=\"has-small-font-size wp-block-paragraph\"><strong><em>Kobieta Miesi\u0105ca: Wrzesie\u0144 2021<\/em><\/strong><\/p>\n\n\n\n<p class=\"has-small-font-size wp-block-paragraph\"><strong><em>Kobieta Miesi\u0105ca: Listopad 2023<\/em><\/strong><\/p>\n\n\n\n<p class=\"wp-block-paragraph\"><\/p>\n\n\n\n<p class=\"has-small-font-size wp-block-paragraph\"><em>Witam serdecznie. Nazywam si\u0119 Aneta S\u0142abicka, mam 43 lata i mieszkam w Jeleniej G\u00f3rze. Pracuj\u0119 w bran\u017cy medycznej, wi\u0119c na co dzie\u0144 pomagam ludziom i to daje mi najwi\u0119ksz\u0105 satysfakcj\u0119. Jestem osob\u0105 otwart\u0105, u\u015bmiechni\u0119t\u0105, z ogromnym sercem i si\u0142\u0105. Moj\u0105 pasj\u0105 jest literatura i sztuka. Uwielbiam te\u017c dobr\u0105 muzyk\u0119 i zachody s\u0142o\u0144ca, kt\u00f3re daj\u0105 mi mn\u00f3stwo energii. Moim hobby jest r\u00f3wnie\u017c fotomodeling, na ka\u017cdym zdj\u0119ciu jestem inna, s\u0105 inne emocje, ka\u017cde zdj\u0119cie to inna historia.<\/em><\/p>\n\n\n\n<p class=\"has-small-font-size wp-block-paragraph\"><em>Wybieraj\u0105c Kobiet\u0119 Miesi\u0105ca, b\u0119d\u0119 zwraca\u0142a szczeg\u00f3ln\u0105 uwag\u0119 na oczy, na spojrzenie, poniewa\u017c to w nich jest si\u0142a i to one s\u0105 zwierciad\u0142em naszej duszy. Wa\u017cna jest r\u00f3wnie\u017c naturalno\u015b\u0107 i u\u015bmiech i musi by\u0107 &#8222;to co\u015b&#8221;, co mnie przekona o wyj\u0105tkowo\u015bci.<\/em><\/p>\n<\/div><\/div>\n\n\n\n<hr class=\"wp-block-separator has-alpha-channel-opacity is-style-dots\"\/>\n<\/div>\n<\/div>\n\n\n\n<div class=\"wp-block-media-text\" style=\"grid-template-columns:30% auto\"><figure class=\"wp-block-media-text__media\"><img loading=\"lazy\" decoding=\"async\" width=\"683\" height=\"1024\" src=\"https:\/\/kobietamiesiaca.pl\/wp-content\/uploads\/2025\/01\/WhatsApp-Image-2025-01-17-at-12.14.30-683x1024.jpeg?v=1737170859\" alt=\"\" class=\"wp-image-11372 size-large\" srcset=\"https:\/\/kobietamiesiaca.pl\/wp-content\/uploads\/2025\/01\/WhatsApp-Image-2025-01-17-at-12.14.30-683x1024.jpeg 683w, https:\/\/kobietamiesiaca.pl\/wp-content\/uploads\/2025\/01\/WhatsApp-Image-2025-01-17-at-12.14.30-200x300.jpeg 200w, https:\/\/kobietamiesiaca.pl\/wp-content\/uploads\/2025\/01\/WhatsApp-Image-2025-01-17-at-12.14.30-100x150.jpeg 100w, https:\/\/kobietamiesiaca.pl\/wp-content\/uploads\/2025\/01\/WhatsApp-Image-2025-01-17-at-12.14.30-768x1152.jpeg 768w, https:\/\/kobietamiesiaca.pl\/wp-content\/uploads\/2025\/01\/WhatsApp-Image-2025-01-17-at-12.14.30.jpeg 960w\" sizes=\"auto, (max-width: 683px) 100vw, 683px\" \/><\/figure><div class=\"wp-block-media-text__content\">\n<p class=\"wp-block-paragraph\"><strong>Izabela Fijo\u0142ek<\/strong><\/p>\n\n\n\n<p class=\"has-small-font-size wp-block-paragraph\"><strong><em>Ambasadorka Plebiscytu Kobieta Miesi\u0105ca<\/em><\/strong><\/p>\n\n\n\n<p class=\"has-small-font-size wp-block-paragraph\">Jestem piel\u0119gniark\u0105 na bloku operacyjnym, gdzie ka\u017cdego dnia dbam o bezpiecze\u0144stwo pacjent\u00f3w podczas skomplikowanych operacji. Moja praca wymaga precyzji, zaanga\u017cowania i spokoju, poniewa\u017c ka\u017cdy detal ma znaczenie w ratowaniu \u017cycia. Poza prac\u0105 jestem mam\u0105 dw\u00f3jki wspania\u0142ych dzieci, kt\u00f3re daj\u0105 mi mn\u00f3stwo rado\u015bci i energii. Zawsze staram si\u0119 \u0142\u0105czy\u0107 obowi\u0105zki zawodowe z \u017cyciem rodzinnym, bo obie te role s\u0105 dla mnie r\u00f3wnie wa\u017cne. Jako juror w konkursie Kobieta Miesi\u0105ca mam zaszczyt ocenia\u0107 wyj\u0105tkowe kobiety, kt\u00f3re \u0142\u0105cz\u0105 pasj\u0119, urod\u0119 i si\u0142\u0119 charakteru. Z do\u015bwiadczenia wiem, jak wa\u017cna jest r\u00f3wnowaga mi\u0119dzy \u017cyciem zawodowym a osobistym. Kobiety, kt\u00f3re anga\u017cuj\u0105 si\u0119 w swoje pasje, dbaj\u0105 o innych i potrafi\u0105 by\u0107 wzorem do na\u015bladowania, zas\u0142uguj\u0105 na uwag\u0119 i szacunek. Ciesz\u0119 si\u0119, \u017ce mog\u0119 uczestniczy\u0107 w tej pi\u0119knej inicjatywie, podziwiaj\u0105c ka\u017cd\u0105 kandydatk\u0119 za jej indywidualno\u015b\u0107, zaanga\u017cowanie oraz determinacj\u0119.<\/p>\n<\/div><\/div>\n\n\n\n<hr class=\"wp-block-separator has-alpha-channel-opacity is-style-wide\"\/>\n\n\n\n<h5 class=\"wp-block-heading has-text-align-center\"><em>Reklama<\/em><\/h5>\n\n\n<div class='code-block code-block-1' style='margin: 8px 0; clear: both;'>\n<script async src=\"https:\/\/pagead2.googlesyndication.com\/pagead\/js\/adsbygoogle.js?client=ca-pub-7807412717815820\" crossorigin=\"anonymous\"><\/script>\n<!-- Display- kwadrat -->\n<ins class=\"adsbygoogle\"\n     style=\"display:block\"\n     data-ad-client=\"ca-pub-7807412717815820\"\n     data-ad-slot=\"9042692639\"\n     data-ad-format=\"auto\"\n     data-full-width-responsive=\"true\"><\/ins>\n<script>\n(adsbygoogle = window.adsbygoogle || []).push({});\n<\/script>\n<\/div>\n\n\n\n\n<hr class=\"wp-block-separator has-alpha-channel-opacity is-style-wide\"\/>\n\n\n\n<h3 class=\"wp-block-heading has-text-align-center\"><em>Tytu\u0142 komplementarny &#8211; Kobieta Miesi\u0105ca Publiczno\u015bci<\/em><\/h3>\n\n\n\n<h5 class=\"wp-block-heading has-text-align-center\"><strong><em>Wyniki g\u0142osowania publiczno\u015bci: <\/em><\/strong><\/h5>\n\n\n\n<hr class=\"wp-block-separator has-alpha-channel-opacity is-style-dots\"\/>\n\n\n\n<div class=\"wp-block-media-text alignwide is-stacked-on-mobile\" style=\"grid-template-columns:25% auto\"><figure class=\"wp-block-media-text__media\"><img loading=\"lazy\" decoding=\"async\" width=\"583\" height=\"1024\" src=\"https:\/\/kobietamiesiaca.pl\/wp-content\/uploads\/2026\/05\/1000044048-1-583x1024.jpg\" alt=\"\" class=\"wp-image-14036 size-large\" srcset=\"https:\/\/kobietamiesiaca.pl\/wp-content\/uploads\/2026\/05\/1000044048-1-583x1024.jpg 583w, https:\/\/kobietamiesiaca.pl\/wp-content\/uploads\/2026\/05\/1000044048-1-171x300.jpg 171w, https:\/\/kobietamiesiaca.pl\/wp-content\/uploads\/2026\/05\/1000044048-1-85x150.jpg 85w, https:\/\/kobietamiesiaca.pl\/wp-content\/uploads\/2026\/05\/1000044048-1-768x1349.jpg 768w, https:\/\/kobietamiesiaca.pl\/wp-content\/uploads\/2026\/05\/1000044048-1-875x1536.jpg 875w, https:\/\/kobietamiesiaca.pl\/wp-content\/uploads\/2026\/05\/1000044048-1-1166x2048.jpg 1166w, https:\/\/kobietamiesiaca.pl\/wp-content\/uploads\/2026\/05\/1000044048-1-1024x1798.jpg 1024w, https:\/\/kobietamiesiaca.pl\/wp-content\/uploads\/2026\/05\/1000044048-1.jpg 1659w\" sizes=\"auto, (max-width: 583px) 100vw, 583px\" \/><\/figure><div class=\"wp-block-media-text__content\">\n<h3 class=\"wp-block-heading\"><strong><em>Miejsce <\/em><\/strong>2 (ex aequo)<\/h3>\n\n\n\n<h2 class=\"wp-block-heading\"><em>Klaudia Gutkowska<\/em><\/h2>\n\n\n\n<h6 class=\"wp-block-heading\"><\/h6>\n<\/div><\/div>\n\n\n\n<div class=\"wp-block-media-text alignwide is-stacked-on-mobile\" style=\"grid-template-columns:25% auto\"><figure class=\"wp-block-media-text__media\"><img loading=\"lazy\" decoding=\"async\" width=\"461\" height=\"1024\" src=\"https:\/\/kobietamiesiaca.pl\/wp-content\/uploads\/2026\/05\/inbound7877384632334359151-461x1024.jpg\" alt=\"\" class=\"wp-image-14037 size-large\" srcset=\"https:\/\/kobietamiesiaca.pl\/wp-content\/uploads\/2026\/05\/inbound7877384632334359151-461x1024.jpg 461w, https:\/\/kobietamiesiaca.pl\/wp-content\/uploads\/2026\/05\/inbound7877384632334359151-135x300.jpg 135w, https:\/\/kobietamiesiaca.pl\/wp-content\/uploads\/2026\/05\/inbound7877384632334359151-68x150.jpg 68w, https:\/\/kobietamiesiaca.pl\/wp-content\/uploads\/2026\/05\/inbound7877384632334359151-691x1536.jpg 691w, https:\/\/kobietamiesiaca.pl\/wp-content\/uploads\/2026\/05\/inbound7877384632334359151.jpg 720w\" sizes=\"auto, (max-width: 461px) 100vw, 461px\" \/><\/figure><div class=\"wp-block-media-text__content\">\n<h3 class=\"wp-block-heading\"><strong><em>Miejsce <\/em><\/strong>2 (ex aequo)<\/h3>\n\n\n\n<h2 class=\"wp-block-heading\"><em>Natalia Karolik<\/em><\/h2>\n\n\n\n<h6 class=\"wp-block-heading\"><\/h6>\n<\/div><\/div>\n\n\n\n<div class=\"wp-block-media-text alignwide is-stacked-on-mobile\" style=\"grid-template-columns:25% auto\"><figure class=\"wp-block-media-text__media\"><img loading=\"lazy\" decoding=\"async\" width=\"819\" height=\"1024\" src=\"https:\/\/kobietamiesiaca.pl\/wp-content\/uploads\/2026\/05\/konkursKMMAJSTANCZYK-2-819x1024.jpg\" alt=\"\" class=\"wp-image-14038 size-large\" srcset=\"https:\/\/kobietamiesiaca.pl\/wp-content\/uploads\/2026\/05\/konkursKMMAJSTANCZYK-2-819x1024.jpg 819w, https:\/\/kobietamiesiaca.pl\/wp-content\/uploads\/2026\/05\/konkursKMMAJSTANCZYK-2-240x300.jpg 240w, https:\/\/kobietamiesiaca.pl\/wp-content\/uploads\/2026\/05\/konkursKMMAJSTANCZYK-2-120x150.jpg 120w, https:\/\/kobietamiesiaca.pl\/wp-content\/uploads\/2026\/05\/konkursKMMAJSTANCZYK-2-768x960.jpg 768w, https:\/\/kobietamiesiaca.pl\/wp-content\/uploads\/2026\/05\/konkursKMMAJSTANCZYK-2-1229x1536.jpg 1229w, https:\/\/kobietamiesiaca.pl\/wp-content\/uploads\/2026\/05\/konkursKMMAJSTANCZYK-2-1638x2048.jpg 1638w, https:\/\/kobietamiesiaca.pl\/wp-content\/uploads\/2026\/05\/konkursKMMAJSTANCZYK-2-1024x1280.jpg 1024w\" sizes=\"auto, (max-width: 819px) 100vw, 819px\" \/><\/figure><div class=\"wp-block-media-text__content\">\n<h3 class=\"wp-block-heading\"><strong><em>Miejsce <\/em><\/strong>2<\/h3>\n\n\n\n<h2 class=\"wp-block-heading\"><em>Natalia Sta\u0144czyk<\/em><\/h2>\n\n\n\n<h6 class=\"wp-block-heading\"><\/h6>\n<\/div><\/div>\n\n\n\n<hr class=\"wp-block-separator has-alpha-channel-opacity is-style-dots\"\/>\n\n\n\n<div class=\"wp-block-media-text alignwide is-stacked-on-mobile\" style=\"grid-template-columns:22% auto\"><figure class=\"wp-block-media-text__media\"><img loading=\"lazy\" decoding=\"async\" width=\"720\" height=\"900\" src=\"https:\/\/kobietamiesiaca.pl\/wp-content\/uploads\/2026\/05\/WhatsApp-Image-2026-05-11-at-20.35.22.jpeg\" alt=\"\" class=\"wp-image-14039 size-large\" srcset=\"https:\/\/kobietamiesiaca.pl\/wp-content\/uploads\/2026\/05\/WhatsApp-Image-2026-05-11-at-20.35.22.jpeg 720w, https:\/\/kobietamiesiaca.pl\/wp-content\/uploads\/2026\/05\/WhatsApp-Image-2026-05-11-at-20.35.22-240x300.jpeg 240w, https:\/\/kobietamiesiaca.pl\/wp-content\/uploads\/2026\/05\/WhatsApp-Image-2026-05-11-at-20.35.22-120x150.jpeg 120w\" sizes=\"auto, (max-width: 720px) 100vw, 720px\" \/><\/figure><div class=\"wp-block-media-text__content\">\n<h3 class=\"wp-block-heading\"><strong><em>Miejsce <\/em><\/strong>1<\/h3>\n\n\n\n<h2 class=\"wp-block-heading\"><em>Sylwia Stempie\u0144<\/em><\/h2>\n\n\n\n<h6 class=\"wp-block-heading\"><\/h6>\n<\/div><\/div>\n\n\n\n<p class=\"has-text-align-center wp-block-paragraph\"><\/p>\n\n\n\n<hr class=\"wp-block-separator has-alpha-channel-opacity is-style-wide\"\/>\n\n\n\n<h5 class=\"wp-block-heading has-text-align-center\"><em>Reklama<\/em><\/h5>\n\n\n<div class='code-block code-block-1' style='margin: 8px 0; clear: both;'>\n<script async src=\"https:\/\/pagead2.googlesyndication.com\/pagead\/js\/adsbygoogle.js?client=ca-pub-7807412717815820\" crossorigin=\"anonymous\"><\/script>\n<!-- Display- kwadrat -->\n<ins class=\"adsbygoogle\"\n     style=\"display:block\"\n     data-ad-client=\"ca-pub-7807412717815820\"\n     data-ad-slot=\"9042692639\"\n     data-ad-format=\"auto\"\n     data-full-width-responsive=\"true\"><\/ins>\n<script>\n(adsbygoogle = window.adsbygoogle || []).push({});\n<\/script>\n<\/div>\n\n\n\n\n<hr class=\"wp-block-separator has-alpha-channel-opacity is-style-wide\"\/>\n\n\n\n<h1 class=\"wp-block-heading has-text-align-center\"><em>Tytu\u0142 G\u0142\u00f3wny &#8211; Kobieta Miesi\u0105ca<\/em><\/h1>\n\n\n\n<p class=\"has-text-align-center wp-block-paragraph\"><em>Od listopadowej edycji zmieniamy nieco form\u0119 przedstawiania wynik\u00f3w i przyznajemy wyr\u00f3\u017cnienia oraz miejsca na podium.  <\/em><\/p>\n\n\n\n<hr class=\"wp-block-separator has-alpha-channel-opacity is-style-dots\"\/>\n\n\n\n<h2 class=\"wp-block-heading has-text-align-center\"><em>Wyr\u00f3\u017cnieni<\/em>e<\/h2>\n\n\n\n<figure class=\"wp-block-gallery has-nested-images columns-6 is-cropped wp-block-gallery-1 is-layout-flex wp-block-gallery-is-layout-flex\">\n<figure class=\"wp-block-image size-large\"><img loading=\"lazy\" decoding=\"async\" width=\"461\" height=\"1024\" data-id=\"14037\" src=\"https:\/\/kobietamiesiaca.pl\/wp-content\/uploads\/2026\/05\/inbound7877384632334359151-461x1024.jpg\" alt=\"\" class=\"wp-image-14037\" srcset=\"https:\/\/kobietamiesiaca.pl\/wp-content\/uploads\/2026\/05\/inbound7877384632334359151-461x1024.jpg 461w, https:\/\/kobietamiesiaca.pl\/wp-content\/uploads\/2026\/05\/inbound7877384632334359151-135x300.jpg 135w, https:\/\/kobietamiesiaca.pl\/wp-content\/uploads\/2026\/05\/inbound7877384632334359151-68x150.jpg 68w, https:\/\/kobietamiesiaca.pl\/wp-content\/uploads\/2026\/05\/inbound7877384632334359151-691x1536.jpg 691w, https:\/\/kobietamiesiaca.pl\/wp-content\/uploads\/2026\/05\/inbound7877384632334359151.jpg 720w\" sizes=\"auto, (max-width: 461px) 100vw, 461px\" \/><figcaption class=\"wp-element-caption\"><em>Natalia Karolik<\/em><\/figcaption><\/figure>\n<\/figure>\n\n\n\n<hr class=\"wp-block-separator has-alpha-channel-opacity is-style-dots\"\/>\n\n\n\n<h2 class=\"wp-block-heading has-text-align-center\"><em>Miejsce 3<\/em><\/h2>\n\n\n\n<figure class=\"wp-block-gallery has-nested-images columns-6 is-cropped wp-block-gallery-2 is-layout-flex wp-block-gallery-is-layout-flex\">\n<figure class=\"wp-block-image size-large\"><img loading=\"lazy\" decoding=\"async\" width=\"768\" height=\"1024\" data-id=\"14040\" src=\"https:\/\/kobietamiesiaca.pl\/wp-content\/uploads\/2026\/05\/IMG_5301-768x1024.jpeg\" alt=\"\" class=\"wp-image-14040\" srcset=\"https:\/\/kobietamiesiaca.pl\/wp-content\/uploads\/2026\/05\/IMG_5301-768x1024.jpeg 768w, https:\/\/kobietamiesiaca.pl\/wp-content\/uploads\/2026\/05\/IMG_5301-225x300.jpeg 225w, https:\/\/kobietamiesiaca.pl\/wp-content\/uploads\/2026\/05\/IMG_5301-113x150.jpeg 113w, https:\/\/kobietamiesiaca.pl\/wp-content\/uploads\/2026\/05\/IMG_5301-1024x1365.jpeg 1024w, https:\/\/kobietamiesiaca.pl\/wp-content\/uploads\/2026\/05\/IMG_5301.jpeg 1086w\" sizes=\"auto, (max-width: 768px) 100vw, 768px\" \/><figcaption class=\"wp-element-caption\"><em>Ewelina Budhrani<\/em><\/figcaption><\/figure>\n<\/figure>\n\n\n\n<h2 class=\"wp-block-heading\"><\/h2>\n\n\n\n<hr class=\"wp-block-separator has-alpha-channel-opacity is-style-dots\"\/>\n\n\n\n<h2 class=\"wp-block-heading has-text-align-center\"><em>Miejsce 2<\/em><\/h2>\n\n\n\n<figure class=\"wp-block-image aligncenter size-full\"><img loading=\"lazy\" decoding=\"async\" width=\"3200\" height=\"4000\" src=\"https:\/\/kobietamiesiaca.pl\/wp-content\/uploads\/2026\/05\/konkursKMMAJSTANCZYK-2.jpg\" alt=\"\" class=\"wp-image-14038\" srcset=\"https:\/\/kobietamiesiaca.pl\/wp-content\/uploads\/2026\/05\/konkursKMMAJSTANCZYK-2.jpg 3200w, https:\/\/kobietamiesiaca.pl\/wp-content\/uploads\/2026\/05\/konkursKMMAJSTANCZYK-2-240x300.jpg 240w, https:\/\/kobietamiesiaca.pl\/wp-content\/uploads\/2026\/05\/konkursKMMAJSTANCZYK-2-819x1024.jpg 819w, https:\/\/kobietamiesiaca.pl\/wp-content\/uploads\/2026\/05\/konkursKMMAJSTANCZYK-2-120x150.jpg 120w, https:\/\/kobietamiesiaca.pl\/wp-content\/uploads\/2026\/05\/konkursKMMAJSTANCZYK-2-768x960.jpg 768w, https:\/\/kobietamiesiaca.pl\/wp-content\/uploads\/2026\/05\/konkursKMMAJSTANCZYK-2-1229x1536.jpg 1229w, https:\/\/kobietamiesiaca.pl\/wp-content\/uploads\/2026\/05\/konkursKMMAJSTANCZYK-2-1638x2048.jpg 1638w, https:\/\/kobietamiesiaca.pl\/wp-content\/uploads\/2026\/05\/konkursKMMAJSTANCZYK-2-1024x1280.jpg 1024w\" sizes=\"auto, (max-width: 3200px) 100vw, 3200px\" \/><figcaption class=\"wp-element-caption\"><em>Natalia Sta\u0144czyk<\/em><\/figcaption><\/figure>\n\n\n\n<hr class=\"wp-block-separator has-alpha-channel-opacity is-style-dots\"\/>\n\n\n\n<h1 class=\"wp-block-heading has-text-align-center\"><em>Miejsce 1<\/em><\/h1>\n\n\n\n<figure class=\"wp-block-image aligncenter size-full\"><img loading=\"lazy\" decoding=\"async\" width=\"2033\" height=\"2867\" src=\"https:\/\/kobietamiesiaca.pl\/wp-content\/uploads\/2026\/05\/KHR600451.jpg\" alt=\"\" class=\"wp-image-14041\" srcset=\"https:\/\/kobietamiesiaca.pl\/wp-content\/uploads\/2026\/05\/KHR600451.jpg 2033w, https:\/\/kobietamiesiaca.pl\/wp-content\/uploads\/2026\/05\/KHR600451-213x300.jpg 213w, https:\/\/kobietamiesiaca.pl\/wp-content\/uploads\/2026\/05\/KHR600451-726x1024.jpg 726w, https:\/\/kobietamiesiaca.pl\/wp-content\/uploads\/2026\/05\/KHR600451-106x150.jpg 106w, https:\/\/kobietamiesiaca.pl\/wp-content\/uploads\/2026\/05\/KHR600451-768x1083.jpg 768w, https:\/\/kobietamiesiaca.pl\/wp-content\/uploads\/2026\/05\/KHR600451-1089x1536.jpg 1089w, https:\/\/kobietamiesiaca.pl\/wp-content\/uploads\/2026\/05\/KHR600451-1452x2048.jpg 1452w, https:\/\/kobietamiesiaca.pl\/wp-content\/uploads\/2026\/05\/KHR600451-1024x1444.jpg 1024w\" sizes=\"auto, (max-width: 2033px) 100vw, 2033px\" \/><\/figure>\n\n\n\n<h1 class=\"wp-block-heading has-text-align-center\"><em><em>Izabela B\u0142aszczyk<\/em><\/em><\/h1>\n\n\n\n<blockquote class=\"wp-block-quote is-layout-flow wp-block-quote-is-layout-flow\">\n<p class=\"wp-block-paragraph\"><em>Uko\u0144czy\u0142am studia na kierunku architektura z tytu\u0142em magister in\u017cynier architekt. Pracuj\u0119 jako architekt wn\u0119trz, projektuje wn\u0119trza dom\u00f3w, mieszka\u0144 i u\u017cyteczno\u015bci publicznej. Buduj\u0119 w\u0142asn\u0105 mark\u0119 oraz wsp\u00f3\u0142pracuj\u0119 jako projektant z firm\u0105 rodzinna wykonuj\u0105c\u0105 ka\u017cdego rodzaju meble na wymiar. Jestem r\u00f3wnie\u017c certyfikowana wiza\u017cystk\u0105 , wykonuj\u0119 makija\u017ce okoliczno\u015bciowe, \u015blubne artystyczne oraz stylizacje fryzur.<\/em><\/p>\n<\/blockquote>\n\n\n\n<hr class=\"wp-block-separator has-alpha-channel-opacity is-style-wide\"\/>\n\n\n\n<p class=\"has-text-align-center has-medium-font-size wp-block-paragraph\"><em>W majowej edycji Kandydatki walczy\u0142y o niesamowite nagrody! Zar\u00f3wno zwyci\u0119\u017cczyni g\u0142\u00f3wnego tytu\u0142u Kobieta Miesi\u0105ca, jak i laureatka tytu\u0142u komplementarnego Kobieta Miesi\u0105ca Publiczno\u015bci otrzymaj\u0105 pami\u0105tkow\u0105 szarf\u0119 inspirowan\u0105 konkursami pi\u0119kno\u015bci<\/em><em>.<\/em><\/p>\n\n\n\n<hr class=\"wp-block-separator has-alpha-channel-opacity is-style-dots\"\/>\n\n\n\n<p class=\"has-text-align-center has-medium-font-size wp-block-paragraph\"><em>Wszystkie trzy Panie znajduj\u0105ce si\u0119 na podium tej edycji, tj. zajmuj\u0105ce miejsca 1-3 zostan\u0105 r\u00f3wnie\u017c automatycznie zakwalifikowane do Plebiscytu Kobieta Roku. Ich zdj\u0119cia zostan\u0105 umieszczone w galerii znajduj\u0105cej si\u0119 w zak\u0142adce &#8222;Kobieta Roku&#8221;. Plebiscyt Kobieta Roku zostanie przeprowadzony w ostatnich dniach grudnia. Harmonogram przedstawimy pod koniec roku w osobnym wpisie. <\/em><\/p>\n\n\n\n<hr class=\"wp-block-separator has-alpha-channel-opacity is-style-dots\"\/>\n\n\n\n<p class=\"has-text-align-center has-medium-font-size wp-block-paragraph\"><em>Wszystkie 6 Pa\u0144, tj. Top3 Kobiety Miesi\u0105ca oraz Top3 Kobiety Miesi\u0105ca Publiczno\u015bci otrzymaj\u0105 pami\u0105tkowe dyplomy.   <\/em><\/p>\n\n\n\n<p class=\"wp-block-paragraph\"><\/p>\n\n\n\n<hr class=\"wp-block-separator has-alpha-channel-opacity is-style-wide\"\/>\n\n\n\n<p class=\"has-text-align-center wp-block-paragraph\"><em>Dzi\u0119kujemy wszystkim Kandydatkom za wzi\u0119cie udzia\u0142u w majowej edycji Plebiscytu Kobieta Miesi\u0105ca i zapraszamy do wzi\u0119cia udzia\u0142u w kolejnych. Zg\u0142oszenia do czerwcowej ods\u0142ony Plebiscytu b\u0119d\u0105 przyjmowane od 1 czerwca. <\/em><\/p>\n\n\n\n<hr class=\"wp-block-separator has-alpha-channel-opacity is-style-wide\"\/>\n\n\n\n<h3 class=\"wp-block-heading has-text-align-center\"><em>Zach\u0119camy do rejestracji i weryfikacji Kont Kandydatki przed rozpocz\u0119ciem zapis\u00f3w do kolejnej edycji, aby unikn\u0105\u0107 oczekiwania na akceptacj\u0119 przez Administracj\u0119 Serwisu. <\/em><\/h3>\n\n\n\n<hr class=\"wp-block-separator has-alpha-channel-opacity is-style-wide\"\/>\n","protected":false},"excerpt":{"rendered":"<p>Poznajmy laureatki bie\u017c\u0105cej edycji<\/p>\n","protected":false},"author":1,"featured_media":11375,"comment_status":"open","ping_status":"open","sticky":false,"template":"","format":"standard","meta":{"cybocfi_hide_featured_image":"yes","footnotes":""},"categories":[14,13],"tags":[],"coauthors":[31],"class_list":["post-14035","post","type-post","status-publish","format-standard","has-post-thumbnail","hentry","category-info","category-topka"],"_links":{"self":[{"href":"https:\/\/kobietamiesiaca.pl\/index.php?rest_route=\/wp\/v2\/posts\/14035","targetHints":{"allow":["GET"]}}],"collection":[{"href":"https:\/\/kobietamiesiaca.pl\/index.php?rest_route=\/wp\/v2\/posts"}],"about":[{"href":"https:\/\/kobietamiesiaca.pl\/index.php?rest_route=\/wp\/v2\/types\/post"}],"author":[{"embeddable":true,"href":"https:\/\/kobietamiesiaca.pl\/index.php?rest_route=\/wp\/v2\/users\/1"}],"replies":[{"embeddable":true,"href":"https:\/\/kobietamiesiaca.pl\/index.php?rest_route=%2Fwp%2Fv2%2Fcomments&post=14035"}],"version-history":[{"count":2,"href":"https:\/\/kobietamiesiaca.pl\/index.php?rest_route=\/wp\/v2\/posts\/14035\/revisions"}],"predecessor-version":[{"id":14044,"href":"https:\/\/kobietamiesiaca.pl\/index.php?rest_route=\/wp\/v2\/posts\/14035\/revisions\/14044"}],"wp:featuredmedia":[{"embeddable":true,"href":"https:\/\/kobietamiesiaca.pl\/index.php?rest_route=\/wp\/v2\/media\/11375"}],"wp:attachment":[{"href":"https:\/\/kobietamiesiaca.pl\/index.php?rest_route=%2Fwp%2Fv2%2Fmedia&parent=14035"}],"wp:term":[{"taxonomy":"category","embeddable":true,"href":"https:\/\/kobietamiesiaca.pl\/index.php?rest_route=%2Fwp%2Fv2%2Fcategories&post=14035"},{"taxonomy":"post_tag","embeddable":true,"href":"https:\/\/kobietamiesiaca.pl\/index.php?rest_route=%2Fwp%2Fv2%2Ftags&post=14035"},{"taxonomy":"author","embeddable":true,"href":"https:\/\/kobietamiesiaca.pl\/index.php?rest_route=%2Fwp%2Fv2%2Fcoauthors&post=14035"}],"curies":[{"name":"wp","href":"https:\/\/api.w.org\/{rel}","templated":true}]}}