{"id":14046,"date":"2026-06-18T18:00:00","date_gmt":"2026-06-18T16:00:00","guid":{"rendered":"https:\/\/kobietamiesiaca.pl\/?p=14046"},"modified":"2026-06-18T10:57:12","modified_gmt":"2026-06-18T08:57:12","slug":"wyniki-czerwcowej-edycji-plebiscytu-kobieta-miesiaca-2","status":"publish","type":"post","link":"https:\/\/kobietamiesiaca.pl\/?p=14046","title":{"rendered":"Wyniki czerwcowej edycji Plebiscytu Kobieta Miesi\u0105ca"},"content":{"rendered":"\n<hr class=\"wp-block-separator has-alpha-channel-opacity is-style-wide\"\/>\n\n\n\n<h3 class=\"wp-block-heading has-text-align-center\"><em>Zach\u0119camy do rejestracji i weryfikacji Kont Kandydatki przed rozpocz\u0119ciem zapis\u00f3w do kolejnej edycji, aby unikn\u0105\u0107 oczekiwania na akceptacj\u0119 przez Administracj\u0119 Serwisu. <\/em><\/h3>\n\n\n\n<hr class=\"wp-block-separator has-alpha-channel-opacity is-style-wide\"\/>\n\n\n\n<h2 class=\"wp-block-heading has-text-align-center has-medium-font-size\"><em>W Jury czerwcowej edycji Plebiscytu Kobieta Miesi\u0105ca zasiad\u0142y 3 osoby. By\u0142y to: <\/em><\/h2>\n\n\n\n<div class=\"wp-block-columns is-layout-flex wp-container-core-columns-is-layout-7387b849 wp-block-columns-is-layout-flex\">\n<div class=\"wp-block-column is-layout-flow wp-block-column-is-layout-flow\">\n<div class=\"wp-block-group is-vertical is-layout-flex wp-container-core-group-is-layout-2c90304e wp-block-group-is-layout-flex\">\n<div class=\"wp-block-media-text\" style=\"grid-template-columns:30% auto\"><figure class=\"wp-block-media-text__media\"><img loading=\"lazy\" decoding=\"async\" width=\"683\" height=\"1024\" src=\"https:\/\/kobietamiesiaca.pl\/wp-content\/uploads\/Monia-683x1024.jpg?v=1693433896\" alt=\"\" class=\"wp-image-282 size-large\" srcset=\"https:\/\/kobietamiesiaca.pl\/wp-content\/uploads\/Monia-683x1024.jpg 683w, https:\/\/kobietamiesiaca.pl\/wp-content\/uploads\/Monia-200x300.jpg 200w, https:\/\/kobietamiesiaca.pl\/wp-content\/uploads\/Monia-100x150.jpg 100w, https:\/\/kobietamiesiaca.pl\/wp-content\/uploads\/Monia-768x1152.jpg 768w, https:\/\/kobietamiesiaca.pl\/wp-content\/uploads\/Monia-40x60.jpg 40w, https:\/\/kobietamiesiaca.pl\/wp-content\/uploads\/Monia.jpg 1000w\" sizes=\"auto, (max-width: 683px) 100vw, 683px\" \/><\/figure><div class=\"wp-block-media-text__content\">\n<p class=\"has-medium-font-size wp-block-paragraph\"><strong><em>Monika Kr\u0119\u017clik<\/em><\/strong><\/p>\n\n\n\n<p class=\"has-small-font-size wp-block-paragraph\"><strong><em>Organizatorka<\/em><\/strong><\/p>\n\n\n\n<p class=\"wp-block-paragraph\"><\/p>\n\n\n\n<p class=\"has-small-font-size wp-block-paragraph\"><em>G\u0142\u00f3wnym celem dla mnie osobi\u015bcie jest, aby kobiety z ca\u0142ej Polski (niezale\u017cnie od wieku) poprawi\u0142y swoj\u0105 samoocen\u0119. Chcia\u0142abym poprzez wyr\u00f3\u017cnienia w tym plebiscycie da\u0107 im w jakim\u015b stopniu pow\u00f3d do rado\u015bci. Podczas g\u0142osowania b\u0119d\u0119 zwraca\u0107 uwag\u0119 na naturalno\u015b\u0107, u\u015bmiech oraz zainteresowania i pasje kandydatek.<\/em><\/p>\n<\/div><\/div>\n<\/div>\n\n\n\n<hr class=\"wp-block-separator has-alpha-channel-opacity is-style-dots\"\/>\n\n\n\n<div class=\"wp-block-media-text\" style=\"grid-template-columns:30% auto\"><figure class=\"wp-block-media-text__media\"><img loading=\"lazy\" decoding=\"async\" width=\"576\" height=\"1024\" src=\"https:\/\/kobietamiesiaca.pl\/wp-content\/uploads\/2025\/11\/20251109223328447-576x1024.jpg\" alt=\"\" class=\"wp-image-13409 size-large\" srcset=\"https:\/\/kobietamiesiaca.pl\/wp-content\/uploads\/2025\/11\/20251109223328447-576x1024.jpg 576w, https:\/\/kobietamiesiaca.pl\/wp-content\/uploads\/2025\/11\/20251109223328447-169x300.jpg 169w, https:\/\/kobietamiesiaca.pl\/wp-content\/uploads\/2025\/11\/20251109223328447-84x150.jpg 84w, https:\/\/kobietamiesiaca.pl\/wp-content\/uploads\/2025\/11\/20251109223328447-768x1366.jpg 768w, https:\/\/kobietamiesiaca.pl\/wp-content\/uploads\/2025\/11\/20251109223328447-864x1536.jpg 864w, https:\/\/kobietamiesiaca.pl\/wp-content\/uploads\/2025\/11\/20251109223328447-1024x1821.jpg 1024w, https:\/\/kobietamiesiaca.pl\/wp-content\/uploads\/2025\/11\/20251109223328447.jpg 1080w\" sizes=\"auto, (max-width: 576px) 100vw, 576px\" \/><\/figure><div class=\"wp-block-media-text__content\">\n<p class=\"has-medium-font-size wp-block-paragraph\"><strong><em>Aneta S\u0142abicka<\/em><\/strong><\/p>\n\n\n\n<p class=\"has-small-font-size wp-block-paragraph\"><strong><em>Kobieta Miesi\u0105ca: Wrzesie\u0144 2021<\/em><\/strong><\/p>\n\n\n\n<p class=\"has-small-font-size wp-block-paragraph\"><strong><em>Kobieta Miesi\u0105ca: Listopad 2023<\/em><\/strong><\/p>\n\n\n\n<p class=\"wp-block-paragraph\"><\/p>\n\n\n\n<p class=\"has-small-font-size wp-block-paragraph\"><em>Witam serdecznie. Nazywam si\u0119 Aneta S\u0142abicka, mam 43 lata i mieszkam w Jeleniej G\u00f3rze. Pracuj\u0119 w bran\u017cy medycznej, wi\u0119c na co dzie\u0144 pomagam ludziom i to daje mi najwi\u0119ksz\u0105 satysfakcj\u0119. Jestem osob\u0105 otwart\u0105, u\u015bmiechni\u0119t\u0105, z ogromnym sercem i si\u0142\u0105. Moj\u0105 pasj\u0105 jest literatura i sztuka. Uwielbiam te\u017c dobr\u0105 muzyk\u0119 i zachody s\u0142o\u0144ca, kt\u00f3re daj\u0105 mi mn\u00f3stwo energii. Moim hobby jest r\u00f3wnie\u017c fotomodeling, na ka\u017cdym zdj\u0119ciu jestem inna, s\u0105 inne emocje, ka\u017cde zdj\u0119cie to inna historia.<\/em><\/p>\n\n\n\n<p class=\"has-small-font-size wp-block-paragraph\"><em>Wybieraj\u0105c Kobiet\u0119 Miesi\u0105ca, b\u0119d\u0119 zwraca\u0142a szczeg\u00f3ln\u0105 uwag\u0119 na oczy, na spojrzenie, poniewa\u017c to w nich jest si\u0142a i to one s\u0105 zwierciad\u0142em naszej duszy. Wa\u017cna jest r\u00f3wnie\u017c naturalno\u015b\u0107 i u\u015bmiech i musi by\u0107 &#8222;to co\u015b&#8221;, co mnie przekona o wyj\u0105tkowo\u015bci.<\/em><\/p>\n<\/div><\/div>\n\n\n\n<hr class=\"wp-block-separator has-alpha-channel-opacity is-style-dots\"\/>\n<\/div>\n<\/div>\n\n\n\n<div class=\"wp-block-media-text\" style=\"grid-template-columns:30% auto\"><figure class=\"wp-block-media-text__media\"><img loading=\"lazy\" decoding=\"async\" width=\"683\" height=\"1024\" src=\"https:\/\/kobietamiesiaca.pl\/wp-content\/uploads\/2025\/01\/WhatsApp-Image-2025-01-17-at-12.14.30-683x1024.jpeg?v=1737170859\" alt=\"\" class=\"wp-image-11372 size-large\" srcset=\"https:\/\/kobietamiesiaca.pl\/wp-content\/uploads\/2025\/01\/WhatsApp-Image-2025-01-17-at-12.14.30-683x1024.jpeg 683w, https:\/\/kobietamiesiaca.pl\/wp-content\/uploads\/2025\/01\/WhatsApp-Image-2025-01-17-at-12.14.30-200x300.jpeg 200w, https:\/\/kobietamiesiaca.pl\/wp-content\/uploads\/2025\/01\/WhatsApp-Image-2025-01-17-at-12.14.30-100x150.jpeg 100w, https:\/\/kobietamiesiaca.pl\/wp-content\/uploads\/2025\/01\/WhatsApp-Image-2025-01-17-at-12.14.30-768x1152.jpeg 768w, https:\/\/kobietamiesiaca.pl\/wp-content\/uploads\/2025\/01\/WhatsApp-Image-2025-01-17-at-12.14.30.jpeg 960w\" sizes=\"auto, (max-width: 683px) 100vw, 683px\" \/><\/figure><div class=\"wp-block-media-text__content\">\n<p class=\"wp-block-paragraph\"><strong>Izabela Fijo\u0142ek<\/strong><\/p>\n\n\n\n<p class=\"has-small-font-size wp-block-paragraph\"><strong><em>Ambasadorka Plebiscytu Kobieta Miesi\u0105ca<\/em><\/strong><\/p>\n\n\n\n<p class=\"has-small-font-size wp-block-paragraph\">Jestem piel\u0119gniark\u0105 na bloku operacyjnym, gdzie ka\u017cdego dnia dbam o bezpiecze\u0144stwo pacjent\u00f3w podczas skomplikowanych operacji. Moja praca wymaga precyzji, zaanga\u017cowania i spokoju, poniewa\u017c ka\u017cdy detal ma znaczenie w ratowaniu \u017cycia. Poza prac\u0105 jestem mam\u0105 dw\u00f3jki wspania\u0142ych dzieci, kt\u00f3re daj\u0105 mi mn\u00f3stwo rado\u015bci i energii. Zawsze staram si\u0119 \u0142\u0105czy\u0107 obowi\u0105zki zawodowe z \u017cyciem rodzinnym, bo obie te role s\u0105 dla mnie r\u00f3wnie wa\u017cne. Jako juror w konkursie Kobieta Miesi\u0105ca mam zaszczyt ocenia\u0107 wyj\u0105tkowe kobiety, kt\u00f3re \u0142\u0105cz\u0105 pasj\u0119, urod\u0119 i si\u0142\u0119 charakteru. Z do\u015bwiadczenia wiem, jak wa\u017cna jest r\u00f3wnowaga mi\u0119dzy \u017cyciem zawodowym a osobistym. Kobiety, kt\u00f3re anga\u017cuj\u0105 si\u0119 w swoje pasje, dbaj\u0105 o innych i potrafi\u0105 by\u0107 wzorem do na\u015bladowania, zas\u0142uguj\u0105 na uwag\u0119 i szacunek. Ciesz\u0119 si\u0119, \u017ce mog\u0119 uczestniczy\u0107 w tej pi\u0119knej inicjatywie, podziwiaj\u0105c ka\u017cd\u0105 kandydatk\u0119 za jej indywidualno\u015b\u0107, zaanga\u017cowanie oraz determinacj\u0119.<\/p>\n<\/div><\/div>\n\n\n\n<hr class=\"wp-block-separator has-alpha-channel-opacity is-style-wide\"\/>\n\n\n\n<p class=\"has-text-align-center wp-block-paragraph\"><em><strong>Sponsorem nagr\u00f3d dla Kobiety Miesi\u0105ca, oraz Kobiety Miesi\u0105ca Publiczno\u015bci jest: <\/strong><\/em><\/p>\n\n\n\n<div class=\"wp-block-media-text is-stacked-on-mobile\" style=\"grid-template-columns:40% auto\"><figure class=\"wp-block-media-text__media\"><img loading=\"lazy\" decoding=\"async\" width=\"403\" height=\"403\" src=\"https:\/\/kobietamiesiaca.pl\/wp-content\/uploads\/2022\/09\/km.jpg\" alt=\"Kobieta Miesi\u0105ca Logo\" class=\"wp-image-8 size-full\" srcset=\"https:\/\/kobietamiesiaca.pl\/wp-content\/uploads\/2022\/09\/km.jpg 403w, https:\/\/kobietamiesiaca.pl\/wp-content\/uploads\/2022\/09\/km-300x300.jpg 300w, https:\/\/kobietamiesiaca.pl\/wp-content\/uploads\/2022\/09\/km-150x150.jpg 150w, https:\/\/kobietamiesiaca.pl\/wp-content\/uploads\/2022\/09\/km-60x60.jpg 60w\" sizes=\"auto, (max-width: 403px) 100vw, 403px\" \/><\/figure><div class=\"wp-block-media-text__content\">\n<h2 class=\"wp-block-heading has-text-align-center\"><em>Monika Kr\u0119\u017clik &#8211; Organizatorka Plebiscytu Kobieta Miesi\u0105ca<\/em><\/h2>\n\n\n\n<p class=\"has-text-align-center wp-block-paragraph\"><\/p>\n\n\n\n<p class=\"wp-block-paragraph\"><\/p>\n<\/div><\/div>\n\n\n\n<figure class=\"wp-block-image size-large\"><img loading=\"lazy\" decoding=\"async\" width=\"766\" height=\"1024\" src=\"https:\/\/kobietamiesiaca.pl\/wp-content\/uploads\/2026\/06\/WhatsApp-Image-2026-06-18-at-10.51.38-766x1024.jpeg\" alt=\"\" class=\"wp-image-14056\" srcset=\"https:\/\/kobietamiesiaca.pl\/wp-content\/uploads\/2026\/06\/WhatsApp-Image-2026-06-18-at-10.51.38-766x1024.jpeg 766w, https:\/\/kobietamiesiaca.pl\/wp-content\/uploads\/2026\/06\/WhatsApp-Image-2026-06-18-at-10.51.38-224x300.jpeg 224w, https:\/\/kobietamiesiaca.pl\/wp-content\/uploads\/2026\/06\/WhatsApp-Image-2026-06-18-at-10.51.38-112x150.jpeg 112w, https:\/\/kobietamiesiaca.pl\/wp-content\/uploads\/2026\/06\/WhatsApp-Image-2026-06-18-at-10.51.38-768x1026.jpeg 768w, https:\/\/kobietamiesiaca.pl\/wp-content\/uploads\/2026\/06\/WhatsApp-Image-2026-06-18-at-10.51.38-1024x1368.jpeg 1024w, https:\/\/kobietamiesiaca.pl\/wp-content\/uploads\/2026\/06\/WhatsApp-Image-2026-06-18-at-10.51.38.jpeg 1085w\" sizes=\"auto, (max-width: 766px) 100vw, 766px\" \/><\/figure>\n\n\n\n<hr class=\"wp-block-separator has-alpha-channel-opacity is-style-wide\"\/>\n\n\n\n<h3 class=\"wp-block-heading has-text-align-center\"><em>Tytu\u0142 komplementarny &#8211; Kobieta Miesi\u0105ca Publiczno\u015bci<\/em><\/h3>\n\n\n\n<h5 class=\"wp-block-heading has-text-align-center\"><strong><em>Wyniki g\u0142osowania publiczno\u015bci: <\/em><\/strong><\/h5>\n\n\n\n<hr class=\"wp-block-separator has-alpha-channel-opacity is-style-dots\"\/>\n\n\n\n<div class=\"wp-block-media-text alignwide is-stacked-on-mobile\" style=\"grid-template-columns:25% auto\"><figure class=\"wp-block-media-text__media\"><img loading=\"lazy\" decoding=\"async\" width=\"774\" height=\"1024\" src=\"https:\/\/kobietamiesiaca.pl\/wp-content\/uploads\/2026\/06\/Daria-Kapala-774x1024.jpg\" alt=\"\" class=\"wp-image-14047 size-large\" srcset=\"https:\/\/kobietamiesiaca.pl\/wp-content\/uploads\/2026\/06\/Daria-Kapala-774x1024.jpg 774w, https:\/\/kobietamiesiaca.pl\/wp-content\/uploads\/2026\/06\/Daria-Kapala-227x300.jpg 227w, https:\/\/kobietamiesiaca.pl\/wp-content\/uploads\/2026\/06\/Daria-Kapala-113x150.jpg 113w, https:\/\/kobietamiesiaca.pl\/wp-content\/uploads\/2026\/06\/Daria-Kapala-768x1016.jpg 768w, https:\/\/kobietamiesiaca.pl\/wp-content\/uploads\/2026\/06\/Daria-Kapala-1162x1536.jpg 1162w, https:\/\/kobietamiesiaca.pl\/wp-content\/uploads\/2026\/06\/Daria-Kapala-1549x2048.jpg 1549w, https:\/\/kobietamiesiaca.pl\/wp-content\/uploads\/2026\/06\/Daria-Kapala-1024x1354.jpg 1024w\" sizes=\"auto, (max-width: 774px) 100vw, 774px\" \/><\/figure><div class=\"wp-block-media-text__content\">\n<h3 class=\"wp-block-heading\"><em><strong>Miejsce<\/strong> 3<\/em><\/h3>\n\n\n\n<h2 class=\"wp-block-heading\"><em>Daria Kapa\u0142a<\/em><\/h2>\n\n\n\n<h6 class=\"wp-block-heading\"><\/h6>\n<\/div><\/div>\n\n\n\n<hr class=\"wp-block-separator has-alpha-channel-opacity is-style-dots\"\/>\n\n\n\n<div class=\"wp-block-media-text alignwide is-stacked-on-mobile\" style=\"grid-template-columns:25% auto\"><figure class=\"wp-block-media-text__media\"><img loading=\"lazy\" decoding=\"async\" width=\"1024\" height=\"1024\" src=\"https:\/\/kobietamiesiaca.pl\/wp-content\/uploads\/2026\/06\/Zofia-Wasylik-1024x1024.jpg\" alt=\"\" class=\"wp-image-14048 size-large\" srcset=\"https:\/\/kobietamiesiaca.pl\/wp-content\/uploads\/2026\/06\/Zofia-Wasylik-1024x1024.jpg 1024w, https:\/\/kobietamiesiaca.pl\/wp-content\/uploads\/2026\/06\/Zofia-Wasylik-300x300.jpg 300w, https:\/\/kobietamiesiaca.pl\/wp-content\/uploads\/2026\/06\/Zofia-Wasylik-150x150.jpg 150w, https:\/\/kobietamiesiaca.pl\/wp-content\/uploads\/2026\/06\/Zofia-Wasylik-768x768.jpg 768w, https:\/\/kobietamiesiaca.pl\/wp-content\/uploads\/2026\/06\/Zofia-Wasylik.jpg 1440w\" sizes=\"auto, (max-width: 1024px) 100vw, 1024px\" \/><\/figure><div class=\"wp-block-media-text__content\">\n<h3 class=\"wp-block-heading\"><strong><em>Miejsce <\/em><\/strong>2<\/h3>\n\n\n\n<h2 class=\"wp-block-heading\"><em>Zofia Wasylik<\/em><\/h2>\n\n\n\n<h6 class=\"wp-block-heading\"><\/h6>\n<\/div><\/div>\n\n\n\n<hr class=\"wp-block-separator has-alpha-channel-opacity is-style-dots\"\/>\n\n\n\n<div class=\"wp-block-media-text alignwide is-stacked-on-mobile\" style=\"grid-template-columns:22% auto\"><figure class=\"wp-block-media-text__media\"><img loading=\"lazy\" decoding=\"async\" width=\"450\" height=\"1024\" src=\"https:\/\/kobietamiesiaca.pl\/wp-content\/uploads\/2026\/06\/Klaudia-Gutkowska-450x1024.jpeg\" alt=\"\" class=\"wp-image-14049 size-large\" srcset=\"https:\/\/kobietamiesiaca.pl\/wp-content\/uploads\/2026\/06\/Klaudia-Gutkowska-450x1024.jpeg 450w, https:\/\/kobietamiesiaca.pl\/wp-content\/uploads\/2026\/06\/Klaudia-Gutkowska-132x300.jpeg 132w, https:\/\/kobietamiesiaca.pl\/wp-content\/uploads\/2026\/06\/Klaudia-Gutkowska-66x150.jpeg 66w, https:\/\/kobietamiesiaca.pl\/wp-content\/uploads\/2026\/06\/Klaudia-Gutkowska-768x1749.jpeg 768w, https:\/\/kobietamiesiaca.pl\/wp-content\/uploads\/2026\/06\/Klaudia-Gutkowska-675x1536.jpeg 675w, https:\/\/kobietamiesiaca.pl\/wp-content\/uploads\/2026\/06\/Klaudia-Gutkowska-899x2048.jpeg 899w, https:\/\/kobietamiesiaca.pl\/wp-content\/uploads\/2026\/06\/Klaudia-Gutkowska-1024x2332.jpeg 1024w, https:\/\/kobietamiesiaca.pl\/wp-content\/uploads\/2026\/06\/Klaudia-Gutkowska.jpeg 1634w\" sizes=\"auto, (max-width: 450px) 100vw, 450px\" \/><\/figure><div class=\"wp-block-media-text__content\">\n<h3 class=\"wp-block-heading\"><strong><em>Miejsce <\/em><\/strong>1<\/h3>\n\n\n\n<h2 class=\"wp-block-heading\"><em>Klaudia Gutkowska<\/em><\/h2>\n\n\n\n<h6 class=\"wp-block-heading\"><\/h6>\n<\/div><\/div>\n\n\n\n<p class=\"has-text-align-center wp-block-paragraph\"><\/p>\n\n\n\n<p class=\"wp-block-paragraph\"><\/p>\n\n\n\n<hr class=\"wp-block-separator has-alpha-channel-opacity is-style-wide\"\/>\n\n\n\n<h1 class=\"wp-block-heading has-text-align-center\"><em>Tytu\u0142 G\u0142\u00f3wny &#8211; Kobieta Miesi\u0105ca<\/em><\/h1>\n\n\n\n<p class=\"has-text-align-center wp-block-paragraph\"><em>Od listopadowej edycji zmieniamy nieco form\u0119 przedstawiania wynik\u00f3w i przyznajemy wyr\u00f3\u017cnienia oraz miejsca na podium.  <\/em><\/p>\n\n\n\n<hr class=\"wp-block-separator has-alpha-channel-opacity is-style-dots\"\/>\n\n\n\n<h2 class=\"wp-block-heading has-text-align-center\"><em>Wyr\u00f3\u017cnieni<\/em>e<\/h2>\n\n\n\n<figure class=\"wp-block-gallery has-nested-images columns-6 is-cropped wp-block-gallery-1 is-layout-flex wp-block-gallery-is-layout-flex\">\n<figure class=\"wp-block-image size-large\"><img loading=\"lazy\" decoding=\"async\" width=\"1024\" height=\"1024\" data-id=\"14048\" src=\"https:\/\/kobietamiesiaca.pl\/wp-content\/uploads\/2026\/06\/Zofia-Wasylik-1024x1024.jpg\" alt=\"\" class=\"wp-image-14048\" srcset=\"https:\/\/kobietamiesiaca.pl\/wp-content\/uploads\/2026\/06\/Zofia-Wasylik-1024x1024.jpg 1024w, https:\/\/kobietamiesiaca.pl\/wp-content\/uploads\/2026\/06\/Zofia-Wasylik-300x300.jpg 300w, https:\/\/kobietamiesiaca.pl\/wp-content\/uploads\/2026\/06\/Zofia-Wasylik-150x150.jpg 150w, https:\/\/kobietamiesiaca.pl\/wp-content\/uploads\/2026\/06\/Zofia-Wasylik-768x768.jpg 768w, https:\/\/kobietamiesiaca.pl\/wp-content\/uploads\/2026\/06\/Zofia-Wasylik.jpg 1440w\" sizes=\"auto, (max-width: 1024px) 100vw, 1024px\" \/><figcaption class=\"wp-element-caption\"><em>Zofia Wasylik<\/em><\/figcaption><\/figure>\n<\/figure>\n\n\n\n<hr class=\"wp-block-separator has-alpha-channel-opacity is-style-dots\"\/>\n\n\n\n<h2 class=\"wp-block-heading has-text-align-center\"><em>Miejsce 3<\/em><\/h2>\n\n\n\n<figure class=\"wp-block-gallery has-nested-images columns-6 is-cropped wp-block-gallery-2 is-layout-flex wp-block-gallery-is-layout-flex\">\n<figure class=\"wp-block-image size-large\"><img loading=\"lazy\" decoding=\"async\" width=\"683\" height=\"1024\" data-id=\"14050\" src=\"https:\/\/kobietamiesiaca.pl\/wp-content\/uploads\/2026\/06\/Anna-Gradowicz-683x1024.jpeg\" alt=\"\" class=\"wp-image-14050\" srcset=\"https:\/\/kobietamiesiaca.pl\/wp-content\/uploads\/2026\/06\/Anna-Gradowicz-683x1024.jpeg 683w, https:\/\/kobietamiesiaca.pl\/wp-content\/uploads\/2026\/06\/Anna-Gradowicz-200x300.jpeg 200w, https:\/\/kobietamiesiaca.pl\/wp-content\/uploads\/2026\/06\/Anna-Gradowicz-100x150.jpeg 100w, https:\/\/kobietamiesiaca.pl\/wp-content\/uploads\/2026\/06\/Anna-Gradowicz-768x1152.jpeg 768w, https:\/\/kobietamiesiaca.pl\/wp-content\/uploads\/2026\/06\/Anna-Gradowicz-1024x1536.jpeg 1024w, https:\/\/kobietamiesiaca.pl\/wp-content\/uploads\/2026\/06\/Anna-Gradowicz.jpeg 1080w\" sizes=\"auto, (max-width: 683px) 100vw, 683px\" \/><figcaption class=\"wp-element-caption\"><em>Anna Gradowicz<\/em><\/figcaption><\/figure>\n<\/figure>\n\n\n\n<h2 class=\"wp-block-heading\"><\/h2>\n\n\n\n<hr class=\"wp-block-separator has-alpha-channel-opacity is-style-dots\"\/>\n\n\n\n<h2 class=\"wp-block-heading has-text-align-center\"><em>Miejsce 2<\/em><\/h2>\n\n\n\n<figure class=\"wp-block-image aligncenter size-full\"><img loading=\"lazy\" decoding=\"async\" width=\"1969\" height=\"2953\" src=\"https:\/\/kobietamiesiaca.pl\/wp-content\/uploads\/2026\/06\/Natalia-Stanczyk.jpg\" alt=\"\" class=\"wp-image-14051\" srcset=\"https:\/\/kobietamiesiaca.pl\/wp-content\/uploads\/2026\/06\/Natalia-Stanczyk.jpg 1969w, https:\/\/kobietamiesiaca.pl\/wp-content\/uploads\/2026\/06\/Natalia-Stanczyk-200x300.jpg 200w, https:\/\/kobietamiesiaca.pl\/wp-content\/uploads\/2026\/06\/Natalia-Stanczyk-683x1024.jpg 683w, https:\/\/kobietamiesiaca.pl\/wp-content\/uploads\/2026\/06\/Natalia-Stanczyk-100x150.jpg 100w, https:\/\/kobietamiesiaca.pl\/wp-content\/uploads\/2026\/06\/Natalia-Stanczyk-768x1152.jpg 768w, https:\/\/kobietamiesiaca.pl\/wp-content\/uploads\/2026\/06\/Natalia-Stanczyk-1024x1536.jpg 1024w, https:\/\/kobietamiesiaca.pl\/wp-content\/uploads\/2026\/06\/Natalia-Stanczyk-1366x2048.jpg 1366w\" sizes=\"auto, (max-width: 1969px) 100vw, 1969px\" \/><figcaption class=\"wp-element-caption\"><em>Natalia Sta\u0144czyk<\/em><\/figcaption><\/figure>\n\n\n\n<hr class=\"wp-block-separator has-alpha-channel-opacity is-style-dots\"\/>\n\n\n\n<h1 class=\"wp-block-heading has-text-align-center\"><em>Miejsce 1<\/em><\/h1>\n\n\n\n<figure class=\"wp-block-image aligncenter size-full\"><img loading=\"lazy\" decoding=\"async\" width=\"2855\" height=\"3853\" src=\"https:\/\/kobietamiesiaca.pl\/wp-content\/uploads\/2026\/06\/Anna-Matysek.jpeg\" alt=\"\" class=\"wp-image-14052\" srcset=\"https:\/\/kobietamiesiaca.pl\/wp-content\/uploads\/2026\/06\/Anna-Matysek.jpeg 2855w, https:\/\/kobietamiesiaca.pl\/wp-content\/uploads\/2026\/06\/Anna-Matysek-222x300.jpeg 222w, https:\/\/kobietamiesiaca.pl\/wp-content\/uploads\/2026\/06\/Anna-Matysek-759x1024.jpeg 759w, https:\/\/kobietamiesiaca.pl\/wp-content\/uploads\/2026\/06\/Anna-Matysek-111x150.jpeg 111w, https:\/\/kobietamiesiaca.pl\/wp-content\/uploads\/2026\/06\/Anna-Matysek-768x1036.jpeg 768w, https:\/\/kobietamiesiaca.pl\/wp-content\/uploads\/2026\/06\/Anna-Matysek-1138x1536.jpeg 1138w, https:\/\/kobietamiesiaca.pl\/wp-content\/uploads\/2026\/06\/Anna-Matysek-1518x2048.jpeg 1518w, https:\/\/kobietamiesiaca.pl\/wp-content\/uploads\/2026\/06\/Anna-Matysek-1024x1382.jpeg 1024w\" sizes=\"auto, (max-width: 2855px) 100vw, 2855px\" \/><\/figure>\n\n\n\n<h1 class=\"wp-block-heading has-text-align-center\"><em><em>Anna Matysek<\/em><\/em><\/h1>\n\n\n\n<blockquote class=\"wp-block-quote is-layout-flow wp-block-quote-is-layout-flow\">\n<p class=\"wp-block-paragraph\"><em>\u201eJeste\u015b dla mnie inspiracj\u0105\u2026\u201d<br>Takie s\u0142owa w ostatnim czasie s\u0142ysza\u0142am od wielu kobiet, co jest dla mnie bardzo mi\u0142e oraz buduj\u0105ce.<br>Udzia\u0142 w konkursie jeszcze par\u0119 lat temu by\u0142by niemo\u017cliwy, z powodu braku odwagi, przebojowo\u015bci, wiary w siebie oraz skupieniu si\u0119 tylko na rodzinie oraz pracy zawodowej.<br>Mam 40 lat, jestem szcz\u0119\u015bliw\u0105 mam\u0105 dw\u00f3ch nastoletnich syn\u00f3w, \u017con\u0105, wieloletnim nauczycielem oraz kobiet\u0105, kt\u00f3ra spe\u0142nia swoje marzenia, realizuje swoje pasje i zainteresowania.<br>Moj\u0105 inspiracj\u0105 s\u0105 kobiety silne, odwa\u017cne i nie boj\u0105ce si\u0119 podejmowa\u0107 wyzwa\u0144 osobistych czy te\u017c zawodowych, nie poddaj\u0105ce si\u0119 w drodze do postawionych sobie cel\u00f3w i tak\u0105 kobiet\u0105 jestem. Od zawsze by\u0142am bardzo wymagaj\u0105ca od siebie. Zawsze stawia\u0142am sobie wysok\u0105 poprzeczk\u0119, aby odnie\u015b\u0107 sukcesy.<br>W marcu 2026 zdoby\u0142am tytu\u0142 i koron\u0119 Miss Dojrza\u0142o\u015bci z czego jestem bardzo dumna jako symbol wiary w siebie, ci\u0119\u017ckiej pracy nad sob\u0105, pewno\u015bci siebie, prze\u0142amywania w\u0142asnych barier, rozwoju osobistego.<br>Kobieta to si\u0142a!<\/em><\/p>\n<\/blockquote>\n\n\n\n<hr class=\"wp-block-separator has-alpha-channel-opacity is-style-wide\"\/>\n\n\n\n<p class=\"has-text-align-center has-medium-font-size wp-block-paragraph\"><em>W czerwcowej edycji Kandydatki walczy\u0142y o niesamowite nagrody! Zar\u00f3wno zwyci\u0119\u017cczyni g\u0142\u00f3wnego tytu\u0142u Kobieta Miesi\u0105ca, jak i laureatka tytu\u0142u komplementarnego Kobieta Miesi\u0105ca Publiczno\u015bci otrzymaj\u0105 pami\u0105tkow\u0105 szarf\u0119 inspirowan\u0105 konkursami pi\u0119kno\u015bci<\/em><em>.<\/em><\/p>\n\n\n\n<h2 class=\"wp-block-heading has-text-align-center\"><strong><em>Opr\u00f3cz tego mamy r\u00f3wnie\u017c bransoletki szcz\u0119\u015bcia!<\/em><\/strong><\/h2>\n\n\n\n<figure class=\"wp-block-image size-full\"><img loading=\"lazy\" decoding=\"async\" width=\"1085\" height=\"1450\" src=\"https:\/\/kobietamiesiaca.pl\/wp-content\/uploads\/2026\/06\/WhatsApp-Image-2026-06-18-at-10.51.38.jpeg\" alt=\"\" class=\"wp-image-14056\" srcset=\"https:\/\/kobietamiesiaca.pl\/wp-content\/uploads\/2026\/06\/WhatsApp-Image-2026-06-18-at-10.51.38.jpeg 1085w, https:\/\/kobietamiesiaca.pl\/wp-content\/uploads\/2026\/06\/WhatsApp-Image-2026-06-18-at-10.51.38-224x300.jpeg 224w, https:\/\/kobietamiesiaca.pl\/wp-content\/uploads\/2026\/06\/WhatsApp-Image-2026-06-18-at-10.51.38-766x1024.jpeg 766w, https:\/\/kobietamiesiaca.pl\/wp-content\/uploads\/2026\/06\/WhatsApp-Image-2026-06-18-at-10.51.38-112x150.jpeg 112w, https:\/\/kobietamiesiaca.pl\/wp-content\/uploads\/2026\/06\/WhatsApp-Image-2026-06-18-at-10.51.38-768x1026.jpeg 768w, https:\/\/kobietamiesiaca.pl\/wp-content\/uploads\/2026\/06\/WhatsApp-Image-2026-06-18-at-10.51.38-1024x1368.jpeg 1024w\" sizes=\"auto, (max-width: 1085px) 100vw, 1085px\" \/><\/figure>\n\n\n\n<h2 class=\"wp-block-heading has-text-align-center\"><em>Obie nagrody zosta\u0142y ufundowane przez Monik\u0119 Kr\u0119\u017clik &#8211; Organizatork\u0119 Plebiscytu Kobieta Miesi\u0105ca. <\/em><\/h2>\n\n\n\n<figure class=\"wp-block-image size-full\"><img loading=\"lazy\" decoding=\"async\" width=\"403\" height=\"403\" src=\"https:\/\/kobietamiesiaca.pl\/wp-content\/uploads\/2022\/09\/km.jpg\" alt=\"Kobieta Miesi\u0105ca Logo\" class=\"wp-image-8\" srcset=\"https:\/\/kobietamiesiaca.pl\/wp-content\/uploads\/2022\/09\/km.jpg 403w, https:\/\/kobietamiesiaca.pl\/wp-content\/uploads\/2022\/09\/km-300x300.jpg 300w, https:\/\/kobietamiesiaca.pl\/wp-content\/uploads\/2022\/09\/km-150x150.jpg 150w, https:\/\/kobietamiesiaca.pl\/wp-content\/uploads\/2022\/09\/km-60x60.jpg 60w\" sizes=\"auto, (max-width: 403px) 100vw, 403px\" \/><\/figure>\n\n\n\n<hr class=\"wp-block-separator has-alpha-channel-opacity is-style-dots\"\/>\n\n\n\n<p class=\"has-text-align-center has-medium-font-size wp-block-paragraph\"><em>Wszystkie trzy Panie znajduj\u0105ce si\u0119 na podium tej edycji, tj. zajmuj\u0105ce miejsca 1-3 zostan\u0105 r\u00f3wnie\u017c automatycznie zakwalifikowane do Plebiscytu Kobieta Roku. Ich zdj\u0119cia zostan\u0105 umieszczone w galerii znajduj\u0105cej si\u0119 w zak\u0142adce &#8222;Kobieta Roku&#8221;. Plebiscyt Kobieta Roku zostanie przeprowadzony w ostatnich dniach grudnia. Harmonogram przedstawimy pod koniec roku w osobnym wpisie. <\/em><\/p>\n\n\n\n<hr class=\"wp-block-separator has-alpha-channel-opacity is-style-dots\"\/>\n\n\n\n<p class=\"has-text-align-center has-medium-font-size wp-block-paragraph\"><em>Wszystkie 6 Pa\u0144, tj. Top3 Kobiety Miesi\u0105ca oraz Top3 Kobiety Miesi\u0105ca Publiczno\u015bci otrzymaj\u0105 pami\u0105tkowe dyplomy.   <\/em><\/p>\n\n\n\n<p class=\"wp-block-paragraph\"><\/p>\n\n\n\n<hr class=\"wp-block-separator has-alpha-channel-opacity is-style-wide\"\/>\n\n\n\n<p class=\"has-text-align-center wp-block-paragraph\"><em>Dzi\u0119kujemy wszystkim Kandydatkom za wzi\u0119cie udzia\u0142u w czerwcowej edycji Plebiscytu Kobieta Miesi\u0105ca i zapraszamy do wzi\u0119cia udzia\u0142u w kolejnych. Zg\u0142oszenia do lipcowej ods\u0142ony Plebiscytu b\u0119d\u0105 przyjmowane od 1 lipca. <\/em><\/p>\n\n\n\n<hr class=\"wp-block-separator has-alpha-channel-opacity is-style-wide\"\/>\n\n\n\n<h3 class=\"wp-block-heading has-text-align-center\"><em>Zach\u0119camy do rejestracji i weryfikacji Kont Kandydatki przed rozpocz\u0119ciem zapis\u00f3w do kolejnej edycji, aby unikn\u0105\u0107 oczekiwania na akceptacj\u0119 przez Administracj\u0119 Serwisu. <\/em><\/h3>\n\n\n\n<hr class=\"wp-block-separator has-alpha-channel-opacity is-style-wide\"\/>\n","protected":false},"excerpt":{"rendered":"<p>Poznajmy laureatki bie\u017c\u0105cej edycji<\/p>\n","protected":false},"author":1,"featured_media":11375,"comment_status":"open","ping_status":"open","sticky":false,"template":"","format":"standard","meta":{"cybocfi_hide_featured_image":"yes","footnotes":""},"categories":[14,13],"tags":[],"coauthors":[31],"class_list":["post-14046","post","type-post","status-publish","format-standard","has-post-thumbnail","hentry","category-info","category-topka"],"_links":{"self":[{"href":"https:\/\/kobietamiesiaca.pl\/index.php?rest_route=\/wp\/v2\/posts\/14046","targetHints":{"allow":["GET"]}}],"collection":[{"href":"https:\/\/kobietamiesiaca.pl\/index.php?rest_route=\/wp\/v2\/posts"}],"about":[{"href":"https:\/\/kobietamiesiaca.pl\/index.php?rest_route=\/wp\/v2\/types\/post"}],"author":[{"embeddable":true,"href":"https:\/\/kobietamiesiaca.pl\/index.php?rest_route=\/wp\/v2\/users\/1"}],"replies":[{"embeddable":true,"href":"https:\/\/kobietamiesiaca.pl\/index.php?rest_route=%2Fwp%2Fv2%2Fcomments&post=14046"}],"version-history":[{"count":4,"href":"https:\/\/kobietamiesiaca.pl\/index.php?rest_route=\/wp\/v2\/posts\/14046\/revisions"}],"predecessor-version":[{"id":14060,"href":"https:\/\/kobietamiesiaca.pl\/index.php?rest_route=\/wp\/v2\/posts\/14046\/revisions\/14060"}],"wp:featuredmedia":[{"embeddable":true,"href":"https:\/\/kobietamiesiaca.pl\/index.php?rest_route=\/wp\/v2\/media\/11375"}],"wp:attachment":[{"href":"https:\/\/kobietamiesiaca.pl\/index.php?rest_route=%2Fwp%2Fv2%2Fmedia&parent=14046"}],"wp:term":[{"taxonomy":"category","embeddable":true,"href":"https:\/\/kobietamiesiaca.pl\/index.php?rest_route=%2Fwp%2Fv2%2Fcategories&post=14046"},{"taxonomy":"post_tag","embeddable":true,"href":"https:\/\/kobietamiesiaca.pl\/index.php?rest_route=%2Fwp%2Fv2%2Ftags&post=14046"},{"taxonomy":"author","embeddable":true,"href":"https:\/\/kobietamiesiaca.pl\/index.php?rest_route=%2Fwp%2Fv2%2Fcoauthors&post=14046"}],"curies":[{"name":"wp","href":"https:\/\/api.w.org\/{rel}","templated":true}]}}