{"id":14062,"date":"2026-08-18T18:00:00","date_gmt":"2026-08-18T16:00:00","guid":{"rendered":"https:\/\/kobietamiesiaca.pl\/?p=14062"},"modified":"2026-08-18T17:39:57","modified_gmt":"2026-08-18T15:39:57","slug":"wyniki-sierpniowej-edycji-plebiscytu-kobieta-miesiaca-2","status":"publish","type":"post","link":"https:\/\/kobietamiesiaca.pl\/?p=14062","title":{"rendered":"Wyniki sierpniowej edycji Plebiscytu Kobieta Miesi\u0105ca"},"content":{"rendered":"\n<hr class=\"wp-block-separator has-alpha-channel-opacity is-style-wide\"\/>\n\n\n\n<h2 class=\"wp-block-heading has-text-align-center has-medium-font-size\"><em>W Jury sierpniowej edycji Plebiscytu Kobieta Miesi\u0105ca zasiad\u0142y 3 osoby. By\u0142y to:<\/em><\/h2>\n\n\n\n<div class=\"wp-block-columns is-layout-flex wp-container-core-columns-is-layout-7387b849 wp-block-columns-is-layout-flex\">\n<div class=\"wp-block-column is-layout-flow wp-block-column-is-layout-flow\">\n<div class=\"wp-block-group is-vertical is-layout-flex wp-container-core-group-is-layout-2c90304e wp-block-group-is-layout-flex\">\n<div class=\"wp-block-media-text\" style=\"grid-template-columns:30% auto\"><figure class=\"wp-block-media-text__media\"><img loading=\"lazy\" decoding=\"async\" width=\"683\" height=\"1024\" src=\"https:\/\/kobietamiesiaca.pl\/wp-content\/uploads\/Monia-683x1024.jpg?v=1693433896\" alt=\"\" class=\"wp-image-282 size-large\" srcset=\"https:\/\/kobietamiesiaca.pl\/wp-content\/uploads\/Monia-683x1024.jpg 683w, https:\/\/kobietamiesiaca.pl\/wp-content\/uploads\/Monia-200x300.jpg 200w, https:\/\/kobietamiesiaca.pl\/wp-content\/uploads\/Monia-100x150.jpg 100w, https:\/\/kobietamiesiaca.pl\/wp-content\/uploads\/Monia-768x1152.jpg 768w, https:\/\/kobietamiesiaca.pl\/wp-content\/uploads\/Monia-40x60.jpg 40w, https:\/\/kobietamiesiaca.pl\/wp-content\/uploads\/Monia.jpg 1000w\" sizes=\"auto, (max-width: 683px) 100vw, 683px\" \/><\/figure><div class=\"wp-block-media-text__content\">\n<p class=\"has-medium-font-size wp-block-paragraph\"><strong><em>Monika Kr\u0119\u017clik<\/em><\/strong><\/p>\n\n\n\n<p class=\"has-small-font-size wp-block-paragraph\"><strong><em>Organizatorka<\/em><\/strong><\/p>\n\n\n\n<p class=\"wp-block-paragraph\"><\/p>\n\n\n\n<p class=\"has-small-font-size wp-block-paragraph\"><em>G\u0142\u00f3wnym celem dla mnie osobi\u015bcie jest, aby kobiety z ca\u0142ej Polski (niezale\u017cnie od wieku) poprawi\u0142y swoj\u0105 samoocen\u0119. Chcia\u0142abym poprzez wyr\u00f3\u017cnienia w tym plebiscycie da\u0107 im w jakim\u015b stopniu pow\u00f3d do rado\u015bci. Podczas g\u0142osowania b\u0119d\u0119 zwraca\u0107 uwag\u0119 na naturalno\u015b\u0107, u\u015bmiech oraz zainteresowania i pasje kandydatek.<\/em><\/p>\n<\/div><\/div>\n<\/div>\n\n\n\n<hr class=\"wp-block-separator has-alpha-channel-opacity is-style-dots\"\/>\n\n\n\n<div class=\"wp-block-media-text\" style=\"grid-template-columns:30% auto\"><figure class=\"wp-block-media-text__media\"><img loading=\"lazy\" decoding=\"async\" width=\"576\" height=\"1024\" src=\"https:\/\/kobietamiesiaca.pl\/wp-content\/uploads\/2025\/11\/20251109223328447-576x1024.jpg\" alt=\"\" class=\"wp-image-13409 size-large\" srcset=\"https:\/\/kobietamiesiaca.pl\/wp-content\/uploads\/2025\/11\/20251109223328447-576x1024.jpg 576w, https:\/\/kobietamiesiaca.pl\/wp-content\/uploads\/2025\/11\/20251109223328447-169x300.jpg 169w, https:\/\/kobietamiesiaca.pl\/wp-content\/uploads\/2025\/11\/20251109223328447-84x150.jpg 84w, https:\/\/kobietamiesiaca.pl\/wp-content\/uploads\/2025\/11\/20251109223328447-768x1366.jpg 768w, https:\/\/kobietamiesiaca.pl\/wp-content\/uploads\/2025\/11\/20251109223328447-864x1536.jpg 864w, https:\/\/kobietamiesiaca.pl\/wp-content\/uploads\/2025\/11\/20251109223328447-1024x1821.jpg 1024w, https:\/\/kobietamiesiaca.pl\/wp-content\/uploads\/2025\/11\/20251109223328447.jpg 1080w\" sizes=\"auto, (max-width: 576px) 100vw, 576px\" \/><\/figure><div class=\"wp-block-media-text__content\">\n<p class=\"has-medium-font-size wp-block-paragraph\"><strong><em>Aneta S\u0142abicka<\/em><\/strong><\/p>\n\n\n\n<p class=\"has-small-font-size wp-block-paragraph\"><strong><em>Kobieta Miesi\u0105ca: Wrzesie\u0144 2021<\/em><\/strong><\/p>\n\n\n\n<p class=\"has-small-font-size wp-block-paragraph\"><strong><em>Kobieta Miesi\u0105ca: Listopad 2023<\/em><\/strong><\/p>\n\n\n\n<p class=\"wp-block-paragraph\"><\/p>\n\n\n\n<p class=\"has-small-font-size wp-block-paragraph\"><em>Witam serdecznie. Nazywam si\u0119 Aneta S\u0142abicka, mam 43 lata i mieszkam w Jeleniej G\u00f3rze. Pracuj\u0119 w bran\u017cy medycznej, wi\u0119c na co dzie\u0144 pomagam ludziom i to daje mi najwi\u0119ksz\u0105 satysfakcj\u0119. Jestem osob\u0105 otwart\u0105, u\u015bmiechni\u0119t\u0105, z ogromnym sercem i si\u0142\u0105. Moj\u0105 pasj\u0105 jest literatura i sztuka. Uwielbiam te\u017c dobr\u0105 muzyk\u0119 i zachody s\u0142o\u0144ca, kt\u00f3re daj\u0105 mi mn\u00f3stwo energii. Moim hobby jest r\u00f3wnie\u017c fotomodeling, na ka\u017cdym zdj\u0119ciu jestem inna, s\u0105 inne emocje, ka\u017cde zdj\u0119cie to inna historia.<\/em><\/p>\n\n\n\n<p class=\"has-small-font-size wp-block-paragraph\"><em>Wybieraj\u0105c Kobiet\u0119 Miesi\u0105ca, b\u0119d\u0119 zwraca\u0142a szczeg\u00f3ln\u0105 uwag\u0119 na oczy, na spojrzenie, poniewa\u017c to w nich jest si\u0142a i to one s\u0105 zwierciad\u0142em naszej duszy. Wa\u017cna jest r\u00f3wnie\u017c naturalno\u015b\u0107 i u\u015bmiech i musi by\u0107 &#8222;to co\u015b&#8221;, co mnie przekona o wyj\u0105tkowo\u015bci.<\/em><\/p>\n<\/div><\/div>\n\n\n\n<hr class=\"wp-block-separator has-alpha-channel-opacity is-style-dots\"\/>\n<\/div>\n<\/div>\n\n\n\n<div class=\"wp-block-media-text\" style=\"grid-template-columns:30% auto\"><figure class=\"wp-block-media-text__media\"><img loading=\"lazy\" decoding=\"async\" width=\"683\" height=\"1024\" src=\"https:\/\/kobietamiesiaca.pl\/wp-content\/uploads\/2025\/01\/WhatsApp-Image-2025-01-17-at-12.14.30-683x1024.jpeg?v=1737170859\" alt=\"\" class=\"wp-image-11372 size-large\" srcset=\"https:\/\/kobietamiesiaca.pl\/wp-content\/uploads\/2025\/01\/WhatsApp-Image-2025-01-17-at-12.14.30-683x1024.jpeg 683w, https:\/\/kobietamiesiaca.pl\/wp-content\/uploads\/2025\/01\/WhatsApp-Image-2025-01-17-at-12.14.30-200x300.jpeg 200w, https:\/\/kobietamiesiaca.pl\/wp-content\/uploads\/2025\/01\/WhatsApp-Image-2025-01-17-at-12.14.30-100x150.jpeg 100w, https:\/\/kobietamiesiaca.pl\/wp-content\/uploads\/2025\/01\/WhatsApp-Image-2025-01-17-at-12.14.30-768x1152.jpeg 768w, https:\/\/kobietamiesiaca.pl\/wp-content\/uploads\/2025\/01\/WhatsApp-Image-2025-01-17-at-12.14.30.jpeg 960w\" sizes=\"auto, (max-width: 683px) 100vw, 683px\" \/><\/figure><div class=\"wp-block-media-text__content\">\n<p class=\"wp-block-paragraph\"><strong>Izabela Fijo\u0142ek<\/strong><\/p>\n\n\n\n<p class=\"has-small-font-size wp-block-paragraph\"><strong><em>Ambasadorka Plebiscytu Kobieta Miesi\u0105ca<\/em><\/strong><\/p>\n\n\n\n<p class=\"has-small-font-size wp-block-paragraph\">Jestem piel\u0119gniark\u0105 na bloku operacyjnym, gdzie ka\u017cdego dnia dbam o bezpiecze\u0144stwo pacjent\u00f3w podczas skomplikowanych operacji. Moja praca wymaga precyzji, zaanga\u017cowania i spokoju, poniewa\u017c ka\u017cdy detal ma znaczenie w ratowaniu \u017cycia. Poza prac\u0105 jestem mam\u0105 dw\u00f3jki wspania\u0142ych dzieci, kt\u00f3re daj\u0105 mi mn\u00f3stwo rado\u015bci i energii. Zawsze staram si\u0119 \u0142\u0105czy\u0107 obowi\u0105zki zawodowe z \u017cyciem rodzinnym, bo obie te role s\u0105 dla mnie r\u00f3wnie wa\u017cne. Jako juror w konkursie Kobieta Miesi\u0105ca mam zaszczyt ocenia\u0107 wyj\u0105tkowe kobiety, kt\u00f3re \u0142\u0105cz\u0105 pasj\u0119, urod\u0119 i si\u0142\u0119 charakteru. Z do\u015bwiadczenia wiem, jak wa\u017cna jest r\u00f3wnowaga mi\u0119dzy \u017cyciem zawodowym a osobistym. Kobiety, kt\u00f3re anga\u017cuj\u0105 si\u0119 w swoje pasje, dbaj\u0105 o innych i potrafi\u0105 by\u0107 wzorem do na\u015bladowania, zas\u0142uguj\u0105 na uwag\u0119 i szacunek. Ciesz\u0119 si\u0119, \u017ce mog\u0119 uczestniczy\u0107 w tej pi\u0119knej inicjatywie, podziwiaj\u0105c ka\u017cd\u0105 kandydatk\u0119 za jej indywidualno\u015b\u0107, zaanga\u017cowanie oraz determinacj\u0119.<\/p>\n<\/div><\/div>\n\n\n\n<hr class=\"wp-block-separator has-alpha-channel-opacity is-style-wide\"\/>\n\n\n\n<h3 class=\"wp-block-heading has-text-align-center\"><em>Tytu\u0142 komplementarny &#8211; Kobieta Miesi\u0105ca Publiczno\u015bci<\/em><\/h3>\n\n\n\n<h5 class=\"wp-block-heading has-text-align-center\"><strong><em>Wyniki g\u0142osowania publiczno\u015bci: <\/em><\/strong><\/h5>\n\n\n\n<hr class=\"wp-block-separator has-alpha-channel-opacity is-style-dots\"\/>\n\n\n\n<div class=\"wp-block-media-text alignwide is-stacked-on-mobile\" style=\"grid-template-columns:25% auto\"><figure class=\"wp-block-media-text__media\"><img loading=\"lazy\" decoding=\"async\" width=\"768\" height=\"1024\" src=\"https:\/\/kobietamiesiaca.pl\/wp-content\/uploads\/2026\/08\/Julia-Kacprzak-768x1024.jpg\" alt=\"\" class=\"wp-image-14064 size-large\" srcset=\"https:\/\/kobietamiesiaca.pl\/wp-content\/uploads\/2026\/08\/Julia-Kacprzak-768x1024.jpg 768w, https:\/\/kobietamiesiaca.pl\/wp-content\/uploads\/2026\/08\/Julia-Kacprzak-225x300.jpg 225w, https:\/\/kobietamiesiaca.pl\/wp-content\/uploads\/2026\/08\/Julia-Kacprzak-113x150.jpg 113w, https:\/\/kobietamiesiaca.pl\/wp-content\/uploads\/2026\/08\/Julia-Kacprzak-1024x1365.jpg 1024w, https:\/\/kobietamiesiaca.pl\/wp-content\/uploads\/2026\/08\/Julia-Kacprzak.jpg 1086w\" sizes=\"auto, (max-width: 768px) 100vw, 768px\" \/><\/figure><div class=\"wp-block-media-text__content\">\n<h3 class=\"wp-block-heading\"><em><strong>Miejsce<\/strong> 3<\/em><\/h3>\n\n\n\n<h2 class=\"wp-block-heading\"><em>Julia Kacprzak<\/em><\/h2>\n\n\n\n<h6 class=\"wp-block-heading\"><\/h6>\n<\/div><\/div>\n\n\n\n<hr class=\"wp-block-separator has-alpha-channel-opacity is-style-dots\"\/>\n\n\n\n<div class=\"wp-block-media-text alignwide is-stacked-on-mobile\" style=\"grid-template-columns:25% auto\"><figure class=\"wp-block-media-text__media\"><img loading=\"lazy\" decoding=\"async\" width=\"615\" height=\"1024\" src=\"https:\/\/kobietamiesiaca.pl\/wp-content\/uploads\/2026\/08\/Klaudia-Gutkowska-615x1024.jpg\" alt=\"\" class=\"wp-image-14066 size-large\" srcset=\"https:\/\/kobietamiesiaca.pl\/wp-content\/uploads\/2026\/08\/Klaudia-Gutkowska-615x1024.jpg 615w, https:\/\/kobietamiesiaca.pl\/wp-content\/uploads\/2026\/08\/Klaudia-Gutkowska-180x300.jpg 180w, https:\/\/kobietamiesiaca.pl\/wp-content\/uploads\/2026\/08\/Klaudia-Gutkowska-90x150.jpg 90w, https:\/\/kobietamiesiaca.pl\/wp-content\/uploads\/2026\/08\/Klaudia-Gutkowska-768x1280.jpg 768w, https:\/\/kobietamiesiaca.pl\/wp-content\/uploads\/2026\/08\/Klaudia-Gutkowska-922x1536.jpg 922w, https:\/\/kobietamiesiaca.pl\/wp-content\/uploads\/2026\/08\/Klaudia-Gutkowska-1229x2048.jpg 1229w, https:\/\/kobietamiesiaca.pl\/wp-content\/uploads\/2026\/08\/Klaudia-Gutkowska-1024x1706.jpg 1024w, https:\/\/kobietamiesiaca.pl\/wp-content\/uploads\/2026\/08\/Klaudia-Gutkowska.jpg 1345w\" sizes=\"auto, (max-width: 615px) 100vw, 615px\" \/><\/figure><div class=\"wp-block-media-text__content\">\n<h3 class=\"wp-block-heading\"><strong><em>Miejsce <\/em><\/strong>2<\/h3>\n\n\n\n<h2 class=\"wp-block-heading\"><em>Klaudia Gutkowska<\/em><\/h2>\n\n\n\n<h6 class=\"wp-block-heading\"><\/h6>\n<\/div><\/div>\n\n\n\n<hr class=\"wp-block-separator has-alpha-channel-opacity is-style-dots\"\/>\n\n\n\n<div class=\"wp-block-media-text alignwide is-stacked-on-mobile\" style=\"grid-template-columns:22% auto\"><figure class=\"wp-block-media-text__media\"><img loading=\"lazy\" decoding=\"async\" width=\"635\" height=\"1024\" src=\"https:\/\/kobietamiesiaca.pl\/wp-content\/uploads\/2026\/08\/Magdalena-Furmankiewicz-635x1024.png\" alt=\"\" class=\"wp-image-14067 size-large\" srcset=\"https:\/\/kobietamiesiaca.pl\/wp-content\/uploads\/2026\/08\/Magdalena-Furmankiewicz-635x1024.png 635w, https:\/\/kobietamiesiaca.pl\/wp-content\/uploads\/2026\/08\/Magdalena-Furmankiewicz-186x300.png 186w, https:\/\/kobietamiesiaca.pl\/wp-content\/uploads\/2026\/08\/Magdalena-Furmankiewicz-93x150.png 93w, https:\/\/kobietamiesiaca.pl\/wp-content\/uploads\/2026\/08\/Magdalena-Furmankiewicz-768x1238.png 768w, https:\/\/kobietamiesiaca.pl\/wp-content\/uploads\/2026\/08\/Magdalena-Furmankiewicz.png 943w\" sizes=\"auto, (max-width: 635px) 100vw, 635px\" \/><\/figure><div class=\"wp-block-media-text__content\">\n<h3 class=\"wp-block-heading\"><strong><em>Miejsce <\/em><\/strong>1<\/h3>\n\n\n\n<h2 class=\"wp-block-heading\"><em>Magdalena Furmankiewicz<\/em><\/h2>\n\n\n\n<h6 class=\"wp-block-heading\"><\/h6>\n<\/div><\/div>\n\n\n\n<p class=\"has-text-align-center wp-block-paragraph\"><\/p>\n\n\n\n<p class=\"wp-block-paragraph\"><\/p>\n\n\n\n<hr class=\"wp-block-separator has-alpha-channel-opacity is-style-wide\"\/>\n\n\n\n<h1 class=\"wp-block-heading has-text-align-center\"><em>Tytu\u0142 G\u0142\u00f3wny &#8211; Kobieta Miesi\u0105ca<\/em><\/h1>\n\n\n\n<hr class=\"wp-block-separator has-alpha-channel-opacity is-style-dots\"\/>\n\n\n\n<h2 class=\"wp-block-heading has-text-align-center\"><em>Wyr\u00f3\u017cnieni<\/em>e<\/h2>\n\n\n\n<figure class=\"wp-block-gallery has-nested-images columns-6 is-cropped wp-block-gallery-1 is-layout-flex wp-block-gallery-is-layout-flex\">\n<figure class=\"wp-block-image size-large\"><img loading=\"lazy\" decoding=\"async\" width=\"635\" height=\"1024\" data-id=\"14067\" src=\"https:\/\/kobietamiesiaca.pl\/wp-content\/uploads\/2026\/08\/Magdalena-Furmankiewicz-635x1024.png\" alt=\"\" class=\"wp-image-14067\" srcset=\"https:\/\/kobietamiesiaca.pl\/wp-content\/uploads\/2026\/08\/Magdalena-Furmankiewicz-635x1024.png 635w, https:\/\/kobietamiesiaca.pl\/wp-content\/uploads\/2026\/08\/Magdalena-Furmankiewicz-186x300.png 186w, https:\/\/kobietamiesiaca.pl\/wp-content\/uploads\/2026\/08\/Magdalena-Furmankiewicz-93x150.png 93w, https:\/\/kobietamiesiaca.pl\/wp-content\/uploads\/2026\/08\/Magdalena-Furmankiewicz-768x1238.png 768w, https:\/\/kobietamiesiaca.pl\/wp-content\/uploads\/2026\/08\/Magdalena-Furmankiewicz.png 943w\" sizes=\"auto, (max-width: 635px) 100vw, 635px\" \/><figcaption class=\"wp-element-caption\"><em>Magdalena Furmankiewicz<\/em><\/figcaption><\/figure>\n<\/figure>\n\n\n\n<hr class=\"wp-block-separator has-alpha-channel-opacity is-style-dots\"\/>\n\n\n\n<h2 class=\"wp-block-heading has-text-align-center\"><em>Miejsce 3<\/em><\/h2>\n\n\n\n<figure class=\"wp-block-gallery has-nested-images columns-6 is-cropped wp-block-gallery-2 is-layout-flex wp-block-gallery-is-layout-flex\">\n<figure class=\"wp-block-image size-large\"><img loading=\"lazy\" decoding=\"async\" width=\"773\" height=\"1024\" data-id=\"14068\" src=\"https:\/\/kobietamiesiaca.pl\/wp-content\/uploads\/2026\/08\/Paulina-Jankowska-773x1024.jpg\" alt=\"\" class=\"wp-image-14068\" srcset=\"https:\/\/kobietamiesiaca.pl\/wp-content\/uploads\/2026\/08\/Paulina-Jankowska-773x1024.jpg 773w, https:\/\/kobietamiesiaca.pl\/wp-content\/uploads\/2026\/08\/Paulina-Jankowska-227x300.jpg 227w, https:\/\/kobietamiesiaca.pl\/wp-content\/uploads\/2026\/08\/Paulina-Jankowska-113x150.jpg 113w, https:\/\/kobietamiesiaca.pl\/wp-content\/uploads\/2026\/08\/Paulina-Jankowska-768x1017.jpg 768w, https:\/\/kobietamiesiaca.pl\/wp-content\/uploads\/2026\/08\/Paulina-Jankowska-1160x1536.jpg 1160w, https:\/\/kobietamiesiaca.pl\/wp-content\/uploads\/2026\/08\/Paulina-Jankowska-1024x1356.jpg 1024w, https:\/\/kobietamiesiaca.pl\/wp-content\/uploads\/2026\/08\/Paulina-Jankowska.jpg 1242w\" sizes=\"auto, (max-width: 773px) 100vw, 773px\" \/><figcaption class=\"wp-element-caption\"><em>Paulina Jankowska<\/em><\/figcaption><\/figure>\n<\/figure>\n\n\n\n<h2 class=\"wp-block-heading\"><\/h2>\n\n\n\n<hr class=\"wp-block-separator has-alpha-channel-opacity is-style-dots\"\/>\n\n\n\n<h2 class=\"wp-block-heading has-text-align-center\"><em>Miejsce 2<\/em><\/h2>\n\n\n\n<figure class=\"wp-block-image aligncenter size-full\"><img loading=\"lazy\" decoding=\"async\" width=\"1086\" height=\"1448\" src=\"https:\/\/kobietamiesiaca.pl\/wp-content\/uploads\/2026\/08\/Natalia-Rogala.png\" alt=\"\" class=\"wp-image-14069\" srcset=\"https:\/\/kobietamiesiaca.pl\/wp-content\/uploads\/2026\/08\/Natalia-Rogala.png 1086w, https:\/\/kobietamiesiaca.pl\/wp-content\/uploads\/2026\/08\/Natalia-Rogala-225x300.png 225w, https:\/\/kobietamiesiaca.pl\/wp-content\/uploads\/2026\/08\/Natalia-Rogala-768x1024.png 768w, https:\/\/kobietamiesiaca.pl\/wp-content\/uploads\/2026\/08\/Natalia-Rogala-113x150.png 113w, https:\/\/kobietamiesiaca.pl\/wp-content\/uploads\/2026\/08\/Natalia-Rogala-1024x1365.png 1024w\" sizes=\"auto, (max-width: 1086px) 100vw, 1086px\" \/><figcaption class=\"wp-element-caption\"><em>Natalia Rogala<\/em><\/figcaption><\/figure>\n\n\n\n<hr class=\"wp-block-separator has-alpha-channel-opacity is-style-dots\"\/>\n\n\n\n<h1 class=\"wp-block-heading has-text-align-center\"><em>Miejsce 1<\/em><\/h1>\n\n\n\n<figure class=\"wp-block-image aligncenter size-full\"><img loading=\"lazy\" decoding=\"async\" width=\"1086\" height=\"1448\" src=\"https:\/\/kobietamiesiaca.pl\/wp-content\/uploads\/2026\/08\/Julia-Kacprzak.jpg\" alt=\"\" class=\"wp-image-14064\" srcset=\"https:\/\/kobietamiesiaca.pl\/wp-content\/uploads\/2026\/08\/Julia-Kacprzak.jpg 1086w, https:\/\/kobietamiesiaca.pl\/wp-content\/uploads\/2026\/08\/Julia-Kacprzak-225x300.jpg 225w, https:\/\/kobietamiesiaca.pl\/wp-content\/uploads\/2026\/08\/Julia-Kacprzak-768x1024.jpg 768w, https:\/\/kobietamiesiaca.pl\/wp-content\/uploads\/2026\/08\/Julia-Kacprzak-113x150.jpg 113w, https:\/\/kobietamiesiaca.pl\/wp-content\/uploads\/2026\/08\/Julia-Kacprzak-1024x1365.jpg 1024w\" sizes=\"auto, (max-width: 1086px) 100vw, 1086px\" \/><\/figure>\n\n\n\n<h1 class=\"wp-block-heading has-text-align-center\"><em><em>Julia Kacprzak<\/em><\/em><\/h1>\n\n\n\n<blockquote class=\"wp-block-quote is-layout-flow wp-block-quote-is-layout-flow\">\n<p class=\"wp-block-paragraph\"><strong><em>Opisz sam\u0105 siebie. <\/em><\/strong><\/p>\n\n\n\n<p class=\"wp-block-paragraph\"><em>Mam na imi\u0119 Julia i jestem \u015bwie\u017co upieczon\u0105 mam\u0105 dw\u00f3jki syn\u00f3w. Zaledwie dwa miesi\u0105ce temu po raz drugi zosta\u0142am mam\u0105 i w\u0142a\u015bnie ucz\u0119 si\u0119 odnajdywa\u0107 w tej nowej, pi\u0119knej, ale te\u017c wymagaj\u0105cej codzienno\u015bci. Poza byciem mam\u0105 jestem po prostu kobiet\u0105, dlatego zg\u0142aszam si\u0119 do Kobiety Miesi\u0105ca, bo chcia\u0142abym pokaza\u0107 siebie tak\u0105, jaka jestem naprawd\u0119 \u2014 mam\u0119 kt\u00f3ra ka\u017cdego dnia daje z siebie wszystko, a jednocze\u015bnie uczy si\u0119 pami\u0119ta\u0107 r\u00f3wnie\u017c o sobie.<\/em><\/p>\n\n\n\n<p class=\"wp-block-paragraph\"><strong><em>Jak zmieni\u0142o si\u0119 Twoje podej\u015bcie do samej siebie na przestrzeni lat? <\/em><\/strong><\/p>\n\n\n\n<p class=\"wp-block-paragraph\"><em>Z czasem bardzo zmieni\u0142o si\u0119 moje podej\u015bcie do samej siebie. Coraz bardziej ucz\u0119 si\u0119 akceptowa\u0107 swoje cia\u0142o i nie doszukiwa\u0107 si\u0119 na si\u0142\u0119 kompleks\u00f3w i niedoskona\u0142o\u015bci. Zacz\u0119\u0142am przede wszystkim docenia\u0107 to, co mam swoje zdrowie, sprawno\u015b\u0107 i mo\u017cliwo\u015b\u0107 cieszenia si\u0119 codzienno\u015bci\u0105. Mam \u015bwiadomo\u015b\u0107, \u017ce nie ka\u017cdy ma tak\u0105 mo\u017cliwo\u015b\u0107, dlatego dzi\u015b potrafi\u0119 by\u0107 wdzi\u0119czna za rzeczy, kt\u00f3re kiedy\u015b wydawa\u0142y mi si\u0119 zupe\u0142nie oczywiste.<\/em><\/p>\n\n\n\n<p class=\"wp-block-paragraph\"><strong><em>Co dzi\u015b dajesz sobie, czego kiedy\u015b Ci brakowa\u0142o?<\/em><\/strong><\/p>\n\n\n\n<p class=\"wp-block-paragraph\"><em>Dzi\u015b daj\u0119 sobie wi\u0119cej wiary w siebie. Kiedy\u015b cz\u0119sto przejmowa\u0142am si\u0119 opini\u0105 innych i zastanawia\u0142am si\u0119, czy jestem wystarczaj\u0105co dobra. Teraz coraz cz\u0119\u015bciej robi\u0119 to, co czuj\u0119, \u017ce jest dobre dla mnie, pozwalam sobie mie\u0107 w\u0142asne zdanie i nie pr\u00f3buj\u0119 ju\u017c na si\u0142\u0119 dopasowywa\u0107 si\u0119 do innych.<\/em><\/p>\n<\/blockquote>\n\n\n\n<p class=\"wp-block-paragraph\"><\/p>\n\n\n\n<hr class=\"wp-block-separator has-alpha-channel-opacity is-style-wide\"\/>\n\n\n\n<p class=\"has-text-align-center has-medium-font-size wp-block-paragraph\"><em>W sierpniowej edycji Kandydatki walczy\u0142y o niesamowite nagrody! Zar\u00f3wno zwyci\u0119\u017cczyni g\u0142\u00f3wnego tytu\u0142u Kobieta Miesi\u0105ca, jak i laureatka tytu\u0142u komplementarnego Kobieta Miesi\u0105ca Publiczno\u015bci otrzymaj\u0105 pami\u0105tkow\u0105 szarf\u0119 inspirowan\u0105 konkursami pi\u0119kno\u015bci<\/em><em>.<\/em><\/p>\n\n\n\n<hr class=\"wp-block-separator has-alpha-channel-opacity is-style-dots\"\/>\n\n\n\n<p class=\"has-text-align-center has-medium-font-size wp-block-paragraph\"><em>Wszystkie trzy Panie znajduj\u0105ce si\u0119 na podium tej edycji, tj. zajmuj\u0105ce miejsca 1-3 zostan\u0105 r\u00f3wnie\u017c automatycznie zakwalifikowane do Plebiscytu Kobieta Roku. Ich zdj\u0119cia zostan\u0105 umieszczone w galerii znajduj\u0105cej si\u0119 w zak\u0142adce &#8222;Kobieta Roku&#8221;. Plebiscyt Kobieta Roku zostanie przeprowadzony w ostatnich dniach grudnia. Harmonogram przedstawimy pod koniec roku w osobnym wpisie. <\/em><\/p>\n\n\n\n<hr class=\"wp-block-separator has-alpha-channel-opacity is-style-dots\"\/>\n\n\n\n<p class=\"has-text-align-center has-medium-font-size wp-block-paragraph\"><em>Wszystkie 6 Pa\u0144, tj. Top3 Kobiety Miesi\u0105ca oraz Top3 Kobiety Miesi\u0105ca Publiczno\u015bci otrzymaj\u0105 pami\u0105tkowe dyplomy.   <\/em><\/p>\n\n\n\n<p class=\"wp-block-paragraph\"><\/p>\n\n\n\n<hr class=\"wp-block-separator has-alpha-channel-opacity is-style-wide\"\/>\n\n\n\n<p class=\"has-text-align-center wp-block-paragraph\"><em>Dzi\u0119kujemy wszystkim Kandydatkom za wzi\u0119cie udzia\u0142u w tej edycji Plebiscytu Kobieta Miesi\u0105ca i zapraszamy do wzi\u0119cia udzia\u0142u w kolejnych. <\/em><\/p>\n\n\n\n<hr class=\"wp-block-separator has-alpha-channel-opacity is-style-wide\"\/>\n","protected":false},"excerpt":{"rendered":"<p>Poznajmy laureatki bie\u017c\u0105cej edycji<\/p>\n","protected":false},"author":1,"featured_media":14074,"comment_status":"open","ping_status":"open","sticky":false,"template":"","format":"standard","meta":{"cybocfi_hide_featured_image":"yes","footnotes":""},"categories":[14,13],"tags":[],"coauthors":[31],"class_list":["post-14062","post","type-post","status-publish","format-standard","has-post-thumbnail","hentry","category-info","category-topka"],"_links":{"self":[{"href":"https:\/\/kobietamiesiaca.pl\/index.php?rest_route=\/wp\/v2\/posts\/14062","targetHints":{"allow":["GET"]}}],"collection":[{"href":"https:\/\/kobietamiesiaca.pl\/index.php?rest_route=\/wp\/v2\/posts"}],"about":[{"href":"https:\/\/kobietamiesiaca.pl\/index.php?rest_route=\/wp\/v2\/types\/post"}],"author":[{"embeddable":true,"href":"https:\/\/kobietamiesiaca.pl\/index.php?rest_route=\/wp\/v2\/users\/1"}],"replies":[{"embeddable":true,"href":"https:\/\/kobietamiesiaca.pl\/index.php?rest_route=%2Fwp%2Fv2%2Fcomments&post=14062"}],"version-history":[{"count":4,"href":"https:\/\/kobietamiesiaca.pl\/index.php?rest_route=\/wp\/v2\/posts\/14062\/revisions"}],"predecessor-version":[{"id":14075,"href":"https:\/\/kobietamiesiaca.pl\/index.php?rest_route=\/wp\/v2\/posts\/14062\/revisions\/14075"}],"wp:featuredmedia":[{"embeddable":true,"href":"https:\/\/kobietamiesiaca.pl\/index.php?rest_route=\/wp\/v2\/media\/14074"}],"wp:attachment":[{"href":"https:\/\/kobietamiesiaca.pl\/index.php?rest_route=%2Fwp%2Fv2%2Fmedia&parent=14062"}],"wp:term":[{"taxonomy":"category","embeddable":true,"href":"https:\/\/kobietamiesiaca.pl\/index.php?rest_route=%2Fwp%2Fv2%2Fcategories&post=14062"},{"taxonomy":"post_tag","embeddable":true,"href":"https:\/\/kobietamiesiaca.pl\/index.php?rest_route=%2Fwp%2Fv2%2Ftags&post=14062"},{"taxonomy":"author","embeddable":true,"href":"https:\/\/kobietamiesiaca.pl\/index.php?rest_route=%2Fwp%2Fv2%2Fcoauthors&post=14062"}],"curies":[{"name":"wp","href":"https:\/\/api.w.org\/{rel}","templated":true}]}}