{"id":1699,"date":"2023-01-18T18:00:00","date_gmt":"2023-01-18T17:00:00","guid":{"rendered":"https:\/\/kobietamiesiaca.pl\/?p=1699"},"modified":"2023-05-28T22:19:51","modified_gmt":"2023-05-28T20:19:51","slug":"1699","status":"publish","type":"post","link":"https:\/\/kobietamiesiaca.pl\/?p=1699","title":{"rendered":"Kobieta Miesi\u0105ca Publiczno\u015bci: Stycze\u0144 2023"},"content":{"rendered":"\n<p class=\"has-text-align-center wp-block-paragraph\"><em>Tytu\u0142 komplementarny <strong>Kobieta Miesi\u0105ca Publiczno\u015bci<\/strong>, z liczb\u0105 g\u0142os\u00f3w 109, otrzymuje: <\/em><\/p>\n\n\n\n<h1 class=\"wp-block-heading has-text-align-center\">Katarzyna Przystawska<\/h1>\n\n\n\n<figure class=\"wp-block-image size-full is-style-rounded\"><img loading=\"lazy\" decoding=\"async\" width=\"2048\" height=\"2560\" src=\"https:\/\/kobietamiesiaca.pl\/wp-content\/uploads\/qsmfileupload_63bb1b1c2ce31_inbound8571318522906187093-scaled.jpg?v=1673206562\" alt=\"\" class=\"wp-image-1597\" srcset=\"https:\/\/kobietamiesiaca.pl\/wp-content\/uploads\/qsmfileupload_63bb1b1c2ce31_inbound8571318522906187093-scaled.jpg 2048w, https:\/\/kobietamiesiaca.pl\/wp-content\/uploads\/qsmfileupload_63bb1b1c2ce31_inbound8571318522906187093-240x300.jpg 240w, https:\/\/kobietamiesiaca.pl\/wp-content\/uploads\/qsmfileupload_63bb1b1c2ce31_inbound8571318522906187093-819x1024.jpg 819w, https:\/\/kobietamiesiaca.pl\/wp-content\/uploads\/qsmfileupload_63bb1b1c2ce31_inbound8571318522906187093-120x150.jpg 120w, https:\/\/kobietamiesiaca.pl\/wp-content\/uploads\/qsmfileupload_63bb1b1c2ce31_inbound8571318522906187093-768x960.jpg 768w, https:\/\/kobietamiesiaca.pl\/wp-content\/uploads\/qsmfileupload_63bb1b1c2ce31_inbound8571318522906187093-1229x1536.jpg 1229w, https:\/\/kobietamiesiaca.pl\/wp-content\/uploads\/qsmfileupload_63bb1b1c2ce31_inbound8571318522906187093-1638x2048.jpg 1638w, https:\/\/kobietamiesiaca.pl\/wp-content\/uploads\/qsmfileupload_63bb1b1c2ce31_inbound8571318522906187093-480x600.jpg 480w, https:\/\/kobietamiesiaca.pl\/wp-content\/uploads\/qsmfileupload_63bb1b1c2ce31_inbound8571318522906187093-48x60.jpg 48w\" sizes=\"auto, (max-width: 2048px) 100vw, 2048px\" \/><figcaption class=\"wp-element-caption\">Katarzyna P. <\/figcaption><\/figure>\n\n\n\n<blockquote class=\"wp-block-quote is-layout-flow wp-block-quote-is-layout-flow\">\n<p class=\"wp-block-paragraph\"><\/p>\n<cite>Matka, \u017cona ale przede wszystkim niezale\u017cna kobieta po trzydziestce. Lekko zakr\u0119cona, ciesz\u0105ca si\u0119 \u017cyciem mi\u0142o\u015bniczka ksi\u0105\u017cek o tematyce romantycznej z lekk\u0105 nutk\u0105 erotyzmu. Uwielbiam podr\u00f3\u017ce, muzyk\u0119 oraz w\u0142osk\u0105 kuchni\u0119 &#8211; taka zwyk\u0142a Pizzoholiczka. <\/cite><\/blockquote>\n\n\n\n<p class=\"has-text-align-center wp-block-paragraph\"><em>W tym miesi\u0105cu, Laureatka Publiczno\u015bci wygrywa dyplom oraz pami\u0105tkow\u0105 szarf\u0119 inspirowan\u0105 konkursami pi\u0119kno\u015bci!<\/em><\/p>\n\n\n\n<h3 class=\"wp-block-heading has-text-align-center\"><em>Gratulujemy i zach\u0119camy do wzi\u0119cia udzia\u0142u w kolejnych edycjach Plebiscytu!<\/em><\/h3>\n","protected":false},"excerpt":{"rendered":"<p>Publiczno\u015b\u0107 wybra\u0142a swoj\u0105 laureatk\u0119 styczniowej edycji<\/p>\n","protected":false},"author":2,"featured_media":3004,"comment_status":"open","ping_status":"open","sticky":false,"template":"","format":"standard","meta":{"cybocfi_hide_featured_image":"yes","footnotes":""},"categories":[16],"tags":[],"coauthors":[34],"class_list":["post-1699","post","type-post","status-publish","format-standard","has-post-thumbnail","hentry","category-kobieta-miesiaca-publicznosci"],"_links":{"self":[{"href":"https:\/\/kobietamiesiaca.pl\/index.php?rest_route=\/wp\/v2\/posts\/1699","targetHints":{"allow":["GET"]}}],"collection":[{"href":"https:\/\/kobietamiesiaca.pl\/index.php?rest_route=\/wp\/v2\/posts"}],"about":[{"href":"https:\/\/kobietamiesiaca.pl\/index.php?rest_route=\/wp\/v2\/types\/post"}],"author":[{"embeddable":true,"href":"https:\/\/kobietamiesiaca.pl\/index.php?rest_route=\/wp\/v2\/users\/2"}],"replies":[{"embeddable":true,"href":"https:\/\/kobietamiesiaca.pl\/index.php?rest_route=%2Fwp%2Fv2%2Fcomments&post=1699"}],"version-history":[{"count":5,"href":"https:\/\/kobietamiesiaca.pl\/index.php?rest_route=\/wp\/v2\/posts\/1699\/revisions"}],"predecessor-version":[{"id":3007,"href":"https:\/\/kobietamiesiaca.pl\/index.php?rest_route=\/wp\/v2\/posts\/1699\/revisions\/3007"}],"wp:featuredmedia":[{"embeddable":true,"href":"https:\/\/kobietamiesiaca.pl\/index.php?rest_route=\/wp\/v2\/media\/3004"}],"wp:attachment":[{"href":"https:\/\/kobietamiesiaca.pl\/index.php?rest_route=%2Fwp%2Fv2%2Fmedia&parent=1699"}],"wp:term":[{"taxonomy":"category","embeddable":true,"href":"https:\/\/kobietamiesiaca.pl\/index.php?rest_route=%2Fwp%2Fv2%2Fcategories&post=1699"},{"taxonomy":"post_tag","embeddable":true,"href":"https:\/\/kobietamiesiaca.pl\/index.php?rest_route=%2Fwp%2Fv2%2Ftags&post=1699"},{"taxonomy":"author","embeddable":true,"href":"https:\/\/kobietamiesiaca.pl\/index.php?rest_route=%2Fwp%2Fv2%2Fcoauthors&post=1699"}],"curies":[{"name":"wp","href":"https:\/\/api.w.org\/{rel}","templated":true}]}}