{"id":1719,"date":"2023-01-31T20:10:25","date_gmt":"2023-01-31T19:10:25","guid":{"rendered":"https:\/\/kobietamiesiaca.pl\/?p=1719"},"modified":"2023-02-01T18:45:55","modified_gmt":"2023-02-01T17:45:55","slug":"1719","status":"publish","type":"post","link":"https:\/\/kobietamiesiaca.pl\/?p=1719","title":{"rendered":"Sk\u0142ad Jury i gar\u015b\u0107 informacji na temat lutowej edycji Plebiscytu"},"content":{"rendered":"\n<hr class=\"wp-block-separator has-alpha-channel-opacity is-style-wide\"\/>\n\n\n\n<h2 class=\"has-text-align-center has-medium-font-size wp-block-heading\"><em>W Jury lutowej edycji Plebiscytu Kobieta Miesi\u0105ca zasi\u0105d\u0105 4 osoby: <\/em><\/h2>\n\n\n\n<p class=\"has-text-align-center wp-block-paragraph\"><em>Trzy sta\u0142e cz\u0142onkinie Jury: <\/em><\/p>\n\n\n\n<figure class=\"wp-block-gallery has-nested-images columns-3 is-cropped wp-block-gallery-1 is-layout-flex wp-block-gallery-is-layout-flex\">\n<figure class=\"wp-block-image size-large is-style-rounded\"><img loading=\"lazy\" decoding=\"async\" width=\"768\" height=\"1024\" data-id=\"1118\" src=\"https:\/\/kobietamiesiaca.pl\/wp-content\/uploads\/0c391d80-9dcc-44ec-a28e-38d606c4b4ea-768x1024.jpg?v=1670436210\" alt=\"\" class=\"wp-image-1118\" srcset=\"https:\/\/kobietamiesiaca.pl\/wp-content\/uploads\/0c391d80-9dcc-44ec-a28e-38d606c4b4ea-768x1024.jpg 768w, https:\/\/kobietamiesiaca.pl\/wp-content\/uploads\/0c391d80-9dcc-44ec-a28e-38d606c4b4ea-225x300.jpg 225w, https:\/\/kobietamiesiaca.pl\/wp-content\/uploads\/0c391d80-9dcc-44ec-a28e-38d606c4b4ea-112x150.jpg 112w, https:\/\/kobietamiesiaca.pl\/wp-content\/uploads\/0c391d80-9dcc-44ec-a28e-38d606c4b4ea-1152x1536.jpg 1152w, https:\/\/kobietamiesiaca.pl\/wp-content\/uploads\/0c391d80-9dcc-44ec-a28e-38d606c4b4ea-45x60.jpg 45w, https:\/\/kobietamiesiaca.pl\/wp-content\/uploads\/0c391d80-9dcc-44ec-a28e-38d606c4b4ea.jpg 1274w\" sizes=\"auto, (max-width: 768px) 100vw, 768px\" \/><figcaption class=\"wp-element-caption\">Anna Bielak<\/figcaption><\/figure>\n\n\n\n<figure class=\"wp-block-image size-full is-style-rounded\"><img loading=\"lazy\" decoding=\"async\" width=\"1024\" height=\"905\" data-id=\"1717\" src=\"https:\/\/kobietamiesiaca.pl\/wp-content\/uploads\/Karolina_ikobiece.jpg\" alt=\"\" class=\"wp-image-1717\" srcset=\"https:\/\/kobietamiesiaca.pl\/wp-content\/uploads\/Karolina_ikobiece.jpg 1024w, https:\/\/kobietamiesiaca.pl\/wp-content\/uploads\/Karolina_ikobiece-300x265.jpg 300w, https:\/\/kobietamiesiaca.pl\/wp-content\/uploads\/Karolina_ikobiece-150x133.jpg 150w, https:\/\/kobietamiesiaca.pl\/wp-content\/uploads\/Karolina_ikobiece-768x679.jpg 768w, https:\/\/kobietamiesiaca.pl\/wp-content\/uploads\/Karolina_ikobiece-68x60.jpg 68w\" sizes=\"auto, (max-width: 1024px) 100vw, 1024px\" \/><figcaption class=\"wp-element-caption\">Karolina Krzy\u017cankiewicz<\/figcaption><\/figure>\n\n\n\n<figure class=\"wp-block-image size-full is-style-rounded\"><img loading=\"lazy\" decoding=\"async\" width=\"1000\" height=\"1500\" data-id=\"282\" src=\"https:\/\/kobietamiesiaca.pl\/wp-content\/uploads\/Monia.jpg?v=1670436249\" alt=\"\" class=\"wp-image-282\" srcset=\"https:\/\/kobietamiesiaca.pl\/wp-content\/uploads\/Monia.jpg 1000w, https:\/\/kobietamiesiaca.pl\/wp-content\/uploads\/Monia-200x300.jpg 200w, https:\/\/kobietamiesiaca.pl\/wp-content\/uploads\/Monia-683x1024.jpg 683w, https:\/\/kobietamiesiaca.pl\/wp-content\/uploads\/Monia-100x150.jpg 100w, https:\/\/kobietamiesiaca.pl\/wp-content\/uploads\/Monia-768x1152.jpg 768w, https:\/\/kobietamiesiaca.pl\/wp-content\/uploads\/Monia-40x60.jpg 40w\" sizes=\"auto, (max-width: 1000px) 100vw, 1000px\" \/><figcaption class=\"wp-element-caption\">Monika Szumna<\/figcaption><\/figure>\n<\/figure>\n\n\n\n<p class=\"has-text-align-center wp-block-paragraph\"><em>oraz zwyci\u0119\u017cczyni konkursu organizowanego na naszym fanpage&#8217;u<\/em>: <\/p>\n\n\n\n<figure class=\"wp-block-image size-large is-style-rounded\"><img loading=\"lazy\" decoding=\"async\" width=\"1024\" height=\"681\" src=\"https:\/\/kobietamiesiaca.pl\/wp-content\/uploads\/gosia_gliszczynska-jury-1024x681.jpeg\" alt=\"\" class=\"wp-image-1948\" srcset=\"https:\/\/kobietamiesiaca.pl\/wp-content\/uploads\/gosia_gliszczynska-jury-1024x681.jpeg 1024w, https:\/\/kobietamiesiaca.pl\/wp-content\/uploads\/gosia_gliszczynska-jury-300x199.jpeg 300w, https:\/\/kobietamiesiaca.pl\/wp-content\/uploads\/gosia_gliszczynska-jury-150x100.jpeg 150w, https:\/\/kobietamiesiaca.pl\/wp-content\/uploads\/gosia_gliszczynska-jury-768x510.jpeg 768w, https:\/\/kobietamiesiaca.pl\/wp-content\/uploads\/gosia_gliszczynska-jury-1536x1021.jpeg 1536w, https:\/\/kobietamiesiaca.pl\/wp-content\/uploads\/gosia_gliszczynska-jury-90x60.jpeg 90w, https:\/\/kobietamiesiaca.pl\/wp-content\/uploads\/gosia_gliszczynska-jury-420x280.jpeg 420w, https:\/\/kobietamiesiaca.pl\/wp-content\/uploads\/gosia_gliszczynska-jury.jpeg 2048w\" sizes=\"auto, (max-width: 1024px) 100vw, 1024px\" \/><figcaption class=\"wp-element-caption\">Ma\u0142gorzata Gliszczy\u0144ska<\/figcaption><\/figure>\n\n\n\n<p class=\"has-text-align-center has-medium-font-size wp-block-paragraph\"><strong><em>Wi\u0119cej informacji o Jury mo\u017cecie uzyska\u0107 klikaj\u0105c w <a href=\"https:\/\/kobietamiesiaca.pl\/?page_id=27\" data-type=\"URL\" data-id=\"https:\/\/kobietamiesiaca.pl\/?page_id=27\">JURY<\/a><\/em><\/strong><\/p>\n\n\n\n<hr class=\"wp-block-separator has-alpha-channel-opacity is-style-dots\"\/>\n\n\n\n<div class=\"wp-block-media-text alignwide is-stacked-on-mobile\" style=\"grid-template-columns:18% auto\"><figure class=\"wp-block-media-text__media\"><img decoding=\"async\" src=\"https:\/\/kobietamiesiaca.pl\/wp-content\/uploads\/pexels-vinicius-wiesehofer-1130626-683x1024.jpg\" alt=\"\" class=\"wp-image-489 size-full\"\/><\/figure><div class=\"wp-block-media-text__content\">\n<p class=\"has-text-align-center has-medium-font-size wp-block-paragraph\"><em>Jednocze\u015bnie informujemy, \u017ce ju\u017c o p\u00f3\u0142nocy rozpoczniemy zapisy do nowej edycji plebiscytu Kobieta Miesi\u0105ca. Serdecznie zapraszamy do zapoznania si\u0119 z <\/em><a rel=\"noreferrer noopener\" href=\"https:\/\/kobietamiesiaca.pl\/?page_id=562\" data-type=\"URL\" data-id=\"https:\/\/kobietamiesiaca.pl\/?page_id=562\" target=\"_blank\">Regulaminem Plebiscytu<\/a><em> oraz przesy\u0142ania zg\u0142osze\u0144 poprzez formularz dost\u0119pny w zak\u0142adce <a rel=\"noreferrer noopener\" href=\"https:\/\/kobietamiesiaca.pl\/?page_id=70\" data-type=\"URL\" data-id=\"https:\/\/kobietamiesiaca.pl\/?page_id=70\" target=\"_blank\">ZG\u0141OSZENIE DO KONKURSU<\/a>. Zg\u0142oszenia przyjmowane b\u0119d\u0105 do godziny <strong>23:59 10 lutego<\/strong>.<\/em><\/p>\n<\/div><\/div>\n\n\n\n<hr class=\"wp-block-separator has-alpha-channel-opacity is-style-dots\"\/>\n\n\n\n<h2 class=\"has-text-align-center has-medium-font-size wp-block-heading\"><strong><em>Wprowadzili\u015bmy r\u00f3wnie\u017c kilka zmian w Regulaminie Plebiscytu<\/em><\/strong><\/h2>\n\n\n\n<ul class=\"wp-block-list\">\n<li><em>Punkt 3.2.2 rozszerzyli\u015bmy o zapis m\u00f3wi\u0105cy o minimalnej d\u0142ugo\u015bci opisu. W ca\u0142o\u015bci brzmi on teraz: &#8222;Zawiera\u0107 kr\u00f3tki opis w\u0142asnej osoby <strong>(minimum 2 zdania [100 znak\u00f3w])<\/strong>,&#8221;<\/em><\/li>\n\n\n\n<li><em>Punkt 3.2.3 rozszerzyli\u015bmy o zapis, kt\u00f3ry zabrania dodawania zmodyfikowanych zdj\u0119\u0107 zawieraj\u0105cych dodatkowe elementy. W ca\u0142o\u015bci punkt ten brzmi: &#8222;Zawiera\u0107 dwa zdj\u0119cia z widoczn\u0105 twarz\u0105 (jedno ca\u0142ej sylwetki, drugie dowolne). Dopuszcza si\u0119 zar\u00f3wno zdj\u0119cia profesjonalne, jak i amatorskie (selfie). <strong>Zdj\u0119cia nie mog\u0105 zawiera\u0107 tzw. &#8222;upi\u0119kszaczy&#8221;, czyli dodatkowych ramek, emotikon, obrazk\u00f3w i tekst\u00f3w. Dopuszcza si\u0119 zdj\u0119cia zawieraj\u0105ce dat\u0119, oraz znaki wodne autora.<\/strong>&#8222;<\/em><\/li>\n\n\n\n<li><em>Dodali\u015bmy nowy punkt regulaminu, kt\u00f3ry brzmi: &#8222;<strong>3.5. Zdj\u0119cia b\u0119d\u0105 publikowane w kolejno\u015bci: 1. zdj\u0119cie dowolne, 2. zdj\u0119cie ca\u0142ej sylwetki<\/strong>&#8222;. <\/em><\/li>\n\n\n\n<li><em>W punkcie 3.6 (wed\u0142ug poprzedniej kolejno\u015bci 3.5) dopisali\u015bmy informacj\u0119, o braku mo\u017cliwo\u015bci zmiany kolejno\u015bci zdj\u0119\u0107, co wynika z poprzedniego punktu Regulaminu. Po zmianach zapis brzmi: &#8222;Po z\u0142o\u017ceniu Zg\u0142oszenia nie ma mo\u017cliwo\u015bci zmiany zawartych w nim fotografii <strong>oraz ich kolejno\u015bci<\/strong>.&#8221;. <\/em><\/li>\n\n\n\n<li><em>W punkcie 3.7 (dawniej 3.6) dodali\u015bmy informacj\u0119 o naszej nowej inicjatywie, oraz sposobie kwalifikacji do niej. Punkt ten brzmi po zmianach: &#8222;Fotografie przes\u0142ane w Zg\u0142oszeniu b\u0119d\u0105 bra\u0107 udzia\u0142 w konkursie g\u0142\u00f3wnym (Plebiscyt Kobieta Miesi\u0105ca), jak i konkursie dodatkowym (Kobieta Miesi\u0105ca Publiczno\u015bci). <strong>Laureatki Top3 b\u0119d\u0105 bra\u0142y udzia\u0142 w dodatkowym g\u0142osowaniu na Kobiet\u0119 Roku<\/strong>.&#8221;<\/em><\/li>\n\n\n\n<li><em>W punkcie 4.2 poprawili\u015bmy numeracj\u0119 kieruj\u0105c\u0105 do innego punktu Regulaminu. Zapis brzmi teraz: &#8222;Zg\u0142oszenia musz\u0105 zawiera\u0107 wszystkie elementy wymienione w pkt <strong>3.2.<\/strong>&#8222;<\/em><\/li>\n\n\n\n<li><em>Dodali\u015bmy nowy punkt Regulaminu, kt\u00f3ry m\u00f3wi o tym jakie dane o Kandydatkach b\u0119d\u0105 udost\u0119pniane na naszej stronie: &#8222;<strong>4.4. Osoba wysy\u0142aj\u0105ca zg\u0142oszenie zgadza si\u0119 na publikacj\u0119 jej imienia, nazwiska oraz przes\u0142anych przez ni\u0105 fotografii w galerii Kandydatek oraz w formularzu g\u0142osowania na Kobiet\u0119 Miesi\u0105ca Publiczno\u015bci.<\/strong>&#8222;<\/em><\/li>\n\n\n\n<li><em>W punkcie 6.5 dodali\u015bmy informacj\u0119 o dyplomie i szarfie dla Kobiety Miesi\u0105ca Publiczno\u015bci. Punkt 6.5 brzmi teraz: &#8222;Nagrod\u0105 za zebranie najwi\u0119kszej liczby g\u0142os\u00f3w w\u015br\u00f3d os\u00f3b odwiedzaj\u0105cych stron\u0119 internetow\u0105 www.kobietamiesi\u0105ca.pl jest uzyskanie tytu\u0142u komplementarnego Kobieta Miesi\u0105ca Publiczno\u015bci, <strong>szarfa inspirowana konkursami pi\u0119kno\u015bci, dyplom,<\/strong> wpis na stronie g\u0142\u00f3wnej serwisu, oraz wpisy w mediach spo\u0142eczno\u015bciowych (Facebook, Instagram).&#8221;. <\/em><\/li>\n\n\n\n<li><em>Do punktu 8.1 dodali\u015bmy informacj\u0119 o dok\u0142adnej godzinie publikacji wynik\u00f3w, oraz poprawili\u015bmy adres strony internetowej. Ca\u0142o\u015b\u0107 brzmi teraz: &#8222;Wyniki Plebiscytu zostan\u0105 og\u0142oszone 18 dnia ka\u017cdego miesi\u0105ca <strong>o godzinie 18:00<\/strong> na stronie internetowej: <strong>https:\/\/kobietamiesi\u0105ca.pl<\/strong>&#8222;. <\/em><\/li>\n\n\n\n<li><em>W paragrafie 9, przez dodanie nowego punktu, zmieni\u0142a si\u0119 numeracja podpunkt\u00f3w. Nowy zapis zawiera informacj\u0119 o &#8222;Kobiecie Roku&#8221;: &#8222;<strong>9.2. Laureatki znajduj\u0105ce si\u0119 na podium ka\u017cdej edycji wezm\u0105 udzia\u0142 w dodatkowym plebiscycie Kobieta Roku. Ich fotografie b\u0119d\u0105 na bie\u017c\u0105co publikowane w zak\u0142adce &#8222;Kobieta Roku&#8221;.<\/strong>&#8222;<\/em><\/li>\n\n\n\n<li><em>W punkcie 9.6 (przed wprowadzeniem zmian 9.5) dopisali\u015bmy nowych partner\u00f3w naszego serwisu, przez co punkt ten brzmi po zmianach: &#8222;<\/em>\n<ul class=\"wp-block-list\">\n<li><em><strong>9.6.<\/strong> Wszystkie kandydatki proszone s\u0105 o polubienie stron Organizatora oraz naszych Partner\u00f3w:<\/em>\n<ul class=\"wp-block-list\">\n<li><em>KobietaMiesi\u0105ca.pl<br>(<a href=\"https:\/\/www.facebook.com\/kobietamiesiaca\" data-type=\"URL\" data-id=\"https:\/\/www.facebook.com\/kobietamiesiaca\" target=\"_blank\" rel=\"noreferrer noopener\">https:\/\/www.facebook.com\/kobietamiesiaca<\/a>)<\/em><\/li>\n\n\n\n<li><em>Obcasy.pl<br>(<a href=\"https:\/\/www.facebook.com\/obcasypl\" target=\"_blank\" rel=\"noreferrer noopener\">https:\/\/www.facebook.com\/obcasypl<\/a>)<\/em><\/li>\n\n\n\n<li><em>iKobiece.pl<br>(<\/em><a href=\"https:\/\/ikobiece.pl\/\" data-type=\"URL\" data-id=\"https:\/\/ikobiece.pl\/\" target=\"_blank\" rel=\"noreferrer noopener\">https:\/\/ikobiece.pl\/<\/a><em>)<\/em><\/li>\n\n\n\n<li>W przestrzeni kobiet<em><br>(<\/em><a rel=\"noreferrer noopener\" href=\"https:\/\/instagram.com\/w_przestrzeni_kobiet\" data-type=\"URL\" data-id=\"https:\/\/instagram.com\/w_przestrzeni_kobiet\" target=\"_blank\">https:\/\/instagram.com\/w_przestrzeni_kobiet<\/a><em>)<\/em><\/li>\n<\/ul>\n<\/li>\n<\/ul>\n<\/li>\n\n\n\n<li><em>Poprawili\u015bmy numeracj\u0119 w punkcie 10.1, przez co po zmianach wygl\u0105da on tak: &#8222;Administratorem danych podanych przez Uczestniczk\u0119 Plebiscytu jest Organizator. W sprawach dotycz\u0105cych Plebiscytu mo\u017cna kontaktowa\u0107 si\u0119 sposobami podanymi w pkt <strong>9.5.<\/strong>&#8222;. <\/em><\/li>\n\n\n\n<li><em>Dodali\u015bmy dat\u0119 ostatniej aktualizacji Regulaminu. <\/em><\/li>\n<\/ul>\n\n\n\n<hr class=\"wp-block-separator has-alpha-channel-opacity is-style-dots\"\/>\n\n\n\n<p class=\"has-text-align-center has-medium-font-size wp-block-paragraph\"><em>W lutowej edycji Kandydatki powalcz\u0105 o niesamowite nagrody! Zwyci\u0119\u017cczyni g\u0142\u00f3wnego tytu\u0142u Kobieta Miesi\u0105ca otrzyma dyplom, pami\u0105tkow\u0105 szarf\u0119 inspirowan\u0105 konkursami pi\u0119kno\u015bci oraz <strong>Voucher do sklep\u00f3w Rossmann<\/strong>, kt\u00f3rego fundatorem <strong>jest Redakcja Plebiscytu Kobieta Miesi\u0105ca<\/strong>.<\/em><\/p>\n\n\n\n<p class=\"has-text-align-center has-medium-font-size wp-block-paragraph\"><em>Wszystkie trzy Panie znajduj\u0105ce si\u0119 na podium tej edycji, tj. zajmuj\u0105ce miejsca 1-3 zostan\u0105 r\u00f3wnie\u017c automatycznie zakwalifikowane do Plebiscytu Kobieta Roku. Ich zdj\u0119cia zostan\u0105 umieszczone w nowej galerii znajduj\u0105cej si\u0119 w zak\u0142adce &#8222;Kobieta Roku&#8221;. <\/em><\/p>\n\n\n\n<p class=\"has-text-align-center has-medium-font-size wp-block-paragraph\"><em>Wszystkie 6 Pa\u0144, tj. Top3 Kobiety Miesi\u0105ca oraz Top3 Kobiety Miesi\u0105ca Publiczno\u015bci otrzymaj\u0105 pami\u0105tkowe dyplomy. Zdobywczyni tytu\u0142u Kobieta Miesi\u0105ca Publiczno\u015bci otrzyma r\u00f3wnie\u017c pami\u0105tkow\u0105 szarf\u0119.  <\/em><\/p>\n\n\n\n<p class=\"has-text-align-center has-medium-font-size wp-block-paragraph\"><strong><em>Opr\u00f3cz tego spo\u015br\u00f3d wszystkich kandydatek zostanie wybrana jedna osoba, kt\u00f3ra otrzyma zaproszenie na darmow\u0105 sesj\u0119 zdj\u0119ciow\u0105 wykonan\u0105 przez <a rel=\"noreferrer noopener\" href=\"http:\/\/www.instagram.com\/kaczma69\/\" data-type=\"URL\" data-id=\"http:\/\/www.instagram.com\/kaczma69\/\" target=\"_blank\">Arek Kaczmarek<\/a>. <\/em><\/strong><\/p>\n\n\n\n<hr class=\"wp-block-separator has-alpha-channel-opacity is-style-wide\"\/>\n","protected":false},"excerpt":{"rendered":"<p>Gar\u015b\u0107 informacji na temat lutowej edycji Plebiscytu!<\/p>\n","protected":false},"author":2,"featured_media":1888,"comment_status":"open","ping_status":"open","sticky":false,"template":"","format":"standard","meta":{"cybocfi_hide_featured_image":"yes","footnotes":""},"categories":[14,8],"tags":[],"coauthors":[34],"class_list":["post-1719","post","type-post","status-publish","format-standard","has-post-thumbnail","hentry","category-info","category-kandydatki"],"_links":{"self":[{"href":"https:\/\/kobietamiesiaca.pl\/index.php?rest_route=\/wp\/v2\/posts\/1719","targetHints":{"allow":["GET"]}}],"collection":[{"href":"https:\/\/kobietamiesiaca.pl\/index.php?rest_route=\/wp\/v2\/posts"}],"about":[{"href":"https:\/\/kobietamiesiaca.pl\/index.php?rest_route=\/wp\/v2\/types\/post"}],"author":[{"embeddable":true,"href":"https:\/\/kobietamiesiaca.pl\/index.php?rest_route=\/wp\/v2\/users\/2"}],"replies":[{"embeddable":true,"href":"https:\/\/kobietamiesiaca.pl\/index.php?rest_route=%2Fwp%2Fv2%2Fcomments&post=1719"}],"version-history":[{"count":14,"href":"https:\/\/kobietamiesiaca.pl\/index.php?rest_route=\/wp\/v2\/posts\/1719\/revisions"}],"predecessor-version":[{"id":1952,"href":"https:\/\/kobietamiesiaca.pl\/index.php?rest_route=\/wp\/v2\/posts\/1719\/revisions\/1952"}],"wp:featuredmedia":[{"embeddable":true,"href":"https:\/\/kobietamiesiaca.pl\/index.php?rest_route=\/wp\/v2\/media\/1888"}],"wp:attachment":[{"href":"https:\/\/kobietamiesiaca.pl\/index.php?rest_route=%2Fwp%2Fv2%2Fmedia&parent=1719"}],"wp:term":[{"taxonomy":"category","embeddable":true,"href":"https:\/\/kobietamiesiaca.pl\/index.php?rest_route=%2Fwp%2Fv2%2Fcategories&post=1719"},{"taxonomy":"post_tag","embeddable":true,"href":"https:\/\/kobietamiesiaca.pl\/index.php?rest_route=%2Fwp%2Fv2%2Ftags&post=1719"},{"taxonomy":"author","embeddable":true,"href":"https:\/\/kobietamiesiaca.pl\/index.php?rest_route=%2Fwp%2Fv2%2Fcoauthors&post=1719"}],"curies":[{"name":"wp","href":"https:\/\/api.w.org\/{rel}","templated":true}]}}