{"id":178,"date":"2021-02-28T23:59:00","date_gmt":"2021-02-28T23:59:00","guid":{"rendered":"https:\/\/kobietamiesiaca.pl\/?p=178"},"modified":"2024-07-01T20:35:04","modified_gmt":"2024-07-01T18:35:04","slug":"kobieta-miesiaca-luty-2021","status":"publish","type":"post","link":"https:\/\/kobietamiesiaca.pl\/?p=178","title":{"rendered":"Kobieta Miesi\u0105ca: Luty 2021"},"content":{"rendered":"\n<p class=\"wp-block-paragraph\"><\/p>\n\n\n\n<p class=\"has-text-align-center wp-block-paragraph\" style=\"font-size:25px;font-style:italic;font-weight:300\">Laureatk\u0105 lutowej edycji Kobiety Miesi\u0105ca zosta\u0142a: <\/p>\n\n\n\n<p class=\"has-text-align-center has-x-large-font-size wp-block-paragraph\" style=\"font-style:italic;font-weight:400\">Aldona Mesyszyn<\/p>\n\n\n\n<figure class=\"wp-block-gallery has-nested-images columns-default is-cropped wp-block-gallery-1 is-layout-flex wp-block-gallery-is-layout-flex\">\n<figure class=\"wp-block-image size-full is-style-rounded\"><img loading=\"lazy\" decoding=\"async\" width=\"480\" height=\"1067\" data-id=\"195\" src=\"https:\/\/kobietamiesiaca.pl\/wp-content\/uploads\/2022\/09\/Luty21-1.jpg\" alt=\"\" class=\"wp-image-195\" srcset=\"https:\/\/kobietamiesiaca.pl\/wp-content\/uploads\/2022\/09\/Luty21-1.jpg 480w, https:\/\/kobietamiesiaca.pl\/wp-content\/uploads\/2022\/09\/Luty21-1-135x300.jpg 135w, https:\/\/kobietamiesiaca.pl\/wp-content\/uploads\/2022\/09\/Luty21-1-461x1024.jpg 461w, https:\/\/kobietamiesiaca.pl\/wp-content\/uploads\/2022\/09\/Luty21-1-67x150.jpg 67w, https:\/\/kobietamiesiaca.pl\/wp-content\/uploads\/2022\/09\/Luty21-1-27x60.jpg 27w\" sizes=\"auto, (max-width: 480px) 100vw, 480px\" \/><\/figure>\n<\/figure>\n\n\n\n<blockquote class=\"wp-block-quote is-layout-flow wp-block-quote-is-layout-flow\"><p><\/p><cite>Nazywam si\u0119 Aldona Mesyszyn. Mam 47 lat i jestem z Malborka. Interesuj\u0119 si\u0119 mod\u0105. Pracuj\u0119 w sklepie odzie\u017cowym. W wolnych chwilach wykonuj\u0119 makija\u017ce. Moj\u0105 pasj\u0105 s\u0105 d\u0142ugie przeja\u017cd\u017cki rowerowe. Pozdrawiam<\/cite><\/blockquote>\n\n\n\n<p class=\"has-text-align-center wp-block-paragraph\" style=\"font-size:25px\"><em>Gratulujemy wygranej i dzi\u0119kujemy za udzia\u0142 w Plebiscycie!<\/em><\/p>\n","protected":false},"excerpt":{"rendered":"<p>Przedstawiamy laureatk\u0119 lutowej edycji plebiscytu Kobieta Miesi\u0105ca<\/p>\n","protected":false},"author":2,"featured_media":193,"comment_status":"open","ping_status":"open","sticky":false,"template":"","format":"standard","meta":{"cybocfi_hide_featured_image":"yes","footnotes":""},"categories":[5],"tags":[],"coauthors":[32,121],"class_list":["post-178","post","type-post","status-publish","format-standard","has-post-thumbnail","hentry","category-laureatki"],"_links":{"self":[{"href":"https:\/\/kobietamiesiaca.pl\/index.php?rest_route=\/wp\/v2\/posts\/178","targetHints":{"allow":["GET"]}}],"collection":[{"href":"https:\/\/kobietamiesiaca.pl\/index.php?rest_route=\/wp\/v2\/posts"}],"about":[{"href":"https:\/\/kobietamiesiaca.pl\/index.php?rest_route=\/wp\/v2\/types\/post"}],"author":[{"embeddable":true,"href":"https:\/\/kobietamiesiaca.pl\/index.php?rest_route=\/wp\/v2\/users\/2"}],"replies":[{"embeddable":true,"href":"https:\/\/kobietamiesiaca.pl\/index.php?rest_route=%2Fwp%2Fv2%2Fcomments&post=178"}],"version-history":[{"count":5,"href":"https:\/\/kobietamiesiaca.pl\/index.php?rest_route=\/wp\/v2\/posts\/178\/revisions"}],"predecessor-version":[{"id":201,"href":"https:\/\/kobietamiesiaca.pl\/index.php?rest_route=\/wp\/v2\/posts\/178\/revisions\/201"}],"wp:featuredmedia":[{"embeddable":true,"href":"https:\/\/kobietamiesiaca.pl\/index.php?rest_route=\/wp\/v2\/media\/193"}],"wp:attachment":[{"href":"https:\/\/kobietamiesiaca.pl\/index.php?rest_route=%2Fwp%2Fv2%2Fmedia&parent=178"}],"wp:term":[{"taxonomy":"category","embeddable":true,"href":"https:\/\/kobietamiesiaca.pl\/index.php?rest_route=%2Fwp%2Fv2%2Fcategories&post=178"},{"taxonomy":"post_tag","embeddable":true,"href":"https:\/\/kobietamiesiaca.pl\/index.php?rest_route=%2Fwp%2Fv2%2Ftags&post=178"},{"taxonomy":"author","embeddable":true,"href":"https:\/\/kobietamiesiaca.pl\/index.php?rest_route=%2Fwp%2Fv2%2Fcoauthors&post=178"}],"curies":[{"name":"wp","href":"https:\/\/api.w.org\/{rel}","templated":true}]}}