{"id":197,"date":"2021-03-31T23:59:00","date_gmt":"2021-03-31T23:59:00","guid":{"rendered":"https:\/\/kobietamiesiaca.pl\/?p=197"},"modified":"2022-10-02T22:12:31","modified_gmt":"2022-10-02T20:12:31","slug":"kobieta-miesiaca-marzec-2021","status":"publish","type":"post","link":"https:\/\/kobietamiesiaca.pl\/?p=197","title":{"rendered":"Kobieta Miesi\u0105ca: Marzec 2021"},"content":{"rendered":"\n<p class=\"has-text-align-center wp-block-paragraph\" style=\"font-size:25px;font-style:italic;font-weight:300\">Laureatk\u0105 marcowej edycji Kobiety Miesi\u0105ca zosta\u0142a: <\/p>\n\n\n\n<p class=\"has-text-align-center has-x-large-font-size wp-block-paragraph\" style=\"font-style:italic;font-weight:400\">Kamila Iciek<\/p>\n\n\n\n<figure class=\"wp-block-gallery has-nested-images columns-default is-cropped wp-block-gallery-1 is-layout-flex wp-block-gallery-is-layout-flex\">\n<figure class=\"wp-block-image size-full is-style-rounded\"><img loading=\"lazy\" decoding=\"async\" width=\"1134\" height=\"1600\" data-id=\"198\" src=\"https:\/\/kobietamiesiaca.pl\/wp-content\/uploads\/2022\/09\/Marzec21.jpg\" alt=\"\" class=\"wp-image-198\" srcset=\"https:\/\/kobietamiesiaca.pl\/wp-content\/uploads\/2022\/09\/Marzec21.jpg 1134w, https:\/\/kobietamiesiaca.pl\/wp-content\/uploads\/2022\/09\/Marzec21-213x300.jpg 213w, https:\/\/kobietamiesiaca.pl\/wp-content\/uploads\/2022\/09\/Marzec21-726x1024.jpg 726w, https:\/\/kobietamiesiaca.pl\/wp-content\/uploads\/2022\/09\/Marzec21-106x150.jpg 106w, https:\/\/kobietamiesiaca.pl\/wp-content\/uploads\/2022\/09\/Marzec21-768x1084.jpg 768w, https:\/\/kobietamiesiaca.pl\/wp-content\/uploads\/2022\/09\/Marzec21-1089x1536.jpg 1089w, https:\/\/kobietamiesiaca.pl\/wp-content\/uploads\/2022\/09\/Marzec21-43x60.jpg 43w\" sizes=\"auto, (max-width: 1134px) 100vw, 1134px\" \/><\/figure>\n<\/figure>\n\n\n\n<blockquote class=\"wp-block-quote is-layout-flow wp-block-quote-is-layout-flow\"><p><\/p><cite><em>42 letnia Wroc\u0142awianka. Robi\u0119 w \u017cyciu to ,co daje mi rado\u015b\u0107 ,co mnie uszcz\u0119\u015bliwia .<br>Muzyka ,taniec , sport to jest co\u015b co kocham.<br>Lubi\u0119 dobre kino i sushi.<br>Interesuje si\u0119 fotografi\u0105 i stoj\u0119 r\u00f3wnie\u017c po drugiej stronie aparatu .<\/em><\/cite><\/blockquote>\n\n\n\n<p class=\"has-text-align-center wp-block-paragraph\" style=\"font-size:25px\"><em>Gratulujemy wygranej i dzi\u0119kujemy za udzia\u0142 w Plebiscycie!<\/em><\/p>\n","protected":false},"excerpt":{"rendered":"<p>Przedstawiamy laureatk\u0119 marcowej edycji plebiscytu Kobieta Miesi\u0105ca<\/p>\n","protected":false},"author":2,"featured_media":199,"comment_status":"open","ping_status":"open","sticky":false,"template":"","format":"standard","meta":{"cybocfi_hide_featured_image":"yes","footnotes":""},"categories":[5],"tags":[],"coauthors":[34],"class_list":["post-197","post","type-post","status-publish","format-standard","has-post-thumbnail","hentry","category-laureatki"],"_links":{"self":[{"href":"https:\/\/kobietamiesiaca.pl\/index.php?rest_route=\/wp\/v2\/posts\/197","targetHints":{"allow":["GET"]}}],"collection":[{"href":"https:\/\/kobietamiesiaca.pl\/index.php?rest_route=\/wp\/v2\/posts"}],"about":[{"href":"https:\/\/kobietamiesiaca.pl\/index.php?rest_route=\/wp\/v2\/types\/post"}],"author":[{"embeddable":true,"href":"https:\/\/kobietamiesiaca.pl\/index.php?rest_route=\/wp\/v2\/users\/2"}],"replies":[{"embeddable":true,"href":"https:\/\/kobietamiesiaca.pl\/index.php?rest_route=%2Fwp%2Fv2%2Fcomments&post=197"}],"version-history":[{"count":2,"href":"https:\/\/kobietamiesiaca.pl\/index.php?rest_route=\/wp\/v2\/posts\/197\/revisions"}],"predecessor-version":[{"id":549,"href":"https:\/\/kobietamiesiaca.pl\/index.php?rest_route=\/wp\/v2\/posts\/197\/revisions\/549"}],"wp:featuredmedia":[{"embeddable":true,"href":"https:\/\/kobietamiesiaca.pl\/index.php?rest_route=\/wp\/v2\/media\/199"}],"wp:attachment":[{"href":"https:\/\/kobietamiesiaca.pl\/index.php?rest_route=%2Fwp%2Fv2%2Fmedia&parent=197"}],"wp:term":[{"taxonomy":"category","embeddable":true,"href":"https:\/\/kobietamiesiaca.pl\/index.php?rest_route=%2Fwp%2Fv2%2Fcategories&post=197"},{"taxonomy":"post_tag","embeddable":true,"href":"https:\/\/kobietamiesiaca.pl\/index.php?rest_route=%2Fwp%2Fv2%2Ftags&post=197"},{"taxonomy":"author","embeddable":true,"href":"https:\/\/kobietamiesiaca.pl\/index.php?rest_route=%2Fwp%2Fv2%2Fcoauthors&post=197"}],"curies":[{"name":"wp","href":"https:\/\/api.w.org\/{rel}","templated":true}]}}