{"id":203,"date":"2021-04-30T23:59:00","date_gmt":"2021-04-30T23:59:00","guid":{"rendered":"https:\/\/kobietamiesiaca.pl\/?p=203"},"modified":"2025-01-06T23:39:35","modified_gmt":"2025-01-06T22:39:35","slug":"kobieta-miesiaca-kwiecien-2021","status":"publish","type":"post","link":"https:\/\/kobietamiesiaca.pl\/?p=203","title":{"rendered":"Kobieta Miesi\u0105ca: Kwiecie\u0144 2021"},"content":{"rendered":"\n<p class=\"has-text-align-center wp-block-paragraph\" style=\"font-size:25px;font-style:italic;font-weight:300\">Laureatk\u0105 kwietniowej edycji Kobiety Miesi\u0105ca zosta\u0142a: <\/p>\n\n\n\n<p class=\"has-text-align-center has-x-large-font-size wp-block-paragraph\" style=\"font-style:italic;font-weight:400\">Ma\u0142gorzata Bielawiec<\/p>\n\n\n\n<figure class=\"wp-block-gallery has-nested-images columns-default is-cropped wp-block-gallery-1 is-layout-flex wp-block-gallery-is-layout-flex\">\n<figure class=\"wp-block-image size-full is-style-rounded\"><img loading=\"lazy\" decoding=\"async\" width=\"1033\" height=\"1600\" data-id=\"204\" src=\"https:\/\/kobietamiesiaca.pl\/wp-content\/uploads\/2022\/09\/Kwiecien21.jpg\" alt=\"\" class=\"wp-image-204\" srcset=\"https:\/\/kobietamiesiaca.pl\/wp-content\/uploads\/2022\/09\/Kwiecien21.jpg 1033w, https:\/\/kobietamiesiaca.pl\/wp-content\/uploads\/2022\/09\/Kwiecien21-194x300.jpg 194w, https:\/\/kobietamiesiaca.pl\/wp-content\/uploads\/2022\/09\/Kwiecien21-661x1024.jpg 661w, https:\/\/kobietamiesiaca.pl\/wp-content\/uploads\/2022\/09\/Kwiecien21-97x150.jpg 97w, https:\/\/kobietamiesiaca.pl\/wp-content\/uploads\/2022\/09\/Kwiecien21-768x1190.jpg 768w, https:\/\/kobietamiesiaca.pl\/wp-content\/uploads\/2022\/09\/Kwiecien21-992x1536.jpg 992w, https:\/\/kobietamiesiaca.pl\/wp-content\/uploads\/2022\/09\/Kwiecien21-39x60.jpg 39w\" sizes=\"auto, (max-width: 1033px) 100vw, 1033px\" \/><\/figure>\n<\/figure>\n\n\n\n<blockquote class=\"wp-block-quote is-layout-flow wp-block-quote-is-layout-flow\"><p><\/p><cite>Nazywam si\u0119 Ma\u0142gorzata Bielawiec, mam 24 lata, pochodz\u0119 i mieszkam w Bia\u0142ymstoku. W tym roku (2022) obroni\u0142am tytu\u0142 naukowy \u201emagistra\u201d na Uniwersytecie w Bia\u0142ymstoku. Od 2016 roku udzielam si\u0119 w fotomodelingu i mam za sob\u0105 wiele sesji zdj\u0119ciowych, a tak\u017ce uczestniczy\u0142am w pokazach mody. Mia\u0142am r\u00f3wnie\u017c zaszczyt pojawi\u0107 w mi\u0119dzynarodowych magazynach tj. \u201ePRESTIGE MODELS MAGAZINE\u201d w roku 2020 oraz \u201eEDITH MAGAZINE&#8221; w roku 2021. W 2018 roku zdoby\u0142am r\u00f3wnie\u017c tytu\u0142 Miss Publiczno\u015bci Studentek w Bia\u0142ymstoku. Cechuje mnie spontaniczno\u015b\u0107, determinacja oraz potrafi\u0119 zara\u017ca\u0107 pozytywn\u0105 energi\u0105. Gdy si\u0119 w co\u015b anga\u017cuje, daj\u0119 z siebie wszystko i uparcie d\u0105\u017c\u0119 do wyznaczonego celu. Najwi\u0119ksz\u0105 rado\u015b\u0107 daje mi taniec oraz fotomodeling, a tak\u017ce od tego roku bycie Mam\u0105.<\/cite><\/blockquote>\n\n\n\n<p class=\"has-text-align-center wp-block-paragraph\" style=\"font-size:25px\"><em>Gratulujemy wygranej i dzi\u0119kujemy za udzia\u0142 w Plebiscycie!<\/em><\/p>\n","protected":false},"excerpt":{"rendered":"<p>Przedstawiamy laureatk\u0119 kwietniowej edycji plebiscytu Kobieta Miesi\u0105ca<\/p>\n","protected":false},"author":2,"featured_media":205,"comment_status":"open","ping_status":"open","sticky":false,"template":"","format":"standard","meta":{"cybocfi_hide_featured_image":"yes","footnotes":""},"categories":[5],"tags":[],"coauthors":[32,184],"class_list":["post-203","post","type-post","status-publish","format-standard","has-post-thumbnail","hentry","category-laureatki"],"_links":{"self":[{"href":"https:\/\/kobietamiesiaca.pl\/index.php?rest_route=\/wp\/v2\/posts\/203","targetHints":{"allow":["GET"]}}],"collection":[{"href":"https:\/\/kobietamiesiaca.pl\/index.php?rest_route=\/wp\/v2\/posts"}],"about":[{"href":"https:\/\/kobietamiesiaca.pl\/index.php?rest_route=\/wp\/v2\/types\/post"}],"author":[{"embeddable":true,"href":"https:\/\/kobietamiesiaca.pl\/index.php?rest_route=\/wp\/v2\/users\/2"}],"replies":[{"embeddable":true,"href":"https:\/\/kobietamiesiaca.pl\/index.php?rest_route=%2Fwp%2Fv2%2Fcomments&post=203"}],"version-history":[{"count":2,"href":"https:\/\/kobietamiesiaca.pl\/index.php?rest_route=\/wp\/v2\/posts\/203\/revisions"}],"predecessor-version":[{"id":654,"href":"https:\/\/kobietamiesiaca.pl\/index.php?rest_route=\/wp\/v2\/posts\/203\/revisions\/654"}],"wp:featuredmedia":[{"embeddable":true,"href":"https:\/\/kobietamiesiaca.pl\/index.php?rest_route=\/wp\/v2\/media\/205"}],"wp:attachment":[{"href":"https:\/\/kobietamiesiaca.pl\/index.php?rest_route=%2Fwp%2Fv2%2Fmedia&parent=203"}],"wp:term":[{"taxonomy":"category","embeddable":true,"href":"https:\/\/kobietamiesiaca.pl\/index.php?rest_route=%2Fwp%2Fv2%2Fcategories&post=203"},{"taxonomy":"post_tag","embeddable":true,"href":"https:\/\/kobietamiesiaca.pl\/index.php?rest_route=%2Fwp%2Fv2%2Ftags&post=203"},{"taxonomy":"author","embeddable":true,"href":"https:\/\/kobietamiesiaca.pl\/index.php?rest_route=%2Fwp%2Fv2%2Fcoauthors&post=203"}],"curies":[{"name":"wp","href":"https:\/\/api.w.org\/{rel}","templated":true}]}}