{"id":2177,"date":"2023-02-18T17:59:00","date_gmt":"2023-02-18T16:59:00","guid":{"rendered":"https:\/\/kobietamiesiaca.pl\/?p=2177"},"modified":"2024-02-11T17:12:55","modified_gmt":"2024-02-11T16:12:55","slug":"kobieta-miesiaca-publicznosci-luty-2023","status":"publish","type":"post","link":"https:\/\/kobietamiesiaca.pl\/?p=2177","title":{"rendered":"Kobieta Miesi\u0105ca Publiczno\u015bci: Luty 2023"},"content":{"rendered":"\n<p class=\"has-text-align-center wp-block-paragraph\"><em>Tytu\u0142 komplementarny <strong>Kobieta Miesi\u0105ca Publiczno\u015bci<\/strong>, z liczb\u0105 g\u0142os\u00f3w 21, otrzymuje: <\/em><\/p>\n\n\n\n<h1 class=\"wp-block-heading has-text-align-center\">Karolina Stawicka<\/h1>\n\n\n\n<figure class=\"wp-block-image size-full is-style-rounded\"><img loading=\"lazy\" decoding=\"async\" width=\"2756\" height=\"3577\" src=\"https:\/\/kobietamiesiaca.pl\/wp-content\/uploads\/Karolina_Stawicka_dowolne.jpg?v=1675973059\" alt=\"\" class=\"wp-image-2119\" srcset=\"https:\/\/kobietamiesiaca.pl\/wp-content\/uploads\/Karolina_Stawicka_dowolne.jpg 2756w, https:\/\/kobietamiesiaca.pl\/wp-content\/uploads\/Karolina_Stawicka_dowolne-231x300.jpg 231w, https:\/\/kobietamiesiaca.pl\/wp-content\/uploads\/Karolina_Stawicka_dowolne-789x1024.jpg 789w, https:\/\/kobietamiesiaca.pl\/wp-content\/uploads\/Karolina_Stawicka_dowolne-116x150.jpg 116w, https:\/\/kobietamiesiaca.pl\/wp-content\/uploads\/Karolina_Stawicka_dowolne-768x997.jpg 768w, https:\/\/kobietamiesiaca.pl\/wp-content\/uploads\/Karolina_Stawicka_dowolne-1183x1536.jpg 1183w, https:\/\/kobietamiesiaca.pl\/wp-content\/uploads\/Karolina_Stawicka_dowolne-1578x2048.jpg 1578w, https:\/\/kobietamiesiaca.pl\/wp-content\/uploads\/Karolina_Stawicka_dowolne-46x60.jpg 46w\" sizes=\"auto, (max-width: 2756px) 100vw, 2756px\" \/><figcaption class=\"wp-element-caption\">Karolina Stawicka<\/figcaption><\/figure>\n\n\n\n<blockquote class=\"wp-block-quote is-layout-flow wp-block-quote-is-layout-flow\">\n<p class=\"wp-block-paragraph\"><\/p>\n<cite>Hej, mam na imi\u0119 Karolina. Z zawodu jestem kosmetologiem. Moj\u0105 pasj\u0105 jest modeling, w kt\u00f3rym pr\u00f3buj\u0119 teraz swoich si\u0142. Lubi\u0119 ta\u0144czy\u0107 i ucz\u0119szczam na zaj\u0119cia z latino solo. Jestem szalona i kreatywna. Nie lubi\u0119 nudy. <\/cite><\/blockquote>\n\n\n\n<p class=\"has-text-align-center wp-block-paragraph\"><em>W tym miesi\u0105cu, Laureatka Publiczno\u015bci wygrywa dyplom oraz pami\u0105tkow\u0105 szarf\u0119 inspirowan\u0105 konkursami pi\u0119kno\u015bci!<\/em><\/p>\n\n\n\n<h3 class=\"wp-block-heading has-text-align-center\"><em>Gratulujemy i zach\u0119camy do wzi\u0119cia udzia\u0142u w kolejnych edycjach Plebiscytu!<\/em><\/h3>\n","protected":false},"excerpt":{"rendered":"<p>Publiczno\u015b\u0107 wybra\u0142a swoj\u0105 laureatk\u0119 lutowej edycji Plebiscytu<\/p>\n","protected":false},"author":2,"featured_media":3005,"comment_status":"open","ping_status":"open","sticky":false,"template":"","format":"standard","meta":{"cybocfi_hide_featured_image":"yes","footnotes":""},"categories":[14,16],"tags":[],"coauthors":[32,70],"class_list":["post-2177","post","type-post","status-publish","format-standard","has-post-thumbnail","hentry","category-info","category-kobieta-miesiaca-publicznosci"],"_links":{"self":[{"href":"https:\/\/kobietamiesiaca.pl\/index.php?rest_route=\/wp\/v2\/posts\/2177","targetHints":{"allow":["GET"]}}],"collection":[{"href":"https:\/\/kobietamiesiaca.pl\/index.php?rest_route=\/wp\/v2\/posts"}],"about":[{"href":"https:\/\/kobietamiesiaca.pl\/index.php?rest_route=\/wp\/v2\/types\/post"}],"author":[{"embeddable":true,"href":"https:\/\/kobietamiesiaca.pl\/index.php?rest_route=\/wp\/v2\/users\/2"}],"replies":[{"embeddable":true,"href":"https:\/\/kobietamiesiaca.pl\/index.php?rest_route=%2Fwp%2Fv2%2Fcomments&post=2177"}],"version-history":[{"count":2,"href":"https:\/\/kobietamiesiaca.pl\/index.php?rest_route=\/wp\/v2\/posts\/2177\/revisions"}],"predecessor-version":[{"id":3008,"href":"https:\/\/kobietamiesiaca.pl\/index.php?rest_route=\/wp\/v2\/posts\/2177\/revisions\/3008"}],"wp:featuredmedia":[{"embeddable":true,"href":"https:\/\/kobietamiesiaca.pl\/index.php?rest_route=\/wp\/v2\/media\/3005"}],"wp:attachment":[{"href":"https:\/\/kobietamiesiaca.pl\/index.php?rest_route=%2Fwp%2Fv2%2Fmedia&parent=2177"}],"wp:term":[{"taxonomy":"category","embeddable":true,"href":"https:\/\/kobietamiesiaca.pl\/index.php?rest_route=%2Fwp%2Fv2%2Fcategories&post=2177"},{"taxonomy":"post_tag","embeddable":true,"href":"https:\/\/kobietamiesiaca.pl\/index.php?rest_route=%2Fwp%2Fv2%2Ftags&post=2177"},{"taxonomy":"author","embeddable":true,"href":"https:\/\/kobietamiesiaca.pl\/index.php?rest_route=%2Fwp%2Fv2%2Fcoauthors&post=2177"}],"curies":[{"name":"wp","href":"https:\/\/api.w.org\/{rel}","templated":true}]}}