{"id":219,"date":"2021-09-30T23:59:00","date_gmt":"2021-09-30T23:59:00","guid":{"rendered":"https:\/\/kobietamiesiaca.pl\/?p=219"},"modified":"2022-09-23T19:34:18","modified_gmt":"2022-09-23T19:34:18","slug":"kobieta-miesiaca-wrzesien-2021","status":"publish","type":"post","link":"https:\/\/kobietamiesiaca.pl\/?p=219","title":{"rendered":"Kobieta Miesi\u0105ca: Wrzesie\u0144 2021"},"content":{"rendered":"\n<p class=\"has-text-align-center wp-block-paragraph\" style=\"font-size:25px;font-style:italic;font-weight:300\">Laureatk\u0105 wrze\u015bniowej edycji Kobiety Miesi\u0105ca zosta\u0142a: <\/p>\n\n\n\n<p class=\"has-text-align-center has-x-large-font-size wp-block-paragraph\" style=\"font-style:italic;font-weight:400\">Aneta S\u0142abicka<\/p>\n\n\n\n<figure class=\"wp-block-gallery has-nested-images columns-default is-cropped wp-block-gallery-1 is-layout-flex wp-block-gallery-is-layout-flex\">\n<figure class=\"wp-block-image size-full is-style-rounded\"><img loading=\"lazy\" decoding=\"async\" width=\"1066\" height=\"1600\" data-id=\"220\" src=\"https:\/\/kobietamiesiaca.pl\/wp-content\/uploads\/2022\/09\/Wrzesien21.jpg\" alt=\"\" class=\"wp-image-220\" srcset=\"https:\/\/kobietamiesiaca.pl\/wp-content\/uploads\/2022\/09\/Wrzesien21.jpg 1066w, https:\/\/kobietamiesiaca.pl\/wp-content\/uploads\/2022\/09\/Wrzesien21-200x300.jpg 200w, https:\/\/kobietamiesiaca.pl\/wp-content\/uploads\/2022\/09\/Wrzesien21-682x1024.jpg 682w, https:\/\/kobietamiesiaca.pl\/wp-content\/uploads\/2022\/09\/Wrzesien21-100x150.jpg 100w, https:\/\/kobietamiesiaca.pl\/wp-content\/uploads\/2022\/09\/Wrzesien21-768x1153.jpg 768w, https:\/\/kobietamiesiaca.pl\/wp-content\/uploads\/2022\/09\/Wrzesien21-1023x1536.jpg 1023w, https:\/\/kobietamiesiaca.pl\/wp-content\/uploads\/2022\/09\/Wrzesien21-40x60.jpg 40w\" sizes=\"auto, (max-width: 1066px) 100vw, 1066px\" \/><\/figure>\n<\/figure>\n\n\n\n<blockquote class=\"wp-block-quote is-layout-flow wp-block-quote-is-layout-flow\"><p><\/p><cite>Mieszkam w Karkonoszach, w jednym z najpi\u0119kniejszych region\u00f3w w Polsce. Przepi\u0119kne g\u00f3ry, kt\u00f3re oferuj\u0105 urocze szlaki, hucz\u0105ce wodospady, granitowe ska\u0142ki oraz liczne stoki narciarskie.<br>Jestem &#8222;filigranowa&#8221;, a kobiety o takiej figurze zazwyczaj wygl\u0105daj\u0105 dziewcz\u0119co, co jest pocieszaj\u0105ce w ka\u017cdym wieku. Wszystko ma jednak swoje plusy i minusy i trzeba si\u0119 nauczy\u0107, jak podkre\u015bla\u0107 atuty swojej sylwetki. Uwielbiam wysokie szpilki, i zgadzam si\u0119 z Coco Chanel: \u201eNie wiem, kto wynalaz\u0142 buty na wysokich obcasach, ale wszystkie kobiety zawdzi\u0119czaj\u0105 mu wiele\u201d.<br>Moje zainteresowania to dobra literatura (Carlos Ruiz Zaf\u00f3n, \u00c9ric-Emmanuel Schmitt, Paulo Coelho, Gabriel Garc\u00eda M\u00e1rquez), muzyka, bo bez niej nasze \u017cycie by\u0142oby puste, uwielbiam g\u00f3ry, morze, spacery. Pracuj\u0119 w bran\u017cy medycznej, wi\u0119c na co dzie\u0144 spotykam si\u0119 z wieloma problemami, staram si\u0119 do ka\u017cdego podchodzi\u0107 indywidualnie i z sercem.<br>Kobieco\u015b\u0107, sensualno\u015b\u0107 i pi\u0119kno\u2026 Podobno ilu poet\u00f3w, tyle definicji kobieco\u015bci. Moja kobieco\u015b\u0107 to wra\u017cliwo\u015b\u0107, ale te\u017c si\u0142a z niej wynikaj\u0105ca, to moja to\u017csamo\u015b\u0107, co\u015b, co ci\u0105gle w sobie odkrywam. To \u017ar\u00f3d\u0142o, z kt\u00f3rego codziennie czerpi\u0119 energi\u0119, ch\u0142on\u0119 \u015bwiat i realizuj\u0119 si\u0119 na ka\u017cdej p\u0142aszczy\u017anie. Kobieco\u015b\u0107 to tak\u017ce akceptacja siebie, to kim jestem i jaka jestem. Kobieco\u015b\u0107 to r\u00f3wnie\u017c ogie\u0144, nami\u0119tno\u015b\u0107, delikatno\u015b\u0107, troska, czu\u0142o\u015b\u0107 i wyrozumia\u0142o\u015b\u0107. Potrafi\u0119 cieszy\u0107 si\u0119 z drobiazg\u00f3w, doceniam ulotne chwile i ka\u017cdego dnia jestem Power Woman!<\/cite><\/blockquote>\n\n\n\n<p class=\"has-text-align-center wp-block-paragraph\" style=\"font-size:25px\"><em>Gratulujemy wygranej i dzi\u0119kujemy za udzia\u0142 w Plebiscycie!<\/em><\/p>\n","protected":false},"excerpt":{"rendered":"<p>Przedstawiamy laureatk\u0119 wrze\u015bniowej edycji plebiscytu Kobieta Miesi\u0105ca<\/p>\n","protected":false},"author":2,"featured_media":221,"comment_status":"open","ping_status":"open","sticky":false,"template":"","format":"standard","meta":{"cybocfi_hide_featured_image":"yes","footnotes":""},"categories":[5],"tags":[],"coauthors":[34],"class_list":["post-219","post","type-post","status-publish","format-standard","has-post-thumbnail","hentry","category-laureatki"],"_links":{"self":[{"href":"https:\/\/kobietamiesiaca.pl\/index.php?rest_route=\/wp\/v2\/posts\/219","targetHints":{"allow":["GET"]}}],"collection":[{"href":"https:\/\/kobietamiesiaca.pl\/index.php?rest_route=\/wp\/v2\/posts"}],"about":[{"href":"https:\/\/kobietamiesiaca.pl\/index.php?rest_route=\/wp\/v2\/types\/post"}],"author":[{"embeddable":true,"href":"https:\/\/kobietamiesiaca.pl\/index.php?rest_route=\/wp\/v2\/users\/2"}],"replies":[{"embeddable":true,"href":"https:\/\/kobietamiesiaca.pl\/index.php?rest_route=%2Fwp%2Fv2%2Fcomments&post=219"}],"version-history":[{"count":2,"href":"https:\/\/kobietamiesiaca.pl\/index.php?rest_route=\/wp\/v2\/posts\/219\/revisions"}],"predecessor-version":[{"id":409,"href":"https:\/\/kobietamiesiaca.pl\/index.php?rest_route=\/wp\/v2\/posts\/219\/revisions\/409"}],"wp:featuredmedia":[{"embeddable":true,"href":"https:\/\/kobietamiesiaca.pl\/index.php?rest_route=\/wp\/v2\/media\/221"}],"wp:attachment":[{"href":"https:\/\/kobietamiesiaca.pl\/index.php?rest_route=%2Fwp%2Fv2%2Fmedia&parent=219"}],"wp:term":[{"taxonomy":"category","embeddable":true,"href":"https:\/\/kobietamiesiaca.pl\/index.php?rest_route=%2Fwp%2Fv2%2Fcategories&post=219"},{"taxonomy":"post_tag","embeddable":true,"href":"https:\/\/kobietamiesiaca.pl\/index.php?rest_route=%2Fwp%2Fv2%2Ftags&post=219"},{"taxonomy":"author","embeddable":true,"href":"https:\/\/kobietamiesiaca.pl\/index.php?rest_route=%2Fwp%2Fv2%2Fcoauthors&post=219"}],"curies":[{"name":"wp","href":"https:\/\/api.w.org\/{rel}","templated":true}]}}