{"id":223,"date":"2021-10-31T23:59:00","date_gmt":"2021-10-31T23:59:00","guid":{"rendered":"https:\/\/kobietamiesiaca.pl\/?p=223"},"modified":"2022-09-25T15:50:41","modified_gmt":"2022-09-25T15:50:41","slug":"kobieta-miesiaca-pazdziernik-2021","status":"publish","type":"post","link":"https:\/\/kobietamiesiaca.pl\/?p=223","title":{"rendered":"Kobieta Miesi\u0105ca: Pa\u017adziernik 2021"},"content":{"rendered":"\n<p class=\"has-text-align-center wp-block-paragraph\" style=\"font-size:25px;font-style:italic;font-weight:300\">Laureatk\u0105 pa\u017adziernikowej edycji Kobiety Miesi\u0105ca zosta\u0142a: <\/p>\n\n\n\n<p class=\"has-text-align-center has-x-large-font-size wp-block-paragraph\" style=\"font-style:italic;font-weight:400\">Izabela Iskrzy\u0144ska<\/p>\n\n\n\n<figure class=\"wp-block-gallery has-nested-images columns-default is-cropped wp-block-gallery-1 is-layout-flex wp-block-gallery-is-layout-flex\">\n<figure class=\"wp-block-image size-full is-style-rounded\"><img loading=\"lazy\" decoding=\"async\" width=\"1200\" height=\"1600\" data-id=\"224\" src=\"https:\/\/kobietamiesiaca.pl\/wp-content\/uploads\/2022\/09\/Pazdziernik21.jpg\" alt=\"\" class=\"wp-image-224\" srcset=\"https:\/\/kobietamiesiaca.pl\/wp-content\/uploads\/2022\/09\/Pazdziernik21.jpg 1200w, https:\/\/kobietamiesiaca.pl\/wp-content\/uploads\/2022\/09\/Pazdziernik21-225x300.jpg 225w, https:\/\/kobietamiesiaca.pl\/wp-content\/uploads\/2022\/09\/Pazdziernik21-768x1024.jpg 768w, https:\/\/kobietamiesiaca.pl\/wp-content\/uploads\/2022\/09\/Pazdziernik21-113x150.jpg 113w, https:\/\/kobietamiesiaca.pl\/wp-content\/uploads\/2022\/09\/Pazdziernik21-1152x1536.jpg 1152w, https:\/\/kobietamiesiaca.pl\/wp-content\/uploads\/2022\/09\/Pazdziernik21-45x60.jpg 45w\" sizes=\"auto, (max-width: 1200px) 100vw, 1200px\" \/><\/figure>\n<\/figure>\n\n\n\n<blockquote class=\"wp-block-quote is-layout-flow wp-block-quote-is-layout-flow\"><p><\/p><cite><em>Na co dzie\u0144 zajmuj\u0119 si\u0119 ksi\u0119gowo\u015bci\u0105, pracuj\u0119 w kancelarii finans\u00f3w i rachunkowo\u015bci. Mam 51 lat, mam trzy c\u00f3rki, 26 lat, 14 lat i 8 lat. Interesuj\u0119 si\u0119 przyroda, uwielbiam filmy i programy przyrodnicze \ud83d\ude42<\/em><\/cite><\/blockquote>\n\n\n\n<p class=\"has-text-align-center wp-block-paragraph\" style=\"font-size:25px\"><em>Gratulujemy wygranej i dzi\u0119kujemy za udzia\u0142 w Plebiscycie!<\/em><\/p>\n","protected":false},"excerpt":{"rendered":"<p>Przedstawiamy laureatk\u0119 pa\u017adziernikowej edycji plebiscytu Kobieta Miesi\u0105ca<\/p>\n","protected":false},"author":2,"featured_media":225,"comment_status":"open","ping_status":"open","sticky":false,"template":"","format":"standard","meta":{"cybocfi_hide_featured_image":"yes","footnotes":""},"categories":[5],"tags":[],"coauthors":[34],"class_list":["post-223","post","type-post","status-publish","format-standard","has-post-thumbnail","hentry","category-laureatki"],"_links":{"self":[{"href":"https:\/\/kobietamiesiaca.pl\/index.php?rest_route=\/wp\/v2\/posts\/223","targetHints":{"allow":["GET"]}}],"collection":[{"href":"https:\/\/kobietamiesiaca.pl\/index.php?rest_route=\/wp\/v2\/posts"}],"about":[{"href":"https:\/\/kobietamiesiaca.pl\/index.php?rest_route=\/wp\/v2\/types\/post"}],"author":[{"embeddable":true,"href":"https:\/\/kobietamiesiaca.pl\/index.php?rest_route=\/wp\/v2\/users\/2"}],"replies":[{"embeddable":true,"href":"https:\/\/kobietamiesiaca.pl\/index.php?rest_route=%2Fwp%2Fv2%2Fcomments&post=223"}],"version-history":[{"count":2,"href":"https:\/\/kobietamiesiaca.pl\/index.php?rest_route=\/wp\/v2\/posts\/223\/revisions"}],"predecessor-version":[{"id":443,"href":"https:\/\/kobietamiesiaca.pl\/index.php?rest_route=\/wp\/v2\/posts\/223\/revisions\/443"}],"wp:featuredmedia":[{"embeddable":true,"href":"https:\/\/kobietamiesiaca.pl\/index.php?rest_route=\/wp\/v2\/media\/225"}],"wp:attachment":[{"href":"https:\/\/kobietamiesiaca.pl\/index.php?rest_route=%2Fwp%2Fv2%2Fmedia&parent=223"}],"wp:term":[{"taxonomy":"category","embeddable":true,"href":"https:\/\/kobietamiesiaca.pl\/index.php?rest_route=%2Fwp%2Fv2%2Fcategories&post=223"},{"taxonomy":"post_tag","embeddable":true,"href":"https:\/\/kobietamiesiaca.pl\/index.php?rest_route=%2Fwp%2Fv2%2Ftags&post=223"},{"taxonomy":"author","embeddable":true,"href":"https:\/\/kobietamiesiaca.pl\/index.php?rest_route=%2Fwp%2Fv2%2Fcoauthors&post=223"}],"curies":[{"name":"wp","href":"https:\/\/api.w.org\/{rel}","templated":true}]}}