{"id":2400,"date":"2023-03-18T18:00:00","date_gmt":"2023-03-18T17:00:00","guid":{"rendered":"https:\/\/kobietamiesiaca.pl\/?p=2400"},"modified":"2023-03-31T14:03:19","modified_gmt":"2023-03-31T12:03:19","slug":"kobieta-miesiaca-marzec-2023","status":"publish","type":"post","link":"https:\/\/kobietamiesiaca.pl\/?p=2400","title":{"rendered":"Kobieta Miesi\u0105ca: Marzec 2023"},"content":{"rendered":"\n<p class=\"has-text-align-center wp-block-paragraph\" style=\"font-style:italic;font-weight:200\"><em>Laureatk\u0105 marcowej edycji Kobiety Miesi\u0105ca zosta\u0142a:<\/em><\/p>\n\n\n\n<p class=\"has-text-align-center has-x-large-font-size wp-block-paragraph\" style=\"font-style:italic;font-weight:500\">Agata Wendorff<\/p>\n\n\n\n<figure class=\"wp-block-gallery has-nested-images columns-default is-cropped wp-block-gallery-1 is-layout-flex wp-block-gallery-is-layout-flex\">\n<figure class=\"wp-block-image size-full is-style-rounded\"><img loading=\"lazy\" decoding=\"async\" width=\"3200\" height=\"4800\" data-id=\"2308\" src=\"https:\/\/kobietamiesiaca.pl\/wp-content\/uploads\/Agata_Wendorff_dowolne-1.jpg?v=1677941970\" alt=\"\" class=\"wp-image-2308\" srcset=\"https:\/\/kobietamiesiaca.pl\/wp-content\/uploads\/Agata_Wendorff_dowolne-1.jpg 3200w, https:\/\/kobietamiesiaca.pl\/wp-content\/uploads\/Agata_Wendorff_dowolne-1-200x300.jpg 200w, https:\/\/kobietamiesiaca.pl\/wp-content\/uploads\/Agata_Wendorff_dowolne-1-683x1024.jpg 683w, https:\/\/kobietamiesiaca.pl\/wp-content\/uploads\/Agata_Wendorff_dowolne-1-100x150.jpg 100w, https:\/\/kobietamiesiaca.pl\/wp-content\/uploads\/Agata_Wendorff_dowolne-1-768x1152.jpg 768w, https:\/\/kobietamiesiaca.pl\/wp-content\/uploads\/Agata_Wendorff_dowolne-1-1024x1536.jpg 1024w, https:\/\/kobietamiesiaca.pl\/wp-content\/uploads\/Agata_Wendorff_dowolne-1-1365x2048.jpg 1365w, https:\/\/kobietamiesiaca.pl\/wp-content\/uploads\/Agata_Wendorff_dowolne-1-40x60.jpg 40w\" sizes=\"auto, (max-width: 3200px) 100vw, 3200px\" \/><figcaption class=\"wp-element-caption\">Agata Wendorff<\/figcaption><\/figure>\n<\/figure>\n\n\n\n<blockquote class=\"wp-block-quote is-layout-flow wp-block-quote-is-layout-flow\">\n<p class=\"wp-block-paragraph\"><\/p>\n<cite>Mam na imi\u0119 Agata, studiuj\u0119 kosmetologi\u0119 estetyczn\u0105. Uwielbiam podr\u00f3\u017cowa\u0107 po \u015bwiecie, zw\u0142aszcza, gdy mog\u0119 \u0142\u0105czy\u0107 podr\u00f3\u017ce z modelingiem. Moje serce skrad\u0142a Hiszpania, do kt\u00f3rej wracam ka\u017cdego roku. Sport jest dla mnie nieod\u0142\u0105czn\u0105 cz\u0119\u015bci\u0105 dnia, moj\u0105 pasj\u0105 jest jazda konna, cho\u0107 kocham tak\u017ce biega\u0107, p\u0142ywa\u0107, czy po prostu spacerowa\u0107.<\/cite><\/blockquote>\n\n\n\n<p class=\"has-text-align-center wp-block-paragraph\"><em>W tym miesi\u0105cu, Laureatka Plebiscytu wygrywa dyplom, pami\u0105tkow\u0105 szarf\u0119 inspirowan\u0105 konkursami pi\u0119kno\u015bci, <strong>voucher <\/strong>do sklep\u00f3w sieci Rossmann oraz kosmetyczne niespodzianki! <strong>Fundatorem<\/strong> nagr\u00f3d jest <strong>Redakcja Plebiscytu Kobieta Miesi\u0105ca<\/strong>.<\/em><\/p>\n\n\n\n<p class=\"has-text-align-center wp-block-paragraph\" style=\"font-size:25px\"><em>Gratulujemy wygranej i dzi\u0119kujemy za udzia\u0142 w Plebiscycie!<\/em><\/p>\n","protected":false},"excerpt":{"rendered":"<p>Przedstawiamy Laureatk\u0119 marcowej edycji Plebiscytu Kobieta Miesi\u0105ca<\/p>\n","protected":false},"author":2,"featured_media":2429,"comment_status":"open","ping_status":"open","sticky":false,"template":"","format":"standard","meta":{"cybocfi_hide_featured_image":"yes","footnotes":""},"categories":[14,5],"tags":[],"coauthors":[34],"class_list":["post-2400","post","type-post","status-publish","format-standard","has-post-thumbnail","hentry","category-info","category-laureatki"],"_links":{"self":[{"href":"https:\/\/kobietamiesiaca.pl\/index.php?rest_route=\/wp\/v2\/posts\/2400","targetHints":{"allow":["GET"]}}],"collection":[{"href":"https:\/\/kobietamiesiaca.pl\/index.php?rest_route=\/wp\/v2\/posts"}],"about":[{"href":"https:\/\/kobietamiesiaca.pl\/index.php?rest_route=\/wp\/v2\/types\/post"}],"author":[{"embeddable":true,"href":"https:\/\/kobietamiesiaca.pl\/index.php?rest_route=\/wp\/v2\/users\/2"}],"replies":[{"embeddable":true,"href":"https:\/\/kobietamiesiaca.pl\/index.php?rest_route=%2Fwp%2Fv2%2Fcomments&post=2400"}],"version-history":[{"count":1,"href":"https:\/\/kobietamiesiaca.pl\/index.php?rest_route=\/wp\/v2\/posts\/2400\/revisions"}],"predecessor-version":[{"id":2401,"href":"https:\/\/kobietamiesiaca.pl\/index.php?rest_route=\/wp\/v2\/posts\/2400\/revisions\/2401"}],"wp:featuredmedia":[{"embeddable":true,"href":"https:\/\/kobietamiesiaca.pl\/index.php?rest_route=\/wp\/v2\/media\/2429"}],"wp:attachment":[{"href":"https:\/\/kobietamiesiaca.pl\/index.php?rest_route=%2Fwp%2Fv2%2Fmedia&parent=2400"}],"wp:term":[{"taxonomy":"category","embeddable":true,"href":"https:\/\/kobietamiesiaca.pl\/index.php?rest_route=%2Fwp%2Fv2%2Fcategories&post=2400"},{"taxonomy":"post_tag","embeddable":true,"href":"https:\/\/kobietamiesiaca.pl\/index.php?rest_route=%2Fwp%2Fv2%2Ftags&post=2400"},{"taxonomy":"author","embeddable":true,"href":"https:\/\/kobietamiesiaca.pl\/index.php?rest_route=%2Fwp%2Fv2%2Fcoauthors&post=2400"}],"curies":[{"name":"wp","href":"https:\/\/api.w.org\/{rel}","templated":true}]}}