{"id":247,"date":"2022-04-30T23:59:00","date_gmt":"2022-04-30T23:59:00","guid":{"rendered":"https:\/\/kobietamiesiaca.pl\/?p=247"},"modified":"2024-10-02T00:31:55","modified_gmt":"2024-10-01T22:31:55","slug":"kobieta-miesiaca-kwiecien-2022","status":"publish","type":"post","link":"https:\/\/kobietamiesiaca.pl\/?p=247","title":{"rendered":"Kobieta Miesi\u0105ca: Kwiecie\u0144 2022"},"content":{"rendered":"\n<p class=\"has-text-align-center wp-block-paragraph\" style=\"font-size:25px;font-style:italic;font-weight:300\">Laureatk\u0105 kwietniowej edycji Kobiety Miesi\u0105ca zosta\u0142a: <\/p>\n\n\n\n<p class=\"has-text-align-center has-x-large-font-size wp-block-paragraph\" style=\"font-style:italic;font-weight:400\">Natalia Jessa<\/p>\n\n\n\n<figure class=\"wp-block-gallery has-nested-images columns-default is-cropped wp-block-gallery-1 is-layout-flex wp-block-gallery-is-layout-flex\">\n<figure class=\"wp-block-image size-full is-style-rounded\"><img loading=\"lazy\" decoding=\"async\" width=\"1160\" height=\"1458\" data-id=\"248\" src=\"https:\/\/kobietamiesiaca.pl\/wp-content\/uploads\/2022\/09\/kwiecien22.jpeg\" alt=\"\" class=\"wp-image-248\" srcset=\"https:\/\/kobietamiesiaca.pl\/wp-content\/uploads\/2022\/09\/kwiecien22.jpeg 1160w, https:\/\/kobietamiesiaca.pl\/wp-content\/uploads\/2022\/09\/kwiecien22-239x300.jpeg 239w, https:\/\/kobietamiesiaca.pl\/wp-content\/uploads\/2022\/09\/kwiecien22-815x1024.jpeg 815w, https:\/\/kobietamiesiaca.pl\/wp-content\/uploads\/2022\/09\/kwiecien22-119x150.jpeg 119w, https:\/\/kobietamiesiaca.pl\/wp-content\/uploads\/2022\/09\/kwiecien22-768x965.jpeg 768w, https:\/\/kobietamiesiaca.pl\/wp-content\/uploads\/2022\/09\/kwiecien22-48x60.jpeg 48w\" sizes=\"auto, (max-width: 1160px) 100vw, 1160px\" \/><\/figure>\n<\/figure>\n\n\n\n<blockquote class=\"wp-block-quote is-layout-flow wp-block-quote-is-layout-flow\"><p><em>&#8222;Na co dzie\u0144 pracuj\u0119 jako grawer poligraficzny, ale moj\u0105 pasj\u0105 jest zdecydowanie moda.&#8221;<\/em><\/p><cite><em>Teraz kilka s\u0142\u00f3w o mnie:<br>Przede wszystkim jestem dumna z kobiety jak\u0105 si\u0119 sta\u0142am \ud83d\ude09<br>Pozw\u00f3lcie, \u017ce cofn\u0119 si\u0119 o jakie\u015b 10 lat\u2026<br>Tyle wystarczy, by zobaczy\u0107 dziewczyn\u0119, kt\u00f3ra jest skryta, niepewna siebie i cz\u0119sto zagubiona.<br>Kiedy jednak popatrz\u0119 na siebie dzisiaj widz\u0119 kogo\u015b zupe\u0142nie innego.<br>Jestem dzi\u015b widoczna\u2026 tak bardzo widoczna, to dobre s\u0142owo.<br>Patrz\u0119 w lustro z u\u015bmiechem na ustach, bo widz\u0119 po prostu szcz\u0119\u015bliw\u0105 kobiet\u0119.<br>Przebojow\u0105, z delikatnym makija\u017cem, siln\u0105, pewn\u0105 siebie.<br>Co si\u0119 zatem wydarzy\u0142o przez te kilka lat?<br>Sk\u0105d wzi\u0119\u0142a si\u0119 moja dojrza\u0142o\u015b\u0107, pewno\u015b\u0107 i wiara w siebie, akceptacja, spok\u00f3j i si\u0142a?<br>Przyznam szczerze, \u017ce to nie by\u0142o \u0142atwe, ale chyba po prostu doros\u0142am, a lata do\u015bwiadcze\u0144 wiele mnie nauczy\u0142y, ja si\u0119 czego\u015b nauczy\u0142am wyci\u0105gaj\u0105c wnioski.<br>Przede wszystkim nauczy\u0142am si\u0119 mie\u0107 tward\u0105 \ud83c\udf51 !<br>Lubi\u0119 wraca\u0107 do tych moment\u00f3w, bo w\u0142a\u015bnie te momenty u\u015bwiadamiaj\u0105 mi jak du\u017c\u0105 prace w\u0142o\u017cy\u0142am w to, by by\u0107 tym kim jestem dzi\u015b .<br><br>Dlatego tak bardzo kocham siebie i przybijam sobie pi\u0105tk\u0119 ka\u017cdego dnia \ud83d\ude09<\/em><\/cite><\/blockquote>\n\n\n\n<p class=\"wp-block-paragraph\"><\/p>\n\n\n\n<p class=\"wp-block-paragraph\"><\/p>\n\n\n\n<p class=\"has-text-align-center wp-block-paragraph\" style=\"font-size:25px\"><em>Gratulujemy wygranej i dzi\u0119kujemy za udzia\u0142 w Plebiscycie!<\/em><\/p>\n","protected":false},"excerpt":{"rendered":"<p>Przedstawiamy laureatk\u0119 kwietniowej edycji plebiscytu Kobieta Miesi\u0105ca<\/p>\n","protected":false},"author":2,"featured_media":249,"comment_status":"open","ping_status":"open","sticky":false,"template":"","format":"standard","meta":{"cybocfi_hide_featured_image":"yes","footnotes":""},"categories":[5],"tags":[],"coauthors":[32,143],"class_list":["post-247","post","type-post","status-publish","format-standard","has-post-thumbnail","hentry","category-laureatki"],"_links":{"self":[{"href":"https:\/\/kobietamiesiaca.pl\/index.php?rest_route=\/wp\/v2\/posts\/247","targetHints":{"allow":["GET"]}}],"collection":[{"href":"https:\/\/kobietamiesiaca.pl\/index.php?rest_route=\/wp\/v2\/posts"}],"about":[{"href":"https:\/\/kobietamiesiaca.pl\/index.php?rest_route=\/wp\/v2\/types\/post"}],"author":[{"embeddable":true,"href":"https:\/\/kobietamiesiaca.pl\/index.php?rest_route=\/wp\/v2\/users\/2"}],"replies":[{"embeddable":true,"href":"https:\/\/kobietamiesiaca.pl\/index.php?rest_route=%2Fwp%2Fv2%2Fcomments&post=247"}],"version-history":[{"count":4,"href":"https:\/\/kobietamiesiaca.pl\/index.php?rest_route=\/wp\/v2\/posts\/247\/revisions"}],"predecessor-version":[{"id":363,"href":"https:\/\/kobietamiesiaca.pl\/index.php?rest_route=\/wp\/v2\/posts\/247\/revisions\/363"}],"wp:featuredmedia":[{"embeddable":true,"href":"https:\/\/kobietamiesiaca.pl\/index.php?rest_route=\/wp\/v2\/media\/249"}],"wp:attachment":[{"href":"https:\/\/kobietamiesiaca.pl\/index.php?rest_route=%2Fwp%2Fv2%2Fmedia&parent=247"}],"wp:term":[{"taxonomy":"category","embeddable":true,"href":"https:\/\/kobietamiesiaca.pl\/index.php?rest_route=%2Fwp%2Fv2%2Fcategories&post=247"},{"taxonomy":"post_tag","embeddable":true,"href":"https:\/\/kobietamiesiaca.pl\/index.php?rest_route=%2Fwp%2Fv2%2Ftags&post=247"},{"taxonomy":"author","embeddable":true,"href":"https:\/\/kobietamiesiaca.pl\/index.php?rest_route=%2Fwp%2Fv2%2Fcoauthors&post=247"}],"curies":[{"name":"wp","href":"https:\/\/api.w.org\/{rel}","templated":true}]}}