{"id":2689,"date":"2023-04-18T19:00:00","date_gmt":"2023-04-18T17:00:00","guid":{"rendered":"https:\/\/kobietamiesiaca.pl\/?p=2689"},"modified":"2024-12-12T00:33:27","modified_gmt":"2024-12-11T23:33:27","slug":"kobieta-miesiaca-publicznosci-kwiecien-2023","status":"publish","type":"post","link":"https:\/\/kobietamiesiaca.pl\/?p=2689","title":{"rendered":"Kobieta Miesi\u0105ca Publiczno\u015bci: Kwiecie\u0144 2023"},"content":{"rendered":"\n<p class=\"has-text-align-center wp-block-paragraph\"><em>Tytu\u0142 komplementarny <strong>Kobieta Miesi\u0105ca Publiczno\u015bci<\/strong>, z liczb\u0105 g\u0142os\u00f3w 48, otrzymuje: <\/em><\/p>\n\n\n\n<h1 class=\"wp-block-heading has-text-align-center\"><em>Paulina <\/em>Tomczak<\/h1>\n\n\n\n<figure class=\"wp-block-image size-full is-style-rounded\"><img loading=\"lazy\" decoding=\"async\" width=\"1000\" height=\"668\" src=\"https:\/\/kobietamiesiaca.pl\/wp-content\/uploads\/DSC_15043.jpg\" alt=\"\" class=\"wp-image-2439\" srcset=\"https:\/\/kobietamiesiaca.pl\/wp-content\/uploads\/DSC_15043.jpg 1000w, https:\/\/kobietamiesiaca.pl\/wp-content\/uploads\/DSC_15043-300x200.jpg 300w, https:\/\/kobietamiesiaca.pl\/wp-content\/uploads\/DSC_15043-150x100.jpg 150w, https:\/\/kobietamiesiaca.pl\/wp-content\/uploads\/DSC_15043-768x513.jpg 768w, https:\/\/kobietamiesiaca.pl\/wp-content\/uploads\/DSC_15043-90x60.jpg 90w, https:\/\/kobietamiesiaca.pl\/wp-content\/uploads\/DSC_15043-420x280.jpg 420w\" sizes=\"auto, (max-width: 1000px) 100vw, 1000px\" \/><figcaption class=\"wp-element-caption\">Paulina Tomczak<\/figcaption><\/figure>\n\n\n\n<blockquote class=\"wp-block-quote is-layout-flow wp-block-quote-is-layout-flow\">\n<p class=\"wp-block-paragraph\"><\/p>\n<cite>Mam na imi\u0119 Paulina i jestem nauczycielk\u0105 j\u0119zyka polskiego. Uwielbiam prac\u0119 z m\u0142odzie\u017c\u0105, bo sprawia mi to wiele rado\u015bci. Ponadto prowadz\u0119 bloga edukacyjnego, gdzie odkrywam przed lud\u017ami mnie obserwuj\u0105cymi fascynuj\u0105cy \u015bwiat literatury. W wolnych chwilach uwielbiam aktywnie sp\u0119dza\u0107 czas. Preferuj\u0119 zaj\u0119cia fitness oraz bieganie. Moje motto brzmi: &#8222;Miej serce i patrzaj w serce&#8221;.<\/cite><\/blockquote>\n\n\n\n<p class=\"has-text-align-center wp-block-paragraph\"><em>W tym miesi\u0105cu, Laureatka Publiczno\u015bci wygrywa dyplom oraz pami\u0105tkow\u0105 szarf\u0119 inspirowan\u0105 konkursami pi\u0119kno\u015bci!<\/em><\/p>\n\n\n\n<h3 class=\"wp-block-heading has-text-align-center\"><em>Gratulujemy i zach\u0119camy do wzi\u0119cia udzia\u0142u w kolejnych edycjach Plebiscytu!<\/em><\/h3>\n","protected":false},"excerpt":{"rendered":"<p>Publiczno\u015b\u0107 wybra\u0142a swoj\u0105 laureatk\u0119 kwietniowej edycji Plebiscytu<\/p>\n","protected":false},"author":2,"featured_media":3010,"comment_status":"open","ping_status":"open","sticky":false,"template":"","format":"standard","meta":{"cybocfi_hide_featured_image":"yes","footnotes":""},"categories":[14,16],"tags":[],"coauthors":[32,157],"class_list":["post-2689","post","type-post","status-publish","format-standard","has-post-thumbnail","hentry","category-info","category-kobieta-miesiaca-publicznosci"],"_links":{"self":[{"href":"https:\/\/kobietamiesiaca.pl\/index.php?rest_route=\/wp\/v2\/posts\/2689","targetHints":{"allow":["GET"]}}],"collection":[{"href":"https:\/\/kobietamiesiaca.pl\/index.php?rest_route=\/wp\/v2\/posts"}],"about":[{"href":"https:\/\/kobietamiesiaca.pl\/index.php?rest_route=\/wp\/v2\/types\/post"}],"author":[{"embeddable":true,"href":"https:\/\/kobietamiesiaca.pl\/index.php?rest_route=\/wp\/v2\/users\/2"}],"replies":[{"embeddable":true,"href":"https:\/\/kobietamiesiaca.pl\/index.php?rest_route=%2Fwp%2Fv2%2Fcomments&post=2689"}],"version-history":[{"count":1,"href":"https:\/\/kobietamiesiaca.pl\/index.php?rest_route=\/wp\/v2\/posts\/2689\/revisions"}],"predecessor-version":[{"id":2690,"href":"https:\/\/kobietamiesiaca.pl\/index.php?rest_route=\/wp\/v2\/posts\/2689\/revisions\/2690"}],"wp:featuredmedia":[{"embeddable":true,"href":"https:\/\/kobietamiesiaca.pl\/index.php?rest_route=\/wp\/v2\/media\/3010"}],"wp:attachment":[{"href":"https:\/\/kobietamiesiaca.pl\/index.php?rest_route=%2Fwp%2Fv2%2Fmedia&parent=2689"}],"wp:term":[{"taxonomy":"category","embeddable":true,"href":"https:\/\/kobietamiesiaca.pl\/index.php?rest_route=%2Fwp%2Fv2%2Fcategories&post=2689"},{"taxonomy":"post_tag","embeddable":true,"href":"https:\/\/kobietamiesiaca.pl\/index.php?rest_route=%2Fwp%2Fv2%2Ftags&post=2689"},{"taxonomy":"author","embeddable":true,"href":"https:\/\/kobietamiesiaca.pl\/index.php?rest_route=%2Fwp%2Fv2%2Fcoauthors&post=2689"}],"curies":[{"name":"wp","href":"https:\/\/api.w.org\/{rel}","templated":true}]}}