{"id":2691,"date":"2023-04-18T19:00:00","date_gmt":"2023-04-18T17:00:00","guid":{"rendered":"https:\/\/kobietamiesiaca.pl\/?p=2691"},"modified":"2024-09-05T22:39:00","modified_gmt":"2024-09-05T20:39:00","slug":"kobieta-miesiaca-kwiecien-2023-2","status":"publish","type":"post","link":"https:\/\/kobietamiesiaca.pl\/?p=2691","title":{"rendered":"Kobieta Miesi\u0105ca: Kwiecie\u0144 2023"},"content":{"rendered":"\n<p class=\"has-text-align-center wp-block-paragraph\" style=\"font-style:italic;font-weight:200\"><em>Laureatk\u0105 kwietniowej edycji Kobiety Miesi\u0105ca zosta\u0142a:<\/em><\/p>\n\n\n\n<p class=\"has-text-align-center has-x-large-font-size wp-block-paragraph\" style=\"font-style:italic;font-weight:500\">Agnieszka Grudzi\u0144ska<\/p>\n\n\n\n<figure class=\"wp-block-gallery has-nested-images columns-default is-cropped wp-block-gallery-1 is-layout-flex wp-block-gallery-is-layout-flex\">\n<figure class=\"wp-block-image size-full is-style-rounded\"><img loading=\"lazy\" decoding=\"async\" width=\"2048\" height=\"1576\" data-id=\"2544\" src=\"https:\/\/kobietamiesiaca.pl\/wp-content\/uploads\/inbound1859412023295676812.jpg?v=1680627765\" alt=\"\" class=\"wp-image-2544\" srcset=\"https:\/\/kobietamiesiaca.pl\/wp-content\/uploads\/inbound1859412023295676812.jpg 2048w, https:\/\/kobietamiesiaca.pl\/wp-content\/uploads\/inbound1859412023295676812-300x231.jpg 300w, https:\/\/kobietamiesiaca.pl\/wp-content\/uploads\/inbound1859412023295676812-1024x788.jpg 1024w, https:\/\/kobietamiesiaca.pl\/wp-content\/uploads\/inbound1859412023295676812-150x115.jpg 150w, https:\/\/kobietamiesiaca.pl\/wp-content\/uploads\/inbound1859412023295676812-768x591.jpg 768w, https:\/\/kobietamiesiaca.pl\/wp-content\/uploads\/inbound1859412023295676812-1536x1182.jpg 1536w, https:\/\/kobietamiesiaca.pl\/wp-content\/uploads\/inbound1859412023295676812-78x60.jpg 78w\" sizes=\"auto, (max-width: 2048px) 100vw, 2048px\" \/><figcaption class=\"wp-element-caption\">Agnieszka Grudzi\u0144ska<\/figcaption><\/figure>\n<\/figure>\n\n\n\n<blockquote class=\"wp-block-quote is-layout-flow wp-block-quote-is-layout-flow\">\n<p class=\"wp-block-paragraph\"><\/p>\n<cite>Mam na imi\u0119 Agnieszka.<br>Jestem szcz\u0119\u015bliw\u0105 \u017con\u0105 i mam\u0105 dw\u00f3jki cudownych dzieci.<br>Kocham \u017cycie, i za to jestem wdzi\u0119czna Bogu \ud83e\udd17<br>Zajmuj\u0119 si\u0119 r\u0119kodzie\u0142em, jest to moja pasja i zarazem praca.<br>W wolnej chwili je\u017cd\u017c\u0119 rowerem, je\u017cd\u017c\u0119 z m\u0119\u017cem i dzie\u0107mi na ryby, sp\u0119dzamy ten czas rodzinnie.<br>Moje motto to &#8211; \u017bYJ DZI\u015a, BO WCZORAJ NIE WR\u00d3CI, A JUTRO MO\u017bE NIE NADEJ\u015a\u0106-<\/cite><\/blockquote>\n\n\n\n<p class=\"has-text-align-center wp-block-paragraph\"><em>W tym miesi\u0105cu, Laureatka Plebiscytu wygrywa dyplom, pami\u0105tkow\u0105 szarf\u0119 inspirowan\u0105 konkursami pi\u0119kno\u015bci, <strong>voucher <\/strong>do sklep\u00f3w sieci Rossmann oraz kosmetyczn\u0105 niespodziank\u0119! <strong>Fundatorem<\/strong> nagr\u00f3d jest <strong>Redakcja Plebiscytu Kobieta Miesi\u0105ca<\/strong>.<\/em><\/p>\n\n\n\n<p class=\"has-text-align-center wp-block-paragraph\" style=\"font-size:25px\"><em>Gratulujemy wygranej i dzi\u0119kujemy za udzia\u0142 w Plebiscycie!<\/em><\/p>\n","protected":false},"excerpt":{"rendered":"<p>Przedstawiamy Laureatk\u0119 kwietniowej edycji Plebiscytu Kobieta Miesi\u0105ca<\/p>\n","protected":false},"author":2,"featured_media":2823,"comment_status":"open","ping_status":"open","sticky":false,"template":"","format":"standard","meta":{"cybocfi_hide_featured_image":"yes","footnotes":""},"categories":[14,5],"tags":[],"coauthors":[32,141],"class_list":["post-2691","post","type-post","status-publish","format-standard","has-post-thumbnail","hentry","category-info","category-laureatki"],"_links":{"self":[{"href":"https:\/\/kobietamiesiaca.pl\/index.php?rest_route=\/wp\/v2\/posts\/2691","targetHints":{"allow":["GET"]}}],"collection":[{"href":"https:\/\/kobietamiesiaca.pl\/index.php?rest_route=\/wp\/v2\/posts"}],"about":[{"href":"https:\/\/kobietamiesiaca.pl\/index.php?rest_route=\/wp\/v2\/types\/post"}],"author":[{"embeddable":true,"href":"https:\/\/kobietamiesiaca.pl\/index.php?rest_route=\/wp\/v2\/users\/2"}],"replies":[{"embeddable":true,"href":"https:\/\/kobietamiesiaca.pl\/index.php?rest_route=%2Fwp%2Fv2%2Fcomments&post=2691"}],"version-history":[{"count":1,"href":"https:\/\/kobietamiesiaca.pl\/index.php?rest_route=\/wp\/v2\/posts\/2691\/revisions"}],"predecessor-version":[{"id":2692,"href":"https:\/\/kobietamiesiaca.pl\/index.php?rest_route=\/wp\/v2\/posts\/2691\/revisions\/2692"}],"wp:featuredmedia":[{"embeddable":true,"href":"https:\/\/kobietamiesiaca.pl\/index.php?rest_route=\/wp\/v2\/media\/2823"}],"wp:attachment":[{"href":"https:\/\/kobietamiesiaca.pl\/index.php?rest_route=%2Fwp%2Fv2%2Fmedia&parent=2691"}],"wp:term":[{"taxonomy":"category","embeddable":true,"href":"https:\/\/kobietamiesiaca.pl\/index.php?rest_route=%2Fwp%2Fv2%2Fcategories&post=2691"},{"taxonomy":"post_tag","embeddable":true,"href":"https:\/\/kobietamiesiaca.pl\/index.php?rest_route=%2Fwp%2Fv2%2Ftags&post=2691"},{"taxonomy":"author","embeddable":true,"href":"https:\/\/kobietamiesiaca.pl\/index.php?rest_route=%2Fwp%2Fv2%2Fcoauthors&post=2691"}],"curies":[{"name":"wp","href":"https:\/\/api.w.org\/{rel}","templated":true}]}}