{"id":3734,"date":"2023-06-18T20:00:00","date_gmt":"2023-06-18T18:00:00","guid":{"rendered":"https:\/\/kobietamiesiaca.pl\/?p=3734"},"modified":"2024-07-01T20:42:18","modified_gmt":"2024-07-01T18:42:18","slug":"kobieta-miesiaca-czerwiec-2023","status":"publish","type":"post","link":"https:\/\/kobietamiesiaca.pl\/?p=3734","title":{"rendered":"Kobieta Miesi\u0105ca: Czerwiec 2023"},"content":{"rendered":"\n<p class=\"has-text-align-center wp-block-paragraph\" style=\"font-style:italic;font-weight:200\"><em>Laureatk\u0105 czerwcowej edycji Kobiety Miesi\u0105ca zosta\u0142a:<\/em><\/p>\n\n\n\n<p class=\"has-text-align-center has-x-large-font-size wp-block-paragraph\" style=\"font-style:italic;font-weight:500\">Aldona Mesyszyn<\/p>\n\n\n\n<figure class=\"wp-block-gallery has-nested-images columns-default is-cropped wp-block-gallery-1 is-layout-flex wp-block-gallery-is-layout-flex\">\n<figure class=\"wp-block-image size-full is-style-rounded\"><img loading=\"lazy\" decoding=\"async\" width=\"996\" height=\"1511\" data-id=\"3101\" src=\"https:\/\/kobietamiesiaca.pl\/wp-content\/uploads\/inbound2609450424326067016.jpg?v=1685742437\" alt=\"\" class=\"wp-image-3101\" srcset=\"https:\/\/kobietamiesiaca.pl\/wp-content\/uploads\/inbound2609450424326067016.jpg 996w, https:\/\/kobietamiesiaca.pl\/wp-content\/uploads\/inbound2609450424326067016-198x300.jpg 198w, https:\/\/kobietamiesiaca.pl\/wp-content\/uploads\/inbound2609450424326067016-675x1024.jpg 675w, https:\/\/kobietamiesiaca.pl\/wp-content\/uploads\/inbound2609450424326067016-99x150.jpg 99w, https:\/\/kobietamiesiaca.pl\/wp-content\/uploads\/inbound2609450424326067016-768x1165.jpg 768w, https:\/\/kobietamiesiaca.pl\/wp-content\/uploads\/inbound2609450424326067016-40x60.jpg 40w\" sizes=\"auto, (max-width: 996px) 100vw, 996px\" \/><figcaption class=\"wp-element-caption\">Aldona Mesyszyn<\/figcaption><\/figure>\n<\/figure>\n\n\n\n<blockquote class=\"wp-block-quote has-text-align-center is-layout-flow wp-block-quote-is-layout-flow\">\n<p class=\"wp-block-paragraph\"><\/p>\n<cite><em>&#8222;<\/em>Nazywam si\u0119 Aldona Mesyszyn mam 47 lat . Mieszkam w Malborku . Pracuj\u0119 w sklepie odzie\u017cowym . Uwielbiam jazd\u0119 na rowerze . W wolnym czasie uprawiam dzia\u0142eczk\u0119 . Jestem kobiet\u0105 pozytywnie zakr\u0119con\u0105<em>&#8222;<\/em><\/cite><\/blockquote>\n\n\n\n<p class=\"has-text-align-center wp-block-paragraph\"><strong><em>W tym miesi\u0105cu, Laureatka Plebiscytu wygrywa dyplom, pami\u0105tkow\u0105 szarf\u0119 inspirowan\u0105 konkursami pi\u0119kno\u015bci oraz kosmetyczn\u0105 niespodziank\u0119 ufundowan\u0105 przez <a rel=\"noreferrer noopener\" href=\"https:\/\/www.facebook.com\/people\/Golden-Woman\/100089319471091\/\" data-type=\"URL\" data-id=\"https:\/\/www.facebook.com\/people\/Golden-Woman\/100089319471091\/\" target=\"_blank\">Golden Woman<\/a>.<\/em><\/strong><\/p>\n\n\n\n<p class=\"has-text-align-center wp-block-paragraph\" style=\"font-size:25px\"><em>Gratulujemy wygranej i dzi\u0119kujemy za udzia\u0142 w Plebiscycie!<\/em><\/p>\n","protected":false},"excerpt":{"rendered":"<p>Przedstawiamy Laureatk\u0119 czerwcowej edycji Plebiscytu Kobieta Miesi\u0105ca<\/p>\n","protected":false},"author":2,"featured_media":3966,"comment_status":"open","ping_status":"open","sticky":false,"template":"","format":"standard","meta":{"cybocfi_hide_featured_image":"yes","footnotes":""},"categories":[14,5],"tags":[],"coauthors":[32,121],"class_list":["post-3734","post","type-post","status-publish","format-standard","has-post-thumbnail","hentry","category-info","category-laureatki"],"_links":{"self":[{"href":"https:\/\/kobietamiesiaca.pl\/index.php?rest_route=\/wp\/v2\/posts\/3734","targetHints":{"allow":["GET"]}}],"collection":[{"href":"https:\/\/kobietamiesiaca.pl\/index.php?rest_route=\/wp\/v2\/posts"}],"about":[{"href":"https:\/\/kobietamiesiaca.pl\/index.php?rest_route=\/wp\/v2\/types\/post"}],"author":[{"embeddable":true,"href":"https:\/\/kobietamiesiaca.pl\/index.php?rest_route=\/wp\/v2\/users\/2"}],"replies":[{"embeddable":true,"href":"https:\/\/kobietamiesiaca.pl\/index.php?rest_route=%2Fwp%2Fv2%2Fcomments&post=3734"}],"version-history":[{"count":2,"href":"https:\/\/kobietamiesiaca.pl\/index.php?rest_route=\/wp\/v2\/posts\/3734\/revisions"}],"predecessor-version":[{"id":3738,"href":"https:\/\/kobietamiesiaca.pl\/index.php?rest_route=\/wp\/v2\/posts\/3734\/revisions\/3738"}],"wp:featuredmedia":[{"embeddable":true,"href":"https:\/\/kobietamiesiaca.pl\/index.php?rest_route=\/wp\/v2\/media\/3966"}],"wp:attachment":[{"href":"https:\/\/kobietamiesiaca.pl\/index.php?rest_route=%2Fwp%2Fv2%2Fmedia&parent=3734"}],"wp:term":[{"taxonomy":"category","embeddable":true,"href":"https:\/\/kobietamiesiaca.pl\/index.php?rest_route=%2Fwp%2Fv2%2Fcategories&post=3734"},{"taxonomy":"post_tag","embeddable":true,"href":"https:\/\/kobietamiesiaca.pl\/index.php?rest_route=%2Fwp%2Fv2%2Ftags&post=3734"},{"taxonomy":"author","embeddable":true,"href":"https:\/\/kobietamiesiaca.pl\/index.php?rest_route=%2Fwp%2Fv2%2Fcoauthors&post=3734"}],"curies":[{"name":"wp","href":"https:\/\/api.w.org\/{rel}","templated":true}]}}