{"id":4532,"date":"2023-09-19T00:00:00","date_gmt":"2023-09-18T22:00:00","guid":{"rendered":"https:\/\/kobietamiesiaca.pl\/?p=4532"},"modified":"2023-12-01T00:56:00","modified_gmt":"2023-11-30T23:56:00","slug":"kobieta-miesiaca-sierpien-2023","status":"publish","type":"post","link":"https:\/\/kobietamiesiaca.pl\/?p=4532","title":{"rendered":"Kobieta Miesi\u0105ca: Wrzesie\u0144 2023"},"content":{"rendered":"\n<p class=\"has-text-align-center wp-block-paragraph\" style=\"font-style:italic;font-weight:200\"><em>Laureatk\u0105 wrze\u015bniowej edycji Kobiety Miesi\u0105ca zosta\u0142a:<\/em><\/p>\n\n\n\n<p class=\"has-text-align-center has-x-large-font-size wp-block-paragraph\" style=\"font-style:italic;font-weight:500\">Klaudia Piecuch<\/p>\n\n\n\n<figure class=\"wp-block-gallery has-nested-images columns-default is-cropped wp-block-gallery-1 is-layout-flex wp-block-gallery-is-layout-flex\">\n<figure class=\"wp-block-image size-full is-style-rounded\"><img loading=\"lazy\" decoding=\"async\" width=\"1367\" height=\"2048\" data-id=\"4411\" src=\"https:\/\/kobietamiesiaca.pl\/wp-content\/uploads\/inbound4454786756914440511.jpg?v=1693861615\" alt=\"\" class=\"wp-image-4411\" srcset=\"https:\/\/kobietamiesiaca.pl\/wp-content\/uploads\/inbound4454786756914440511.jpg 1367w, https:\/\/kobietamiesiaca.pl\/wp-content\/uploads\/inbound4454786756914440511-200x300.jpg 200w, https:\/\/kobietamiesiaca.pl\/wp-content\/uploads\/inbound4454786756914440511-684x1024.jpg 684w, https:\/\/kobietamiesiaca.pl\/wp-content\/uploads\/inbound4454786756914440511-100x150.jpg 100w, https:\/\/kobietamiesiaca.pl\/wp-content\/uploads\/inbound4454786756914440511-768x1151.jpg 768w, https:\/\/kobietamiesiaca.pl\/wp-content\/uploads\/inbound4454786756914440511-1025x1536.jpg 1025w, https:\/\/kobietamiesiaca.pl\/wp-content\/uploads\/inbound4454786756914440511-40x60.jpg 40w\" sizes=\"auto, (max-width: 1367px) 100vw, 1367px\" \/><figcaption class=\"wp-element-caption\"><em>Klaudia Piecuch<\/em><\/figcaption><\/figure>\n<\/figure>\n\n\n\n<blockquote class=\"wp-block-quote has-text-align-center is-layout-flow wp-block-quote-is-layout-flow\">\n<p class=\"wp-block-paragraph\"><\/p>\n<cite><em>&#8222;<\/em>Witam. Mam na imi\u0119 Klaudia, jestem singielk\u0105 z pod znaku bli\u017ani\u0105t. Lubi\u0119 ta\u0144czy\u0107, zwiedza\u0107 ciekawe miejsca i sp\u0119dza\u0107 mi\u0142o czas z moj\u0105 kochan\u0105 kotk\u0105 Pandzi\u0105. Chodz\u0119 na si\u0142owni\u0119 i dbam o swoje cia\u0142o ale lubi\u0119 te\u017c le\u017ce\u0107 i ogl\u0105da\u0107 filmy. Uwielbiam te\u017c sesje zdj\u0119ciowe i zawsze mam ciekawe pomys\u0142y na nie. To tak w skr\u00f3cie\u201d<em>&#8222;<\/em><\/cite><\/blockquote>\n\n\n\n<p class=\"has-text-align-center wp-block-paragraph\"><strong><em>W tym miesi\u0105cu, Laureatka Plebiscytu wygrywa dyplom oraz pami\u0105tkow\u0105 szarf\u0119 inspirowan\u0105 konkursami pi\u0119kno\u015bc<\/em><\/strong>i<strong><em>.<\/em><\/strong><\/p>\n\n\n\n<p class=\"has-text-align-center wp-block-paragraph\" style=\"font-size:25px\"><em>Gratulujemy wygranej i dzi\u0119kujemy za udzia\u0142 w Plebiscycie!<\/em><\/p>\n","protected":false},"excerpt":{"rendered":"<p>Przedstawiamy Laureatk\u0119 wrze\u015bniowej edycji Plebiscytu Kobieta Miesi\u0105ca<\/p>\n","protected":false},"author":2,"featured_media":5010,"comment_status":"open","ping_status":"open","sticky":false,"template":"","format":"standard","meta":{"cybocfi_hide_featured_image":"yes","footnotes":""},"categories":[14,5],"tags":[],"coauthors":[34],"class_list":["post-4532","post","type-post","status-publish","format-standard","has-post-thumbnail","hentry","category-info","category-laureatki"],"_links":{"self":[{"href":"https:\/\/kobietamiesiaca.pl\/index.php?rest_route=\/wp\/v2\/posts\/4532","targetHints":{"allow":["GET"]}}],"collection":[{"href":"https:\/\/kobietamiesiaca.pl\/index.php?rest_route=\/wp\/v2\/posts"}],"about":[{"href":"https:\/\/kobietamiesiaca.pl\/index.php?rest_route=\/wp\/v2\/types\/post"}],"author":[{"embeddable":true,"href":"https:\/\/kobietamiesiaca.pl\/index.php?rest_route=\/wp\/v2\/users\/2"}],"replies":[{"embeddable":true,"href":"https:\/\/kobietamiesiaca.pl\/index.php?rest_route=%2Fwp%2Fv2%2Fcomments&post=4532"}],"version-history":[{"count":3,"href":"https:\/\/kobietamiesiaca.pl\/index.php?rest_route=\/wp\/v2\/posts\/4532\/revisions"}],"predecessor-version":[{"id":5011,"href":"https:\/\/kobietamiesiaca.pl\/index.php?rest_route=\/wp\/v2\/posts\/4532\/revisions\/5011"}],"wp:featuredmedia":[{"embeddable":true,"href":"https:\/\/kobietamiesiaca.pl\/index.php?rest_route=\/wp\/v2\/media\/5010"}],"wp:attachment":[{"href":"https:\/\/kobietamiesiaca.pl\/index.php?rest_route=%2Fwp%2Fv2%2Fmedia&parent=4532"}],"wp:term":[{"taxonomy":"category","embeddable":true,"href":"https:\/\/kobietamiesiaca.pl\/index.php?rest_route=%2Fwp%2Fv2%2Fcategories&post=4532"},{"taxonomy":"post_tag","embeddable":true,"href":"https:\/\/kobietamiesiaca.pl\/index.php?rest_route=%2Fwp%2Fv2%2Ftags&post=4532"},{"taxonomy":"author","embeddable":true,"href":"https:\/\/kobietamiesiaca.pl\/index.php?rest_route=%2Fwp%2Fv2%2Fcoauthors&post=4532"}],"curies":[{"name":"wp","href":"https:\/\/api.w.org\/{rel}","templated":true}]}}