{"id":4536,"date":"2023-09-19T00:00:00","date_gmt":"2023-09-18T22:00:00","guid":{"rendered":"https:\/\/kobietamiesiaca.pl\/?p=4536"},"modified":"2023-12-01T00:57:52","modified_gmt":"2023-11-30T23:57:52","slug":"kobieta-miesiaca-publicznosci-sierpien-2023-2","status":"publish","type":"post","link":"https:\/\/kobietamiesiaca.pl\/?p=4536","title":{"rendered":"Kobieta Miesi\u0105ca Publiczno\u015bci: Wrzesie\u0144 2023"},"content":{"rendered":"\n<p class=\"has-text-align-center wp-block-paragraph\"><em>Tytu\u0142 komplementarny <strong>Kobieta Miesi\u0105ca Publiczno\u015bci<\/strong>, z liczb\u0105 g\u0142os\u00f3w <strong>152<\/strong>, otrzymuje: <\/em><\/p>\n\n\n\n<h1 class=\"wp-block-heading has-text-align-center\"><em>Karolina Rykaczewska<\/em><\/h1>\n\n\n\n<figure class=\"wp-block-image aligncenter size-large is-style-rounded\"><img loading=\"lazy\" decoding=\"async\" width=\"768\" height=\"1024\" src=\"https:\/\/kobietamiesiaca.pl\/wp-content\/uploads\/FaceApp_1693759340401-768x1024.jpg\" alt=\"\" class=\"wp-image-4476\" srcset=\"https:\/\/kobietamiesiaca.pl\/wp-content\/uploads\/FaceApp_1693759340401-768x1024.jpg 768w, https:\/\/kobietamiesiaca.pl\/wp-content\/uploads\/FaceApp_1693759340401-225x300.jpg 225w, https:\/\/kobietamiesiaca.pl\/wp-content\/uploads\/FaceApp_1693759340401-113x150.jpg 113w, https:\/\/kobietamiesiaca.pl\/wp-content\/uploads\/FaceApp_1693759340401-1152x1536.jpg 1152w, https:\/\/kobietamiesiaca.pl\/wp-content\/uploads\/FaceApp_1693759340401-1536x2048.jpg 1536w, https:\/\/kobietamiesiaca.pl\/wp-content\/uploads\/FaceApp_1693759340401-45x60.jpg 45w\" sizes=\"auto, (max-width: 768px) 100vw, 768px\" \/><figcaption class=\"wp-element-caption\">Karolina Rykaczewska<\/figcaption><\/figure>\n\n\n\n<blockquote class=\"wp-block-quote has-text-align-center is-layout-flow wp-block-quote-is-layout-flow\">\n<p class=\"wp-block-paragraph\"><\/p>\n<cite><em>&#8222;<\/em>Hej mam na imi\u0119 Karolina . Mieszkam namazurach .Jestem mama nastolatka i \u017cona od 15 lat . Interesuje si\u0119 mod\u0105 i makija\u017cem. &nbsp;Lubi\u0119 ta\u0144czy\u0107 ,gotowa\u0107. Jestem tiktokerka lubi\u0119 nagrywa\u0107 filmy .<em>&#8222;<\/em><\/cite><\/blockquote>\n\n\n\n<p class=\"has-text-align-center wp-block-paragraph\"><strong><em>W tym miesi\u0105cu, Laureatka Plebiscytu wygrywa dyplom oraz pami\u0105tkow\u0105 szarf\u0119 inspirowan\u0105 konkursami pi\u0119kno\u015bci.<\/em><\/strong><\/p>\n\n\n\n<h3 class=\"wp-block-heading has-text-align-center\"><em>Gratulujemy i zach\u0119camy do wzi\u0119cia udzia\u0142u w kolejnych edycjach Plebiscytu!<\/em><\/h3>\n","protected":false},"excerpt":{"rendered":"<p>Publiczno\u015b\u0107 wybra\u0142a swoj\u0105 laureatk\u0119 wrze\u015bniowej edycji Plebiscytu<\/p>\n","protected":false},"author":2,"featured_media":5012,"comment_status":"open","ping_status":"open","sticky":false,"template":"","format":"standard","meta":{"cybocfi_hide_featured_image":"yes","footnotes":""},"categories":[14,16],"tags":[],"coauthors":[34],"class_list":["post-4536","post","type-post","status-publish","format-standard","has-post-thumbnail","hentry","category-info","category-kobieta-miesiaca-publicznosci"],"_links":{"self":[{"href":"https:\/\/kobietamiesiaca.pl\/index.php?rest_route=\/wp\/v2\/posts\/4536","targetHints":{"allow":["GET"]}}],"collection":[{"href":"https:\/\/kobietamiesiaca.pl\/index.php?rest_route=\/wp\/v2\/posts"}],"about":[{"href":"https:\/\/kobietamiesiaca.pl\/index.php?rest_route=\/wp\/v2\/types\/post"}],"author":[{"embeddable":true,"href":"https:\/\/kobietamiesiaca.pl\/index.php?rest_route=\/wp\/v2\/users\/2"}],"replies":[{"embeddable":true,"href":"https:\/\/kobietamiesiaca.pl\/index.php?rest_route=%2Fwp%2Fv2%2Fcomments&post=4536"}],"version-history":[{"count":3,"href":"https:\/\/kobietamiesiaca.pl\/index.php?rest_route=\/wp\/v2\/posts\/4536\/revisions"}],"predecessor-version":[{"id":5013,"href":"https:\/\/kobietamiesiaca.pl\/index.php?rest_route=\/wp\/v2\/posts\/4536\/revisions\/5013"}],"wp:featuredmedia":[{"embeddable":true,"href":"https:\/\/kobietamiesiaca.pl\/index.php?rest_route=\/wp\/v2\/media\/5012"}],"wp:attachment":[{"href":"https:\/\/kobietamiesiaca.pl\/index.php?rest_route=%2Fwp%2Fv2%2Fmedia&parent=4536"}],"wp:term":[{"taxonomy":"category","embeddable":true,"href":"https:\/\/kobietamiesiaca.pl\/index.php?rest_route=%2Fwp%2Fv2%2Fcategories&post=4536"},{"taxonomy":"post_tag","embeddable":true,"href":"https:\/\/kobietamiesiaca.pl\/index.php?rest_route=%2Fwp%2Fv2%2Ftags&post=4536"},{"taxonomy":"author","embeddable":true,"href":"https:\/\/kobietamiesiaca.pl\/index.php?rest_route=%2Fwp%2Fv2%2Fcoauthors&post=4536"}],"curies":[{"name":"wp","href":"https:\/\/api.w.org\/{rel}","templated":true}]}}