{"id":4546,"date":"2023-10-01T11:40:46","date_gmt":"2023-10-01T09:40:46","guid":{"rendered":"https:\/\/kobietamiesiaca.pl\/?p=4546"},"modified":"2023-10-28T18:47:34","modified_gmt":"2023-10-28T16:47:34","slug":"informacje-o-pazdziernikowej-edycji-plebiscytu-kobieta-miesiaca","status":"publish","type":"post","link":"https:\/\/kobietamiesiaca.pl\/?p=4546","title":{"rendered":"Rozpocz\u0119li\u015bmy g\u0142osowanie w pa\u017adziernikowej edycji Plebiscytu Kobieta Miesi\u0105ca!"},"content":{"rendered":"\n<hr class=\"wp-block-separator has-alpha-channel-opacity is-style-wide\"\/>\n\n\n\n<h2 class=\"wp-block-heading has-text-align-center has-medium-font-size\"><em>W Jury pa\u017adziernikowej edycji Plebiscytu Kobieta Miesi\u0105ca zasiadaj\u0105 3 osoby:  <\/em><\/h2>\n\n\n\n<p class=\"has-text-align-center wp-block-paragraph\"><\/p>\n\n\n\n<figure class=\"wp-block-gallery has-nested-images columns-4 is-cropped wp-block-gallery-1 is-layout-flex wp-block-gallery-is-layout-flex\">\n<figure class=\"wp-block-image size-large is-style-rounded\"><img loading=\"lazy\" decoding=\"async\" width=\"766\" height=\"1024\" data-id=\"4709\" src=\"https:\/\/kobietamiesiaca.pl\/wp-content\/uploads\/received_925813125102735-766x1024.jpg\" alt=\"\" class=\"wp-image-4709\" srcset=\"https:\/\/kobietamiesiaca.pl\/wp-content\/uploads\/received_925813125102735-766x1024.jpg 766w, https:\/\/kobietamiesiaca.pl\/wp-content\/uploads\/received_925813125102735-224x300.jpg 224w, https:\/\/kobietamiesiaca.pl\/wp-content\/uploads\/received_925813125102735-112x150.jpg 112w, https:\/\/kobietamiesiaca.pl\/wp-content\/uploads\/received_925813125102735-768x1027.jpg 768w, https:\/\/kobietamiesiaca.pl\/wp-content\/uploads\/received_925813125102735-1149x1536.jpg 1149w, https:\/\/kobietamiesiaca.pl\/wp-content\/uploads\/received_925813125102735-45x60.jpg 45w, https:\/\/kobietamiesiaca.pl\/wp-content\/uploads\/received_925813125102735.jpg 1532w\" sizes=\"auto, (max-width: 766px) 100vw, 766px\" \/><figcaption class=\"wp-element-caption\">Karolina Rykaczewska<\/figcaption><\/figure>\n\n\n\n<figure class=\"wp-block-image size-large is-style-rounded\"><img loading=\"lazy\" decoding=\"async\" width=\"683\" height=\"1024\" data-id=\"4711\" src=\"https:\/\/kobietamiesiaca.pl\/wp-content\/uploads\/GE4A9093-Edit-683x1024.jpg\" alt=\"\" class=\"wp-image-4711\" srcset=\"https:\/\/kobietamiesiaca.pl\/wp-content\/uploads\/GE4A9093-Edit-683x1024.jpg 683w, https:\/\/kobietamiesiaca.pl\/wp-content\/uploads\/GE4A9093-Edit-200x300.jpg 200w, https:\/\/kobietamiesiaca.pl\/wp-content\/uploads\/GE4A9093-Edit-100x150.jpg 100w, https:\/\/kobietamiesiaca.pl\/wp-content\/uploads\/GE4A9093-Edit-768x1152.jpg 768w, https:\/\/kobietamiesiaca.pl\/wp-content\/uploads\/GE4A9093-Edit-1024x1536.jpg 1024w, https:\/\/kobietamiesiaca.pl\/wp-content\/uploads\/GE4A9093-Edit-40x60.jpg 40w, https:\/\/kobietamiesiaca.pl\/wp-content\/uploads\/GE4A9093-Edit.jpg 1365w\" sizes=\"auto, (max-width: 683px) 100vw, 683px\" \/><figcaption class=\"wp-element-caption\">Klaudia Piecuch<\/figcaption><\/figure>\n\n\n\n<figure class=\"wp-block-image size-full is-style-rounded\"><img loading=\"lazy\" decoding=\"async\" width=\"1000\" height=\"1500\" data-id=\"282\" src=\"https:\/\/kobietamiesiaca.pl\/wp-content\/uploads\/Monia.jpg?v=1670436249\" alt=\"\" class=\"wp-image-282\" srcset=\"https:\/\/kobietamiesiaca.pl\/wp-content\/uploads\/Monia.jpg 1000w, https:\/\/kobietamiesiaca.pl\/wp-content\/uploads\/Monia-200x300.jpg 200w, https:\/\/kobietamiesiaca.pl\/wp-content\/uploads\/Monia-683x1024.jpg 683w, https:\/\/kobietamiesiaca.pl\/wp-content\/uploads\/Monia-100x150.jpg 100w, https:\/\/kobietamiesiaca.pl\/wp-content\/uploads\/Monia-768x1152.jpg 768w, https:\/\/kobietamiesiaca.pl\/wp-content\/uploads\/Monia-40x60.jpg 40w\" sizes=\"auto, (max-width: 1000px) 100vw, 1000px\" \/><figcaption class=\"wp-element-caption\">Monika Szumna<\/figcaption><\/figure>\n<\/figure>\n\n\n\n<p class=\"has-text-align-center wp-block-paragraph\"><em>oraz: <\/em><\/p>\n\n\n\n<figure class=\"wp-block-image aligncenter size-full is-style-rounded\"><img loading=\"lazy\" decoding=\"async\" width=\"2886\" height=\"1747\" src=\"https:\/\/kobietamiesiaca.pl\/wp-content\/uploads\/pexels-pixabay-356079.jpg?v=1680262933\" alt=\"\" class=\"wp-image-2425\" srcset=\"https:\/\/kobietamiesiaca.pl\/wp-content\/uploads\/pexels-pixabay-356079.jpg 2886w, https:\/\/kobietamiesiaca.pl\/wp-content\/uploads\/pexels-pixabay-356079-300x182.jpg 300w, https:\/\/kobietamiesiaca.pl\/wp-content\/uploads\/pexels-pixabay-356079-1024x620.jpg 1024w, https:\/\/kobietamiesiaca.pl\/wp-content\/uploads\/pexels-pixabay-356079-150x91.jpg 150w, https:\/\/kobietamiesiaca.pl\/wp-content\/uploads\/pexels-pixabay-356079-768x465.jpg 768w, https:\/\/kobietamiesiaca.pl\/wp-content\/uploads\/pexels-pixabay-356079-1536x930.jpg 1536w, https:\/\/kobietamiesiaca.pl\/wp-content\/uploads\/pexels-pixabay-356079-2048x1240.jpg 2048w, https:\/\/kobietamiesiaca.pl\/wp-content\/uploads\/pexels-pixabay-356079-99x60.jpg 99w\" sizes=\"auto, (max-width: 2886px) 100vw, 2886px\" \/><figcaption class=\"wp-element-caption\">Tajemniczy Juror<\/figcaption><\/figure>\n\n\n\n<p class=\"has-text-align-center has-medium-font-size wp-block-paragraph\"><strong><em>Wi\u0119cej informacji o Jury mo\u017cecie uzyska\u0107 klikaj\u0105c w <a href=\"https:\/\/kobietamiesiaca.pl\/?page_id=27\" data-type=\"URL\" data-id=\"https:\/\/kobietamiesiaca.pl\/?page_id=27\">JURY<\/a><\/em><\/strong><\/p>\n\n\n\n<p class=\"wp-block-paragraph\"><\/p>\n\n\n\n<hr class=\"wp-block-separator has-alpha-channel-opacity is-style-wide\"\/>\n\n\n\n<script async src=\"https:\/\/pagead2.googlesyndication.com\/pagead\/js\/adsbygoogle.js?client=ca-pub-7807412717815820\"\n     crossorigin=\"anonymous\"><\/script>\n<ins class=\"adsbygoogle\"\n     style=\"display:block; text-align:center;\"\n     data-ad-layout=\"in-article\"\n     data-ad-format=\"fluid\"\n     data-ad-client=\"ca-pub-7807412717815820\"\n     data-ad-slot=\"3267572451\"><\/ins>\n<script>\n     (adsbygoogle = window.adsbygoogle || []).push({});\n<\/script>\n\n\n\n<hr class=\"wp-block-separator has-alpha-channel-opacity is-style-wide\"\/>\n\n\n\n<hr class=\"wp-block-separator has-alpha-channel-opacity is-style-dots\"\/>\n\n\n\n<p class=\"has-text-align-center has-medium-font-size wp-block-paragraph\"><em>W pa\u017adziernikowej edycji Kandydatki walcz\u0105 o niesamowite nagrody! Zar\u00f3wno zwyci\u0119\u017cczyni g\u0142\u00f3wnego tytu\u0142u Kobieta Miesi\u0105ca, jak i laureatka tytu\u0142u komplementarnego Kobieta Miesi\u0105ca Publiczno\u015bci otrzymaj\u0105 pami\u0105tkow\u0105 szarf\u0119 inspirowan\u0105 konkursami pi\u0119kno\u015bci<\/em><em>.<\/em><\/p>\n\n\n\n<hr class=\"wp-block-separator has-alpha-channel-opacity is-style-dots\"\/>\n\n\n\n<p class=\"has-text-align-center has-medium-font-size wp-block-paragraph\"><em>Wszystkie trzy Panie znajduj\u0105ce si\u0119 na podium tej edycji, tj. zajmuj\u0105ce miejsca 1-3 zostan\u0105 r\u00f3wnie\u017c automatycznie zakwalifikowane do Plebiscytu Kobieta Roku. Ich zdj\u0119cia zostan\u0105 umieszczone w galerii znajduj\u0105cej si\u0119 w zak\u0142adce &#8222;Kobieta Roku&#8221;. <\/em><\/p>\n\n\n\n<hr class=\"wp-block-separator has-alpha-channel-opacity is-style-dots\"\/>\n\n\n\n<p class=\"has-text-align-center has-medium-font-size wp-block-paragraph\"><em>Wszystkie 6 Pa\u0144, tj. Top3 Kobiety Miesi\u0105ca oraz Top3 Kobiety Miesi\u0105ca Publiczno\u015bci otrzymaj\u0105 pami\u0105tkowe dyplomy.   <\/em><\/p>\n\n\n\n<p class=\"has-text-align-center has-medium-font-size wp-block-paragraph\"><\/p>\n\n\n\n<p class=\"wp-block-paragraph\"><\/p>\n\n\n\n<hr class=\"wp-block-separator has-alpha-channel-opacity is-style-wide\"\/>\n\n\n\n<script async src=\"https:\/\/pagead2.googlesyndication.com\/pagead\/js\/adsbygoogle.js?client=ca-pub-7807412717815820\"\n     crossorigin=\"anonymous\"><\/script>\n<ins class=\"adsbygoogle\"\n     style=\"display:block\"\n     data-ad-format=\"autorelaxed\"\n     data-ad-client=\"ca-pub-7807412717815820\"\n     data-ad-slot=\"2281793841\"><\/ins>\n<script>\n     (adsbygoogle = window.adsbygoogle || []).push({});\n<\/script>\n\n\n\n<hr class=\"wp-block-separator has-alpha-channel-opacity is-style-wide\"\/>\n","protected":false},"excerpt":{"rendered":"<p>Gar\u015b\u0107 informacji na temat pa\u017adziernikowej edycji Plebiscytu!<\/p>\n","protected":false},"author":2,"featured_media":1888,"comment_status":"closed","ping_status":"open","sticky":false,"template":"","format":"standard","meta":{"cybocfi_hide_featured_image":"yes","footnotes":""},"categories":[14,8],"tags":[],"coauthors":[34],"class_list":["post-4546","post","type-post","status-publish","format-standard","has-post-thumbnail","hentry","category-info","category-kandydatki"],"_links":{"self":[{"href":"https:\/\/kobietamiesiaca.pl\/index.php?rest_route=\/wp\/v2\/posts\/4546","targetHints":{"allow":["GET"]}}],"collection":[{"href":"https:\/\/kobietamiesiaca.pl\/index.php?rest_route=\/wp\/v2\/posts"}],"about":[{"href":"https:\/\/kobietamiesiaca.pl\/index.php?rest_route=\/wp\/v2\/types\/post"}],"author":[{"embeddable":true,"href":"https:\/\/kobietamiesiaca.pl\/index.php?rest_route=\/wp\/v2\/users\/2"}],"replies":[{"embeddable":true,"href":"https:\/\/kobietamiesiaca.pl\/index.php?rest_route=%2Fwp%2Fv2%2Fcomments&post=4546"}],"version-history":[{"count":3,"href":"https:\/\/kobietamiesiaca.pl\/index.php?rest_route=\/wp\/v2\/posts\/4546\/revisions"}],"predecessor-version":[{"id":4761,"href":"https:\/\/kobietamiesiaca.pl\/index.php?rest_route=\/wp\/v2\/posts\/4546\/revisions\/4761"}],"wp:featuredmedia":[{"embeddable":true,"href":"https:\/\/kobietamiesiaca.pl\/index.php?rest_route=\/wp\/v2\/media\/1888"}],"wp:attachment":[{"href":"https:\/\/kobietamiesiaca.pl\/index.php?rest_route=%2Fwp%2Fv2%2Fmedia&parent=4546"}],"wp:term":[{"taxonomy":"category","embeddable":true,"href":"https:\/\/kobietamiesiaca.pl\/index.php?rest_route=%2Fwp%2Fv2%2Fcategories&post=4546"},{"taxonomy":"post_tag","embeddable":true,"href":"https:\/\/kobietamiesiaca.pl\/index.php?rest_route=%2Fwp%2Fv2%2Ftags&post=4546"},{"taxonomy":"author","embeddable":true,"href":"https:\/\/kobietamiesiaca.pl\/index.php?rest_route=%2Fwp%2Fv2%2Fcoauthors&post=4546"}],"curies":[{"name":"wp","href":"https:\/\/api.w.org\/{rel}","templated":true}]}}