{"id":4741,"date":"2023-10-20T23:56:08","date_gmt":"2023-10-20T21:56:08","guid":{"rendered":"https:\/\/kobietamiesiaca.pl\/?p=4741"},"modified":"2023-10-28T17:19:46","modified_gmt":"2023-10-28T15:19:46","slug":"kobieta-miesiaca-publicznosci-pazdziernik-2023","status":"publish","type":"post","link":"https:\/\/kobietamiesiaca.pl\/?p=4741","title":{"rendered":"Kobieta Miesi\u0105ca Publiczno\u015bci: Pa\u017adziernik 2023"},"content":{"rendered":"\n<p class=\"has-text-align-center wp-block-paragraph\"><em>Tytu\u0142 komplementarny <strong>Kobieta Miesi\u0105ca Publiczno\u015bci<\/strong>, z liczb\u0105 g\u0142os\u00f3w <strong>138<\/strong>, otrzymuje: <\/em><\/p>\n\n\n\n<h1 class=\"wp-block-heading has-text-align-center\"><em>Natalia \u017bak<\/em><\/h1>\n\n\n\n<figure class=\"wp-block-image aligncenter size-large is-style-rounded\"><img loading=\"lazy\" decoding=\"async\" width=\"576\" height=\"1024\" src=\"https:\/\/kobietamiesiaca.pl\/wp-content\/uploads\/inbound7830163235169155684-576x1024.jpg\" alt=\"\" class=\"wp-image-4651\" srcset=\"https:\/\/kobietamiesiaca.pl\/wp-content\/uploads\/inbound7830163235169155684-576x1024.jpg 576w, https:\/\/kobietamiesiaca.pl\/wp-content\/uploads\/inbound7830163235169155684-169x300.jpg 169w, https:\/\/kobietamiesiaca.pl\/wp-content\/uploads\/inbound7830163235169155684-84x150.jpg 84w, https:\/\/kobietamiesiaca.pl\/wp-content\/uploads\/inbound7830163235169155684-34x60.jpg 34w, https:\/\/kobietamiesiaca.pl\/wp-content\/uploads\/inbound7830163235169155684.jpg 720w\" sizes=\"auto, (max-width: 576px) 100vw, 576px\" \/><figcaption class=\"wp-element-caption\">Natalia \u017bak<\/figcaption><\/figure>\n\n\n\n<blockquote class=\"wp-block-quote has-text-align-center is-layout-flow wp-block-quote-is-layout-flow\">\n<p class=\"wp-block-paragraph\"><\/p>\n<cite><em>&#8222;<\/em>Cze\u015b\u0107, mam na imi\u0119 Natalia.<br>Mam 23lat. Jestem mam\u0105 mojej przeuroczej 3 letniej Kornelki.<br>Jestem osob\u0105 szczer\u0105, u\u015bmiechni\u0119t\u0105, kt\u00f3ra uwielbia muzyk\u0119 i kocha zwierz\u0119ta.<em>&#8222;<\/em><\/cite><\/blockquote>\n\n\n\n<p class=\"has-text-align-center wp-block-paragraph\"><strong><em>W tym miesi\u0105cu, Laureatka Plebiscytu wygrywa dyplom oraz pami\u0105tkow\u0105 szarf\u0119 inspirowan\u0105 konkursami pi\u0119kno\u015bci.<\/em><\/strong><\/p>\n\n\n\n<h3 class=\"wp-block-heading has-text-align-center\"><em>Gratulujemy i zach\u0119camy do wzi\u0119cia udzia\u0142u w kolejnych edycjach Plebiscytu!<\/em><\/h3>\n\n\n\n<hr class=\"wp-block-separator has-alpha-channel-opacity is-style-wide\"\/>\n\n\n\n<script async src=\"https:\/\/pagead2.googlesyndication.com\/pagead\/js\/adsbygoogle.js?client=ca-pub-7807412717815820\"\n     crossorigin=\"anonymous\"><\/script>\n<ins class=\"adsbygoogle\"\n     style=\"display:block; text-align:center;\"\n     data-ad-layout=\"in-article\"\n     data-ad-format=\"fluid\"\n     data-ad-client=\"ca-pub-7807412717815820\"\n     data-ad-slot=\"3267572451\"><\/ins>\n<script>\n     (adsbygoogle = window.adsbygoogle || []).push({});\n<\/script>\n\n\n\n<hr class=\"wp-block-separator has-alpha-channel-opacity is-style-wide\"\/>\n","protected":false},"excerpt":{"rendered":"<p>Publiczno\u015b\u0107 wybra\u0142a swoj\u0105 laureatk\u0119 pa\u017adziernikowej edycji Plebiscytu<\/p>\n","protected":false},"author":2,"featured_media":4651,"comment_status":"open","ping_status":"open","sticky":false,"template":"","format":"standard","meta":{"cybocfi_hide_featured_image":"yes","footnotes":""},"categories":[14,16],"tags":[],"coauthors":[34],"class_list":["post-4741","post","type-post","status-publish","format-standard","has-post-thumbnail","hentry","category-info","category-kobieta-miesiaca-publicznosci"],"_links":{"self":[{"href":"https:\/\/kobietamiesiaca.pl\/index.php?rest_route=\/wp\/v2\/posts\/4741","targetHints":{"allow":["GET"]}}],"collection":[{"href":"https:\/\/kobietamiesiaca.pl\/index.php?rest_route=\/wp\/v2\/posts"}],"about":[{"href":"https:\/\/kobietamiesiaca.pl\/index.php?rest_route=\/wp\/v2\/types\/post"}],"author":[{"embeddable":true,"href":"https:\/\/kobietamiesiaca.pl\/index.php?rest_route=\/wp\/v2\/users\/2"}],"replies":[{"embeddable":true,"href":"https:\/\/kobietamiesiaca.pl\/index.php?rest_route=%2Fwp%2Fv2%2Fcomments&post=4741"}],"version-history":[{"count":3,"href":"https:\/\/kobietamiesiaca.pl\/index.php?rest_route=\/wp\/v2\/posts\/4741\/revisions"}],"predecessor-version":[{"id":4752,"href":"https:\/\/kobietamiesiaca.pl\/index.php?rest_route=\/wp\/v2\/posts\/4741\/revisions\/4752"}],"wp:featuredmedia":[{"embeddable":true,"href":"https:\/\/kobietamiesiaca.pl\/index.php?rest_route=\/wp\/v2\/media\/4651"}],"wp:attachment":[{"href":"https:\/\/kobietamiesiaca.pl\/index.php?rest_route=%2Fwp%2Fv2%2Fmedia&parent=4741"}],"wp:term":[{"taxonomy":"category","embeddable":true,"href":"https:\/\/kobietamiesiaca.pl\/index.php?rest_route=%2Fwp%2Fv2%2Fcategories&post=4741"},{"taxonomy":"post_tag","embeddable":true,"href":"https:\/\/kobietamiesiaca.pl\/index.php?rest_route=%2Fwp%2Fv2%2Ftags&post=4741"},{"taxonomy":"author","embeddable":true,"href":"https:\/\/kobietamiesiaca.pl\/index.php?rest_route=%2Fwp%2Fv2%2Fcoauthors&post=4741"}],"curies":[{"name":"wp","href":"https:\/\/api.w.org\/{rel}","templated":true}]}}