{"id":5001,"date":"2023-12-01T00:45:32","date_gmt":"2023-11-30T23:45:32","guid":{"rendered":"https:\/\/kobietamiesiaca.pl\/?p=5001"},"modified":"2023-12-01T00:45:32","modified_gmt":"2023-11-30T23:45:32","slug":"kobieta-miesiaca-listopad-2023","status":"publish","type":"post","link":"https:\/\/kobietamiesiaca.pl\/?p=5001","title":{"rendered":"Kobieta Miesi\u0105ca: Listopad 2023"},"content":{"rendered":"\n<p class=\"has-text-align-center wp-block-paragraph\" style=\"font-style:italic;font-weight:200\"><em>Laureatk\u0105 listopadowej edycji Kobiety Miesi\u0105ca zosta\u0142a:<\/em><\/p>\n\n\n\n<p class=\"has-text-align-center has-x-large-font-size wp-block-paragraph\" style=\"font-style:italic;font-weight:500\">Aneta S\u0142abicka<\/p>\n\n\n\n<figure class=\"wp-block-gallery has-nested-images columns-default is-cropped wp-block-gallery-1 is-layout-flex wp-block-gallery-is-layout-flex\">\n<figure class=\"wp-block-image size-full is-style-rounded\"><img loading=\"lazy\" decoding=\"async\" width=\"1638\" height=\"2048\" data-id=\"4933\" src=\"https:\/\/kobietamiesiaca.pl\/wp-content\/uploads\/inbound563080190029788205.jpg?v=1699482430\" alt=\"\" class=\"wp-image-4933\" srcset=\"https:\/\/kobietamiesiaca.pl\/wp-content\/uploads\/inbound563080190029788205.jpg 1638w, https:\/\/kobietamiesiaca.pl\/wp-content\/uploads\/inbound563080190029788205-240x300.jpg 240w, https:\/\/kobietamiesiaca.pl\/wp-content\/uploads\/inbound563080190029788205-819x1024.jpg 819w, https:\/\/kobietamiesiaca.pl\/wp-content\/uploads\/inbound563080190029788205-120x150.jpg 120w, https:\/\/kobietamiesiaca.pl\/wp-content\/uploads\/inbound563080190029788205-768x960.jpg 768w, https:\/\/kobietamiesiaca.pl\/wp-content\/uploads\/inbound563080190029788205-1229x1536.jpg 1229w, https:\/\/kobietamiesiaca.pl\/wp-content\/uploads\/inbound563080190029788205-480x600.jpg 480w, https:\/\/kobietamiesiaca.pl\/wp-content\/uploads\/inbound563080190029788205-48x60.jpg 48w\" sizes=\"auto, (max-width: 1638px) 100vw, 1638px\" \/><figcaption class=\"wp-element-caption\">Aneta S\u0142abicka<\/figcaption><\/figure>\n<\/figure>\n\n\n\n<blockquote class=\"wp-block-quote has-text-align-center is-layout-flow wp-block-quote-is-layout-flow\">\n<p class=\"wp-block-paragraph\"><\/p>\n<cite><em>&#8222;<\/em>Mieszkam w Karkonoszach, w jednym z najpi\u0119kniejszych region\u00f3w w Polsce. Przepi\u0119kne g\u00f3ry, kt\u00f3re oferuj\u0105 urocze szlaki, hucz\u0105ce wodospady, granitowe ska\u0142ki oraz liczne stoki narciarskie.<br>Jestem &#8222;filigranowa&#8221;, a kobiety o takiej figurze zazwyczaj wygl\u0105daj\u0105 dziewcz\u0119co, co jest pocieszaj\u0105ce w ka\u017cdym wieku. Wszystko ma jednak swoje plusy i minusy i trzeba si\u0119 nauczy\u0107, jak podkre\u015bla\u0107 atuty swojej sylwetki. Uwielbiam wysokie szpilki, i zgadzam si\u0119 z Coco Chanel: \u201eNie wiem, kto wynalaz\u0142 buty na wysokich obcasach, ale wszystkie kobiety zawdzi\u0119czaj\u0105 mu wiele\u201d.<br>Moje zainteresowania to dobra literatura (Carlos Ruiz Zaf\u00f3n, \u00c9ric-Emmanuel Schmitt, Paulo Coelho, Gabriel Garc\u00eda M\u00e1rquez), muzyka, bo bez niej nasze \u017cycie by\u0142oby puste, uwielbiam g\u00f3ry, morze, spacery. Pracuj\u0119 w bran\u017cy medycznej, wi\u0119c na co dzie\u0144 spotykam si\u0119 z wieloma problemami, staram si\u0119 do ka\u017cdego podchodzi\u0107 indywidualnie i z sercem.<br>Zg\u0142osi\u0142am sw\u00f3j udzia\u0142 do konkursu &#8222;Kobieta Miesi\u0105ca&#8221;, poniewa\u017c uwa\u017cam, \u017ce to \u015bwietny projekt, tworzony z pasj\u0105, mi\u0142o\u015bci\u0105, oddaniem i pokazuje nasz\u0105 kobieco\u015b\u0107, sensualno\u015b\u0107 i pi\u0119kno. Podobno ilu poet\u00f3w, tyle definicji kobieco\u015bci. Moja kobieco\u015b\u0107 to wra\u017cliwo\u015b\u0107, ale te\u017c si\u0142a z niej wynikaj\u0105ca, to moja to\u017csamo\u015b\u0107, co\u015b, co ci\u0105gle w sobie odkrywam. To \u017ar\u00f3d\u0142o, z kt\u00f3rego codziennie czerpi\u0119 energi\u0119, ch\u0142on\u0119 \u015bwiat i realizuj\u0119 si\u0119 na ka\u017cdej p\u0142aszczy\u017anie. Kobieco\u015b\u0107 to tak\u017ce akceptacja siebie, to kim jestem i jaka jestem. Kobieco\u015b\u0107 to r\u00f3wnie\u017c ogie\u0144, nami\u0119tno\u015b\u0107, delikatno\u015b\u0107, troska, czu\u0142o\u015b\u0107 i wyrozumia\u0142o\u015b\u0107. Potrafi\u0119 cieszy\u0107 si\u0119 z drobiazg\u00f3w, doceniam ulotne chwile i ka\u017cdego dnia jestem Power Woman!<em>&#8222;<\/em><\/cite><\/blockquote>\n\n\n\n<p class=\"has-text-align-center wp-block-paragraph\"><strong><em>W tym miesi\u0105cu, Laureatka Plebiscytu wygrywa dyplom oraz pami\u0105tkow\u0105 szarf\u0119 inspirowan\u0105 konkursami pi\u0119kno\u015bc<\/em><\/strong>i<strong><em>.<\/em><\/strong><\/p>\n\n\n\n<p class=\"has-text-align-center wp-block-paragraph\" style=\"font-size:25px\"><em>Gratulujemy wygranej i dzi\u0119kujemy za udzia\u0142 w Plebiscycie!<\/em><\/p>\n\n\n\n<hr class=\"wp-block-separator has-alpha-channel-opacity is-style-wide\"\/>\n\n\n\n<script async src=\"https:\/\/pagead2.googlesyndication.com\/pagead\/js\/adsbygoogle.js?client=ca-pub-7807412717815820\"\r\n     crossorigin=\"anonymous\"><\/script>\r\n<ins class=\"adsbygoogle\"\r\n     style=\"display:block; text-align:center;\"\r\n     data-ad-layout=\"in-article\"\r\n     data-ad-format=\"fluid\"\r\n     data-ad-client=\"ca-pub-7807412717815820\"\r\n     data-ad-slot=\"3267572451\"><\/ins>\r\n<script>\r\n     (adsbygoogle = window.adsbygoogle || []).push({});\r\n<\/script>\n\n\n\n<hr class=\"wp-block-separator has-alpha-channel-opacity is-style-wide\"\/>\n","protected":false},"excerpt":{"rendered":"<p>Przedstawiamy Laureatk\u0119 listopadowej edycji Plebiscytu Kobieta Miesi\u0105ca<\/p>\n","protected":false},"author":2,"featured_media":4933,"comment_status":"open","ping_status":"open","sticky":false,"template":"","format":"standard","meta":{"cybocfi_hide_featured_image":"yes","footnotes":""},"categories":[14,5],"tags":[],"coauthors":[34],"class_list":["post-5001","post","type-post","status-publish","format-standard","has-post-thumbnail","hentry","category-info","category-laureatki"],"_links":{"self":[{"href":"https:\/\/kobietamiesiaca.pl\/index.php?rest_route=\/wp\/v2\/posts\/5001","targetHints":{"allow":["GET"]}}],"collection":[{"href":"https:\/\/kobietamiesiaca.pl\/index.php?rest_route=\/wp\/v2\/posts"}],"about":[{"href":"https:\/\/kobietamiesiaca.pl\/index.php?rest_route=\/wp\/v2\/types\/post"}],"author":[{"embeddable":true,"href":"https:\/\/kobietamiesiaca.pl\/index.php?rest_route=\/wp\/v2\/users\/2"}],"replies":[{"embeddable":true,"href":"https:\/\/kobietamiesiaca.pl\/index.php?rest_route=%2Fwp%2Fv2%2Fcomments&post=5001"}],"version-history":[{"count":1,"href":"https:\/\/kobietamiesiaca.pl\/index.php?rest_route=\/wp\/v2\/posts\/5001\/revisions"}],"predecessor-version":[{"id":5002,"href":"https:\/\/kobietamiesiaca.pl\/index.php?rest_route=\/wp\/v2\/posts\/5001\/revisions\/5002"}],"wp:featuredmedia":[{"embeddable":true,"href":"https:\/\/kobietamiesiaca.pl\/index.php?rest_route=\/wp\/v2\/media\/4933"}],"wp:attachment":[{"href":"https:\/\/kobietamiesiaca.pl\/index.php?rest_route=%2Fwp%2Fv2%2Fmedia&parent=5001"}],"wp:term":[{"taxonomy":"category","embeddable":true,"href":"https:\/\/kobietamiesiaca.pl\/index.php?rest_route=%2Fwp%2Fv2%2Fcategories&post=5001"},{"taxonomy":"post_tag","embeddable":true,"href":"https:\/\/kobietamiesiaca.pl\/index.php?rest_route=%2Fwp%2Fv2%2Ftags&post=5001"},{"taxonomy":"author","embeddable":true,"href":"https:\/\/kobietamiesiaca.pl\/index.php?rest_route=%2Fwp%2Fv2%2Fcoauthors&post=5001"}],"curies":[{"name":"wp","href":"https:\/\/api.w.org\/{rel}","templated":true}]}}