{"id":5003,"date":"2023-12-01T00:50:26","date_gmt":"2023-11-30T23:50:26","guid":{"rendered":"https:\/\/kobietamiesiaca.pl\/?p=5003"},"modified":"2024-02-05T22:49:43","modified_gmt":"2024-02-05T21:49:43","slug":"kobieta-miesiaca-publicznosci-listopad-2023","status":"publish","type":"post","link":"https:\/\/kobietamiesiaca.pl\/?p=5003","title":{"rendered":"Kobieta Miesi\u0105ca Publiczno\u015bci: Listopad 2023"},"content":{"rendered":"\n<p class=\"has-text-align-center wp-block-paragraph\"><em>Tytu\u0142 komplementarny <strong>Kobieta Miesi\u0105ca Publiczno\u015bci<\/strong>, z liczb\u0105 g\u0142os\u00f3w <strong>16<\/strong>, otrzymuje: <\/em><\/p>\n\n\n\n<h1 class=\"wp-block-heading has-text-align-center\"><em>Wiktoria Leska<\/em><\/h1>\n\n\n\n<figure class=\"wp-block-image aligncenter size-full is-style-rounded\"><img loading=\"lazy\" decoding=\"async\" width=\"1365\" height=\"2048\" src=\"https:\/\/kobietamiesiaca.pl\/wp-content\/uploads\/IMG_6548-2048.jpg\" alt=\"\" class=\"wp-image-4852\" srcset=\"https:\/\/kobietamiesiaca.pl\/wp-content\/uploads\/IMG_6548-2048.jpg 1365w, https:\/\/kobietamiesiaca.pl\/wp-content\/uploads\/IMG_6548-2048-200x300.jpg 200w, https:\/\/kobietamiesiaca.pl\/wp-content\/uploads\/IMG_6548-2048-683x1024.jpg 683w, https:\/\/kobietamiesiaca.pl\/wp-content\/uploads\/IMG_6548-2048-100x150.jpg 100w, https:\/\/kobietamiesiaca.pl\/wp-content\/uploads\/IMG_6548-2048-768x1152.jpg 768w, https:\/\/kobietamiesiaca.pl\/wp-content\/uploads\/IMG_6548-2048-1024x1536.jpg 1024w, https:\/\/kobietamiesiaca.pl\/wp-content\/uploads\/IMG_6548-2048-40x60.jpg 40w\" sizes=\"auto, (max-width: 1365px) 100vw, 1365px\" \/><figcaption class=\"wp-element-caption\">Wiktoria Leska<\/figcaption><\/figure>\n\n\n\n<blockquote class=\"wp-block-quote has-text-align-center is-layout-flow wp-block-quote-is-layout-flow\">\n<p class=\"wp-block-paragraph\"><\/p>\n<cite><em>&#8222;Hej!Mam 18 lat ,interesuje si\u0119 photomodelingiem,sztukami walki,uwielbiam tak\u017ce sport<br>Lubi\u0119 podejmowa\u0107 si\u0119 nowych wyzwa\u0144.<br>Od paru miesi\u0119cy zg\u0142aszam si\u0119 do konkursu i fajnie by by\u0142o,jakby w ko\u0144cu si\u0119 uda\u0142o spe\u0142ni\u0107 ten cel ,zostanie kobieta miesi\u0105ca<br>B\u0119d\u0119 wdzi\u0119czna za oddanie g\u0142osu&#8221;<\/em><\/cite><\/blockquote>\n\n\n\n<p class=\"has-text-align-center wp-block-paragraph\"><strong><em>W tym miesi\u0105cu, Laureatka Plebiscytu wygrywa dyplom oraz pami\u0105tkow\u0105 szarf\u0119 inspirowan\u0105 konkursami pi\u0119kno\u015bci.<\/em><\/strong><\/p>\n\n\n\n<h3 class=\"wp-block-heading has-text-align-center\"><em>Gratulujemy i zach\u0119camy do wzi\u0119cia udzia\u0142u w kolejnych edycjach Plebiscytu!<\/em><\/h3>\n\n\n\n<hr class=\"wp-block-separator has-alpha-channel-opacity is-style-wide\"\/>\n\n\n\n<script async src=\"https:\/\/pagead2.googlesyndication.com\/pagead\/js\/adsbygoogle.js?client=ca-pub-7807412717815820\"\r\n     crossorigin=\"anonymous\"><\/script>\r\n<ins class=\"adsbygoogle\"\r\n     style=\"display:block; text-align:center;\"\r\n     data-ad-layout=\"in-article\"\r\n     data-ad-format=\"fluid\"\r\n     data-ad-client=\"ca-pub-7807412717815820\"\r\n     data-ad-slot=\"3267572451\"><\/ins>\r\n<script>\r\n     (adsbygoogle = window.adsbygoogle || []).push({});\r\n<\/script>\n\n\n\n<hr class=\"wp-block-separator has-alpha-channel-opacity is-style-wide\"\/>\n","protected":false},"excerpt":{"rendered":"<p>Publiczno\u015b\u0107 wybra\u0142a swoj\u0105 laureatk\u0119 listopadowej edycji Plebiscytu<\/p>\n","protected":false},"author":2,"featured_media":5004,"comment_status":"open","ping_status":"open","sticky":false,"template":"","format":"standard","meta":{"cybocfi_hide_featured_image":"yes","footnotes":""},"categories":[14,16],"tags":[],"coauthors":[32,51],"class_list":["post-5003","post","type-post","status-publish","format-standard","has-post-thumbnail","hentry","category-info","category-kobieta-miesiaca-publicznosci"],"_links":{"self":[{"href":"https:\/\/kobietamiesiaca.pl\/index.php?rest_route=\/wp\/v2\/posts\/5003","targetHints":{"allow":["GET"]}}],"collection":[{"href":"https:\/\/kobietamiesiaca.pl\/index.php?rest_route=\/wp\/v2\/posts"}],"about":[{"href":"https:\/\/kobietamiesiaca.pl\/index.php?rest_route=\/wp\/v2\/types\/post"}],"author":[{"embeddable":true,"href":"https:\/\/kobietamiesiaca.pl\/index.php?rest_route=\/wp\/v2\/users\/2"}],"replies":[{"embeddable":true,"href":"https:\/\/kobietamiesiaca.pl\/index.php?rest_route=%2Fwp%2Fv2%2Fcomments&post=5003"}],"version-history":[{"count":2,"href":"https:\/\/kobietamiesiaca.pl\/index.php?rest_route=\/wp\/v2\/posts\/5003\/revisions"}],"predecessor-version":[{"id":5008,"href":"https:\/\/kobietamiesiaca.pl\/index.php?rest_route=\/wp\/v2\/posts\/5003\/revisions\/5008"}],"wp:featuredmedia":[{"embeddable":true,"href":"https:\/\/kobietamiesiaca.pl\/index.php?rest_route=\/wp\/v2\/media\/5004"}],"wp:attachment":[{"href":"https:\/\/kobietamiesiaca.pl\/index.php?rest_route=%2Fwp%2Fv2%2Fmedia&parent=5003"}],"wp:term":[{"taxonomy":"category","embeddable":true,"href":"https:\/\/kobietamiesiaca.pl\/index.php?rest_route=%2Fwp%2Fv2%2Fcategories&post=5003"},{"taxonomy":"post_tag","embeddable":true,"href":"https:\/\/kobietamiesiaca.pl\/index.php?rest_route=%2Fwp%2Fv2%2Ftags&post=5003"},{"taxonomy":"author","embeddable":true,"href":"https:\/\/kobietamiesiaca.pl\/index.php?rest_route=%2Fwp%2Fv2%2Fcoauthors&post=5003"}],"curies":[{"name":"wp","href":"https:\/\/api.w.org\/{rel}","templated":true}]}}