{"id":5280,"date":"2023-12-19T08:00:00","date_gmt":"2023-12-19T07:00:00","guid":{"rendered":"https:\/\/kobietamiesiaca.pl\/?p=5280"},"modified":"2024-02-01T10:26:59","modified_gmt":"2024-02-01T09:26:59","slug":"kobieta-miesiaca-grudzien-2023","status":"publish","type":"post","link":"https:\/\/kobietamiesiaca.pl\/?p=5280","title":{"rendered":"Kobieta Miesi\u0105ca: Grudzie\u0144 2023"},"content":{"rendered":"\n<p class=\"has-text-align-center wp-block-paragraph\" style=\"font-style:italic;font-weight:200\"><em>Laureatk\u0105 grudniowej edycji Kobiety Miesi\u0105ca zosta\u0142a:<\/em><\/p>\n\n\n\n<p class=\"has-text-align-center wp-block-paragraph\" style=\"font-size:42px;font-style:italic;font-weight:500\"><em>Maria J\u00f3\u017awicka<\/em><\/p>\n\n\n\n<figure class=\"wp-block-gallery has-nested-images columns-default is-cropped wp-block-gallery-1 is-layout-flex wp-block-gallery-is-layout-flex\">\n<figure class=\"wp-block-image size-full is-style-rounded\"><img loading=\"lazy\" decoding=\"async\" width=\"2681\" height=\"3353\" data-id=\"5150\" src=\"https:\/\/kobietamiesiaca.pl\/wp-content\/uploads\/inbound7346746248323729583.jpg\" alt=\"\" class=\"wp-image-5150\" srcset=\"https:\/\/kobietamiesiaca.pl\/wp-content\/uploads\/inbound7346746248323729583.jpg 2681w, https:\/\/kobietamiesiaca.pl\/wp-content\/uploads\/inbound7346746248323729583-240x300.jpg 240w, https:\/\/kobietamiesiaca.pl\/wp-content\/uploads\/inbound7346746248323729583-819x1024.jpg 819w, https:\/\/kobietamiesiaca.pl\/wp-content\/uploads\/inbound7346746248323729583-120x150.jpg 120w, https:\/\/kobietamiesiaca.pl\/wp-content\/uploads\/inbound7346746248323729583-768x961.jpg 768w, https:\/\/kobietamiesiaca.pl\/wp-content\/uploads\/inbound7346746248323729583-1228x1536.jpg 1228w, https:\/\/kobietamiesiaca.pl\/wp-content\/uploads\/inbound7346746248323729583-1638x2048.jpg 1638w, https:\/\/kobietamiesiaca.pl\/wp-content\/uploads\/inbound7346746248323729583-480x600.jpg 480w, https:\/\/kobietamiesiaca.pl\/wp-content\/uploads\/inbound7346746248323729583-48x60.jpg 48w\" sizes=\"auto, (max-width: 2681px) 100vw, 2681px\" \/><\/figure>\n<\/figure>\n\n\n\n<blockquote class=\"wp-block-quote has-text-align-center is-layout-flow wp-block-quote-is-layout-flow\">\n<p class=\"wp-block-paragraph\"><\/p>\n<cite><em>&#8222;Obecnie pracuje na Wydziale Studi\u00f3w Spo\u0142ecznych w Gda\u0144sku jako specjalista ds promocji oraz nauczyciel akademicki. Interesuje sie social mediami oraz fotomodelingiem. Modeling jest moj\u0105 pasj\u0105, ale r\u00f3wnie\u017c prac\u0105 dodatkow\u0105. \u00a0Uwielbiam ca\u0142y proces przygotowa\u0144 do sesji zdj\u0119ciowych jak i samo pozowanie. Rodzina jest dla mnie jedn\u0105 z najwa\u017cniejszych warto\u015bci. W wolnym czasie lubie spotyka\u0107 sie z przyjaci\u00f3\u0142mi i spacerowa\u0107. Raz w tygodniu ucz\u0119szczam r\u00f3wnie\u017c na zaj\u0119cia pole dance.&#8221;<\/em><\/cite><\/blockquote>\n\n\n\n<p class=\"has-text-align-center wp-block-paragraph\"><strong><em>W tym miesi\u0105cu, Laureatka Plebiscytu wygrywa dyplom oraz pami\u0105tkow\u0105 szarf\u0119 inspirowan\u0105 konkursami pi\u0119kno\u015bc<\/em><\/strong>i<strong><em>.<\/em><\/strong><\/p>\n\n\n\n<p class=\"has-text-align-center wp-block-paragraph\" style=\"font-size:25px\"><em>Gratulujemy wygranej i dzi\u0119kujemy za udzia\u0142 w Plebiscycie!<\/em><\/p>\n\n\n\n<hr class=\"wp-block-separator has-alpha-channel-opacity is-style-wide\"\/>\n\n\n\n<script async src=\"https:\/\/pagead2.googlesyndication.com\/pagead\/js\/adsbygoogle.js?client=ca-pub-7807412717815820\"\r\n     crossorigin=\"anonymous\"><\/script>\r\n<ins class=\"adsbygoogle\"\r\n     style=\"display:block; text-align:center;\"\r\n     data-ad-layout=\"in-article\"\r\n     data-ad-format=\"fluid\"\r\n     data-ad-client=\"ca-pub-7807412717815820\"\r\n     data-ad-slot=\"3267572451\"><\/ins>\r\n<script>\r\n     (adsbygoogle = window.adsbygoogle || []).push({});\r\n<\/script>\n\n\n\n<hr class=\"wp-block-separator has-alpha-channel-opacity is-style-wide\"\/>\n","protected":false},"excerpt":{"rendered":"<p>Przedstawiamy Laureatk\u0119 grudniowej edycji Plebiscytu Kobieta Miesi\u0105ca<\/p>\n","protected":false},"author":2,"featured_media":5150,"comment_status":"open","ping_status":"open","sticky":false,"template":"","format":"standard","meta":{"cybocfi_hide_featured_image":"yes","footnotes":""},"categories":[14,5],"tags":[],"coauthors":[32],"class_list":["post-5280","post","type-post","status-publish","format-standard","has-post-thumbnail","hentry","category-info","category-laureatki"],"_links":{"self":[{"href":"https:\/\/kobietamiesiaca.pl\/index.php?rest_route=\/wp\/v2\/posts\/5280","targetHints":{"allow":["GET"]}}],"collection":[{"href":"https:\/\/kobietamiesiaca.pl\/index.php?rest_route=\/wp\/v2\/posts"}],"about":[{"href":"https:\/\/kobietamiesiaca.pl\/index.php?rest_route=\/wp\/v2\/types\/post"}],"author":[{"embeddable":true,"href":"https:\/\/kobietamiesiaca.pl\/index.php?rest_route=\/wp\/v2\/users\/2"}],"replies":[{"embeddable":true,"href":"https:\/\/kobietamiesiaca.pl\/index.php?rest_route=%2Fwp%2Fv2%2Fcomments&post=5280"}],"version-history":[{"count":1,"href":"https:\/\/kobietamiesiaca.pl\/index.php?rest_route=\/wp\/v2\/posts\/5280\/revisions"}],"predecessor-version":[{"id":5281,"href":"https:\/\/kobietamiesiaca.pl\/index.php?rest_route=\/wp\/v2\/posts\/5280\/revisions\/5281"}],"wp:featuredmedia":[{"embeddable":true,"href":"https:\/\/kobietamiesiaca.pl\/index.php?rest_route=\/wp\/v2\/media\/5150"}],"wp:attachment":[{"href":"https:\/\/kobietamiesiaca.pl\/index.php?rest_route=%2Fwp%2Fv2%2Fmedia&parent=5280"}],"wp:term":[{"taxonomy":"category","embeddable":true,"href":"https:\/\/kobietamiesiaca.pl\/index.php?rest_route=%2Fwp%2Fv2%2Fcategories&post=5280"},{"taxonomy":"post_tag","embeddable":true,"href":"https:\/\/kobietamiesiaca.pl\/index.php?rest_route=%2Fwp%2Fv2%2Ftags&post=5280"},{"taxonomy":"author","embeddable":true,"href":"https:\/\/kobietamiesiaca.pl\/index.php?rest_route=%2Fwp%2Fv2%2Fcoauthors&post=5280"}],"curies":[{"name":"wp","href":"https:\/\/api.w.org\/{rel}","templated":true}]}}