{"id":5410,"date":"2023-12-20T18:00:00","date_gmt":"2023-12-20T17:00:00","guid":{"rendered":"https:\/\/kobietamiesiaca.pl\/?p=5410"},"modified":"2023-12-20T18:13:16","modified_gmt":"2023-12-20T17:13:16","slug":"rozpoczelismy-pierwszy-etap-glosowania-na-kobiete-roku","status":"publish","type":"post","link":"https:\/\/kobietamiesiaca.pl\/?p=5410","title":{"rendered":"Rozpocz\u0119li\u015bmy pierwszy etap g\u0142osowania na Kobiet\u0119 Roku!"},"content":{"rendered":"\n<hr class=\"wp-block-separator has-alpha-channel-opacity is-style-wide\"\/>\n\n\n\n<h2 class=\"wp-block-heading has-text-align-center has-medium-font-size\"><em>Dzi\u015b o godzinie 18:00 rozpocz\u0119li\u015bmy <\/em>pierwszy etap g\u0142osowania na Kobiet\u0119 Roku<em>. Zar\u00f3wno nasze Jury jak i Publiczno\u015b\u0107 maj\u0105 teraz trudne zadanie. A je\u017celi ju\u017c m\u00f3wimy o Jury, to sp\u00f3jrzmy na jego sk\u0142ad:  <\/em><\/h2>\n\n\n\n<p class=\"has-text-align-center wp-block-paragraph\"><\/p>\n\n\n\n<div class=\"wp-block-columns is-layout-flex wp-container-core-columns-is-layout-7387b849 wp-block-columns-is-layout-flex\">\n<div class=\"wp-block-column is-layout-flow wp-block-column-is-layout-flow\"><p>[oxilab_flip_box id=&#8221;8&#8243;]<\/p>\n<\/div>\n\n\n\n<div class=\"wp-block-column is-layout-flow wp-block-column-is-layout-flow\"><p>[oxilab_flip_box id=&#8221;9&#8243;]<\/p>\n<\/div>\n<\/div>\n\n\n\n<div class=\"wp-block-group has-global-padding is-layout-constrained wp-block-group-is-layout-constrained\">\n<div class=\"wp-block-columns is-layout-flex wp-container-core-columns-is-layout-7387b849 wp-block-columns-is-layout-flex\">\n<div class=\"wp-block-column is-layout-flow wp-block-column-is-layout-flow\"><p>[oxilab_flip_box id=&#8221;10&#8243;]<\/p>\n<\/div>\n\n\n\n<div class=\"wp-block-column is-layout-flow wp-block-column-is-layout-flow\"><p>[oxilab_flip_box id=&#8221;1&#8243;]<\/p>\n<\/div>\n<\/div>\n<\/div>\n\n\n\n<hr class=\"wp-block-separator has-alpha-channel-opacity is-style-dots\"\/>\n\n\n\n<p class=\"has-text-align-center has-medium-font-size wp-block-paragraph\"><em>W pierwszym etapie Kandydatki b\u0119d\u0105 walczy\u0142y o miejsce w Wielkim Finale, do kt\u00f3rego przejdzie tylko dziesi\u0119\u0107 z Nich. Wp\u0142yw na wynik ko\u0144cowy maj\u0105 nie tylko Jurorzy, ale i Publiczno\u015b\u0107. To dzi\u0119ki Waszym g\u0142osom Kandydatki maj\u0105 szans\u0119 wygra\u0107 atrakcyjne nagrody. Pierwszy etap potrwa od godziny <strong>18:00 20 grudnia<\/strong>, do godziny <strong>18:00 21 grudnia<\/strong>. <\/em><\/p>\n\n\n\n<hr class=\"wp-block-separator has-alpha-channel-opacity is-style-dots\"\/>\n\n\n\n<p class=\"has-text-align-center has-medium-font-size wp-block-paragraph\"><em><strong>21 grudnia o godzinie 20:00<\/strong> przedstawimy list\u0119 10. Finalistek. Nast\u0119pnie Panie powalcz\u0105 o tytu\u0142 Kobiety Roku w drugim etapie. <\/em><\/p>\n\n\n\n<hr class=\"wp-block-separator has-alpha-channel-opacity is-style-dots\"\/>\n\n\n\n<p class=\"has-text-align-center has-medium-font-size wp-block-paragraph\"><em>Drugi etap to 48 godzinne g\u0142osowanie Juror\u00f3w i Publiczno\u015bci, kt\u00f3re rozpocznie si\u0119 <strong>21 grudnia o godzinie 21:00<\/strong>. Spo\u015br\u00f3d 10. Finalistek wybierzemy trzy, kt\u00f3re otrzymaj\u0105 atrakcyjne nagrody. <\/em><\/p>\n\n\n\n<figure class=\"wp-block-image aligncenter size-large is-resized\"><img loading=\"lazy\" decoding=\"async\" width=\"1024\" height=\"1012\" src=\"https:\/\/kobietamiesiaca.pl\/wp-content\/uploads\/WhatsApp-Image-2023-12-20-at-17.06.39-1024x1012.jpeg?v=1703089056\" alt=\"\" class=\"wp-image-5411\" style=\"width:410px;height:auto\" srcset=\"https:\/\/kobietamiesiaca.pl\/wp-content\/uploads\/WhatsApp-Image-2023-12-20-at-17.06.39-1024x1012.jpeg 1024w, https:\/\/kobietamiesiaca.pl\/wp-content\/uploads\/WhatsApp-Image-2023-12-20-at-17.06.39-300x296.jpeg 300w, https:\/\/kobietamiesiaca.pl\/wp-content\/uploads\/WhatsApp-Image-2023-12-20-at-17.06.39-150x148.jpeg 150w, https:\/\/kobietamiesiaca.pl\/wp-content\/uploads\/WhatsApp-Image-2023-12-20-at-17.06.39-768x759.jpeg 768w, https:\/\/kobietamiesiaca.pl\/wp-content\/uploads\/WhatsApp-Image-2023-12-20-at-17.06.39-61x60.jpeg 61w, https:\/\/kobietamiesiaca.pl\/wp-content\/uploads\/WhatsApp-Image-2023-12-20-at-17.06.39.jpeg 1073w\" sizes=\"auto, (max-width: 1024px) 100vw, 1024px\" \/><\/figure>\n\n\n\n<p class=\"has-text-align-center wp-block-paragraph\"><em>Zdobywczynie trzeciego i drugiego miejsca otrzymaj\u0105 korony oraz pami\u0105tkowe dyplomy. <\/em><\/p>\n\n\n\n<hr class=\"wp-block-separator has-alpha-channel-opacity is-style-dots\"\/>\n\n\n\n<figure class=\"wp-block-gallery has-nested-images columns-4 is-cropped wp-block-gallery-1 is-layout-flex wp-block-gallery-is-layout-flex\">\n<figure class=\"wp-block-image size-large\"><img loading=\"lazy\" decoding=\"async\" width=\"1024\" height=\"1011\" data-id=\"5413\" src=\"https:\/\/kobietamiesiaca.pl\/wp-content\/uploads\/WhatsApp-Image-2023-12-20-at-17.06.39-1-1024x1011.jpeg?v=1703089140\" alt=\"\" class=\"wp-image-5413\" srcset=\"https:\/\/kobietamiesiaca.pl\/wp-content\/uploads\/WhatsApp-Image-2023-12-20-at-17.06.39-1-1024x1011.jpeg 1024w, https:\/\/kobietamiesiaca.pl\/wp-content\/uploads\/WhatsApp-Image-2023-12-20-at-17.06.39-1-300x296.jpeg 300w, https:\/\/kobietamiesiaca.pl\/wp-content\/uploads\/WhatsApp-Image-2023-12-20-at-17.06.39-1-150x148.jpeg 150w, https:\/\/kobietamiesiaca.pl\/wp-content\/uploads\/WhatsApp-Image-2023-12-20-at-17.06.39-1-768x758.jpeg 768w, https:\/\/kobietamiesiaca.pl\/wp-content\/uploads\/WhatsApp-Image-2023-12-20-at-17.06.39-1-61x60.jpeg 61w, https:\/\/kobietamiesiaca.pl\/wp-content\/uploads\/WhatsApp-Image-2023-12-20-at-17.06.39-1.jpeg 1080w\" sizes=\"auto, (max-width: 1024px) 100vw, 1024px\" \/><\/figure>\n\n\n\n<figure class=\"wp-block-image size-large\"><img loading=\"lazy\" decoding=\"async\" width=\"831\" height=\"1024\" data-id=\"5415\" src=\"https:\/\/kobietamiesiaca.pl\/wp-content\/uploads\/WhatsApp-Image-2023-12-19-at-21.51.19-1-831x1024.jpeg?v=1703089255\" alt=\"\" class=\"wp-image-5415\" srcset=\"https:\/\/kobietamiesiaca.pl\/wp-content\/uploads\/WhatsApp-Image-2023-12-19-at-21.51.19-1-831x1024.jpeg 831w, https:\/\/kobietamiesiaca.pl\/wp-content\/uploads\/WhatsApp-Image-2023-12-19-at-21.51.19-1-243x300.jpeg 243w, https:\/\/kobietamiesiaca.pl\/wp-content\/uploads\/WhatsApp-Image-2023-12-19-at-21.51.19-1-122x150.jpeg 122w, https:\/\/kobietamiesiaca.pl\/wp-content\/uploads\/WhatsApp-Image-2023-12-19-at-21.51.19-1-768x947.jpeg 768w, https:\/\/kobietamiesiaca.pl\/wp-content\/uploads\/WhatsApp-Image-2023-12-19-at-21.51.19-1-1246x1536.jpeg 1246w, https:\/\/kobietamiesiaca.pl\/wp-content\/uploads\/WhatsApp-Image-2023-12-19-at-21.51.19-1-49x60.jpeg 49w, https:\/\/kobietamiesiaca.pl\/wp-content\/uploads\/WhatsApp-Image-2023-12-19-at-21.51.19-1.jpeg 1272w\" sizes=\"auto, (max-width: 831px) 100vw, 831px\" \/><\/figure>\n\n\n\n<figure class=\"wp-block-image size-large\"><img loading=\"lazy\" decoding=\"async\" width=\"1024\" height=\"1024\" data-id=\"5416\" src=\"https:\/\/kobietamiesiaca.pl\/wp-content\/uploads\/WhatsApp-Image-2023-12-19-at-21.51.19-1024x1024.jpeg?v=1703089260\" alt=\"\" class=\"wp-image-5416\" srcset=\"https:\/\/kobietamiesiaca.pl\/wp-content\/uploads\/WhatsApp-Image-2023-12-19-at-21.51.19-1024x1024.jpeg 1024w, https:\/\/kobietamiesiaca.pl\/wp-content\/uploads\/WhatsApp-Image-2023-12-19-at-21.51.19-300x300.jpeg 300w, https:\/\/kobietamiesiaca.pl\/wp-content\/uploads\/WhatsApp-Image-2023-12-19-at-21.51.19-150x150.jpeg 150w, https:\/\/kobietamiesiaca.pl\/wp-content\/uploads\/WhatsApp-Image-2023-12-19-at-21.51.19-768x768.jpeg 768w, https:\/\/kobietamiesiaca.pl\/wp-content\/uploads\/WhatsApp-Image-2023-12-19-at-21.51.19-60x60.jpeg 60w, https:\/\/kobietamiesiaca.pl\/wp-content\/uploads\/WhatsApp-Image-2023-12-19-at-21.51.19.jpeg 1080w\" sizes=\"auto, (max-width: 1024px) 100vw, 1024px\" \/><\/figure>\n\n\n\n<figure class=\"wp-block-image size-large\"><img loading=\"lazy\" decoding=\"async\" width=\"1024\" height=\"1024\" data-id=\"5417\" src=\"https:\/\/kobietamiesiaca.pl\/wp-content\/uploads\/WhatsApp-Image-2023-12-19-at-21.51.20-1024x1024.jpeg?v=1703089266\" alt=\"\" class=\"wp-image-5417\" srcset=\"https:\/\/kobietamiesiaca.pl\/wp-content\/uploads\/WhatsApp-Image-2023-12-19-at-21.51.20-1024x1024.jpeg 1024w, https:\/\/kobietamiesiaca.pl\/wp-content\/uploads\/WhatsApp-Image-2023-12-19-at-21.51.20-300x300.jpeg 300w, https:\/\/kobietamiesiaca.pl\/wp-content\/uploads\/WhatsApp-Image-2023-12-19-at-21.51.20-150x150.jpeg 150w, https:\/\/kobietamiesiaca.pl\/wp-content\/uploads\/WhatsApp-Image-2023-12-19-at-21.51.20-768x768.jpeg 768w, https:\/\/kobietamiesiaca.pl\/wp-content\/uploads\/WhatsApp-Image-2023-12-19-at-21.51.20-60x60.jpeg 60w, https:\/\/kobietamiesiaca.pl\/wp-content\/uploads\/WhatsApp-Image-2023-12-19-at-21.51.20.jpeg 1080w\" sizes=\"auto, (max-width: 1024px) 100vw, 1024px\" \/><\/figure>\n\n\n\n<figure class=\"wp-block-image size-large\"><img loading=\"lazy\" decoding=\"async\" width=\"1024\" height=\"150\" data-id=\"5431\" src=\"https:\/\/kobietamiesiaca.pl\/wp-content\/uploads\/WhatsApp-Image-2023-12-20-at-17.18.25-1024x150.jpeg?v=1703090291\" alt=\"\" class=\"wp-image-5431\" srcset=\"https:\/\/kobietamiesiaca.pl\/wp-content\/uploads\/WhatsApp-Image-2023-12-20-at-17.18.25-1024x150.jpeg 1024w, https:\/\/kobietamiesiaca.pl\/wp-content\/uploads\/WhatsApp-Image-2023-12-20-at-17.18.25-300x44.jpeg 300w, https:\/\/kobietamiesiaca.pl\/wp-content\/uploads\/WhatsApp-Image-2023-12-20-at-17.18.25-150x22.jpeg 150w, https:\/\/kobietamiesiaca.pl\/wp-content\/uploads\/WhatsApp-Image-2023-12-20-at-17.18.25-768x112.jpeg 768w, https:\/\/kobietamiesiaca.pl\/wp-content\/uploads\/WhatsApp-Image-2023-12-20-at-17.18.25-1536x225.jpeg 1536w, https:\/\/kobietamiesiaca.pl\/wp-content\/uploads\/WhatsApp-Image-2023-12-20-at-17.18.25-410x60.jpeg 410w, https:\/\/kobietamiesiaca.pl\/wp-content\/uploads\/WhatsApp-Image-2023-12-20-at-17.18.25.jpeg 1600w\" sizes=\"auto, (max-width: 1024px) 100vw, 1024px\" \/><\/figure>\n<\/figure>\n\n\n\n<p class=\"has-text-align-center wp-block-paragraph\"><em>Zdobywczyni tytu\u0142u Kobieta Roku otrzyma koron\u0119, <strong>ekskluzywny zestaw kosmetyk\u00f3w J&#8217;nay Beauty<\/strong>, dyplom oraz szarf\u0119 inspirowan\u0105 konkursami pi\u0119kno\u015bci\u00a0. <\/em><\/p>\n\n\n\n<p class=\"has-text-align-center wp-block-paragraph\"><strong><em><mark style=\"background-color:rgba(0, 0, 0, 0)\" class=\"has-inline-color has-black-color\">Zestaw kosmetyk\u00f3w zosta\u0142 ufundowany przez:<\/mark><\/em><\/strong><\/p>\n\n\n\n<figure class=\"wp-block-image aligncenter size-full\"><a href=\"https:\/\/www.jnaybeauty.com\" target=\"_blank\" rel=\"noreferrer noopener\"><img loading=\"lazy\" decoding=\"async\" width=\"238\" height=\"238\" src=\"https:\/\/kobietamiesiaca.pl\/wp-content\/uploads\/5.webp\" alt=\"\" class=\"wp-image-5418\" srcset=\"https:\/\/kobietamiesiaca.pl\/wp-content\/uploads\/5.webp 238w, https:\/\/kobietamiesiaca.pl\/wp-content\/uploads\/5-150x150.webp 150w, https:\/\/kobietamiesiaca.pl\/wp-content\/uploads\/5-60x60.webp 60w\" sizes=\"auto, (max-width: 238px) 100vw, 238px\" \/><\/a><\/figure>\n\n\n\n<hr class=\"wp-block-separator has-alpha-channel-opacity is-style-dots\"\/>\n\n\n\n<p class=\"has-text-align-center has-medium-font-size wp-block-paragraph\"><em><strong>Wyniki ko\u0144cowe zostan\u0105 opublikowane 24 grudnia o godzinie 20:00<\/strong><\/em><\/p>\n\n\n\n<hr class=\"wp-block-separator has-alpha-channel-opacity is-style-dots\"\/>\n\n\n\n<p class=\"has-text-align-center has-medium-font-size wp-block-paragraph\"><em><strong>Zasady oceniania<\/strong><\/em><\/p>\n\n\n\n<p class=\"has-text-align-center wp-block-paragraph\"><em>Zar\u00f3wno w pierwszym jak i w drugim etapie Jurorzy oceniaj\u0105 Kandydatki w skali 1-10. Publiczno\u015b\u0107 g\u0142osuje poprzez klikanie gwiazdek pod zdj\u0119ciem swojej faworytki. Im wi\u0119cej zebranych gwiazdek &#8211; tym wi\u0119cej punkt\u00f3w dodanych do konta Kandydatki. Punkty od Publiczno\u015bci przeliczane s\u0105 w spos\u00f3b nast\u0119puj\u0105cy: <\/em><\/p>\n\n\n\n<p class=\"wp-block-paragraph\"><em>Maksymalna mo\u017cliwa do zdobycia ilo\u015b\u0107 punkt\u00f3w od Jury  w pojedynczym etapie to 40. Zdobywczyni najwi\u0119kszej liczby gwiazdek dostaje dodatkowe 10 punkt\u00f3w do klasyfikacji etapu. Na ka\u017cdym etapie mo\u017cna wi\u0119c zdoby\u0107 maksymalnie 50 punk\u00f3w. Daje to \u0142\u0105czn\u0105 not\u0119 maksymaln\u0105 w wysoko\u015bci 100 punkt\u00f3w.<\/em><\/p>\n\n\n\n<p class=\"wp-block-paragraph\"><em>Po zako\u0144czeniu pierwszego g\u0142osowania do drugiego etapu przechodzi 10 Kandydatek. W przypadku takiej samej liczby punkt\u00f3w u dw\u00f3ch lub wi\u0119cej Kandydatek, do fina\u0142u przejdzie ta, kt\u00f3ra zebra\u0142a wi\u0119cej punkt\u00f3w w g\u0142osowaniu Juror\u00f3w. <\/em><\/p>\n\n\n\n<p class=\"wp-block-paragraph\"><em>Zwyci\u0119\u017cczyni\u0105 tytu\u0142u Kobieta Roku zostanie Kandydatka, kt\u00f3ra zdob\u0119dzie najwy\u017csz\u0105 \u0142\u0105czn\u0105 not\u0119, tj. zbierze najwi\u0119cej punkt\u00f3w w pierwszym i drugim etapie \u0142\u0105cznie. W przypadku takiej samej liczby punkt\u00f3w w klasyfikacji generalnej o przyznaniu nagrody zdecyduje Organizator.  <\/em><\/p>\n\n\n\n<hr class=\"wp-block-separator has-alpha-channel-opacity is-style-dots\"\/>\n\n\n\n<p class=\"wp-block-paragraph\"><em>Poni\u017cej publikujemy dwie infografiki zawieraj\u0105ce podstawowe informacje na temat Plebiscytu Kobieta Roku:<\/em><\/p>\n\n\n\n<p class=\"wp-block-paragraph\"><em> <\/em><\/p>\n\n\n\n<figure class=\"wp-block-gallery has-nested-images columns-default is-cropped wp-block-gallery-2 is-layout-flex wp-block-gallery-is-layout-flex\">\n<figure class=\"wp-block-image size-large\"><a href=\"https:\/\/kobietamiesiaca.pl\/wp-content\/uploads\/Terminarz-Kobieta-Roku.png\" target=\"_blank\" rel=\"noopener\"><img loading=\"lazy\" decoding=\"async\" width=\"585\" height=\"1024\" data-id=\"5435\" src=\"https:\/\/kobietamiesiaca.pl\/wp-content\/uploads\/Terminarz-Kobieta-Roku-585x1024.png?v=1703091054\" alt=\"\" class=\"wp-image-5435\" srcset=\"https:\/\/kobietamiesiaca.pl\/wp-content\/uploads\/Terminarz-Kobieta-Roku-585x1024.png 585w, https:\/\/kobietamiesiaca.pl\/wp-content\/uploads\/Terminarz-Kobieta-Roku-171x300.png 171w, https:\/\/kobietamiesiaca.pl\/wp-content\/uploads\/Terminarz-Kobieta-Roku-86x150.png 86w, https:\/\/kobietamiesiaca.pl\/wp-content\/uploads\/Terminarz-Kobieta-Roku-768x1344.png 768w, https:\/\/kobietamiesiaca.pl\/wp-content\/uploads\/Terminarz-Kobieta-Roku-34x60.png 34w, https:\/\/kobietamiesiaca.pl\/wp-content\/uploads\/Terminarz-Kobieta-Roku.png 800w\" sizes=\"auto, (max-width: 585px) 100vw, 585px\" \/><\/a><figcaption class=\"wp-element-caption\">Terminarz<\/figcaption><\/figure>\n\n\n\n<figure class=\"wp-block-image size-large\"><a href=\"https:\/\/kobietamiesiaca.pl\/wp-content\/uploads\/KR-Infografika.png\" target=\"_blank\" rel=\"noopener\"><img loading=\"lazy\" decoding=\"async\" width=\"410\" height=\"1024\" data-id=\"5434\" src=\"https:\/\/kobietamiesiaca.pl\/wp-content\/uploads\/KR-Infografika-410x1024.png?v=1703091047\" alt=\"\" class=\"wp-image-5434\" srcset=\"https:\/\/kobietamiesiaca.pl\/wp-content\/uploads\/KR-Infografika-410x1024.png 410w, https:\/\/kobietamiesiaca.pl\/wp-content\/uploads\/KR-Infografika-120x300.png 120w, https:\/\/kobietamiesiaca.pl\/wp-content\/uploads\/KR-Infografika-60x150.png 60w, https:\/\/kobietamiesiaca.pl\/wp-content\/uploads\/KR-Infografika-768x1920.png 768w, https:\/\/kobietamiesiaca.pl\/wp-content\/uploads\/KR-Infografika-24x60.png 24w, https:\/\/kobietamiesiaca.pl\/wp-content\/uploads\/KR-Infografika.png 800w\" sizes=\"auto, (max-width: 410px) 100vw, 410px\" \/><\/a><figcaption class=\"wp-element-caption\">Podstawowe informacje<\/figcaption><\/figure>\n<\/figure>\n\n\n\n<hr class=\"wp-block-separator has-alpha-channel-opacity is-style-wide\"\/>\n","protected":false},"excerpt":{"rendered":"<p>Dzi\u015b o godzinie 18:00 rozpocz\u0119li\u015bmy pierwszy etap g\u0142osowania na Kobiet\u0119 Roku. Zar\u00f3wno nasze Jury jak<\/p>\n","protected":false},"author":2,"featured_media":966,"comment_status":"open","ping_status":"open","sticky":false,"template":"","format":"standard","meta":{"cybocfi_hide_featured_image":"yes","footnotes":""},"categories":[14],"tags":[],"coauthors":[34],"class_list":["post-5410","post","type-post","status-publish","format-standard","has-post-thumbnail","hentry","category-info"],"_links":{"self":[{"href":"https:\/\/kobietamiesiaca.pl\/index.php?rest_route=\/wp\/v2\/posts\/5410","targetHints":{"allow":["GET"]}}],"collection":[{"href":"https:\/\/kobietamiesiaca.pl\/index.php?rest_route=\/wp\/v2\/posts"}],"about":[{"href":"https:\/\/kobietamiesiaca.pl\/index.php?rest_route=\/wp\/v2\/types\/post"}],"author":[{"embeddable":true,"href":"https:\/\/kobietamiesiaca.pl\/index.php?rest_route=\/wp\/v2\/users\/2"}],"replies":[{"embeddable":true,"href":"https:\/\/kobietamiesiaca.pl\/index.php?rest_route=%2Fwp%2Fv2%2Fcomments&post=5410"}],"version-history":[{"count":9,"href":"https:\/\/kobietamiesiaca.pl\/index.php?rest_route=\/wp\/v2\/posts\/5410\/revisions"}],"predecessor-version":[{"id":5439,"href":"https:\/\/kobietamiesiaca.pl\/index.php?rest_route=\/wp\/v2\/posts\/5410\/revisions\/5439"}],"wp:featuredmedia":[{"embeddable":true,"href":"https:\/\/kobietamiesiaca.pl\/index.php?rest_route=\/wp\/v2\/media\/966"}],"wp:attachment":[{"href":"https:\/\/kobietamiesiaca.pl\/index.php?rest_route=%2Fwp%2Fv2%2Fmedia&parent=5410"}],"wp:term":[{"taxonomy":"category","embeddable":true,"href":"https:\/\/kobietamiesiaca.pl\/index.php?rest_route=%2Fwp%2Fv2%2Fcategories&post=5410"},{"taxonomy":"post_tag","embeddable":true,"href":"https:\/\/kobietamiesiaca.pl\/index.php?rest_route=%2Fwp%2Fv2%2Ftags&post=5410"},{"taxonomy":"author","embeddable":true,"href":"https:\/\/kobietamiesiaca.pl\/index.php?rest_route=%2Fwp%2Fv2%2Fcoauthors&post=5410"}],"curies":[{"name":"wp","href":"https:\/\/api.w.org\/{rel}","templated":true}]}}