{"id":5610,"date":"2023-12-21T20:00:00","date_gmt":"2023-12-21T19:00:00","guid":{"rendered":"https:\/\/kobietamiesiaca.pl\/?p=5610"},"modified":"2024-07-01T20:42:31","modified_gmt":"2024-07-01T18:42:31","slug":"wyniki-pierwszego-etapu-glosowania-w-plebiscycie-kobieta-roku","status":"publish","type":"post","link":"https:\/\/kobietamiesiaca.pl\/?p=5610","title":{"rendered":"Wyniki pierwszego etapu g\u0142osowania w Plebiscycie Kobieta Roku."},"content":{"rendered":"\n<hr class=\"wp-block-separator has-alpha-channel-opacity is-style-wide\"\/>\n\n\n\n<h2 class=\"wp-block-heading has-text-align-center has-medium-font-size\">Aby wybra\u0107 Kobiet\u0119 Roku potrzeba zar\u00f3wno g\u0142os\u00f3w Juror\u00f3w jak i Waszych &#8211; Publiczno\u015bci. Je\u015bli chodzi o Juror\u00f3w, to s\u0105 nimi: <\/h2>\n\n\n\n<div class=\"wp-block-columns is-layout-flex wp-container-core-columns-is-layout-7387b849 wp-block-columns-is-layout-flex\">\n<div class=\"wp-block-column is-layout-flow wp-block-column-is-layout-flow\">\n<div class=\"wp-block-group is-vertical is-layout-flex wp-container-core-group-is-layout-2c90304e wp-block-group-is-layout-flex\"><p>[oxilab_flip_box id=&#8221;8&#8243;]<\/p>\n\n\n<p>[oxilab_flip_box id=&#8221;10&#8243;]<\/p>\n<\/div>\n<\/div>\n\n\n\n<div class=\"wp-block-column is-layout-flow wp-block-column-is-layout-flow\">\n<div class=\"wp-block-group is-vertical is-layout-flex wp-container-core-group-is-layout-2c90304e wp-block-group-is-layout-flex\"><p>[oxilab_flip_box id=&#8221;9&#8243;]<\/p>\n\n\n<p>[oxilab_flip_box id=&#8221;1&#8243;]<\/p>\n<\/div>\n<\/div>\n<\/div>\n\n\n\n<hr class=\"wp-block-separator has-alpha-channel-opacity is-style-wide\"\/>\n\n\n\n<h1 class=\"wp-block-heading has-text-align-center\"><em>Wyniki G\u0142osowania<\/em><\/h1>\n\n\n\n<hr class=\"wp-block-separator has-alpha-channel-opacity is-style-dots\"\/>\n\n\n\n<div class=\"wp-block-media-text alignwide is-stacked-on-mobile\" style=\"grid-template-columns:22% auto\"><figure class=\"wp-block-media-text__media\"><img loading=\"lazy\" decoding=\"async\" width=\"683\" height=\"1024\" src=\"https:\/\/kobietamiesiaca.pl\/wp-content\/uploads\/Agata_Wendorff_dowolne-683x1024.jpg\" alt=\"\" class=\"wp-image-2079 size-full\" srcset=\"https:\/\/kobietamiesiaca.pl\/wp-content\/uploads\/Agata_Wendorff_dowolne-683x1024.jpg 683w, https:\/\/kobietamiesiaca.pl\/wp-content\/uploads\/Agata_Wendorff_dowolne-200x300.jpg 200w, https:\/\/kobietamiesiaca.pl\/wp-content\/uploads\/Agata_Wendorff_dowolne-100x150.jpg 100w, https:\/\/kobietamiesiaca.pl\/wp-content\/uploads\/Agata_Wendorff_dowolne-768x1152.jpg 768w, https:\/\/kobietamiesiaca.pl\/wp-content\/uploads\/Agata_Wendorff_dowolne-1024x1536.jpg 1024w, https:\/\/kobietamiesiaca.pl\/wp-content\/uploads\/Agata_Wendorff_dowolne-1365x2048.jpg 1365w, https:\/\/kobietamiesiaca.pl\/wp-content\/uploads\/Agata_Wendorff_dowolne-40x60.jpg 40w\" sizes=\"auto, (max-width: 683px) 100vw, 683px\" \/><\/figure><div class=\"wp-block-media-text__content\">\n<h1 class=\"wp-block-heading\"><em>1. Agata Wendorff<\/em><\/h1>\n\n\n\n<h3 class=\"wp-block-heading\"><em>Liczba punkt\u00f3w 40\/50<\/em><\/h3>\n\n\n\n<h6 class=\"wp-block-heading\"><em><strong>Punkty uzyskane w g\u0142osowaniu Jury:<\/strong> <strong> <\/strong>35<\/em><\/h6>\n\n\n\n<h6 class=\"wp-block-heading\"><em><strong>Punkty uzyskane w g\u0142osowaniu Publiczno\u015bci:<\/strong> <\/em>5<\/h6>\n<\/div><\/div>\n\n\n\n<hr class=\"wp-block-separator has-alpha-channel-opacity is-style-dots\"\/>\n\n\n\n<div class=\"wp-block-media-text alignwide is-stacked-on-mobile\" style=\"grid-template-columns:22% auto\"><figure class=\"wp-block-media-text__media\"><img loading=\"lazy\" decoding=\"async\" width=\"996\" height=\"1024\" src=\"https:\/\/kobietamiesiaca.pl\/wp-content\/uploads\/Karolina_Stawicka_sylwetka-1-996x1024.jpg\" alt=\"\" class=\"wp-image-2271 size-full\" srcset=\"https:\/\/kobietamiesiaca.pl\/wp-content\/uploads\/Karolina_Stawicka_sylwetka-1-996x1024.jpg 996w, https:\/\/kobietamiesiaca.pl\/wp-content\/uploads\/Karolina_Stawicka_sylwetka-1-292x300.jpg 292w, https:\/\/kobietamiesiaca.pl\/wp-content\/uploads\/Karolina_Stawicka_sylwetka-1-146x150.jpg 146w, https:\/\/kobietamiesiaca.pl\/wp-content\/uploads\/Karolina_Stawicka_sylwetka-1-768x790.jpg 768w, https:\/\/kobietamiesiaca.pl\/wp-content\/uploads\/Karolina_Stawicka_sylwetka-1-1494x1536.jpg 1494w, https:\/\/kobietamiesiaca.pl\/wp-content\/uploads\/Karolina_Stawicka_sylwetka-1-1991x2048.jpg 1991w, https:\/\/kobietamiesiaca.pl\/wp-content\/uploads\/Karolina_Stawicka_sylwetka-1-58x60.jpg 58w\" sizes=\"auto, (max-width: 996px) 100vw, 996px\" \/><\/figure><div class=\"wp-block-media-text__content\">\n<h1 class=\"wp-block-heading\"><em>2. Karolina Stawicka<\/em><\/h1>\n\n\n\n<h3 class=\"wp-block-heading\"><em>Liczba punkt\u00f3w 39\/50<\/em><\/h3>\n\n\n\n<h6 class=\"wp-block-heading\"><em><strong>Punkty uzyskane w g\u0142osowaniu Jury:<\/strong> <strong> <\/strong>31<\/em><\/h6>\n\n\n\n<h6 class=\"wp-block-heading\"><em><strong>Punkty uzyskane w g\u0142osowaniu Publiczno\u015bci:<\/strong> <\/em>8<\/h6>\n<\/div><\/div>\n\n\n\n<hr class=\"wp-block-separator has-alpha-channel-opacity is-style-dots\"\/>\n\n\n\n<div class=\"wp-block-media-text alignwide is-stacked-on-mobile\" style=\"grid-template-columns:22% auto\"><figure class=\"wp-block-media-text__media\"><img loading=\"lazy\" decoding=\"async\" width=\"819\" height=\"1024\" src=\"https:\/\/kobietamiesiaca.pl\/wp-content\/uploads\/Ewelina_Witkowska_dowolne-819x1024.jpeg\" alt=\"\" class=\"wp-image-2061 size-full\" srcset=\"https:\/\/kobietamiesiaca.pl\/wp-content\/uploads\/Ewelina_Witkowska_dowolne-819x1024.jpeg 819w, https:\/\/kobietamiesiaca.pl\/wp-content\/uploads\/Ewelina_Witkowska_dowolne-240x300.jpeg 240w, https:\/\/kobietamiesiaca.pl\/wp-content\/uploads\/Ewelina_Witkowska_dowolne-120x150.jpeg 120w, https:\/\/kobietamiesiaca.pl\/wp-content\/uploads\/Ewelina_Witkowska_dowolne-768x960.jpeg 768w, https:\/\/kobietamiesiaca.pl\/wp-content\/uploads\/Ewelina_Witkowska_dowolne-480x600.jpeg 480w, https:\/\/kobietamiesiaca.pl\/wp-content\/uploads\/Ewelina_Witkowska_dowolne-48x60.jpeg 48w, https:\/\/kobietamiesiaca.pl\/wp-content\/uploads\/Ewelina_Witkowska_dowolne.jpeg 1080w\" sizes=\"auto, (max-width: 819px) 100vw, 819px\" \/><\/figure><div class=\"wp-block-media-text__content\">\n<h1 class=\"wp-block-heading\"><em>3. Ewelina Witkowska<\/em><\/h1>\n\n\n\n<h3 class=\"wp-block-heading\"><em>Liczba punkt\u00f3w 35\/50<\/em><\/h3>\n\n\n\n<h6 class=\"wp-block-heading\"><em><strong>Punkty uzyskane w g\u0142osowaniu Jury:<\/strong> <strong> <\/strong>3<\/em>5<\/h6>\n\n\n\n<h6 class=\"wp-block-heading\"><em><strong>Punkty uzyskane w g\u0142osowaniu Publiczno\u015bci:<\/strong> <\/em>0<\/h6>\n<\/div><\/div>\n\n\n\n<hr class=\"wp-block-separator has-alpha-channel-opacity is-style-dots\"\/>\n\n\n\n<div class=\"wp-block-media-text alignwide is-stacked-on-mobile\" style=\"grid-template-columns:22% auto\"><figure class=\"wp-block-media-text__media\"><img loading=\"lazy\" decoding=\"async\" width=\"683\" height=\"1024\" src=\"https:\/\/kobietamiesiaca.pl\/wp-content\/uploads\/img-5434-1-683x1024.jpg\" alt=\"\" class=\"wp-image-3883 size-full\" srcset=\"https:\/\/kobietamiesiaca.pl\/wp-content\/uploads\/img-5434-1-683x1024.jpg 683w, https:\/\/kobietamiesiaca.pl\/wp-content\/uploads\/img-5434-1-200x300.jpg 200w, https:\/\/kobietamiesiaca.pl\/wp-content\/uploads\/img-5434-1-100x150.jpg 100w, https:\/\/kobietamiesiaca.pl\/wp-content\/uploads\/img-5434-1-768x1152.jpg 768w, https:\/\/kobietamiesiaca.pl\/wp-content\/uploads\/img-5434-1-1024x1536.jpg 1024w, https:\/\/kobietamiesiaca.pl\/wp-content\/uploads\/img-5434-1-40x60.jpg 40w, https:\/\/kobietamiesiaca.pl\/wp-content\/uploads\/img-5434-1.jpg 1365w\" sizes=\"auto, (max-width: 683px) 100vw, 683px\" \/><\/figure><div class=\"wp-block-media-text__content\">\n<h1 class=\"wp-block-heading\"><em>4. Klaudia Gromczak<\/em><\/h1>\n\n\n\n<h3 class=\"wp-block-heading\"><em>Liczba punkt\u00f3w 35\/50<\/em><\/h3>\n\n\n\n<h6 class=\"wp-block-heading\"><em><strong>Punkty uzyskane w g\u0142osowaniu Jury:<\/strong> <strong> <\/strong>3<\/em>5<\/h6>\n\n\n\n<h6 class=\"wp-block-heading\"><em><strong>Punkty uzyskane w g\u0142osowaniu Publiczno\u015bci:<\/strong> <\/em>0<\/h6>\n<\/div><\/div>\n\n\n\n<hr class=\"wp-block-separator has-alpha-channel-opacity is-style-dots\"\/>\n\n\n\n<div class=\"wp-block-media-text alignwide is-stacked-on-mobile\" style=\"grid-template-columns:22% auto\"><figure class=\"wp-block-media-text__media\"><img loading=\"lazy\" decoding=\"async\" width=\"769\" height=\"1024\" src=\"https:\/\/kobietamiesiaca.pl\/wp-content\/uploads\/KlaudiaJanas1-769x1024.jpg\" alt=\"\" class=\"wp-image-1639 size-full\" srcset=\"https:\/\/kobietamiesiaca.pl\/wp-content\/uploads\/KlaudiaJanas1-769x1024.jpg 769w, https:\/\/kobietamiesiaca.pl\/wp-content\/uploads\/KlaudiaJanas1-225x300.jpg 225w, https:\/\/kobietamiesiaca.pl\/wp-content\/uploads\/KlaudiaJanas1-113x150.jpg 113w, https:\/\/kobietamiesiaca.pl\/wp-content\/uploads\/KlaudiaJanas1-768x1023.jpg 768w, https:\/\/kobietamiesiaca.pl\/wp-content\/uploads\/KlaudiaJanas1-45x60.jpg 45w, https:\/\/kobietamiesiaca.pl\/wp-content\/uploads\/KlaudiaJanas1.jpg 1080w\" sizes=\"auto, (max-width: 769px) 100vw, 769px\" \/><\/figure><div class=\"wp-block-media-text__content\">\n<h1 class=\"wp-block-heading\"><em>5. Klaudia Janas<\/em><\/h1>\n\n\n\n<h3 class=\"wp-block-heading\"><em>Liczba punkt\u00f3w 34\/50<\/em><\/h3>\n\n\n\n<h6 class=\"wp-block-heading\"><em><strong>Punkty uzyskane w g\u0142osowaniu Jury:<\/strong> <strong> <\/strong>3<\/em>4<\/h6>\n\n\n\n<h6 class=\"wp-block-heading\"><em><strong>Punkty uzyskane w g\u0142osowaniu Publiczno\u015bci:<\/strong> <\/em>0<\/h6>\n<\/div><\/div>\n\n\n\n<hr class=\"wp-block-separator has-alpha-channel-opacity is-style-dots\"\/>\n\n\n\n<div class=\"wp-block-media-text alignwide is-stacked-on-mobile\" style=\"grid-template-columns:22% auto\"><figure class=\"wp-block-media-text__media\"><img loading=\"lazy\" decoding=\"async\" width=\"852\" height=\"1024\" src=\"https:\/\/kobietamiesiaca.pl\/wp-content\/uploads\/Anna_Paterak_dowolne-852x1024.jpg\" alt=\"\" class=\"wp-image-2351 size-full\" srcset=\"https:\/\/kobietamiesiaca.pl\/wp-content\/uploads\/Anna_Paterak_dowolne-852x1024.jpg 852w, https:\/\/kobietamiesiaca.pl\/wp-content\/uploads\/Anna_Paterak_dowolne-250x300.jpg 250w, https:\/\/kobietamiesiaca.pl\/wp-content\/uploads\/Anna_Paterak_dowolne-125x150.jpg 125w, https:\/\/kobietamiesiaca.pl\/wp-content\/uploads\/Anna_Paterak_dowolne-768x923.jpg 768w, https:\/\/kobietamiesiaca.pl\/wp-content\/uploads\/Anna_Paterak_dowolne-1278x1536.jpg 1278w, https:\/\/kobietamiesiaca.pl\/wp-content\/uploads\/Anna_Paterak_dowolne-1704x2048.jpg 1704w, https:\/\/kobietamiesiaca.pl\/wp-content\/uploads\/Anna_Paterak_dowolne-50x60.jpg 50w\" sizes=\"auto, (max-width: 852px) 100vw, 852px\" \/><\/figure><div class=\"wp-block-media-text__content\">\n<h1 class=\"wp-block-heading\"><em>6. Anna Paterak<\/em><\/h1>\n\n\n\n<h3 class=\"wp-block-heading\"><em>Liczba punkt\u00f3w 33\/50<\/em><\/h3>\n\n\n\n<h6 class=\"wp-block-heading\"><em><strong>Punkty uzyskane w g\u0142osowaniu Jury:<\/strong> <strong> <\/strong>3<\/em>3<\/h6>\n\n\n\n<h6 class=\"wp-block-heading\"><em><strong>Punkty uzyskane w g\u0142osowaniu Publiczno\u015bci:<\/strong> <\/em>0<\/h6>\n<\/div><\/div>\n\n\n\n<hr class=\"wp-block-separator has-alpha-channel-opacity is-style-dots\"\/>\n\n\n\n<div class=\"wp-block-media-text alignwide is-stacked-on-mobile\" style=\"grid-template-columns:22% auto\"><figure class=\"wp-block-media-text__media\"><img loading=\"lazy\" decoding=\"async\" width=\"819\" height=\"1024\" src=\"https:\/\/kobietamiesiaca.pl\/wp-content\/uploads\/IMG_9302-819x1024.jpeg\" alt=\"\" class=\"wp-image-5083 size-full\" srcset=\"https:\/\/kobietamiesiaca.pl\/wp-content\/uploads\/IMG_9302-819x1024.jpeg 819w, https:\/\/kobietamiesiaca.pl\/wp-content\/uploads\/IMG_9302-240x300.jpeg 240w, https:\/\/kobietamiesiaca.pl\/wp-content\/uploads\/IMG_9302-120x150.jpeg 120w, https:\/\/kobietamiesiaca.pl\/wp-content\/uploads\/IMG_9302-768x960.jpeg 768w, https:\/\/kobietamiesiaca.pl\/wp-content\/uploads\/IMG_9302-1229x1536.jpeg 1229w, https:\/\/kobietamiesiaca.pl\/wp-content\/uploads\/IMG_9302-1638x2048.jpeg 1638w, https:\/\/kobietamiesiaca.pl\/wp-content\/uploads\/IMG_9302-480x600.jpeg 480w, https:\/\/kobietamiesiaca.pl\/wp-content\/uploads\/IMG_9302-48x60.jpeg 48w\" sizes=\"auto, (max-width: 819px) 100vw, 819px\" \/><\/figure><div class=\"wp-block-media-text__content\">\n<h1 class=\"wp-block-heading\"><em>7. Weronika Pliszczy\u0144ska<\/em><\/h1>\n\n\n\n<h3 class=\"wp-block-heading\"><em>Liczba punkt\u00f3w 33\/50<\/em><\/h3>\n\n\n\n<h6 class=\"wp-block-heading\"><em><strong>Punkty uzyskane w g\u0142osowaniu Jury:<\/strong> <strong> <\/strong><\/em>26<\/h6>\n\n\n\n<h6 class=\"wp-block-heading\"><em><strong>Punkty uzyskane w g\u0142osowaniu Publiczno\u015bci:<\/strong> <\/em>8<\/h6>\n<\/div><\/div>\n\n\n\n<hr class=\"wp-block-separator has-alpha-channel-opacity is-style-dots\"\/>\n\n\n\n<div class=\"wp-block-media-text alignwide is-stacked-on-mobile\" style=\"grid-template-columns:22% auto\"><figure class=\"wp-block-media-text__media\"><img loading=\"lazy\" decoding=\"async\" width=\"817\" height=\"1024\" src=\"https:\/\/kobietamiesiaca.pl\/wp-content\/uploads\/inbound3046597391900031279-817x1024.jpg\" alt=\"\" class=\"wp-image-2494 size-full\" srcset=\"https:\/\/kobietamiesiaca.pl\/wp-content\/uploads\/inbound3046597391900031279-817x1024.jpg 817w, https:\/\/kobietamiesiaca.pl\/wp-content\/uploads\/inbound3046597391900031279-239x300.jpg 239w, https:\/\/kobietamiesiaca.pl\/wp-content\/uploads\/inbound3046597391900031279-120x150.jpg 120w, https:\/\/kobietamiesiaca.pl\/wp-content\/uploads\/inbound3046597391900031279-768x963.jpg 768w, https:\/\/kobietamiesiaca.pl\/wp-content\/uploads\/inbound3046597391900031279-1226x1536.jpg 1226w, https:\/\/kobietamiesiaca.pl\/wp-content\/uploads\/inbound3046597391900031279-1634x2048.jpg 1634w, https:\/\/kobietamiesiaca.pl\/wp-content\/uploads\/inbound3046597391900031279-48x60.jpg 48w\" sizes=\"auto, (max-width: 817px) 100vw, 817px\" \/><\/figure><div class=\"wp-block-media-text__content\">\n<h1 class=\"wp-block-heading\"><em>8. Aldona Mesyszyn<\/em><\/h1>\n\n\n\n<h3 class=\"wp-block-heading\"><em>Liczba punkt\u00f3w 32\/50<\/em><\/h3>\n\n\n\n<h6 class=\"wp-block-heading\"><em><strong>Punkty uzyskane w g\u0142osowaniu Jury:<\/strong> <strong> <\/strong>3<\/em>2<\/h6>\n\n\n\n<h6 class=\"wp-block-heading\"><em><strong>Punkty uzyskane w g\u0142osowaniu Publiczno\u015bci:<\/strong> <\/em>0<\/h6>\n<\/div><\/div>\n\n\n\n<hr class=\"wp-block-separator has-alpha-channel-opacity is-style-dots\"\/>\n\n\n\n<div class=\"wp-block-media-text alignwide is-stacked-on-mobile\" style=\"grid-template-columns:22% auto\"><figure class=\"wp-block-media-text__media\"><img loading=\"lazy\" decoding=\"async\" width=\"717\" height=\"1024\" src=\"https:\/\/kobietamiesiaca.pl\/wp-content\/uploads\/inbound935773998097131901-717x1024.jpg\" alt=\"\" class=\"wp-image-4213 size-full\" srcset=\"https:\/\/kobietamiesiaca.pl\/wp-content\/uploads\/inbound935773998097131901-717x1024.jpg 717w, https:\/\/kobietamiesiaca.pl\/wp-content\/uploads\/inbound935773998097131901-210x300.jpg 210w, https:\/\/kobietamiesiaca.pl\/wp-content\/uploads\/inbound935773998097131901-105x150.jpg 105w, https:\/\/kobietamiesiaca.pl\/wp-content\/uploads\/inbound935773998097131901-768x1097.jpg 768w, https:\/\/kobietamiesiaca.pl\/wp-content\/uploads\/inbound935773998097131901-1075x1536.jpg 1075w, https:\/\/kobietamiesiaca.pl\/wp-content\/uploads\/inbound935773998097131901-1433x2048.jpg 1433w, https:\/\/kobietamiesiaca.pl\/wp-content\/uploads\/inbound935773998097131901-42x60.jpg 42w\" sizes=\"auto, (max-width: 717px) 100vw, 717px\" \/><\/figure><div class=\"wp-block-media-text__content\">\n<h1 class=\"wp-block-heading\"><em>9. Ma\u0142gorzata Maksymowicz<\/em><\/h1>\n\n\n\n<h3 class=\"wp-block-heading\"><em>Liczba punkt\u00f3w 32\/50<\/em><\/h3>\n\n\n\n<h6 class=\"wp-block-heading\"><em><strong>Punkty uzyskane w g\u0142osowaniu Jury:<\/strong> <strong> <\/strong><\/em>22<\/h6>\n\n\n\n<h6 class=\"wp-block-heading\"><em><strong>Punkty uzyskane w g\u0142osowaniu Publiczno\u015bci:<\/strong> <\/em>10<\/h6>\n<\/div><\/div>\n\n\n\n<hr class=\"wp-block-separator has-alpha-channel-opacity is-style-dots\"\/>\n\n\n\n<div class=\"wp-block-media-text alignwide is-stacked-on-mobile\" style=\"grid-template-columns:22% auto\"><figure class=\"wp-block-media-text__media\"><img loading=\"lazy\" decoding=\"async\" width=\"683\" height=\"1024\" src=\"https:\/\/kobietamiesiaca.pl\/wp-content\/uploads\/SON01942_pp-a-683x1024.jpg\" alt=\"\" class=\"wp-image-4423 size-full\" srcset=\"https:\/\/kobietamiesiaca.pl\/wp-content\/uploads\/SON01942_pp-a-683x1024.jpg 683w, https:\/\/kobietamiesiaca.pl\/wp-content\/uploads\/SON01942_pp-a-200x300.jpg 200w, https:\/\/kobietamiesiaca.pl\/wp-content\/uploads\/SON01942_pp-a-100x150.jpg 100w, https:\/\/kobietamiesiaca.pl\/wp-content\/uploads\/SON01942_pp-a-768x1152.jpg 768w, https:\/\/kobietamiesiaca.pl\/wp-content\/uploads\/SON01942_pp-a-1024x1536.jpg 1024w, https:\/\/kobietamiesiaca.pl\/wp-content\/uploads\/SON01942_pp-a-1365x2048.jpg 1365w, https:\/\/kobietamiesiaca.pl\/wp-content\/uploads\/SON01942_pp-a-40x60.jpg 40w\" sizes=\"auto, (max-width: 683px) 100vw, 683px\" \/><\/figure><div class=\"wp-block-media-text__content\">\n<h1 class=\"wp-block-heading\"><em>10. Anna Ku\u017amik &#8211; Makowska<\/em><\/h1>\n\n\n\n<h3 class=\"wp-block-heading\"><em>Liczba punkt\u00f3w 31\/50<\/em><\/h3>\n\n\n\n<h6 class=\"wp-block-heading\"><em><strong>Punkty uzyskane w g\u0142osowaniu Jury:<\/strong> <strong> <\/strong><\/em>31<\/h6>\n\n\n\n<h6 class=\"wp-block-heading\"><em><strong>Punkty uzyskane w g\u0142osowaniu Publiczno\u015bci:<\/strong> <\/em>0<\/h6>\n<\/div><\/div>\n\n\n\n<hr class=\"wp-block-separator has-alpha-channel-opacity is-style-dots\"\/>\n\n\n\n<div class=\"wp-block-media-text alignwide is-stacked-on-mobile\" style=\"grid-template-columns:22% auto\"><figure class=\"wp-block-media-text__media\"><img loading=\"lazy\" decoding=\"async\" width=\"819\" height=\"1024\" src=\"https:\/\/kobietamiesiaca.pl\/wp-content\/uploads\/inbound4383990560110402866-819x1024.jpg\" alt=\"\" class=\"wp-image-4633 size-full\" srcset=\"https:\/\/kobietamiesiaca.pl\/wp-content\/uploads\/inbound4383990560110402866-819x1024.jpg 819w, https:\/\/kobietamiesiaca.pl\/wp-content\/uploads\/inbound4383990560110402866-240x300.jpg 240w, https:\/\/kobietamiesiaca.pl\/wp-content\/uploads\/inbound4383990560110402866-120x150.jpg 120w, https:\/\/kobietamiesiaca.pl\/wp-content\/uploads\/inbound4383990560110402866-768x960.jpg 768w, https:\/\/kobietamiesiaca.pl\/wp-content\/uploads\/inbound4383990560110402866-480x600.jpg 480w, https:\/\/kobietamiesiaca.pl\/wp-content\/uploads\/inbound4383990560110402866-48x60.jpg 48w, https:\/\/kobietamiesiaca.pl\/wp-content\/uploads\/inbound4383990560110402866.jpg 1067w\" sizes=\"auto, (max-width: 819px) 100vw, 819px\" \/><\/figure><div class=\"wp-block-media-text__content\">\n<h1 class=\"wp-block-heading\"><em>11. Alicja Zalesska<\/em><\/h1>\n\n\n\n<h3 class=\"wp-block-heading\"><em>Liczba punkt\u00f3w 31\/50<\/em><\/h3>\n\n\n\n<h6 class=\"wp-block-heading\"><em><strong>Punkty uzyskane w g\u0142osowaniu Jury:<\/strong> <strong> <\/strong><\/em>31<\/h6>\n\n\n\n<h6 class=\"wp-block-heading\"><em><strong>Punkty uzyskane w g\u0142osowaniu Publiczno\u015bci:<\/strong> <\/em>0<\/h6>\n<\/div><\/div>\n\n\n\n<h2 class=\"wp-block-heading\">    <\/h2>\n\n\n\n<p class=\"has-text-align-center wp-block-paragraph\">    <\/p>\n\n\n\n<p class=\"wp-block-paragraph\">    <\/p>\n\n\n\n<hr class=\"wp-block-separator has-alpha-channel-opacity is-style-wide\"\/>\n\n\n\n<script async src=\"https:\/\/pagead2.googlesyndication.com\/pagead\/js\/adsbygoogle.js?client=ca-pub-7807412717815820\"\r\n     crossorigin=\"anonymous\"><\/script>\r\n<ins class=\"adsbygoogle\"\r\n     style=\"display:block\"\r\n     data-ad-format=\"autorelaxed\"\r\n     data-ad-client=\"ca-pub-7807412717815820\"\r\n     data-ad-slot=\"2281793841\"><\/ins>\r\n<script>\r\n     (adsbygoogle = window.adsbygoogle || []).push({});\r\n<\/script>\n","protected":false},"excerpt":{"rendered":"<p>Aby wybra\u0107 Kobiet\u0119 Roku potrzeba zar\u00f3wno g\u0142os\u00f3w Juror\u00f3w jak i Waszych &#8211; Publiczno\u015bci. Je\u015bli chodzi<\/p>\n","protected":false},"author":2,"featured_media":5411,"comment_status":"open","ping_status":"open","sticky":false,"template":"","format":"standard","meta":{"cybocfi_hide_featured_image":"yes","footnotes":""},"categories":[14,30],"tags":[],"coauthors":[32,35,70,83,99,121],"class_list":["post-5610","post","type-post","status-publish","format-standard","has-post-thumbnail","hentry","category-info","category-kobieta-roku"],"_links":{"self":[{"href":"https:\/\/kobietamiesiaca.pl\/index.php?rest_route=\/wp\/v2\/posts\/5610","targetHints":{"allow":["GET"]}}],"collection":[{"href":"https:\/\/kobietamiesiaca.pl\/index.php?rest_route=\/wp\/v2\/posts"}],"about":[{"href":"https:\/\/kobietamiesiaca.pl\/index.php?rest_route=\/wp\/v2\/types\/post"}],"author":[{"embeddable":true,"href":"https:\/\/kobietamiesiaca.pl\/index.php?rest_route=\/wp\/v2\/users\/2"}],"replies":[{"embeddable":true,"href":"https:\/\/kobietamiesiaca.pl\/index.php?rest_route=%2Fwp%2Fv2%2Fcomments&post=5610"}],"version-history":[{"count":4,"href":"https:\/\/kobietamiesiaca.pl\/index.php?rest_route=\/wp\/v2\/posts\/5610\/revisions"}],"predecessor-version":[{"id":5619,"href":"https:\/\/kobietamiesiaca.pl\/index.php?rest_route=\/wp\/v2\/posts\/5610\/revisions\/5619"}],"wp:featuredmedia":[{"embeddable":true,"href":"https:\/\/kobietamiesiaca.pl\/index.php?rest_route=\/wp\/v2\/media\/5411"}],"wp:attachment":[{"href":"https:\/\/kobietamiesiaca.pl\/index.php?rest_route=%2Fwp%2Fv2%2Fmedia&parent=5610"}],"wp:term":[{"taxonomy":"category","embeddable":true,"href":"https:\/\/kobietamiesiaca.pl\/index.php?rest_route=%2Fwp%2Fv2%2Fcategories&post=5610"},{"taxonomy":"post_tag","embeddable":true,"href":"https:\/\/kobietamiesiaca.pl\/index.php?rest_route=%2Fwp%2Fv2%2Ftags&post=5610"},{"taxonomy":"author","embeddable":true,"href":"https:\/\/kobietamiesiaca.pl\/index.php?rest_route=%2Fwp%2Fv2%2Fcoauthors&post=5610"}],"curies":[{"name":"wp","href":"https:\/\/api.w.org\/{rel}","templated":true}]}}