{"id":7100,"date":"2024-04-15T23:19:27","date_gmt":"2024-04-15T21:19:27","guid":{"rendered":"https:\/\/kobietamiesiaca.pl\/?p=7100"},"modified":"2024-04-15T23:19:28","modified_gmt":"2024-04-15T21:19:28","slug":"5919-2-2-2","status":"publish","type":"post","link":"https:\/\/kobietamiesiaca.pl\/?p=7100","title":{"rendered":"Wybieramy kwietniow\u0105 \u201eKobiet\u0119 Miesi\u0105ca\u201d oraz \u201eKobiet\u0119 Miesi\u0105ca Publiczno\u015bci\u201d!"},"content":{"rendered":"\n<hr class=\"wp-block-separator has-alpha-channel-opacity is-style-wide\"\/>\n\n\n\n<p class=\"has-text-align-center wp-block-paragraph\"><em>Zosta\u0142y dwie doby g\u0142osowania Publiczno\u015bci. Obserwatorzy naszej strony wybior\u0105 swoj\u0105 laureatk\u0119. Ka\u017cdy z Was ma wp\u0142yw na to, kt\u00f3ra z kandydatek otrzyma tytu\u0142, szarf\u0119 oraz dyplom.<br>Jednak ten najwa\u017cniejszy g\u0142\u00f3wny tytu\u0142 \u201e<strong>Kobieta Miesi\u0105ca: Kwiecie\u0144 2024<\/strong>\u201d przyznany zostanie na podstawie g\u0142osowania Jury.<strong><br><br><br>Poni\u017cej przedstawiamy sk\u0142ad Jury kwietniowej edycji plebiscytu \u201eKobieta Miesi\u0105ca\u201d:<\/strong><\/em><\/p>\n\n\n\n<div class=\"wp-block-columns is-layout-flex wp-container-core-columns-is-layout-7387b849 wp-block-columns-is-layout-flex\">\n<div class=\"wp-block-column is-layout-flow wp-block-column-is-layout-flow\">\n<div class=\"wp-block-group is-vertical is-layout-flex wp-container-core-group-is-layout-2c90304e wp-block-group-is-layout-flex\"><p>[oxilab_flip_box id=&#8221;15&#8243;]<\/p>\n\n\n<p>[oxilab_flip_box id=&#8221;5&#8243;]<\/p>\n<\/div>\n<\/div>\n\n\n\n<div class=\"wp-block-column is-layout-flow wp-block-column-is-layout-flow\">\n<div class=\"wp-block-group is-vertical is-layout-flex wp-container-core-group-is-layout-2c90304e wp-block-group-is-layout-flex\"><p>[oxilab_flip_box id=&#8221;11&#8243;]<\/p>\n\n\n<p>[oxilab_flip_box id=&#8221;1&#8243;]<\/p>\n<\/div>\n<\/div>\n<\/div>\n\n\n\n<p class=\"wp-block-paragraph\"><\/p>\n\n\n\n<hr class=\"wp-block-separator has-alpha-channel-opacity is-style-dots\"\/>\n\n\n\n<p class=\"has-text-align-center wp-block-paragraph\"><em>Nagrodami dla kandydatki, kt\u00f3ra otrzyma pierwsze miejsce w g\u0142osowaniu Jury b\u0119d\u0105:<br>&#8211; szarfa inspirowana konkursami pi\u0119kno\u015bci<br>&#8211; dyplom w wersji elektronicznej<br>&#8211; indywidualny wpis na g\u0142\u00f3wnej stronie oraz w zak\u0142adce \u201elaureatki\u201d<br>&#8211; publikacje na naszych social mediach<\/em><\/p>\n\n\n\n<hr class=\"wp-block-separator has-alpha-channel-opacity is-style-dots\"\/>\n\n\n\n<p class=\"has-text-align-center wp-block-paragraph\"><em>Wszystkie trzy kandydatki, kt\u00f3re znajd\u0105 si\u0119 na podium w g\u0142osowaniu Jury planujemy wyr\u00f3\u017cni\u0107. Dlatego ca\u0142a tr\u00f3jka automatycznie trafi do zak\u0142adki \u201e<strong>Kobieta Roku 2024<\/strong>\u201d. W grudniu odb\u0119dzie si\u0119 g\u0142osowanie i wsp\u00f3lnie wybierzemy \u201eKobiet\u0119 Roku\u201d.<\/em><\/p>\n\n\n\n<hr class=\"wp-block-separator has-alpha-channel-opacity is-style-dots\"\/>\n\n\n\n<p class=\"has-text-align-center wp-block-paragraph\"><em>Pami\u0105tkowe dyplomy trafi\u0105 do wszystkich os\u00f3b z podium. Zar\u00f3wno z g\u0142osowania Jury, jak i z g\u0142osowania Publiczno\u015bci.<\/em><\/p>\n\n\n\n<hr class=\"wp-block-separator has-alpha-channel-opacity is-style-dots\"\/>\n\n\n\n<p class=\"has-text-align-center wp-block-paragraph\"><em><strong>Zach\u0119camy do oddawania g\u0142os\u00f3w na swoje faworytki!<\/strong><\/em><\/p>\n\n\n\n<hr class=\"wp-block-separator has-alpha-channel-opacity is-style-wide\"\/>\n\n\n\n<p class=\"has-text-align-center wp-block-paragraph\"><em><strong>Reklama<\/strong><\/em><\/p>\n\n\n\n<script async src=\"https:\/\/pagead2.googlesyndication.com\/pagead\/js\/adsbygoogle.js?client=ca-pub-7807412717815820\"\r\n     crossorigin=\"anonymous\"><\/script>\r\n<ins class=\"adsbygoogle\"\r\n     style=\"display:block; text-align:center;\"\r\n     data-ad-layout=\"in-article\"\r\n     data-ad-format=\"fluid\"\r\n     data-ad-client=\"ca-pub-7807412717815820\"\r\n     data-ad-slot=\"3267572451\"><\/ins>\r\n<script>\r\n     (adsbygoogle = window.adsbygoogle || []).push({});\r\n<\/script>\n\n\n\n<hr class=\"wp-block-separator has-alpha-channel-opacity is-style-wide\"\/>\n","protected":false},"excerpt":{"rendered":"<p>Gar\u015b\u0107 informacji o bie\u017c\u0105cej edycji Plebiscytu<\/p>\n","protected":false},"author":2,"featured_media":1888,"comment_status":"open","ping_status":"open","sticky":false,"template":"","format":"standard","meta":{"cybocfi_hide_featured_image":"yes","footnotes":""},"categories":[14,8],"tags":[],"coauthors":[32],"class_list":["post-7100","post","type-post","status-publish","format-standard","has-post-thumbnail","hentry","category-info","category-kandydatki"],"_links":{"self":[{"href":"https:\/\/kobietamiesiaca.pl\/index.php?rest_route=\/wp\/v2\/posts\/7100","targetHints":{"allow":["GET"]}}],"collection":[{"href":"https:\/\/kobietamiesiaca.pl\/index.php?rest_route=\/wp\/v2\/posts"}],"about":[{"href":"https:\/\/kobietamiesiaca.pl\/index.php?rest_route=\/wp\/v2\/types\/post"}],"author":[{"embeddable":true,"href":"https:\/\/kobietamiesiaca.pl\/index.php?rest_route=\/wp\/v2\/users\/2"}],"replies":[{"embeddable":true,"href":"https:\/\/kobietamiesiaca.pl\/index.php?rest_route=%2Fwp%2Fv2%2Fcomments&post=7100"}],"version-history":[{"count":1,"href":"https:\/\/kobietamiesiaca.pl\/index.php?rest_route=\/wp\/v2\/posts\/7100\/revisions"}],"predecessor-version":[{"id":7103,"href":"https:\/\/kobietamiesiaca.pl\/index.php?rest_route=\/wp\/v2\/posts\/7100\/revisions\/7103"}],"wp:featuredmedia":[{"embeddable":true,"href":"https:\/\/kobietamiesiaca.pl\/index.php?rest_route=\/wp\/v2\/media\/1888"}],"wp:attachment":[{"href":"https:\/\/kobietamiesiaca.pl\/index.php?rest_route=%2Fwp%2Fv2%2Fmedia&parent=7100"}],"wp:term":[{"taxonomy":"category","embeddable":true,"href":"https:\/\/kobietamiesiaca.pl\/index.php?rest_route=%2Fwp%2Fv2%2Fcategories&post=7100"},{"taxonomy":"post_tag","embeddable":true,"href":"https:\/\/kobietamiesiaca.pl\/index.php?rest_route=%2Fwp%2Fv2%2Ftags&post=7100"},{"taxonomy":"author","embeddable":true,"href":"https:\/\/kobietamiesiaca.pl\/index.php?rest_route=%2Fwp%2Fv2%2Fcoauthors&post=7100"}],"curies":[{"name":"wp","href":"https:\/\/api.w.org\/{rel}","templated":true}]}}