{"id":7251,"date":"2024-05-20T08:00:00","date_gmt":"2024-05-20T06:00:00","guid":{"rendered":"https:\/\/kobietamiesiaca.pl\/?p=7251"},"modified":"2024-05-22T03:46:08","modified_gmt":"2024-05-22T01:46:08","slug":"kobieta-miesiaca-styczen-2024-2-4","status":"publish","type":"post","link":"https:\/\/kobietamiesiaca.pl\/?p=7251","title":{"rendered":"Kobieta Miesi\u0105ca: Maj 2024"},"content":{"rendered":"\n<p class=\"has-text-align-center wp-block-paragraph\" style=\"font-style:italic;font-weight:200\"><em>Laureatk\u0105 majowej edycji Kobiety Miesi\u0105ca zosta\u0142a:<\/em><\/p>\n\n\n\n<p class=\"has-text-align-center wp-block-paragraph\" style=\"font-size:42px;font-style:italic;font-weight:500\">Wiktoria Zwierzy\u0144ska<\/p>\n\n\n\n<figure class=\"wp-block-gallery has-nested-images columns-default is-cropped wp-block-gallery-1 is-layout-flex wp-block-gallery-is-layout-flex\">\n<figure class=\"wp-block-image size-full is-style-rounded\"><img loading=\"lazy\" decoding=\"async\" width=\"913\" height=\"1367\" data-id=\"7137\" src=\"https:\/\/kobietamiesiaca.pl\/wp-content\/uploads\/2024\/05\/82DFCF5F-3145-452B-BBAA-9FDD2BA3697A.jpeg\" alt=\"\" class=\"wp-image-7137\" srcset=\"https:\/\/kobietamiesiaca.pl\/wp-content\/uploads\/2024\/05\/82DFCF5F-3145-452B-BBAA-9FDD2BA3697A.jpeg 913w, https:\/\/kobietamiesiaca.pl\/wp-content\/uploads\/2024\/05\/82DFCF5F-3145-452B-BBAA-9FDD2BA3697A-200x300.jpeg 200w, https:\/\/kobietamiesiaca.pl\/wp-content\/uploads\/2024\/05\/82DFCF5F-3145-452B-BBAA-9FDD2BA3697A-684x1024.jpeg 684w, https:\/\/kobietamiesiaca.pl\/wp-content\/uploads\/2024\/05\/82DFCF5F-3145-452B-BBAA-9FDD2BA3697A-100x150.jpeg 100w, https:\/\/kobietamiesiaca.pl\/wp-content\/uploads\/2024\/05\/82DFCF5F-3145-452B-BBAA-9FDD2BA3697A-768x1150.jpeg 768w, https:\/\/kobietamiesiaca.pl\/wp-content\/uploads\/2024\/05\/82DFCF5F-3145-452B-BBAA-9FDD2BA3697A-40x60.jpeg 40w\" sizes=\"auto, (max-width: 913px) 100vw, 913px\" \/><figcaption class=\"wp-element-caption\">Wiktoria Zwierzy\u0144ska<\/figcaption><\/figure>\n<\/figure>\n\n\n\n<blockquote class=\"wp-block-quote has-text-align-center is-layout-flow wp-block-quote-is-layout-flow\">\n<p class=\"wp-block-paragraph\"><\/p>\n<cite><em>&#8222;Hej! Mam na imi\u0119 Wiktoria i mam 23lata \ud83d\ude42 uwielbiam pozowa\u0107 do amatorskich sesji zdj\u0119ciowych i tworzy\u0107 tre\u015bci na social media. Opr\u00f3cz tego studiuje i staram si\u0119 odkrywa\u0107 nowe pasje :)&#8221;<\/em><\/cite><\/blockquote>\n\n\n\n<p class=\"has-text-align-center wp-block-paragraph\"><strong><em>W tym miesi\u0105cu, Laureatka Plebiscytu wygrywa dyplom oraz pami\u0105tkow\u0105 szarf\u0119 inspirowan\u0105 konkursami pi\u0119kno\u015bc<\/em><\/strong>i<strong><em>.<\/em><\/strong><\/p>\n\n\n\n<p class=\"has-text-align-center wp-block-paragraph\" style=\"font-size:25px\"><em>Gratulujemy wygranej i dzi\u0119kujemy za udzia\u0142 w Plebiscycie!<\/em><\/p>\n\n\n\n<hr class=\"wp-block-separator has-alpha-channel-opacity is-style-wide\"\/>\n\n\n\n<script async src=\"https:\/\/pagead2.googlesyndication.com\/pagead\/js\/adsbygoogle.js?client=ca-pub-7807412717815820\"\r\n     crossorigin=\"anonymous\"><\/script>\r\n<ins class=\"adsbygoogle\"\r\n     style=\"display:block; text-align:center;\"\r\n     data-ad-layout=\"in-article\"\r\n     data-ad-format=\"fluid\"\r\n     data-ad-client=\"ca-pub-7807412717815820\"\r\n     data-ad-slot=\"3267572451\"><\/ins>\r\n<script>\r\n     (adsbygoogle = window.adsbygoogle || []).push({});\r\n<\/script>\n\n\n\n<hr class=\"wp-block-separator has-alpha-channel-opacity is-style-wide\"\/>\n","protected":false},"excerpt":{"rendered":"<p>Przedstawiamy Laureatk\u0119 majowej edycji Plebiscytu Kobieta Miesi\u0105ca<\/p>\n","protected":false},"author":2,"featured_media":7137,"comment_status":"open","ping_status":"open","sticky":false,"template":"","format":"standard","meta":{"cybocfi_hide_featured_image":"yes","footnotes":""},"categories":[14,5],"tags":[],"coauthors":[32,49],"class_list":["post-7251","post","type-post","status-publish","format-standard","has-post-thumbnail","hentry","category-info","category-laureatki"],"_links":{"self":[{"href":"https:\/\/kobietamiesiaca.pl\/index.php?rest_route=\/wp\/v2\/posts\/7251","targetHints":{"allow":["GET"]}}],"collection":[{"href":"https:\/\/kobietamiesiaca.pl\/index.php?rest_route=\/wp\/v2\/posts"}],"about":[{"href":"https:\/\/kobietamiesiaca.pl\/index.php?rest_route=\/wp\/v2\/types\/post"}],"author":[{"embeddable":true,"href":"https:\/\/kobietamiesiaca.pl\/index.php?rest_route=\/wp\/v2\/users\/2"}],"replies":[{"embeddable":true,"href":"https:\/\/kobietamiesiaca.pl\/index.php?rest_route=%2Fwp%2Fv2%2Fcomments&post=7251"}],"version-history":[{"count":1,"href":"https:\/\/kobietamiesiaca.pl\/index.php?rest_route=\/wp\/v2\/posts\/7251\/revisions"}],"predecessor-version":[{"id":7263,"href":"https:\/\/kobietamiesiaca.pl\/index.php?rest_route=\/wp\/v2\/posts\/7251\/revisions\/7263"}],"wp:featuredmedia":[{"embeddable":true,"href":"https:\/\/kobietamiesiaca.pl\/index.php?rest_route=\/wp\/v2\/media\/7137"}],"wp:attachment":[{"href":"https:\/\/kobietamiesiaca.pl\/index.php?rest_route=%2Fwp%2Fv2%2Fmedia&parent=7251"}],"wp:term":[{"taxonomy":"category","embeddable":true,"href":"https:\/\/kobietamiesiaca.pl\/index.php?rest_route=%2Fwp%2Fv2%2Fcategories&post=7251"},{"taxonomy":"post_tag","embeddable":true,"href":"https:\/\/kobietamiesiaca.pl\/index.php?rest_route=%2Fwp%2Fv2%2Ftags&post=7251"},{"taxonomy":"author","embeddable":true,"href":"https:\/\/kobietamiesiaca.pl\/index.php?rest_route=%2Fwp%2Fv2%2Fcoauthors&post=7251"}],"curies":[{"name":"wp","href":"https:\/\/api.w.org\/{rel}","templated":true}]}}