{"id":7252,"date":"2024-04-20T08:00:00","date_gmt":"2024-04-20T06:00:00","guid":{"rendered":"https:\/\/kobietamiesiaca.pl\/?p=7252"},"modified":"2024-05-22T03:46:29","modified_gmt":"2024-05-22T01:46:29","slug":"kobieta-miesiaca-styczen-2024-2-3","status":"publish","type":"post","link":"https:\/\/kobietamiesiaca.pl\/?p=7252","title":{"rendered":"Kobieta Miesi\u0105ca: Kwiecie\u0144 2024"},"content":{"rendered":"\n<p class=\"has-text-align-center wp-block-paragraph\" style=\"font-style:italic;font-weight:200\"><em>Laureatk\u0105 kwietniowej edycji Kobiety Miesi\u0105ca zosta\u0142a:<\/em><\/p>\n\n\n\n<p class=\"has-text-align-center wp-block-paragraph\" style=\"font-size:42px;font-style:italic;font-weight:500\">Justyna \u015aliwa &#8211; Mirek<\/p>\n\n\n\n<figure class=\"wp-block-gallery has-nested-images columns-default is-cropped wp-block-gallery-1 is-layout-flex wp-block-gallery-is-layout-flex\">\n<figure class=\"wp-block-image size-full is-style-rounded\"><img loading=\"lazy\" decoding=\"async\" width=\"3008\" height=\"4358\" data-id=\"7050\" src=\"https:\/\/kobietamiesiaca.pl\/wp-content\/uploads\/2024\/04\/DSC_1591-A_HDp.jpg\" alt=\"\" class=\"wp-image-7050\" srcset=\"https:\/\/kobietamiesiaca.pl\/wp-content\/uploads\/2024\/04\/DSC_1591-A_HDp.jpg 3008w, https:\/\/kobietamiesiaca.pl\/wp-content\/uploads\/2024\/04\/DSC_1591-A_HDp-207x300.jpg 207w, https:\/\/kobietamiesiaca.pl\/wp-content\/uploads\/2024\/04\/DSC_1591-A_HDp-707x1024.jpg 707w, https:\/\/kobietamiesiaca.pl\/wp-content\/uploads\/2024\/04\/DSC_1591-A_HDp-104x150.jpg 104w, https:\/\/kobietamiesiaca.pl\/wp-content\/uploads\/2024\/04\/DSC_1591-A_HDp-768x1113.jpg 768w, https:\/\/kobietamiesiaca.pl\/wp-content\/uploads\/2024\/04\/DSC_1591-A_HDp-1060x1536.jpg 1060w, https:\/\/kobietamiesiaca.pl\/wp-content\/uploads\/2024\/04\/DSC_1591-A_HDp-1414x2048.jpg 1414w, https:\/\/kobietamiesiaca.pl\/wp-content\/uploads\/2024\/04\/DSC_1591-A_HDp-41x60.jpg 41w\" sizes=\"auto, (max-width: 3008px) 100vw, 3008px\" \/><figcaption class=\"wp-element-caption\">Justyna \u015aliwa-Mirek<\/figcaption><\/figure>\n<\/figure>\n\n\n\n<blockquote class=\"wp-block-quote has-text-align-center is-layout-flow wp-block-quote-is-layout-flow\">\n<p class=\"wp-block-paragraph\"><\/p>\n<cite><em>&#8222;Z wykszta\u0142cenia mgr in\u017c geodeta, w pracy in\u017cynier budowy, hobbystycznie fotomodelka i podr\u00f3\u017cniczka. Jestem wdzi\u0119czna za to, \u017ce mog\u0119 si\u0119 ka\u017cdego dnia przekona\u0107, \u017ce kobieca si\u0142a ma niezwyk\u0142\u0105 moc. Dzi\u0119ki temu nic nie jest niemo\u017cliwe.&#8221;<\/em><\/cite><\/blockquote>\n\n\n\n<p class=\"has-text-align-center wp-block-paragraph\"><strong><em>W tym miesi\u0105cu, Laureatka Plebiscytu wygrywa dyplom oraz pami\u0105tkow\u0105 szarf\u0119 inspirowan\u0105 konkursami pi\u0119kno\u015bc<\/em><\/strong>i<strong><em>.<\/em><\/strong><\/p>\n\n\n\n<p class=\"has-text-align-center wp-block-paragraph\" style=\"font-size:25px\"><em>Gratulujemy wygranej i dzi\u0119kujemy za udzia\u0142 w Plebiscycie!<\/em><\/p>\n\n\n\n<hr class=\"wp-block-separator has-alpha-channel-opacity is-style-wide\"\/>\n\n\n\n<script async src=\"https:\/\/pagead2.googlesyndication.com\/pagead\/js\/adsbygoogle.js?client=ca-pub-7807412717815820\"\r\n     crossorigin=\"anonymous\"><\/script>\r\n<ins class=\"adsbygoogle\"\r\n     style=\"display:block; text-align:center;\"\r\n     data-ad-layout=\"in-article\"\r\n     data-ad-format=\"fluid\"\r\n     data-ad-client=\"ca-pub-7807412717815820\"\r\n     data-ad-slot=\"3267572451\"><\/ins>\r\n<script>\r\n     (adsbygoogle = window.adsbygoogle || []).push({});\r\n<\/script>\n\n\n\n<hr class=\"wp-block-separator has-alpha-channel-opacity is-style-wide\"\/>\n","protected":false},"excerpt":{"rendered":"<p>Przedstawiamy Laureatk\u0119 kwietniowej edycji Plebiscytu Kobieta Miesi\u0105ca<\/p>\n","protected":false},"author":2,"featured_media":7050,"comment_status":"open","ping_status":"open","sticky":false,"template":"","format":"standard","meta":{"cybocfi_hide_featured_image":"yes","footnotes":""},"categories":[14,5],"tags":[],"coauthors":[32,86],"class_list":["post-7252","post","type-post","status-publish","format-standard","has-post-thumbnail","hentry","category-info","category-laureatki"],"_links":{"self":[{"href":"https:\/\/kobietamiesiaca.pl\/index.php?rest_route=\/wp\/v2\/posts\/7252","targetHints":{"allow":["GET"]}}],"collection":[{"href":"https:\/\/kobietamiesiaca.pl\/index.php?rest_route=\/wp\/v2\/posts"}],"about":[{"href":"https:\/\/kobietamiesiaca.pl\/index.php?rest_route=\/wp\/v2\/types\/post"}],"author":[{"embeddable":true,"href":"https:\/\/kobietamiesiaca.pl\/index.php?rest_route=\/wp\/v2\/users\/2"}],"replies":[{"embeddable":true,"href":"https:\/\/kobietamiesiaca.pl\/index.php?rest_route=%2Fwp%2Fv2%2Fcomments&post=7252"}],"version-history":[{"count":1,"href":"https:\/\/kobietamiesiaca.pl\/index.php?rest_route=\/wp\/v2\/posts\/7252\/revisions"}],"predecessor-version":[{"id":7260,"href":"https:\/\/kobietamiesiaca.pl\/index.php?rest_route=\/wp\/v2\/posts\/7252\/revisions\/7260"}],"wp:featuredmedia":[{"embeddable":true,"href":"https:\/\/kobietamiesiaca.pl\/index.php?rest_route=\/wp\/v2\/media\/7050"}],"wp:attachment":[{"href":"https:\/\/kobietamiesiaca.pl\/index.php?rest_route=%2Fwp%2Fv2%2Fmedia&parent=7252"}],"wp:term":[{"taxonomy":"category","embeddable":true,"href":"https:\/\/kobietamiesiaca.pl\/index.php?rest_route=%2Fwp%2Fv2%2Fcategories&post=7252"},{"taxonomy":"post_tag","embeddable":true,"href":"https:\/\/kobietamiesiaca.pl\/index.php?rest_route=%2Fwp%2Fv2%2Ftags&post=7252"},{"taxonomy":"author","embeddable":true,"href":"https:\/\/kobietamiesiaca.pl\/index.php?rest_route=%2Fwp%2Fv2%2Fcoauthors&post=7252"}],"curies":[{"name":"wp","href":"https:\/\/api.w.org\/{rel}","templated":true}]}}