{"id":7255,"date":"2024-04-20T08:00:23","date_gmt":"2024-04-20T06:00:23","guid":{"rendered":"https:\/\/kobietamiesiaca.pl\/?p=7255"},"modified":"2024-05-22T03:46:18","modified_gmt":"2024-05-22T01:46:18","slug":"kobieta-miesiaca-publicznosci-styczen-2024-2-3","status":"publish","type":"post","link":"https:\/\/kobietamiesiaca.pl\/?p=7255","title":{"rendered":"Kobieta Miesi\u0105ca Publiczno\u015bci: Kwiecie\u0144 2024"},"content":{"rendered":"\n<p class=\"has-text-align-center wp-block-paragraph\"><em>Tytu\u0142 komplementarny <strong>Kobieta Miesi\u0105ca Publiczno\u015bci<\/strong>, z liczb\u0105 g\u0142os\u00f3w <strong>45<\/strong>, otrzymuje: <\/em><\/p>\n\n\n\n<h1 class=\"wp-block-heading has-text-align-center\"><em>Anna Borkowska &#8211; Obojska<\/em><\/h1>\n\n\n\n<figure class=\"wp-block-image aligncenter size-full is-style-rounded\"><img loading=\"lazy\" decoding=\"async\" width=\"3631\" height=\"5447\" src=\"https:\/\/kobietamiesiaca.pl\/wp-content\/uploads\/2024\/04\/IMG_9836.jpg\" alt=\"\" class=\"wp-image-7026\" srcset=\"https:\/\/kobietamiesiaca.pl\/wp-content\/uploads\/2024\/04\/IMG_9836.jpg 3631w, https:\/\/kobietamiesiaca.pl\/wp-content\/uploads\/2024\/04\/IMG_9836-200x300.jpg 200w, https:\/\/kobietamiesiaca.pl\/wp-content\/uploads\/2024\/04\/IMG_9836-683x1024.jpg 683w, https:\/\/kobietamiesiaca.pl\/wp-content\/uploads\/2024\/04\/IMG_9836-100x150.jpg 100w, https:\/\/kobietamiesiaca.pl\/wp-content\/uploads\/2024\/04\/IMG_9836-768x1152.jpg 768w, https:\/\/kobietamiesiaca.pl\/wp-content\/uploads\/2024\/04\/IMG_9836-1024x1536.jpg 1024w, https:\/\/kobietamiesiaca.pl\/wp-content\/uploads\/2024\/04\/IMG_9836-1365x2048.jpg 1365w, https:\/\/kobietamiesiaca.pl\/wp-content\/uploads\/2024\/04\/IMG_9836-40x60.jpg 40w\" sizes=\"auto, (max-width: 3631px) 100vw, 3631px\" \/><figcaption class=\"wp-element-caption\">Anna Borkowska-Obojska<\/figcaption><\/figure>\n\n\n\n<blockquote class=\"wp-block-quote has-text-align-center is-layout-flow wp-block-quote-is-layout-flow\">\n<p class=\"wp-block-paragraph\"><\/p>\n<cite><em>&#8222;<\/em>Cze\u015b\u0107, mam na imi\u0119 Ania i mieszkam w Gdyni. Jestem prywatnym detektywem, a w wolnych chwilach bior\u0119 udzia\u0142 w sesjach zdj\u0119ciowych. Interesuj\u0119 si\u0119 strzelectwem, motoryzacj\u0105 i rozwojem osobistym. Moim ulubionym kolorem jest \u017c\u00f3\u0142ty, a miesi\u0105cem, kwiecie\u0144 \ud83d\ude42<em>&#8222;<\/em><\/cite><\/blockquote>\n\n\n\n<p class=\"has-text-align-center wp-block-paragraph\"><strong><em>W tym miesi\u0105cu, Laureatka Plebiscytu wygrywa dyplom oraz pami\u0105tkow\u0105 szarf\u0119 inspirowan\u0105 konkursami pi\u0119kno\u015bci.<\/em><\/strong><\/p>\n\n\n\n<h3 class=\"wp-block-heading has-text-align-center\"><em>Gratulujemy i zach\u0119camy do wzi\u0119cia udzia\u0142u w kolejnych edycjach Plebiscytu!<\/em><\/h3>\n\n\n\n<hr class=\"wp-block-separator has-alpha-channel-opacity is-style-wide\"\/>\n\n\n\n<script async src=\"https:\/\/pagead2.googlesyndication.com\/pagead\/js\/adsbygoogle.js?client=ca-pub-7807412717815820\"\r\n     crossorigin=\"anonymous\"><\/script>\r\n<ins class=\"adsbygoogle\"\r\n     style=\"display:block; text-align:center;\"\r\n     data-ad-layout=\"in-article\"\r\n     data-ad-format=\"fluid\"\r\n     data-ad-client=\"ca-pub-7807412717815820\"\r\n     data-ad-slot=\"3267572451\"><\/ins>\r\n<script>\r\n     (adsbygoogle = window.adsbygoogle || []).push({});\r\n<\/script>\n\n\n\n<hr class=\"wp-block-separator has-alpha-channel-opacity is-style-wide\"\/>\n","protected":false},"excerpt":{"rendered":"<p>Publiczno\u015b\u0107 wybra\u0142a swoj\u0105 laureatk\u0119 kwietniowej edycji Plebiscytu<\/p>\n","protected":false},"author":2,"featured_media":7026,"comment_status":"open","ping_status":"open","sticky":false,"template":"","format":"standard","meta":{"cybocfi_hide_featured_image":"yes","footnotes":""},"categories":[14,16],"tags":[],"coauthors":[32,104],"class_list":["post-7255","post","type-post","status-publish","format-standard","has-post-thumbnail","hentry","category-info","category-kobieta-miesiaca-publicznosci"],"_links":{"self":[{"href":"https:\/\/kobietamiesiaca.pl\/index.php?rest_route=\/wp\/v2\/posts\/7255","targetHints":{"allow":["GET"]}}],"collection":[{"href":"https:\/\/kobietamiesiaca.pl\/index.php?rest_route=\/wp\/v2\/posts"}],"about":[{"href":"https:\/\/kobietamiesiaca.pl\/index.php?rest_route=\/wp\/v2\/types\/post"}],"author":[{"embeddable":true,"href":"https:\/\/kobietamiesiaca.pl\/index.php?rest_route=\/wp\/v2\/users\/2"}],"replies":[{"embeddable":true,"href":"https:\/\/kobietamiesiaca.pl\/index.php?rest_route=%2Fwp%2Fv2%2Fcomments&post=7255"}],"version-history":[{"count":1,"href":"https:\/\/kobietamiesiaca.pl\/index.php?rest_route=\/wp\/v2\/posts\/7255\/revisions"}],"predecessor-version":[{"id":7268,"href":"https:\/\/kobietamiesiaca.pl\/index.php?rest_route=\/wp\/v2\/posts\/7255\/revisions\/7268"}],"wp:featuredmedia":[{"embeddable":true,"href":"https:\/\/kobietamiesiaca.pl\/index.php?rest_route=\/wp\/v2\/media\/7026"}],"wp:attachment":[{"href":"https:\/\/kobietamiesiaca.pl\/index.php?rest_route=%2Fwp%2Fv2%2Fmedia&parent=7255"}],"wp:term":[{"taxonomy":"category","embeddable":true,"href":"https:\/\/kobietamiesiaca.pl\/index.php?rest_route=%2Fwp%2Fv2%2Fcategories&post=7255"},{"taxonomy":"post_tag","embeddable":true,"href":"https:\/\/kobietamiesiaca.pl\/index.php?rest_route=%2Fwp%2Fv2%2Ftags&post=7255"},{"taxonomy":"author","embeddable":true,"href":"https:\/\/kobietamiesiaca.pl\/index.php?rest_route=%2Fwp%2Fv2%2Fcoauthors&post=7255"}],"curies":[{"name":"wp","href":"https:\/\/api.w.org\/{rel}","templated":true}]}}