{"id":7256,"date":"2024-03-19T08:00:00","date_gmt":"2024-03-19T07:00:00","guid":{"rendered":"https:\/\/kobietamiesiaca.pl\/?p=7256"},"modified":"2024-05-22T03:30:23","modified_gmt":"2024-05-22T01:30:23","slug":"kobieta-miesiaca-publicznosci-styczen-2024-2-2","status":"publish","type":"post","link":"https:\/\/kobietamiesiaca.pl\/?p=7256","title":{"rendered":"Kobieta Miesi\u0105ca Publiczno\u015bci: Marzec 2024"},"content":{"rendered":"\n<p class=\"has-text-align-center wp-block-paragraph\"><em>Tytu\u0142 komplementarny <strong>Kobieta Miesi\u0105ca Publiczno\u015bci<\/strong>, z liczb\u0105 g\u0142os\u00f3w <strong>28<\/strong>, otrzymuje: <\/em><\/p>\n\n\n\n<h1 class=\"wp-block-heading has-text-align-center\"><em>Natalia Kusiak<\/em><\/h1>\n\n\n\n<figure class=\"wp-block-image aligncenter size-full is-style-rounded\"><img loading=\"lazy\" decoding=\"async\" width=\"3407\" height=\"4543\" src=\"https:\/\/kobietamiesiaca.pl\/wp-content\/uploads\/2024\/03\/IMG_5245.jpeg\" alt=\"\" class=\"wp-image-6832\" srcset=\"https:\/\/kobietamiesiaca.pl\/wp-content\/uploads\/2024\/03\/IMG_5245.jpeg 3407w, https:\/\/kobietamiesiaca.pl\/wp-content\/uploads\/2024\/03\/IMG_5245-225x300.jpeg 225w, https:\/\/kobietamiesiaca.pl\/wp-content\/uploads\/2024\/03\/IMG_5245-768x1024.jpeg 768w, https:\/\/kobietamiesiaca.pl\/wp-content\/uploads\/2024\/03\/IMG_5245-112x150.jpeg 112w, https:\/\/kobietamiesiaca.pl\/wp-content\/uploads\/2024\/03\/IMG_5245-1152x1536.jpeg 1152w, https:\/\/kobietamiesiaca.pl\/wp-content\/uploads\/2024\/03\/IMG_5245-1536x2048.jpeg 1536w, https:\/\/kobietamiesiaca.pl\/wp-content\/uploads\/2024\/03\/IMG_5245-45x60.jpeg 45w\" sizes=\"auto, (max-width: 3407px) 100vw, 3407px\" \/><figcaption class=\"wp-element-caption\">Natalia Kusiak<\/figcaption><\/figure>\n\n\n\n<blockquote class=\"wp-block-quote has-text-align-center is-layout-flow wp-block-quote-is-layout-flow\">\n<p class=\"wp-block-paragraph\"><\/p>\n<cite><em>&#8222;Mam 18 lat i pochodz\u0119 z ma\u0142ej, malowniczej miejscowo\u015bci Gostynina w wojew\u00f3dztwie Mazowieckim. Ucz\u0119szczam do Akademickiego Liceum Og\u00f3lnokszta\u0142c\u0105cego im. prof. Zbigniewa Religi w Kutnie o profilu medyczno- farmaceutycznym, z kt\u00f3rym wi\u0105\u017c\u0119 przysz\u0142o\u015b\u0107. Bior\u0119 udzia\u0142 w wielu wyk\u0142adach i zaj\u0119ciach praktycznych z bran\u017cy medycznej, kt\u00f3re organizowane s\u0105 przez Uniwersytet Medyczny w \u0141odzi. Uko\u0144czy\u0142am program naukowy \u201cNauka to ludzie\u201d przeprowadzony przez Gda\u0144ski Uniwersytet Medyczny. W ramach Olimpiady Zwolnieni z Teorii wraz z przyjaci\u00f3\u0142mi przeprowadzi\u0142am projekt dotycz\u0105cy zdrowia psychicznego, zdrowego od\u017cywiania i sportu. Interesuj\u0119 si\u0119 r\u00f3wnie\u017c bran\u017c\u0105 modow\u0105 i modelingow\u0105. W 2023 roku zosta\u0142am finalistk\u0105 konkursu Bursztynowa Miss Polski oraz Bursztynow\u0105 Miss Publiczno\u015bci Ko\u0142obrzeg. Uko\u0144czy\u0142am szko\u0142\u0119 muzyczn\u0105 pierwszego stopnia- gram na gitarze klastycznej i elektrycznej (w zespole muzycznym). Kocham podr\u00f3\u017ce i moim celem jest zwiedzenie ca\u0142ego \u015bwiata i skosztowanie jak najwi\u0119kszej ilo\u015bci da\u0144. Jestem mi\u0142o\u015bniczk\u0105 zwierz\u0105t i szcz\u0119\u015bliw\u0105 w\u0142a\u015bcicielk\u0105 cudownego psa rasy chihuahua. Moim hobby jest sport: Krav Maga (sztuki walki), p\u0142ywanie oraz taniec. Udzielam si\u0119 tak\u017ce w \u00a0wolontariacie, pomagam ludziom w potrzebie oraz zwierz\u0119tom przebywaj\u0105cym w schroniskach. Bra\u0142am udzia\u0142 w nagrywaniu filmu edukacyjnego dotycz\u0105cego transplantologii i krwiodawstwa. Bliski mojemu sercu jest r\u00f3wnie\u017c temat ekologii. Uko\u0144czy\u0142am kurs j\u0119zyka angielskiego w Oksfordzie, posiadam certyfikaty Cambridge potwierdzaj\u0105ce poziom znajomo\u015bci j\u0119zyka angielskiego. Warto\u015bci jakimi si\u0119 kieruje w \u017cyciu to: \u00a0\u017cyczliwo\u015b\u0107, rzetelno\u015b\u0107, szczero\u015b\u0107, kt\u00f3re s\u0105 bardzo wa\u017cne w relacjach mi\u0119dzyludzkich. Anga\u017cuj\u0105c si\u0119 w co\u015b wk\u0142adam w to ca\u0142e serce.&#8221;<\/em><\/cite><\/blockquote>\n\n\n\n<p class=\"has-text-align-center wp-block-paragraph\"><strong><em>W tym miesi\u0105cu, Laureatka Plebiscytu wygrywa dyplom oraz pami\u0105tkow\u0105 szarf\u0119 inspirowan\u0105 konkursami pi\u0119kno\u015bci.<\/em><\/strong><\/p>\n\n\n\n<h3 class=\"wp-block-heading has-text-align-center\"><em>Gratulujemy i zach\u0119camy do wzi\u0119cia udzia\u0142u w kolejnych edycjach Plebiscytu!<\/em><\/h3>\n\n\n\n<hr class=\"wp-block-separator has-alpha-channel-opacity is-style-wide\"\/>\n\n\n\n<script async src=\"https:\/\/pagead2.googlesyndication.com\/pagead\/js\/adsbygoogle.js?client=ca-pub-7807412717815820\"\r\n     crossorigin=\"anonymous\"><\/script>\r\n<ins class=\"adsbygoogle\"\r\n     style=\"display:block; text-align:center;\"\r\n     data-ad-layout=\"in-article\"\r\n     data-ad-format=\"fluid\"\r\n     data-ad-client=\"ca-pub-7807412717815820\"\r\n     data-ad-slot=\"3267572451\"><\/ins>\r\n<script>\r\n     (adsbygoogle = window.adsbygoogle || []).push({});\r\n<\/script>\n\n\n\n<hr class=\"wp-block-separator has-alpha-channel-opacity is-style-wide\"\/>\n","protected":false},"excerpt":{"rendered":"<p>Publiczno\u015b\u0107 wybra\u0142a swoj\u0105 laureatk\u0119 marcowej edycji Plebiscytu<\/p>\n","protected":false},"author":2,"featured_media":6832,"comment_status":"open","ping_status":"open","sticky":false,"template":"","format":"standard","meta":{"cybocfi_hide_featured_image":"yes","footnotes":""},"categories":[14,16],"tags":[],"coauthors":[32,87],"class_list":["post-7256","post","type-post","status-publish","format-standard","has-post-thumbnail","hentry","category-info","category-kobieta-miesiaca-publicznosci"],"_links":{"self":[{"href":"https:\/\/kobietamiesiaca.pl\/index.php?rest_route=\/wp\/v2\/posts\/7256","targetHints":{"allow":["GET"]}}],"collection":[{"href":"https:\/\/kobietamiesiaca.pl\/index.php?rest_route=\/wp\/v2\/posts"}],"about":[{"href":"https:\/\/kobietamiesiaca.pl\/index.php?rest_route=\/wp\/v2\/types\/post"}],"author":[{"embeddable":true,"href":"https:\/\/kobietamiesiaca.pl\/index.php?rest_route=\/wp\/v2\/users\/2"}],"replies":[{"embeddable":true,"href":"https:\/\/kobietamiesiaca.pl\/index.php?rest_route=%2Fwp%2Fv2%2Fcomments&post=7256"}],"version-history":[{"count":1,"href":"https:\/\/kobietamiesiaca.pl\/index.php?rest_route=\/wp\/v2\/posts\/7256\/revisions"}],"predecessor-version":[{"id":7266,"href":"https:\/\/kobietamiesiaca.pl\/index.php?rest_route=\/wp\/v2\/posts\/7256\/revisions\/7266"}],"wp:featuredmedia":[{"embeddable":true,"href":"https:\/\/kobietamiesiaca.pl\/index.php?rest_route=\/wp\/v2\/media\/6832"}],"wp:attachment":[{"href":"https:\/\/kobietamiesiaca.pl\/index.php?rest_route=%2Fwp%2Fv2%2Fmedia&parent=7256"}],"wp:term":[{"taxonomy":"category","embeddable":true,"href":"https:\/\/kobietamiesiaca.pl\/index.php?rest_route=%2Fwp%2Fv2%2Fcategories&post=7256"},{"taxonomy":"post_tag","embeddable":true,"href":"https:\/\/kobietamiesiaca.pl\/index.php?rest_route=%2Fwp%2Fv2%2Ftags&post=7256"},{"taxonomy":"author","embeddable":true,"href":"https:\/\/kobietamiesiaca.pl\/index.php?rest_route=%2Fwp%2Fv2%2Fcoauthors&post=7256"}],"curies":[{"name":"wp","href":"https:\/\/api.w.org\/{rel}","templated":true}]}}