{"id":7299,"date":"2024-06-01T00:03:17","date_gmt":"2024-05-31T22:03:17","guid":{"rendered":"https:\/\/kobietamiesiaca.pl\/?p=7299"},"modified":"2024-06-01T00:03:18","modified_gmt":"2024-05-31T22:03:18","slug":"informacje-o-wrzesniowej-edycji-plebiscytu-kobieta-miesiaca-3","status":"publish","type":"post","link":"https:\/\/kobietamiesiaca.pl\/?p=7299","title":{"rendered":"Informacje o czerwcowej edycji Plebiscytu Kobieta Miesi\u0105ca!"},"content":{"rendered":"\n<hr class=\"wp-block-separator has-alpha-channel-opacity is-style-wide\"\/>\n\n\n\n<p class=\"has-text-align-center wp-block-paragraph\"><em>Przyjmowanie zg\u0142osze\u0144 do czerwcowej edycji Plebiscytu Kobieta Miesi\u0105ca rozpocz\u0119\u0142o si\u0119 dzi\u015b, tj. 1 czerwca o p\u00f3\u0142nocy.  Serdecznie zapraszamy do zapoznania si\u0119 z <a href=\"https:\/\/kobietamiesiaca.pl\/?page_id=562\" data-type=\"URL\" data-id=\"https:\/\/kobietamiesiaca.pl\/?page_id=562\" target=\"_blank\" rel=\"noreferrer noopener\">Regulaminem Plebiscytu<\/a> oraz przesy\u0142ania zg\u0142osze\u0144 poprzez formularz dost\u0119pny w zak\u0142adce <a href=\"https:\/\/kobietamiesiaca.pl\/?page_id=70\" data-type=\"URL\" data-id=\"https:\/\/kobietamiesiaca.pl\/?page_id=70\" target=\"_blank\" rel=\"noreferrer noopener\">ZG\u0141OSZENIE DO KONKURSU<\/a>. Zg\u0142oszenia przyjmowane b\u0119d\u0105 do godziny <strong>23:59 10 czerwca<\/strong>.<\/em><\/p>\n\n\n\n<p class=\"has-text-align-center has-small-font-size wp-block-paragraph\">Formularz zg\u0142oszeniowy dost\u0119pny jest wy\u0142\u0105cznie dla zarejestrowanych i zweryfikowanych Kandydatek. W przypadku ch\u0119ci wzi\u0119cia udzia\u0142u i braku Konta Kandydatki prosimy o jego utworzenie. <\/p>\n\n\n\n<p class=\"has-text-align-center has-medium-font-size wp-block-paragraph\"><em>UTWORZENIE I WERYFIKACJA KONTA KANDYDATKI S\u0104 <strong>BEZP\u0141ATNE<\/strong>!<\/em><\/p>\n\n\n\n<hr class=\"wp-block-separator has-alpha-channel-opacity is-style-dots\"\/>\n\n\n\n<p class=\"has-text-align-center wp-block-paragraph\"><em>11. czerwca rozpocznie si\u0119 g\u0142osowanie na Kobiet\u0119 Miesi\u0105ca Publiczno\u015bci. Potrwa ono do 17. czerwca do ko\u0144ca dnia. Wyniki obu tytu\u0142\u00f3w, tj. Kobieta Miesi\u0105ca oraz Kobieta Miesi\u0105ca Publiczno\u015bci opublikujemy 18. czerwca o godzinie 18:00. <\/em><\/p>\n\n\n\n<p class=\"has-text-align-center has-medium-font-size wp-block-paragraph\"><em>W czerwcowej edycji Kandydatki powalcz\u0105 o niesamowite nagrody! Zar\u00f3wno zwyci\u0119\u017cczyni g\u0142\u00f3wnego tytu\u0142u Kobieta Miesi\u0105ca, jak i laureatka tytu\u0142u komplementarnego Kobieta Miesi\u0105ca Publiczno\u015bci otrzymaj\u0105 pami\u0105tkow\u0105 szarf\u0119 inspirowan\u0105 konkursami pi\u0119kno\u015bci<\/em><em>.<\/em><\/p>\n\n\n\n<hr class=\"wp-block-separator has-alpha-channel-opacity is-style-dots\"\/>\n\n\n\n<p class=\"has-text-align-center has-medium-font-size wp-block-paragraph\"><em>Wszystkie trzy Panie znajduj\u0105ce si\u0119 na podium tej edycji, tj. zajmuj\u0105ce miejsca 1-3 zostan\u0105 r\u00f3wnie\u017c automatycznie zakwalifikowane do Plebiscytu Kobieta Roku. Ich zdj\u0119cia zostan\u0105 umieszczone w galerii znajduj\u0105cej si\u0119 w zak\u0142adce &#8222;Kobieta Roku&#8221;. <\/em><\/p>\n\n\n\n<hr class=\"wp-block-separator has-alpha-channel-opacity is-style-dots\"\/>\n\n\n\n<p class=\"has-text-align-center has-medium-font-size wp-block-paragraph\"><em>Wszystkie 6 Pa\u0144, tj. Top3 Kobiety Miesi\u0105ca oraz Top3 Kobiety Miesi\u0105ca Publiczno\u015bci otrzymaj\u0105 pami\u0105tkowe dyplomy.   <\/em><\/p>\n\n\n\n<p class=\"has-text-align-center has-medium-font-size wp-block-paragraph\"><em>Pe\u0142en sk\u0142ad Jury podamy po zako\u0144czeniu przyjmowania zg\u0142osze\u0144. <\/em><\/p>\n\n\n\n<p class=\"wp-block-paragraph\"><\/p>\n\n\n\n<hr class=\"wp-block-separator has-alpha-channel-opacity is-style-wide\"\/>\n","protected":false},"excerpt":{"rendered":"<p>Gar\u015b\u0107 informacji na temat czerwcowej edycji Plebiscytu!<\/p>\n","protected":false},"author":2,"featured_media":7301,"comment_status":"open","ping_status":"open","sticky":false,"template":"","format":"standard","meta":{"cybocfi_hide_featured_image":"yes","footnotes":""},"categories":[14,8],"tags":[],"coauthors":[32],"class_list":["post-7299","post","type-post","status-publish","format-standard","has-post-thumbnail","hentry","category-info","category-kandydatki"],"_links":{"self":[{"href":"https:\/\/kobietamiesiaca.pl\/index.php?rest_route=\/wp\/v2\/posts\/7299","targetHints":{"allow":["GET"]}}],"collection":[{"href":"https:\/\/kobietamiesiaca.pl\/index.php?rest_route=\/wp\/v2\/posts"}],"about":[{"href":"https:\/\/kobietamiesiaca.pl\/index.php?rest_route=\/wp\/v2\/types\/post"}],"author":[{"embeddable":true,"href":"https:\/\/kobietamiesiaca.pl\/index.php?rest_route=\/wp\/v2\/users\/2"}],"replies":[{"embeddable":true,"href":"https:\/\/kobietamiesiaca.pl\/index.php?rest_route=%2Fwp%2Fv2%2Fcomments&post=7299"}],"version-history":[{"count":1,"href":"https:\/\/kobietamiesiaca.pl\/index.php?rest_route=\/wp\/v2\/posts\/7299\/revisions"}],"predecessor-version":[{"id":7302,"href":"https:\/\/kobietamiesiaca.pl\/index.php?rest_route=\/wp\/v2\/posts\/7299\/revisions\/7302"}],"wp:featuredmedia":[{"embeddable":true,"href":"https:\/\/kobietamiesiaca.pl\/index.php?rest_route=\/wp\/v2\/media\/7301"}],"wp:attachment":[{"href":"https:\/\/kobietamiesiaca.pl\/index.php?rest_route=%2Fwp%2Fv2%2Fmedia&parent=7299"}],"wp:term":[{"taxonomy":"category","embeddable":true,"href":"https:\/\/kobietamiesiaca.pl\/index.php?rest_route=%2Fwp%2Fv2%2Fcategories&post=7299"},{"taxonomy":"post_tag","embeddable":true,"href":"https:\/\/kobietamiesiaca.pl\/index.php?rest_route=%2Fwp%2Fv2%2Ftags&post=7299"},{"taxonomy":"author","embeddable":true,"href":"https:\/\/kobietamiesiaca.pl\/index.php?rest_route=%2Fwp%2Fv2%2Fcoauthors&post=7299"}],"curies":[{"name":"wp","href":"https:\/\/api.w.org\/{rel}","templated":true}]}}