{"id":7501,"date":"2024-06-19T18:00:00","date_gmt":"2024-06-19T16:00:00","guid":{"rendered":"https:\/\/kobietamiesiaca.pl\/?p=7501"},"modified":"2024-06-18T22:58:15","modified_gmt":"2024-06-18T20:58:15","slug":"kobieta-miesiaca-styczen-2024-2-4-2","status":"publish","type":"post","link":"https:\/\/kobietamiesiaca.pl\/?p=7501","title":{"rendered":"Kobieta Miesi\u0105ca: Czerwiec 2024"},"content":{"rendered":"\n<p class=\"has-text-align-center wp-block-paragraph\" style=\"font-style:italic;font-weight:200\"><em>Laureatk\u0105 czerwcowej edycji Kobiety Miesi\u0105ca zosta\u0142a:<\/em><\/p>\n\n\n\n<p class=\"has-text-align-center wp-block-paragraph\" style=\"font-size:42px;font-style:italic;font-weight:500\"><em>Anna Karwowska<\/em><\/p>\n\n\n\n<figure class=\"wp-block-gallery has-nested-images columns-default is-cropped wp-block-gallery-1 is-layout-flex wp-block-gallery-is-layout-flex\">\n<figure class=\"wp-block-image size-full is-style-rounded\"><img loading=\"lazy\" decoding=\"async\" width=\"2000\" height=\"3000\" data-id=\"7322\" src=\"https:\/\/kobietamiesiaca.pl\/wp-content\/uploads\/2024\/06\/0013-2024.03.01-miss-pomorskiego-sesja-polfinalowa-1059.jpg\" alt=\"\" class=\"wp-image-7322\" srcset=\"https:\/\/kobietamiesiaca.pl\/wp-content\/uploads\/2024\/06\/0013-2024.03.01-miss-pomorskiego-sesja-polfinalowa-1059.jpg 2000w, https:\/\/kobietamiesiaca.pl\/wp-content\/uploads\/2024\/06\/0013-2024.03.01-miss-pomorskiego-sesja-polfinalowa-1059-200x300.jpg 200w, https:\/\/kobietamiesiaca.pl\/wp-content\/uploads\/2024\/06\/0013-2024.03.01-miss-pomorskiego-sesja-polfinalowa-1059-683x1024.jpg 683w, https:\/\/kobietamiesiaca.pl\/wp-content\/uploads\/2024\/06\/0013-2024.03.01-miss-pomorskiego-sesja-polfinalowa-1059-100x150.jpg 100w, https:\/\/kobietamiesiaca.pl\/wp-content\/uploads\/2024\/06\/0013-2024.03.01-miss-pomorskiego-sesja-polfinalowa-1059-768x1152.jpg 768w, https:\/\/kobietamiesiaca.pl\/wp-content\/uploads\/2024\/06\/0013-2024.03.01-miss-pomorskiego-sesja-polfinalowa-1059-1024x1536.jpg 1024w, https:\/\/kobietamiesiaca.pl\/wp-content\/uploads\/2024\/06\/0013-2024.03.01-miss-pomorskiego-sesja-polfinalowa-1059-1365x2048.jpg 1365w, https:\/\/kobietamiesiaca.pl\/wp-content\/uploads\/2024\/06\/0013-2024.03.01-miss-pomorskiego-sesja-polfinalowa-1059-40x60.jpg 40w\" sizes=\"auto, (max-width: 2000px) 100vw, 2000px\" \/><figcaption class=\"wp-element-caption\">Anna Karwowska<\/figcaption><\/figure>\n<\/figure>\n\n\n\n<blockquote class=\"wp-block-quote has-text-align-center is-layout-flow wp-block-quote-is-layout-flow\">\n<p class=\"wp-block-paragraph\"><\/p>\n<cite><em>&#8222;Cze\u015b\u0107! Nazywam si\u0119 Anna Karwowska. Mam 29 lat i mieszkam w Gda\u0144sku. Jestem mi\u0142\u0105, u\u015bmiechni\u0119t\u0105 i pozytywn\u0105 osob\u0105. Uwielbiam muzyk\u0119, taniec, ksi\u0105\u017cki i spacery. Hobbistycznie bior\u0119 udzia\u0142 w sesjach zdj\u0119ciowych. Wypoczywam na \u0142onie natury. Poznawanie nowych ludzi i kultur sprawia mi przyjemno\u015b\u0107, a tak\u017ce rozwija.&#8221;<\/em><\/cite><\/blockquote>\n\n\n\n<p class=\"has-text-align-center wp-block-paragraph\"><strong><em>W tym miesi\u0105cu, Laureatka Plebiscytu wygrywa dyplom oraz pami\u0105tkow\u0105 szarf\u0119 inspirowan\u0105 konkursami pi\u0119kno\u015bc<\/em><\/strong>i<strong><em>.<\/em><\/strong><\/p>\n\n\n\n<p class=\"has-text-align-center wp-block-paragraph\" style=\"font-size:25px\"><em>Gratulujemy wygranej i dzi\u0119kujemy za udzia\u0142 w Plebiscycie!<\/em><\/p>\n\n\n\n<hr class=\"wp-block-separator has-alpha-channel-opacity is-style-wide\"\/>\n\n\n\n<script async src=\"https:\/\/pagead2.googlesyndication.com\/pagead\/js\/adsbygoogle.js?client=ca-pub-7807412717815820\"\r\n     crossorigin=\"anonymous\"><\/script>\r\n<ins class=\"adsbygoogle\"\r\n     style=\"display:block; text-align:center;\"\r\n     data-ad-layout=\"in-article\"\r\n     data-ad-format=\"fluid\"\r\n     data-ad-client=\"ca-pub-7807412717815820\"\r\n     data-ad-slot=\"3267572451\"><\/ins>\r\n<script>\r\n     (adsbygoogle = window.adsbygoogle || []).push({});\r\n<\/script>\n\n\n\n<hr class=\"wp-block-separator has-alpha-channel-opacity is-style-wide\"\/>\n","protected":false},"excerpt":{"rendered":"<p>Przedstawiamy Laureatk\u0119 czerwcowej edycji Plebiscytu Kobieta Miesi\u0105ca<\/p>\n","protected":false},"author":2,"featured_media":7322,"comment_status":"open","ping_status":"open","sticky":false,"template":"","format":"standard","meta":{"cybocfi_hide_featured_image":"yes","footnotes":""},"categories":[14,5],"tags":[],"coauthors":[32,42],"class_list":["post-7501","post","type-post","status-publish","format-standard","has-post-thumbnail","hentry","category-info","category-laureatki"],"_links":{"self":[{"href":"https:\/\/kobietamiesiaca.pl\/index.php?rest_route=\/wp\/v2\/posts\/7501","targetHints":{"allow":["GET"]}}],"collection":[{"href":"https:\/\/kobietamiesiaca.pl\/index.php?rest_route=\/wp\/v2\/posts"}],"about":[{"href":"https:\/\/kobietamiesiaca.pl\/index.php?rest_route=\/wp\/v2\/types\/post"}],"author":[{"embeddable":true,"href":"https:\/\/kobietamiesiaca.pl\/index.php?rest_route=\/wp\/v2\/users\/2"}],"replies":[{"embeddable":true,"href":"https:\/\/kobietamiesiaca.pl\/index.php?rest_route=%2Fwp%2Fv2%2Fcomments&post=7501"}],"version-history":[{"count":1,"href":"https:\/\/kobietamiesiaca.pl\/index.php?rest_route=\/wp\/v2\/posts\/7501\/revisions"}],"predecessor-version":[{"id":7505,"href":"https:\/\/kobietamiesiaca.pl\/index.php?rest_route=\/wp\/v2\/posts\/7501\/revisions\/7505"}],"wp:featuredmedia":[{"embeddable":true,"href":"https:\/\/kobietamiesiaca.pl\/index.php?rest_route=\/wp\/v2\/media\/7322"}],"wp:attachment":[{"href":"https:\/\/kobietamiesiaca.pl\/index.php?rest_route=%2Fwp%2Fv2%2Fmedia&parent=7501"}],"wp:term":[{"taxonomy":"category","embeddable":true,"href":"https:\/\/kobietamiesiaca.pl\/index.php?rest_route=%2Fwp%2Fv2%2Fcategories&post=7501"},{"taxonomy":"post_tag","embeddable":true,"href":"https:\/\/kobietamiesiaca.pl\/index.php?rest_route=%2Fwp%2Fv2%2Ftags&post=7501"},{"taxonomy":"author","embeddable":true,"href":"https:\/\/kobietamiesiaca.pl\/index.php?rest_route=%2Fwp%2Fv2%2Fcoauthors&post=7501"}],"curies":[{"name":"wp","href":"https:\/\/api.w.org\/{rel}","templated":true}]}}