{"id":7661,"date":"2024-07-19T19:00:00","date_gmt":"2024-07-19T17:00:00","guid":{"rendered":"https:\/\/kobietamiesiaca.pl\/?p=7661"},"modified":"2024-07-18T17:40:37","modified_gmt":"2024-07-18T15:40:37","slug":"kobieta-miesiaca-publicznosci-styczen-2024-2-4-2-3","status":"publish","type":"post","link":"https:\/\/kobietamiesiaca.pl\/?p=7661","title":{"rendered":"Kobieta Miesi\u0105ca Publiczno\u015bci: Lipiec 2024"},"content":{"rendered":"\n<p class=\"has-text-align-center wp-block-paragraph\"><em>Wraz z Wiktori\u0105 Olczak, tytu\u0142 komplementarny <strong>Kobieta Miesi\u0105ca Publiczno\u015bci<\/strong> otrzymuje: <\/em><\/p>\n\n\n\n<h1 class=\"wp-block-heading has-text-align-center\"><em>Ma\u0142gorzata Maksymowicz<\/em><\/h1>\n\n\n\n<figure class=\"wp-block-image aligncenter size-full is-style-rounded\"><img loading=\"lazy\" decoding=\"async\" width=\"3456\" height=\"5184\" src=\"https:\/\/kobietamiesiaca.pl\/wp-content\/uploads\/2024\/07\/mmcz5.jpg\" alt=\"\" class=\"wp-image-7533\" srcset=\"https:\/\/kobietamiesiaca.pl\/wp-content\/uploads\/2024\/07\/mmcz5.jpg 3456w, https:\/\/kobietamiesiaca.pl\/wp-content\/uploads\/2024\/07\/mmcz5-200x300.jpg 200w, https:\/\/kobietamiesiaca.pl\/wp-content\/uploads\/2024\/07\/mmcz5-683x1024.jpg 683w, https:\/\/kobietamiesiaca.pl\/wp-content\/uploads\/2024\/07\/mmcz5-100x150.jpg 100w, https:\/\/kobietamiesiaca.pl\/wp-content\/uploads\/2024\/07\/mmcz5-768x1152.jpg 768w, https:\/\/kobietamiesiaca.pl\/wp-content\/uploads\/2024\/07\/mmcz5-1024x1536.jpg 1024w, https:\/\/kobietamiesiaca.pl\/wp-content\/uploads\/2024\/07\/mmcz5-1365x2048.jpg 1365w\" sizes=\"auto, (max-width: 3456px) 100vw, 3456px\" \/><\/figure>\n\n\n\n<blockquote class=\"wp-block-quote has-text-align-center is-layout-flow wp-block-quote-is-layout-flow\">\n<p class=\"wp-block-paragraph\"><em>Prawnik z uprawnieniami kryminalistyka, po wielu latach pracy w prokuraturze i po perypetiach zdrowotnych teraz zajmuj\u0119 si\u0119 \u017cywno\u015bci\u0105 funkcjonaln\u0105, modelingiem, jestem tak\u017ce aktork\u0105 epizodyczn\u0105, i od dw\u00f3ch lat mieszkam na dwa domy w Polsce i w Niemczech. Ale ca\u0142ym moim \u015bwiatem s\u0105 moje dzieci kt\u00f3re sama wychowywa\u0142am od ma\u0142ego. Teraz w wieku 50 lat \u017cyj\u0119 jak najlepiej potrafi\u0119, spe\u0142niaj\u0105c swoje marzenia<\/em><\/p>\n<\/blockquote>\n\n\n\n<p class=\"has-text-align-center wp-block-paragraph\"><strong><em>W tym miesi\u0105cu, Laureatka Plebiscytu wygrywa dyplom.<\/em><\/strong><\/p>\n\n\n\n<h3 class=\"wp-block-heading has-text-align-center\"><em>Gratulujemy i zach\u0119camy do wzi\u0119cia udzia\u0142u w kolejnych edycjach Plebiscytu!<\/em><\/h3>\n\n\n\n<hr class=\"wp-block-separator has-alpha-channel-opacity is-style-wide\"\/>\n\n\n\n<script async src=\"https:\/\/pagead2.googlesyndication.com\/pagead\/js\/adsbygoogle.js?client=ca-pub-7807412717815820\"\r\n     crossorigin=\"anonymous\"><\/script>\r\n<ins class=\"adsbygoogle\"\r\n     style=\"display:block; text-align:center;\"\r\n     data-ad-layout=\"in-article\"\r\n     data-ad-format=\"fluid\"\r\n     data-ad-client=\"ca-pub-7807412717815820\"\r\n     data-ad-slot=\"3267572451\"><\/ins>\r\n<script>\r\n     (adsbygoogle = window.adsbygoogle || []).push({});\r\n<\/script>\n\n\n\n<hr class=\"wp-block-separator has-alpha-channel-opacity is-style-wide\"\/>\n","protected":false},"excerpt":{"rendered":"<p>Publiczno\u015b\u0107 wybra\u0142a swoje laureatki lipcowej edycji Plebiscytu<\/p>\n","protected":false},"author":2,"featured_media":7533,"comment_status":"open","ping_status":"open","sticky":false,"template":"","format":"standard","meta":{"cybocfi_hide_featured_image":"yes","footnotes":""},"categories":[14,16],"tags":[],"coauthors":[32,99],"class_list":["post-7661","post","type-post","status-publish","format-standard","has-post-thumbnail","hentry","category-info","category-kobieta-miesiaca-publicznosci"],"_links":{"self":[{"href":"https:\/\/kobietamiesiaca.pl\/index.php?rest_route=\/wp\/v2\/posts\/7661","targetHints":{"allow":["GET"]}}],"collection":[{"href":"https:\/\/kobietamiesiaca.pl\/index.php?rest_route=\/wp\/v2\/posts"}],"about":[{"href":"https:\/\/kobietamiesiaca.pl\/index.php?rest_route=\/wp\/v2\/types\/post"}],"author":[{"embeddable":true,"href":"https:\/\/kobietamiesiaca.pl\/index.php?rest_route=\/wp\/v2\/users\/2"}],"replies":[{"embeddable":true,"href":"https:\/\/kobietamiesiaca.pl\/index.php?rest_route=%2Fwp%2Fv2%2Fcomments&post=7661"}],"version-history":[{"count":2,"href":"https:\/\/kobietamiesiaca.pl\/index.php?rest_route=\/wp\/v2\/posts\/7661\/revisions"}],"predecessor-version":[{"id":7704,"href":"https:\/\/kobietamiesiaca.pl\/index.php?rest_route=\/wp\/v2\/posts\/7661\/revisions\/7704"}],"wp:featuredmedia":[{"embeddable":true,"href":"https:\/\/kobietamiesiaca.pl\/index.php?rest_route=\/wp\/v2\/media\/7533"}],"wp:attachment":[{"href":"https:\/\/kobietamiesiaca.pl\/index.php?rest_route=%2Fwp%2Fv2%2Fmedia&parent=7661"}],"wp:term":[{"taxonomy":"category","embeddable":true,"href":"https:\/\/kobietamiesiaca.pl\/index.php?rest_route=%2Fwp%2Fv2%2Fcategories&post=7661"},{"taxonomy":"post_tag","embeddable":true,"href":"https:\/\/kobietamiesiaca.pl\/index.php?rest_route=%2Fwp%2Fv2%2Ftags&post=7661"},{"taxonomy":"author","embeddable":true,"href":"https:\/\/kobietamiesiaca.pl\/index.php?rest_route=%2Fwp%2Fv2%2Fcoauthors&post=7661"}],"curies":[{"name":"wp","href":"https:\/\/api.w.org\/{rel}","templated":true}]}}