{"id":7695,"date":"2024-07-19T19:00:00","date_gmt":"2024-07-19T17:00:00","guid":{"rendered":"https:\/\/kobietamiesiaca.pl\/?p=7695"},"modified":"2024-07-18T17:37:13","modified_gmt":"2024-07-18T15:37:13","slug":"kobieta-miesiaca-publicznosci-styczen-2024-2-4-2-2","status":"publish","type":"post","link":"https:\/\/kobietamiesiaca.pl\/?p=7695","title":{"rendered":"Kobieta Miesi\u0105ca Publiczno\u015bci: Lipiec 2024"},"content":{"rendered":"\n<p class=\"has-text-align-center wp-block-paragraph\"><em>Wraz z Ma\u0142gorzat\u0105 Maksymowicz, tytu\u0142 komplementarny <strong>Kobieta Miesi\u0105ca Publiczno\u015bci<\/strong> otrzymuje: <\/em><\/p>\n\n\n\n<h1 class=\"wp-block-heading has-text-align-center\"><em>Wiktoria Olczak<\/em><\/h1>\n\n\n\n<figure class=\"wp-block-image aligncenter size-full is-style-rounded\"><img loading=\"lazy\" decoding=\"async\" width=\"4527\" height=\"5659\" src=\"https:\/\/kobietamiesiaca.pl\/wp-content\/uploads\/2024\/07\/wikiRPL_2592.jpeg\" alt=\"\" class=\"wp-image-7578\" srcset=\"https:\/\/kobietamiesiaca.pl\/wp-content\/uploads\/2024\/07\/wikiRPL_2592.jpeg 4527w, https:\/\/kobietamiesiaca.pl\/wp-content\/uploads\/2024\/07\/wikiRPL_2592-240x300.jpeg 240w, https:\/\/kobietamiesiaca.pl\/wp-content\/uploads\/2024\/07\/wikiRPL_2592-819x1024.jpeg 819w, https:\/\/kobietamiesiaca.pl\/wp-content\/uploads\/2024\/07\/wikiRPL_2592-120x150.jpeg 120w, https:\/\/kobietamiesiaca.pl\/wp-content\/uploads\/2024\/07\/wikiRPL_2592-768x960.jpeg 768w, https:\/\/kobietamiesiaca.pl\/wp-content\/uploads\/2024\/07\/wikiRPL_2592-1229x1536.jpeg 1229w, https:\/\/kobietamiesiaca.pl\/wp-content\/uploads\/2024\/07\/wikiRPL_2592-1638x2048.jpeg 1638w, https:\/\/kobietamiesiaca.pl\/wp-content\/uploads\/2024\/07\/wikiRPL_2592-480x600.jpeg 480w\" sizes=\"auto, (max-width: 4527px) 100vw, 4527px\" \/><figcaption class=\"wp-element-caption\"> <\/figcaption><\/figure>\n\n\n\n<blockquote class=\"wp-block-quote is-layout-flow wp-block-quote-is-layout-flow\">\n<p class=\"has-text-align-center wp-block-paragraph\"><em>Jestem modelk\u0105 plus size, kt\u00f3ra ma nadzieje, \u017ce zmieni \u015bwiat. Licz\u0119 na \u015bwiat, w kt\u00f3rym ka\u017cdy b\u0119dzie m\u00f3g\u0142 czu\u0107 si\u0119 swobodnie i b\u0119dzie wygl\u0105da\u0142 jak chcia\u0142. Pami\u0119tajcie &#8211; pi\u0119kno\u015b\u0107 zaczyna si\u0119 od bycia sob\u0105 i kochania samego siebie! Buziaki<\/em><\/p>\n<\/blockquote>\n\n\n\n<blockquote class=\"wp-block-quote has-text-align-center is-layout-flow wp-block-quote-is-layout-flow\"><\/blockquote>\n\n\n\n<p class=\"has-text-align-center wp-block-paragraph\"><strong><em>W tym miesi\u0105cu, Laureatka Plebiscytu wygrywa dyplom.<\/em><\/strong><\/p>\n\n\n\n<h3 class=\"wp-block-heading has-text-align-center\"><em>Gratulujemy i zach\u0119camy do wzi\u0119cia udzia\u0142u w kolejnych edycjach Plebiscytu!<\/em><\/h3>\n\n\n\n<hr class=\"wp-block-separator has-alpha-channel-opacity is-style-wide\"\/>\n\n\n\n<script async src=\"https:\/\/pagead2.googlesyndication.com\/pagead\/js\/adsbygoogle.js?client=ca-pub-7807412717815820\"\r\n     crossorigin=\"anonymous\"><\/script>\r\n<ins class=\"adsbygoogle\"\r\n     style=\"display:block; text-align:center;\"\r\n     data-ad-layout=\"in-article\"\r\n     data-ad-format=\"fluid\"\r\n     data-ad-client=\"ca-pub-7807412717815820\"\r\n     data-ad-slot=\"3267572451\"><\/ins>\r\n<script>\r\n     (adsbygoogle = window.adsbygoogle || []).push({});\r\n<\/script>\n\n\n\n<hr class=\"wp-block-separator has-alpha-channel-opacity is-style-wide\"\/>\n","protected":false},"excerpt":{"rendered":"<p>Publiczno\u015b\u0107 wybra\u0142a swoje laureatki lipcowej edycji Plebiscytu<\/p>\n","protected":false},"author":2,"featured_media":7578,"comment_status":"open","ping_status":"open","sticky":false,"template":"","format":"standard","meta":{"cybocfi_hide_featured_image":"yes","footnotes":""},"categories":[14,16],"tags":[],"coauthors":[32,101],"class_list":["post-7695","post","type-post","status-publish","format-standard","has-post-thumbnail","hentry","category-info","category-kobieta-miesiaca-publicznosci"],"_links":{"self":[{"href":"https:\/\/kobietamiesiaca.pl\/index.php?rest_route=\/wp\/v2\/posts\/7695","targetHints":{"allow":["GET"]}}],"collection":[{"href":"https:\/\/kobietamiesiaca.pl\/index.php?rest_route=\/wp\/v2\/posts"}],"about":[{"href":"https:\/\/kobietamiesiaca.pl\/index.php?rest_route=\/wp\/v2\/types\/post"}],"author":[{"embeddable":true,"href":"https:\/\/kobietamiesiaca.pl\/index.php?rest_route=\/wp\/v2\/users\/2"}],"replies":[{"embeddable":true,"href":"https:\/\/kobietamiesiaca.pl\/index.php?rest_route=%2Fwp%2Fv2%2Fcomments&post=7695"}],"version-history":[{"count":3,"href":"https:\/\/kobietamiesiaca.pl\/index.php?rest_route=\/wp\/v2\/posts\/7695\/revisions"}],"predecessor-version":[{"id":7701,"href":"https:\/\/kobietamiesiaca.pl\/index.php?rest_route=\/wp\/v2\/posts\/7695\/revisions\/7701"}],"wp:featuredmedia":[{"embeddable":true,"href":"https:\/\/kobietamiesiaca.pl\/index.php?rest_route=\/wp\/v2\/media\/7578"}],"wp:attachment":[{"href":"https:\/\/kobietamiesiaca.pl\/index.php?rest_route=%2Fwp%2Fv2%2Fmedia&parent=7695"}],"wp:term":[{"taxonomy":"category","embeddable":true,"href":"https:\/\/kobietamiesiaca.pl\/index.php?rest_route=%2Fwp%2Fv2%2Fcategories&post=7695"},{"taxonomy":"post_tag","embeddable":true,"href":"https:\/\/kobietamiesiaca.pl\/index.php?rest_route=%2Fwp%2Fv2%2Ftags&post=7695"},{"taxonomy":"author","embeddable":true,"href":"https:\/\/kobietamiesiaca.pl\/index.php?rest_route=%2Fwp%2Fv2%2Fcoauthors&post=7695"}],"curies":[{"name":"wp","href":"https:\/\/api.w.org\/{rel}","templated":true}]}}