{"id":7931,"date":"2024-08-19T18:00:00","date_gmt":"2024-08-19T16:00:00","guid":{"rendered":"https:\/\/kobietamiesiaca.pl\/?p=7931"},"modified":"2024-11-20T03:20:57","modified_gmt":"2024-11-20T02:20:57","slug":"kobieta-miesiaca-styczen-2024-2-4-2-2-2","status":"publish","type":"post","link":"https:\/\/kobietamiesiaca.pl\/?p=7931","title":{"rendered":"Kobieta Miesi\u0105ca: Sierpie\u0144 2024"},"content":{"rendered":"\n<p class=\"has-text-align-center wp-block-paragraph\" style=\"font-style:italic;font-weight:200\"><em>Laureatk\u0105 sierpniowej edycji Kobiety Miesi\u0105ca zosta\u0142a:<\/em><\/p>\n\n\n\n<p class=\"has-text-align-center wp-block-paragraph\" style=\"font-size:42px;font-style:italic;font-weight:500\"><em>Sandra Kmietowicz<\/em><\/p>\n\n\n\n<figure class=\"wp-block-gallery has-nested-images columns-default is-cropped wp-block-gallery-1 is-layout-flex wp-block-gallery-is-layout-flex\">\n<figure class=\"wp-block-image size-full is-style-rounded\"><img loading=\"lazy\" decoding=\"async\" width=\"2316\" height=\"3088\" data-id=\"7797\" src=\"https:\/\/kobietamiesiaca.pl\/wp-content\/uploads\/2024\/08\/IMG_7303-rotated.jpeg\" alt=\"\" class=\"wp-image-7797\" srcset=\"https:\/\/kobietamiesiaca.pl\/wp-content\/uploads\/2024\/08\/IMG_7303-rotated.jpeg 2316w, https:\/\/kobietamiesiaca.pl\/wp-content\/uploads\/2024\/08\/IMG_7303-225x300.jpeg 225w, https:\/\/kobietamiesiaca.pl\/wp-content\/uploads\/2024\/08\/IMG_7303-768x1024.jpeg 768w, https:\/\/kobietamiesiaca.pl\/wp-content\/uploads\/2024\/08\/IMG_7303-113x150.jpeg 113w, https:\/\/kobietamiesiaca.pl\/wp-content\/uploads\/2024\/08\/IMG_7303-1152x1536.jpeg 1152w, https:\/\/kobietamiesiaca.pl\/wp-content\/uploads\/2024\/08\/IMG_7303-1536x2048.jpeg 1536w\" sizes=\"auto, (max-width: 2316px) 100vw, 2316px\" \/><figcaption class=\"wp-element-caption\">Sandra Kmietowicz<\/figcaption><\/figure>\n<\/figure>\n\n\n\n<blockquote class=\"wp-block-quote has-text-align-center is-layout-flow wp-block-quote-is-layout-flow\">\n<p class=\"wp-block-paragraph\"><\/p>\n<cite><em>&#8222;Cze\u015b\u0107, nazywam si\u0119 Sandra i mam 20 lat, jestem ambitn\u0105 i m\u0142od\u0105 osob\u0105, kt\u00f3ra w pe\u0142ni pasji chce zdobywa\u0107 i poznawa\u0107 \u015bwiat&#8221;<\/em><\/cite><\/blockquote>\n\n\n\n<p class=\"has-text-align-center wp-block-paragraph\"><strong><em>W tym miesi\u0105cu, Laureatka Plebiscytu wygrywa dyplom oraz pami\u0105tkow\u0105 szarf\u0119 inspirowan\u0105 konkursami pi\u0119kno\u015bc<\/em><\/strong>i<strong><em>.<\/em><\/strong><\/p>\n\n\n\n<p class=\"has-text-align-center wp-block-paragraph\" style=\"font-size:25px\"><em>Gratulujemy wygranej i dzi\u0119kujemy za udzia\u0142 w Plebiscycie!<\/em><\/p>\n\n\n\n<hr class=\"wp-block-separator has-alpha-channel-opacity is-style-wide\"\/>\n\n\n\n<script async src=\"https:\/\/pagead2.googlesyndication.com\/pagead\/js\/adsbygoogle.js?client=ca-pub-7807412717815820\"\r\n     crossorigin=\"anonymous\"><\/script>\r\n<ins class=\"adsbygoogle\"\r\n     style=\"display:block; text-align:center;\"\r\n     data-ad-layout=\"in-article\"\r\n     data-ad-format=\"fluid\"\r\n     data-ad-client=\"ca-pub-7807412717815820\"\r\n     data-ad-slot=\"3267572451\"><\/ins>\r\n<script>\r\n     (adsbygoogle = window.adsbygoogle || []).push({});\r\n<\/script>\n\n\n\n<hr class=\"wp-block-separator has-alpha-channel-opacity is-style-wide\"\/>\n","protected":false},"excerpt":{"rendered":"<p>Przedstawiamy Laureatk\u0119 sierpniowej edycji Plebiscytu Kobieta Miesi\u0105ca<\/p>\n","protected":false},"author":1,"featured_media":7797,"comment_status":"open","ping_status":"open","sticky":false,"template":"","format":"standard","meta":{"cybocfi_hide_featured_image":"yes","footnotes":""},"categories":[14,5],"tags":[],"coauthors":[31,135],"class_list":["post-7931","post","type-post","status-publish","format-standard","has-post-thumbnail","hentry","category-info","category-laureatki"],"_links":{"self":[{"href":"https:\/\/kobietamiesiaca.pl\/index.php?rest_route=\/wp\/v2\/posts\/7931","targetHints":{"allow":["GET"]}}],"collection":[{"href":"https:\/\/kobietamiesiaca.pl\/index.php?rest_route=\/wp\/v2\/posts"}],"about":[{"href":"https:\/\/kobietamiesiaca.pl\/index.php?rest_route=\/wp\/v2\/types\/post"}],"author":[{"embeddable":true,"href":"https:\/\/kobietamiesiaca.pl\/index.php?rest_route=\/wp\/v2\/users\/1"}],"replies":[{"embeddable":true,"href":"https:\/\/kobietamiesiaca.pl\/index.php?rest_route=%2Fwp%2Fv2%2Fcomments&post=7931"}],"version-history":[{"count":2,"href":"https:\/\/kobietamiesiaca.pl\/index.php?rest_route=\/wp\/v2\/posts\/7931\/revisions"}],"predecessor-version":[{"id":10675,"href":"https:\/\/kobietamiesiaca.pl\/index.php?rest_route=\/wp\/v2\/posts\/7931\/revisions\/10675"}],"wp:featuredmedia":[{"embeddable":true,"href":"https:\/\/kobietamiesiaca.pl\/index.php?rest_route=\/wp\/v2\/media\/7797"}],"wp:attachment":[{"href":"https:\/\/kobietamiesiaca.pl\/index.php?rest_route=%2Fwp%2Fv2%2Fmedia&parent=7931"}],"wp:term":[{"taxonomy":"category","embeddable":true,"href":"https:\/\/kobietamiesiaca.pl\/index.php?rest_route=%2Fwp%2Fv2%2Fcategories&post=7931"},{"taxonomy":"post_tag","embeddable":true,"href":"https:\/\/kobietamiesiaca.pl\/index.php?rest_route=%2Fwp%2Fv2%2Ftags&post=7931"},{"taxonomy":"author","embeddable":true,"href":"https:\/\/kobietamiesiaca.pl\/index.php?rest_route=%2Fwp%2Fv2%2Fcoauthors&post=7931"}],"curies":[{"name":"wp","href":"https:\/\/api.w.org\/{rel}","templated":true}]}}