{"id":7994,"date":"2024-10-01T01:58:12","date_gmt":"2024-09-30T23:58:12","guid":{"rendered":"https:\/\/kobietamiesiaca.pl\/?p=7994"},"modified":"2024-11-20T03:28:37","modified_gmt":"2024-11-20T02:28:37","slug":"kobieta-miesiaca-publicznosci-wrzesien-2024","status":"publish","type":"post","link":"https:\/\/kobietamiesiaca.pl\/?p=7994","title":{"rendered":"Kobieta Miesi\u0105ca Publiczno\u015bci: Wrzesie\u0144 2024"},"content":{"rendered":"\n<p class=\"has-text-align-center wp-block-paragraph\"><em>Tytu\u0142 komplementarny <strong>Kobieta Miesi\u0105ca Publiczno\u015bci<\/strong> otrzymuje: <\/em><\/p>\n\n\n\n<h1 class=\"wp-block-heading has-text-align-center\"><em>Natalia Urant<\/em><\/h1>\n\n\n\n<figure class=\"wp-block-image aligncenter size-full is-style-rounded\"><img loading=\"lazy\" decoding=\"async\" width=\"2560\" height=\"1709\" src=\"https:\/\/kobietamiesiaca.pl\/wp-content\/uploads\/2024\/09\/NU_III.jpg\" alt=\"\" class=\"wp-image-7867\" srcset=\"https:\/\/kobietamiesiaca.pl\/wp-content\/uploads\/2024\/09\/NU_III.jpg 2560w, https:\/\/kobietamiesiaca.pl\/wp-content\/uploads\/2024\/09\/NU_III-300x200.jpg 300w, https:\/\/kobietamiesiaca.pl\/wp-content\/uploads\/2024\/09\/NU_III-1024x684.jpg 1024w, https:\/\/kobietamiesiaca.pl\/wp-content\/uploads\/2024\/09\/NU_III-150x100.jpg 150w, https:\/\/kobietamiesiaca.pl\/wp-content\/uploads\/2024\/09\/NU_III-768x513.jpg 768w, https:\/\/kobietamiesiaca.pl\/wp-content\/uploads\/2024\/09\/NU_III-1536x1025.jpg 1536w, https:\/\/kobietamiesiaca.pl\/wp-content\/uploads\/2024\/09\/NU_III-2048x1367.jpg 2048w, https:\/\/kobietamiesiaca.pl\/wp-content\/uploads\/2024\/09\/NU_III-420x280.jpg 420w\" sizes=\"auto, (max-width: 2560px) 100vw, 2560px\" \/><figcaption class=\"wp-element-caption\">Natalia Urant<\/figcaption><\/figure>\n\n\n\n<blockquote class=\"wp-block-quote is-layout-flow wp-block-quote-is-layout-flow\">\n<p class=\"has-text-align-center wp-block-paragraph\">&#8222;Z wykszta\u0142cenia jestem biologiem a dok\u0142adnie mikrobiologiem, z pasji i zami\u0142owania artystk\u0105 maluj\u0105c\u0105 obrazy kaw\u0105, herbat\u0105, kurkum\u0105. sokiem z burak\u00f3w oraz farbami olejnymi. Jestem laureatk\u0105 10 og\u00f3lnopolskich konkurs\u00f3w plastycznych i 3 mi\u0119dzynarodowych. Napisa\u0142am r\u00f3wnie\u017c powie\u015b\u0107 kryminaln\u0105 ,,Tajemnica kawy&#8221;. Zosta\u0142am odznaczona przez Ministra Kultury medalem Zas\u0142u\u017cony dla Kultury polskiej. Pracuj\u0119 w M\u0142odzie\u017cowym Domu Kultury jako nauczyciel malarstwa. Na co dzie\u0144 jestem mam\u0105 na pe\u0142ny etat. Dzi\u0119ki swojej pasji zmieni\u0142am sw\u00f3j spos\u00f3b na \u017cycie.&#8221;<\/p>\n<\/blockquote>\n\n\n\n<blockquote class=\"wp-block-quote has-text-align-center is-layout-flow wp-block-quote-is-layout-flow\">\n<p class=\"wp-block-paragraph\"><\/p>\n<\/blockquote>\n\n\n\n<p class=\"has-text-align-center wp-block-paragraph\"><strong><em>W tym miesi\u0105cu, Laureatka Plebiscytu wygrywa dyplom.<\/em><\/strong><\/p>\n\n\n\n<h3 class=\"wp-block-heading has-text-align-center\"><em>Gratulujemy i zach\u0119camy do wzi\u0119cia udzia\u0142u w kolejnych edycjach Plebiscytu!<\/em><\/h3>\n\n\n\n<hr class=\"wp-block-separator has-alpha-channel-opacity is-style-wide\"\/>\n\n\n\n<script async src=\"https:\/\/pagead2.googlesyndication.com\/pagead\/js\/adsbygoogle.js?client=ca-pub-7807412717815820\"\r\n     crossorigin=\"anonymous\"><\/script>\r\n<ins class=\"adsbygoogle\"\r\n     style=\"display:block; text-align:center;\"\r\n     data-ad-layout=\"in-article\"\r\n     data-ad-format=\"fluid\"\r\n     data-ad-client=\"ca-pub-7807412717815820\"\r\n     data-ad-slot=\"3267572451\"><\/ins>\r\n<script>\r\n     (adsbygoogle = window.adsbygoogle || []).push({});\r\n<\/script>\n\n\n\n<hr class=\"wp-block-separator has-alpha-channel-opacity is-style-wide\"\/>\n","protected":false},"excerpt":{"rendered":"<p>Publiczno\u015b\u0107 wybra\u0142a swoje laureatki wrze\u015bniowej edycji Plebiscytu<\/p>\n","protected":false},"author":1,"featured_media":7866,"comment_status":"open","ping_status":"open","sticky":false,"template":"","format":"standard","meta":{"cybocfi_hide_featured_image":"yes","footnotes":""},"categories":[14,16],"tags":[],"coauthors":[31,140],"class_list":["post-7994","post","type-post","status-publish","format-standard","has-post-thumbnail","hentry","category-info","category-kobieta-miesiaca-publicznosci"],"_links":{"self":[{"href":"https:\/\/kobietamiesiaca.pl\/index.php?rest_route=\/wp\/v2\/posts\/7994","targetHints":{"allow":["GET"]}}],"collection":[{"href":"https:\/\/kobietamiesiaca.pl\/index.php?rest_route=\/wp\/v2\/posts"}],"about":[{"href":"https:\/\/kobietamiesiaca.pl\/index.php?rest_route=\/wp\/v2\/types\/post"}],"author":[{"embeddable":true,"href":"https:\/\/kobietamiesiaca.pl\/index.php?rest_route=\/wp\/v2\/users\/1"}],"replies":[{"embeddable":true,"href":"https:\/\/kobietamiesiaca.pl\/index.php?rest_route=%2Fwp%2Fv2%2Fcomments&post=7994"}],"version-history":[{"count":2,"href":"https:\/\/kobietamiesiaca.pl\/index.php?rest_route=\/wp\/v2\/posts\/7994\/revisions"}],"predecessor-version":[{"id":10679,"href":"https:\/\/kobietamiesiaca.pl\/index.php?rest_route=\/wp\/v2\/posts\/7994\/revisions\/10679"}],"wp:featuredmedia":[{"embeddable":true,"href":"https:\/\/kobietamiesiaca.pl\/index.php?rest_route=\/wp\/v2\/media\/7866"}],"wp:attachment":[{"href":"https:\/\/kobietamiesiaca.pl\/index.php?rest_route=%2Fwp%2Fv2%2Fmedia&parent=7994"}],"wp:term":[{"taxonomy":"category","embeddable":true,"href":"https:\/\/kobietamiesiaca.pl\/index.php?rest_route=%2Fwp%2Fv2%2Fcategories&post=7994"},{"taxonomy":"post_tag","embeddable":true,"href":"https:\/\/kobietamiesiaca.pl\/index.php?rest_route=%2Fwp%2Fv2%2Ftags&post=7994"},{"taxonomy":"author","embeddable":true,"href":"https:\/\/kobietamiesiaca.pl\/index.php?rest_route=%2Fwp%2Fv2%2Fcoauthors&post=7994"}],"curies":[{"name":"wp","href":"https:\/\/api.w.org\/{rel}","templated":true}]}}